{"id":98692,"date":"2016-07-27T09:34:18","date_gmt":"2016-07-27T08:34:18","guid":{"rendered":"http:\/\/www.visit-ulcinj.com\/blog\/?p=98692"},"modified":"2016-07-27T09:34:18","modified_gmt":"2016-07-27T08:34:18","slug":"partia-ultra-nacionaliste-e-sheshelit-garojne-ne-zgjedhjet-e-malit-te-zi","status":"publish","type":"post","link":"https:\/\/www.visit-ulcinj.com\/blog\/2016\/07\/27\/partia-ultra-nacionaliste-e-sheshelit-garojne-ne-zgjedhjet-e-malit-te-zi\/","title":{"rendered":"Partia ultra-nacionaliste e Sheshelit garojn\u00eb n\u00eb Zgjedhjet e Malit t\u00eb Zi"},"content":{"rendered":"<p class=\"shortDsc\"><strong><span class=\"authorPost\"><span class=\"authorPost author\"><a href=\"http:\/\/www.visit-ulcinj.com\/blog\/wp-content\/uploads\/2016\/07\/Partia-ultra-nacionaliste-e-Sheshelit.jpg\"><img loading=\"lazy\" class=\"alignleft wp-image-98694\" src=\"http:\/\/www.visit-ulcinj.com\/blog\/wp-content\/uploads\/2016\/07\/Partia-ultra-nacionaliste-e-Sheshelit.jpg\" alt=\"Partia ultra-nacionaliste e Sheshelit\" width=\"508\" height=\"381\" \/><\/a>Nga Dusica Tomovic, Milivoje Pantovic, BIRN<\/span><\/span><\/strong><\/p>\n<p class=\"shortDsc\">Partia ultra-nacionaliste Radikale Serbe planifikon t\u00eb ringjall\u00eb aktivitetet e saj n\u00eb Mal t\u00eb Zi para zgjedhjeve t\u00eb tetorit, duke premtuar nj\u00eb fushat\u00eb t\u00eb ashp\u00ebr kund\u00ebr an\u00ebtar\u00ebsimit n\u00eb BE dhe NATO.<\/p>\n<div class=\"fullArticle\">\n<div class=\"sectionArticle\">\n<p>Partia Radikale Serbe e Vojisllav Sheshelit planifikon t\u00eb riaktivizoj\u00eb veten n\u00eb Mal t\u00eb Zi para zgjedhjeve t\u00eb ardhshme parlamentare t\u00eb programuara t\u00eb mbahen m\u00eb 16 tetor.<\/p>\n<p>Z\u00ebvend\u00ebskryetarja e partis\u00eb, Vjerica Radeta, tha se fushata do t\u00eb filloj\u00eb n\u00eb kryeqytetin Podgoric\u00eb, ku radikal\u00ebt kan\u00eb gjetur hap\u00ebsira dhe ku bordi malazez i partis\u00eb ka filluar \u201cp\u00ebrgatitje serioze p\u00ebr zgjedhjet\u201d.<\/p>\n<p>Shesheli do ta vizitoj\u00eb Malin e Zi gjat\u00eb fushat\u00ebs dymujore zgjedhore, por Radeta nuk tregoi se kur do t\u00eb ndodh\u00eb kjo.<\/p>\n<p>\u201cP\u00ebrsa i takon vizit\u00ebs s\u00eb Sheshelit, ai do ta informoj\u00eb vet\u00eb publikun para se t\u00eb niset p\u00ebr n\u00eb Mal t\u00eb Zi\u201d, tha Radeta p\u00ebr BIRN.<\/p>\n<p>Partia e Radikal\u00ebve Serb\u00eb, emri si\u00e7 \u00ebsht\u00eb regjistruar partia n\u00eb Mal t\u00eb Zi, ka ekzistuar shum\u00eb pak n\u00eb jet\u00ebn politike n\u00eb vend p\u00ebr vite me radh\u00eb sepse lideri i saj ishte i burgosur n\u00eb Hag\u00eb.<\/p>\n<p>Dikur nj\u00eb forc\u00eb e r\u00ebnd\u00ebsishme pro-serbe e opozit\u00ebs n\u00eb Mal t\u00eb Zi, gjat\u00eb viteve 1990 partia kishte disa deputet\u00eb n\u00eb Parlament dhe disa p\u00ebrfaq\u00ebsues n\u00eb k\u00ebshillin e qytetit t\u00eb Podgoric\u00ebs.<\/p>\n<p>N\u00eb zgjedhjet e brendshme partiake n\u00eb qershor, radikal\u00ebt n\u00eb Mal t\u00eb Zi zgjodh\u00ebn nj\u00eb lidership t\u00eb ri dhe lajm\u00ebruan nisjen e nj\u00eb fushate t\u00eb re anti-BE dhe anti-NATO, nj\u00eb kthim n\u00eb ideologjin\u00eb nacionaliste serbe dhe ringjalljen e programit t\u00eb partis\u00eb, i cili k\u00ebrkon marr\u00ebdh\u00ebnie me t\u00eb af\u00ebrta me Serbin\u00eb dhe Rusin\u00eb.<\/p>\n<p>Partia p\u00ebrkrah mbrojtjen e identitetit dhe gjuh\u00ebs komb\u00ebtare serbe dhe shkrimin cirilik n\u00eb Mal t\u00eb Zi, por edhe d\u00ebshiron q\u00eb autoritetet t\u00eb lejojn\u00eb shtet\u00ebsi t\u00eb dyfisht\u00eb p\u00ebr ata q\u00eb duan t\u00eb ken\u00eb si shtet\u00ebsi malazeze ashtu edhe pasaporta serbe.<\/p>\n<p>Zyrtari dhe deputeti i Partis\u00eb Radikale n\u00eb Serbi, Milorad Mirciq, gjithashtu konfirmoi se partia e Sheshelit do t\u00eb marr\u00eb pjes\u00eb n\u00eb fushat\u00ebn zgjedhore n\u00eb Mal t\u00eb Zi.<\/p>\n<p>\u201cN\u00ebse lejohet t\u00eb hyj\u00eb n\u00eb Mal t\u00eb Zi, Shesheli do t\u00eb p\u00ebrfshihet n\u00eb m\u00ebnyr\u00eb aktive n\u00eb fushat\u00eb\u201d, tha Mirciq p\u00ebr t\u00eb p\u00ebrditshmen \u201cDan\u201d t\u00eb diel\u00ebn.<\/p>\n<p>N\u00eb mars, Gjykata e Hag\u00ebs e shpalli Sheshelin t\u00eb pafajsh\u00ebm p\u00ebr krime kund\u00ebr njer\u00ebzimit, p\u00ebrfshir\u00eb vrasje, persekutim dhe d\u00ebbim n\u00eb Bosnje dhe Hercegovin\u00eb, Kroaci dhe Serbi.<\/p>\n<p>Me rritjen e popullaritetit nga lirimi i tij nga akuzat,<a href=\"http:\/\/www.balkaninsight.com\/al\/article\/vojisllav-shesheli-k%C3%ABrkon-ringjallje-politike-n%C3%AB-bosnj%C3%AB-05-25-2016\">\u00a0n\u00eb maj Shesheli lajm\u00ebroi nj\u00eb rikthim politik midis serb\u00ebve n\u00eb Republik\u00ebn Srpska n\u00eb Bosnj\u00eb.<\/a><\/p>\n<p>N\u00eb zgjedhjet e 24 prillit n\u00eb Serbi, radikal\u00ebt jo vet\u00ebm q\u00eb hyn\u00eb p\u00ebrs\u00ebri n\u00eb pParlament, por u shnd\u00ebrruan n\u00eb partin\u00eb kryesore opozitare me 21 nga 250 vende n\u00eb Parlament.<\/p>\n<p><b>Kallxo.com<\/b><\/p>\n<\/div>\n<\/div>\n","protected":false},"excerpt":{"rendered":"<p>Nga Dusica Tomovic, Milivoje Pantovic, BIRN Partia ultra-nacionaliste Radikale Serbe planifikon t\u00eb ringjall\u00eb aktivitetet e saj n\u00eb Mal t\u00eb Zi para zgjedhjeve t\u00eb tetorit, duke premtuar nj\u00eb fushat\u00eb t\u00eb ashp\u00ebr kund\u00ebr an\u00ebtar\u00ebsimit n\u00eb BE dhe NATO. Partia Radikale Serbe e Vojisllav Sheshelit planifikon t\u00eb riaktivizoj\u00eb veten n\u00eb Mal t\u00eb Zi para zgjedhjeve t\u00eb ardhshme parlamentare [&hellip;]<\/p>\n","protected":false},"author":1,"featured_media":0,"comment_status":"closed","ping_status":"closed","sticky":false,"template":"","format":"standard","meta":{"spay_email":"","jetpack_publicize_message":"","jetpack_is_tweetstorm":false,"jetpack_publicize_feature_enabled":true},"categories":[14],"tags":[],"jetpack_publicize_connections":[],"yoast_head":"<!-- This site is optimized with the Yoast SEO plugin v19.1 - https:\/\/yoast.com\/wordpress\/plugins\/seo\/ -->\n<title>Partia ultra-nacionaliste e Sheshelit garojn\u00eb n\u00eb Zgjedhjet e Malit t\u00eb Zi - Lajme nga Ulqini<\/title>\n<meta name=\"description\" content=\"Nga Dusica Tomovic, Milivoje Pantovic, BIRN Partia ultra-nacionaliste Radikale Serbe planifikon t\u00eb ringjall\u00eb aktivitetet e saj n\u00eb Mal t\u00eb Zi para\" \/>\n<meta name=\"robots\" content=\"index, follow, max-snippet:-1, max-image-preview:large, max-video-preview:-1\" \/>\n<link rel=\"canonical\" href=\"https:\/\/www.visit-ulcinj.com\/blog\/2016\/07\/27\/partia-ultra-nacionaliste-e-sheshelit-garojne-ne-zgjedhjet-e-malit-te-zi\/\" \/>\n<meta property=\"og:locale\" content=\"en_US\" \/>\n<meta property=\"og:type\" content=\"article\" \/>\n<meta property=\"og:title\" content=\"Partia ultra-nacionaliste e Sheshelit garojn\u00eb n\u00eb Zgjedhjet e Malit t\u00eb Zi - Lajme nga Ulqini\" \/>\n<meta property=\"og:description\" content=\"Nga Dusica Tomovic, Milivoje Pantovic, BIRN Partia ultra-nacionaliste Radikale Serbe planifikon t\u00eb ringjall\u00eb aktivitetet e saj n\u00eb Mal t\u00eb Zi para\" \/>\n<meta property=\"og:url\" content=\"https:\/\/www.visit-ulcinj.com\/blog\/2016\/07\/27\/partia-ultra-nacionaliste-e-sheshelit-garojne-ne-zgjedhjet-e-malit-te-zi\/\" \/>\n<meta property=\"og:site_name\" content=\"Lajme nga Ulqini\" \/>\n<meta property=\"article:published_time\" content=\"2016-07-27T08:34:18+00:00\" \/>\n<meta property=\"og:image\" content=\"http:\/\/www.visit-ulcinj.com\/blog\/wp-content\/uploads\/2016\/07\/Partia-ultra-nacionaliste-e-Sheshelit.jpg\" \/>\n<meta name=\"twitter:label1\" content=\"Written by\" \/>\n\t<meta name=\"twitter:data1\" content=\"ulqini\" \/>\n\t<meta name=\"twitter:label2\" content=\"Est. reading time\" \/>\n\t<meta name=\"twitter:data2\" content=\"2 minutes\" \/>\n<script type=\"application\/ld+json\" class=\"yoast-schema-graph\">{\"@context\":\"https:\/\/schema.org\",\"@graph\":[{\"@type\":\"WebSite\",\"@id\":\"https:\/\/www.visit-ulcinj.com\/blog\/#website\",\"url\":\"https:\/\/www.visit-ulcinj.com\/blog\/\",\"name\":\"Lajme nga Ulqini\",\"description\":\"Lajme,Vijesti,Ulqini,Ulqin,Crna Gora,Mali i Zi\",\"potentialAction\":[{\"@type\":\"SearchAction\",\"target\":{\"@type\":\"EntryPoint\",\"urlTemplate\":\"https:\/\/www.visit-ulcinj.com\/blog\/?s={search_term_string}\"},\"query-input\":\"required name=search_term_string\"}],\"inLanguage\":\"en-US\"},{\"@type\":\"ImageObject\",\"inLanguage\":\"en-US\",\"@id\":\"https:\/\/www.visit-ulcinj.com\/blog\/2016\/07\/27\/partia-ultra-nacionaliste-e-sheshelit-garojne-ne-zgjedhjet-e-malit-te-zi\/#primaryimage\",\"url\":\"http:\/\/www.visit-ulcinj.com\/blog\/wp-content\/uploads\/2016\/07\/Partia-ultra-nacionaliste-e-Sheshelit.jpg\",\"contentUrl\":\"http:\/\/www.visit-ulcinj.com\/blog\/wp-content\/uploads\/2016\/07\/Partia-ultra-nacionaliste-e-Sheshelit.jpg\"},{\"@type\":\"WebPage\",\"@id\":\"https:\/\/www.visit-ulcinj.com\/blog\/2016\/07\/27\/partia-ultra-nacionaliste-e-sheshelit-garojne-ne-zgjedhjet-e-malit-te-zi\/#webpage\",\"url\":\"https:\/\/www.visit-ulcinj.com\/blog\/2016\/07\/27\/partia-ultra-nacionaliste-e-sheshelit-garojne-ne-zgjedhjet-e-malit-te-zi\/\",\"name\":\"Partia ultra-nacionaliste e Sheshelit garojn\u00eb n\u00eb Zgjedhjet e Malit t\u00eb Zi - Lajme nga Ulqini\",\"isPartOf\":{\"@id\":\"https:\/\/www.visit-ulcinj.com\/blog\/#website\"},\"primaryImageOfPage\":{\"@id\":\"https:\/\/www.visit-ulcinj.com\/blog\/2016\/07\/27\/partia-ultra-nacionaliste-e-sheshelit-garojne-ne-zgjedhjet-e-malit-te-zi\/#primaryimage\"},\"datePublished\":\"2016-07-27T08:34:18+00:00\",\"dateModified\":\"2016-07-27T08:34:18+00:00\",\"author\":{\"@id\":\"https:\/\/www.visit-ulcinj.com\/blog\/#\/schema\/person\/dcab619c614d3038751c63bc2aadc06d\"},\"description\":\"Nga Dusica Tomovic, Milivoje Pantovic, BIRN Partia ultra-nacionaliste Radikale Serbe planifikon t\u00eb ringjall\u00eb aktivitetet e saj n\u00eb Mal t\u00eb Zi para\",\"breadcrumb\":{\"@id\":\"https:\/\/www.visit-ulcinj.com\/blog\/2016\/07\/27\/partia-ultra-nacionaliste-e-sheshelit-garojne-ne-zgjedhjet-e-malit-te-zi\/#breadcrumb\"},\"inLanguage\":\"en-US\",\"potentialAction\":[{\"@type\":\"ReadAction\",\"target\":[\"https:\/\/www.visit-ulcinj.com\/blog\/2016\/07\/27\/partia-ultra-nacionaliste-e-sheshelit-garojne-ne-zgjedhjet-e-malit-te-zi\/\"]}]},{\"@type\":\"BreadcrumbList\",\"@id\":\"https:\/\/www.visit-ulcinj.com\/blog\/2016\/07\/27\/partia-ultra-nacionaliste-e-sheshelit-garojne-ne-zgjedhjet-e-malit-te-zi\/#breadcrumb\",\"itemListElement\":[{\"@type\":\"ListItem\",\"position\":1,\"name\":\"Partia ultra-nacionaliste e Sheshelit garojn\u00eb n\u00eb Zgjedhjet e Malit t\u00eb Zi\"}]},{\"@type\":\"Person\",\"@id\":\"https:\/\/www.visit-ulcinj.com\/blog\/#\/schema\/person\/dcab619c614d3038751c63bc2aadc06d\",\"name\":\"ulqini\",\"sameAs\":[\"http:\/\/www.visit-ulcinj.com\"],\"url\":\"https:\/\/www.visit-ulcinj.com\/blog\/author\/admin\/\"}]}<\/script>\n<!-- \/ Yoast SEO plugin. -->","yoast_head_json":{"title":"Partia ultra-nacionaliste e Sheshelit garojn\u00eb n\u00eb Zgjedhjet e Malit t\u00eb Zi - Lajme nga Ulqini","description":"Nga Dusica Tomovic, Milivoje Pantovic, BIRN Partia ultra-nacionaliste Radikale Serbe planifikon t\u00eb ringjall\u00eb aktivitetet e saj n\u00eb Mal t\u00eb Zi para","robots":{"index":"index","follow":"follow","max-snippet":"max-snippet:-1","max-image-preview":"max-image-preview:large","max-video-preview":"max-video-preview:-1"},"canonical":"https:\/\/www.visit-ulcinj.com\/blog\/2016\/07\/27\/partia-ultra-nacionaliste-e-sheshelit-garojne-ne-zgjedhjet-e-malit-te-zi\/","og_locale":"en_US","og_type":"article","og_title":"Partia ultra-nacionaliste e Sheshelit garojn\u00eb n\u00eb Zgjedhjet e Malit t\u00eb Zi - Lajme nga Ulqini","og_description":"Nga Dusica Tomovic, Milivoje Pantovic, BIRN Partia ultra-nacionaliste Radikale Serbe planifikon t\u00eb ringjall\u00eb aktivitetet e saj n\u00eb Mal t\u00eb Zi para","og_url":"https:\/\/www.visit-ulcinj.com\/blog\/2016\/07\/27\/partia-ultra-nacionaliste-e-sheshelit-garojne-ne-zgjedhjet-e-malit-te-zi\/","og_site_name":"Lajme nga Ulqini","article_published_time":"2016-07-27T08:34:18+00:00","og_image":[{"url":"http:\/\/www.visit-ulcinj.com\/blog\/wp-content\/uploads\/2016\/07\/Partia-ultra-nacionaliste-e-Sheshelit.jpg"}],"twitter_misc":{"Written by":"ulqini","Est. reading time":"2 minutes"},"schema":{"@context":"https:\/\/schema.org","@graph":[{"@type":"WebSite","@id":"https:\/\/www.visit-ulcinj.com\/blog\/#website","url":"https:\/\/www.visit-ulcinj.com\/blog\/","name":"Lajme nga Ulqini","description":"Lajme,Vijesti,Ulqini,Ulqin,Crna Gora,Mali i Zi","potentialAction":[{"@type":"SearchAction","target":{"@type":"EntryPoint","urlTemplate":"https:\/\/www.visit-ulcinj.com\/blog\/?s={search_term_string}"},"query-input":"required name=search_term_string"}],"inLanguage":"en-US"},{"@type":"ImageObject","inLanguage":"en-US","@id":"https:\/\/www.visit-ulcinj.com\/blog\/2016\/07\/27\/partia-ultra-nacionaliste-e-sheshelit-garojne-ne-zgjedhjet-e-malit-te-zi\/#primaryimage","url":"http:\/\/www.visit-ulcinj.com\/blog\/wp-content\/uploads\/2016\/07\/Partia-ultra-nacionaliste-e-Sheshelit.jpg","contentUrl":"http:\/\/www.visit-ulcinj.com\/blog\/wp-content\/uploads\/2016\/07\/Partia-ultra-nacionaliste-e-Sheshelit.jpg"},{"@type":"WebPage","@id":"https:\/\/www.visit-ulcinj.com\/blog\/2016\/07\/27\/partia-ultra-nacionaliste-e-sheshelit-garojne-ne-zgjedhjet-e-malit-te-zi\/#webpage","url":"https:\/\/www.visit-ulcinj.com\/blog\/2016\/07\/27\/partia-ultra-nacionaliste-e-sheshelit-garojne-ne-zgjedhjet-e-malit-te-zi\/","name":"Partia ultra-nacionaliste e Sheshelit garojn\u00eb n\u00eb Zgjedhjet e Malit t\u00eb Zi - Lajme nga Ulqini","isPartOf":{"@id":"https:\/\/www.visit-ulcinj.com\/blog\/#website"},"primaryImageOfPage":{"@id":"https:\/\/www.visit-ulcinj.com\/blog\/2016\/07\/27\/partia-ultra-nacionaliste-e-sheshelit-garojne-ne-zgjedhjet-e-malit-te-zi\/#primaryimage"},"datePublished":"2016-07-27T08:34:18+00:00","dateModified":"2016-07-27T08:34:18+00:00","author":{"@id":"https:\/\/www.visit-ulcinj.com\/blog\/#\/schema\/person\/dcab619c614d3038751c63bc2aadc06d"},"description":"Nga Dusica Tomovic, Milivoje Pantovic, BIRN Partia ultra-nacionaliste Radikale Serbe planifikon t\u00eb ringjall\u00eb aktivitetet e saj n\u00eb Mal t\u00eb Zi para","breadcrumb":{"@id":"https:\/\/www.visit-ulcinj.com\/blog\/2016\/07\/27\/partia-ultra-nacionaliste-e-sheshelit-garojne-ne-zgjedhjet-e-malit-te-zi\/#breadcrumb"},"inLanguage":"en-US","potentialAction":[{"@type":"ReadAction","target":["https:\/\/www.visit-ulcinj.com\/blog\/2016\/07\/27\/partia-ultra-nacionaliste-e-sheshelit-garojne-ne-zgjedhjet-e-malit-te-zi\/"]}]},{"@type":"BreadcrumbList","@id":"https:\/\/www.visit-ulcinj.com\/blog\/2016\/07\/27\/partia-ultra-nacionaliste-e-sheshelit-garojne-ne-zgjedhjet-e-malit-te-zi\/#breadcrumb","itemListElement":[{"@type":"ListItem","position":1,"name":"Partia ultra-nacionaliste e Sheshelit garojn\u00eb n\u00eb Zgjedhjet e Malit t\u00eb Zi"}]},{"@type":"Person","@id":"https:\/\/www.visit-ulcinj.com\/blog\/#\/schema\/person\/dcab619c614d3038751c63bc2aadc06d","name":"ulqini","sameAs":["http:\/\/www.visit-ulcinj.com"],"url":"https:\/\/www.visit-ulcinj.com\/blog\/author\/admin\/"}]}},"jetpack_featured_media_url":"","jetpack_sharing_enabled":true,"jetpack_shortlink":"https:\/\/wp.me\/pe6lTn-pFO","_links":{"self":[{"href":"https:\/\/www.visit-ulcinj.com\/blog\/wp-json\/wp\/v2\/posts\/98692"}],"collection":[{"href":"https:\/\/www.visit-ulcinj.com\/blog\/wp-json\/wp\/v2\/posts"}],"about":[{"href":"https:\/\/www.visit-ulcinj.com\/blog\/wp-json\/wp\/v2\/types\/post"}],"author":[{"embeddable":true,"href":"https:\/\/www.visit-ulcinj.com\/blog\/wp-json\/wp\/v2\/users\/1"}],"replies":[{"embeddable":true,"href":"https:\/\/www.visit-ulcinj.com\/blog\/wp-json\/wp\/v2\/comments?post=98692"}],"version-history":[{"count":1,"href":"https:\/\/www.visit-ulcinj.com\/blog\/wp-json\/wp\/v2\/posts\/98692\/revisions"}],"predecessor-version":[{"id":98695,"href":"https:\/\/www.visit-ulcinj.com\/blog\/wp-json\/wp\/v2\/posts\/98692\/revisions\/98695"}],"wp:attachment":[{"href":"https:\/\/www.visit-ulcinj.com\/blog\/wp-json\/wp\/v2\/media?parent=98692"}],"wp:term":[{"taxonomy":"category","embeddable":true,"href":"https:\/\/www.visit-ulcinj.com\/blog\/wp-json\/wp\/v2\/categories?post=98692"},{"taxonomy":"post_tag","embeddable":true,"href":"https:\/\/www.visit-ulcinj.com\/blog\/wp-json\/wp\/v2\/tags?post=98692"}],"curies":[{"name":"wp","href":"https:\/\/api.w.org\/{rel}","templated":true}]}}