{"id":98696,"date":"2016-07-27T09:47:51","date_gmt":"2016-07-27T08:47:51","guid":{"rendered":"http:\/\/www.visit-ulcinj.com\/blog\/?p=98696"},"modified":"2016-07-27T09:48:37","modified_gmt":"2016-07-27T08:48:37","slug":"biletat-e-avionit-ja-sa-te-shtrenjta-jane-ne-shqiperi-ne-raport-shkupin-e-podgoricen","status":"publish","type":"post","link":"https:\/\/www.visit-ulcinj.com\/blog\/2016\/07\/27\/biletat-e-avionit-ja-sa-te-shtrenjta-jane-ne-shqiperi-ne-raport-shkupin-e-podgoricen\/","title":{"rendered":"Biletat e avionit, ja sa t\u00eb shtrenjta jan\u00eb n\u00eb Shqip\u00ebri n\u00eb raport me Shkupin e Podgoricen"},"content":{"rendered":"<div class=\"field field-name-body field-type-text-with-summary field-label-hidden\">\n<div class=\"field-items\">\n<div class=\"field-item even\">\n<p><a href=\"http:\/\/www.visit-ulcinj.com\/blog\/wp-content\/uploads\/2016\/07\/Tirana-air.jpg\"><img loading=\"lazy\" class=\"alignleft wp-image-98697\" src=\"http:\/\/www.visit-ulcinj.com\/blog\/wp-content\/uploads\/2016\/07\/Tirana-air.jpg\" alt=\"Tirana-air\" width=\"508\" height=\"305\" \/><\/a>Shqip\u00ebria \u00ebsht\u00eb vendi i par\u00eb n\u00eb rajon e ndoshta edhe n\u00eb Europ\u00eb p\u00ebr \u00e7mimet m\u00eb t\u00eb larta t\u00eb udh\u00ebtimit me avion. Problematika me \u00e7mimet e udh\u00ebtimit n\u00eb fakt nuk \u00ebsht\u00eb e re p\u00ebr vendin ton\u00eb, por rritja gjithnj\u00eb e m\u00eb shum\u00eb ve\u00e7an\u00ebrisht gjat\u00eb periudhave t\u00eb fluksit (n\u00eb pushimet verore apo ato dim\u00ebrore), \u00ebsht\u00eb kthyer n\u00eb nj\u00eb shqet\u00ebsim sezonal, ndaj t\u00eb cilit nuk po merret asnj\u00eb mas\u00eb nga autoritetet p\u00ebrgjegj\u00ebse. Nd\u00ebrsa ministri i Transporteve, Edmond Haxhinasto zgjati me 2 vite afatin e kontrat\u00ebs s\u00eb TIA, ky i fundit i cili \u00ebsht\u00eb bler\u00eb tashm\u00eb nga kinez\u00ebt, na e shp\u00ebrbleu me k\u00ebt\u00eb situat\u00eb; p\u00ebr t\u00eb nj\u00ebjtin destinacion, \u00e7mimet e biletave t\u00eb avionit llogariten rreth 2-3 her\u00eb m\u00eb t\u00eb larta n\u00eb Shqip\u00ebri krahasuar me vendet e tjera t\u00eb rajonit, si\u00e7 mund t\u00eb jen\u00eb Mali i Zi, Maqedonia, etj. Nisur nga kjo, qytetar\u00ebt shqiptar\u00eb kan\u00eb nisur prej disa muajsh t\u2019i drejtohen aeroporteve t\u00eb shtetit maqedon, duke braktisur aeroportin e Rinasit. P\u00ebr ministrin Haxhinasto, \u00e7mimet e udh\u00ebtimit do t\u00eb p\u00ebsonin ulje me zgjatjen e kontrat\u00ebs pasi kjo do hapte n\u00eb perspektiv\u00eb aeroportin e Kuk\u00ebsit, nga ku do t\u00eb nisnin dhe fluturimet low cost. Por mesa duket, aeroporti i Kuk\u00ebsit nuk do t\u00eb hapet p\u00ebr shum\u00eb vite, nd\u00ebrsa aeroporti i Rinasit do t\u00eb vijoj\u00eb t\u00eb rris\u00eb \u00e7mimet nga viti n\u00eb vit, derisa Haxhinasto as q\u00eb tenton t\u00eb nd\u00ebrmarr\u00eb ndonj\u00eb mas\u00eb ndaj k\u00ebtyre abuzimeve.<\/p>\n<p><strong>Udh\u00ebtimi drejt Europ\u00ebs\u00a0<\/strong><\/p>\n<p>T\u00eb udh\u00ebtosh me avion nga Shqip\u00ebria drejt Europ\u00ebs, t\u00eb kushton jo vet\u00ebm shum\u00eb m\u00eb shtrenjt\u00eb se nga Maqedonia, apo Mali i Zi, por edhe alternativat jan\u00eb m\u00eb t\u00eb pakta. Nisur nga nj\u00eb krahasim i biletave vajtje- ardhje p\u00ebr disa destinacione kryesore p\u00ebr datat 11-15 shtator (ose rreth k\u00ebtyre datave), duke marr\u00eb variantet m\u00eb t\u00eb lira t\u00eb bilet\u00ebs, t\u00eb rezervuara n\u00eb faqet p\u00ebrkat\u00ebse t\u00eb internetit t\u00eb kompanive ajrore (pa bagazh dhe opsione t\u00eb tjera shtes\u00eb), konstatohet se \u00e7mimet n\u00eb Shqip\u00ebri jan\u00eb nj\u00eb skandal i v\u00ebrtet\u00eb krahasuar me vendet e rajonit. Nga Shqip\u00ebria drejt Europ\u00ebs, biletat jan\u00eb minimalisht 50% m\u00eb t\u00eb shtrenjta, edhe kur b\u00ebhet fjal\u00eb p\u00ebr t\u00eb nj\u00ebjt\u00ebt operator\u00eb, psh me Austrian Airlines. N\u00eb destinacionet q\u00eb n\u00eb aeroportet e Shkupit e Podgoric\u00ebs operohen nga kompani lo\u00eb cost, si Milano, Venecia, Londra, qytetet e Gjermanis\u00eb, \u00e7mimet nga Rinasi jan\u00eb disa fish m\u00eb t\u00eb shtrenjta. Sidomos n\u00eb Maqedoni, biletat jan\u00eb t\u00eb lira p\u00ebr disa arsye. N\u00eb t\u00eb ka operator\u00eb low cost si Wizz Air; shteti subvencionon kompanit\u00eb; dhe taksat aeroportuale jan\u00eb m\u00eb t\u00eb lira se n\u00eb Shqip\u00ebri. Nga Shkupi psh mund t\u00eb gjesh bilet\u00eb vajtje-ardhje edhe m\u00eb pak se 100 euro p\u00ebr disa destinacione (65 euro n\u00eb Milano e Bruksel, Berlin 70 euro, apo 85 euro n\u00eb Paris e Venecia), nd\u00ebrsa n\u00eb Shqip\u00ebri tarifa minimale p\u00ebr nj\u00eb bilet\u00eb tashm\u00eb \u00ebsht\u00eb mbi 150 euro nga operator\u00ebt lo\u00eb cost (Blue Panorama) dhe mbi 250 euro nga operator\u00ebt e tjer\u00eb, Al Italia, Austrian Airlines, Lufthansa, q\u00eb ofrojn\u00eb pjes\u00ebn m\u00eb t\u00eb madhe t\u00eb destinacioneve.<\/p>\n<p>N\u00eb Podgoric\u00eb veprojn\u00eb dy operator\u00ebt low cost, Ryan Air dhe Easy Jet, nga t\u00eb cil\u00ebt mund t\u00eb gjesh alternativa t\u00eb lira, sidomos p\u00ebr kthimin nga Londra (m\u00eb pak se 50 euro).<\/p>\n<p><strong>Udh\u00ebtimi drejt Vjen\u00ebs\u00a0<\/strong><\/p>\n<p>N\u00ebse k\u00ebrkoni t\u00eb rezervoni bileta p\u00ebr n\u00eb Vjen\u00eb, vajtje-ardhje, rreth datave 11-15 shtator, me Austrian Airlines, nga Tirana nuk do t\u00eb mund t\u00eb gjeni bilet\u00eb m\u00eb t\u00eb lir\u00eb se 250 euro, n\u00eb var\u00ebsi t\u00eb orareve (pa bagazh). Nga Shkupi, po me Austrian Airlines mund t\u00eb rezervohet bilet\u00eb vajtje- ardhje me 160 euro. Nga Podgorica p\u00ebr t\u00eb nj\u00ebjtin destinacion, opsioni m\u00eb i lir\u00eb \u00ebsht\u00eb 170 euro. Nga Prishtina me Austrian Arlines, \u00e7mimet jan\u00eb t\u00eb krahasueshme me Tiran\u00ebn, mbi 240 euro.<\/p>\n<p><strong>Udh\u00ebtimi p\u00ebr n\u00eb Lond\u00ebr<\/strong><\/p>\n<p>Nga Tirana direkt me British Airways bileta kushton 521 euro (vajtje- ardhje n\u00eb datat 11 dhe 16 shtator) p\u00ebr n\u00eb aeroportin e Gat\u00ebick. Me Austrian Airlines, p\u00ebrmes Vjen\u00ebs bileta shkon 400-440 euro. Me Wizz Air p\u00ebr n\u00eb Lond\u00ebr (aeroporti Luton) nga Shkupi t\u00eb kushton 170 euro (10,498 dinar\u00eb maqedonas). Nga Tivari i Malit t\u00eb Zi p\u00ebr n\u00eb Lond\u00ebr (Gatwick), me kombinim datash bileta \u00ebsht\u00eb 186-241 euro, p\u00ebrmes operatorit lo\u00eb cost Easy Jet. N\u00ebse vet\u00ebm do t\u00eb kthehesh nga Londra, mund t\u00eb gjesh bilet\u00eb kthimi p\u00ebr n\u00eb Tivar edhe me 41 euro. Po nga Mali i Zi, p\u00ebrmes Podgoric\u00ebs, me Ryan Air, bileta p\u00ebr n\u00eb Lond\u00ebr (Stanset) kushton 266 euro.<\/p>\n<p>&nbsp;<\/p>\n<\/div>\n<\/div>\n<\/div>\n<div class=\"field field-name-field-signatura-e-lajmit field-type-fixed-field field-label-hidden\">\n<div class=\"field-items\">\n<div class=\"field-item even\">\n<p><strong>\/Agjensia e Lajmeve Sot News\/<\/strong><\/p>\n<\/div>\n<\/div>\n<\/div>\n","protected":false},"excerpt":{"rendered":"<p>Shqip\u00ebria \u00ebsht\u00eb vendi i par\u00eb n\u00eb rajon e ndoshta edhe n\u00eb Europ\u00eb p\u00ebr \u00e7mimet m\u00eb t\u00eb larta t\u00eb udh\u00ebtimit me avion. Problematika me \u00e7mimet e udh\u00ebtimit n\u00eb fakt nuk \u00ebsht\u00eb e re p\u00ebr vendin ton\u00eb, por rritja gjithnj\u00eb e m\u00eb shum\u00eb ve\u00e7an\u00ebrisht gjat\u00eb periudhave t\u00eb fluksit (n\u00eb pushimet verore apo ato dim\u00ebrore), \u00ebsht\u00eb kthyer n\u00eb [&hellip;]<\/p>\n","protected":false},"author":1,"featured_media":0,"comment_status":"closed","ping_status":"closed","sticky":false,"template":"","format":"standard","meta":{"spay_email":"","jetpack_publicize_message":"","jetpack_is_tweetstorm":false,"jetpack_publicize_feature_enabled":true},"categories":[12],"tags":[],"jetpack_publicize_connections":[],"yoast_head":"<!-- This site is optimized with the Yoast SEO plugin v19.1 - https:\/\/yoast.com\/wordpress\/plugins\/seo\/ -->\n<title>Biletat e avionit, ja sa t\u00eb shtrenjta jan\u00eb n\u00eb Shqip\u00ebri n\u00eb raport me Shkupin e Podgoricen - Lajme nga Ulqini<\/title>\n<meta name=\"description\" content=\"Shqip\u00ebria \u00ebsht\u00eb vendi i par\u00eb n\u00eb rajon e ndoshta edhe n\u00eb Europ\u00eb p\u00ebr \u00e7mimet m\u00eb t\u00eb larta t\u00eb udh\u00ebtimit me avion. Problematika me \u00e7mimet e udh\u00ebtimit n\u00eb fakt\" \/>\n<meta name=\"robots\" content=\"index, follow, max-snippet:-1, max-image-preview:large, max-video-preview:-1\" \/>\n<link rel=\"canonical\" href=\"https:\/\/www.visit-ulcinj.com\/blog\/2016\/07\/27\/biletat-e-avionit-ja-sa-te-shtrenjta-jane-ne-shqiperi-ne-raport-shkupin-e-podgoricen\/\" \/>\n<meta property=\"og:locale\" content=\"en_US\" \/>\n<meta property=\"og:type\" content=\"article\" \/>\n<meta property=\"og:title\" content=\"Biletat e avionit, ja sa t\u00eb shtrenjta jan\u00eb n\u00eb Shqip\u00ebri n\u00eb raport me Shkupin e Podgoricen - Lajme nga Ulqini\" \/>\n<meta property=\"og:description\" content=\"Shqip\u00ebria \u00ebsht\u00eb vendi i par\u00eb n\u00eb rajon e ndoshta edhe n\u00eb Europ\u00eb p\u00ebr \u00e7mimet m\u00eb t\u00eb larta t\u00eb udh\u00ebtimit me avion. Problematika me \u00e7mimet e udh\u00ebtimit n\u00eb fakt\" \/>\n<meta property=\"og:url\" content=\"https:\/\/www.visit-ulcinj.com\/blog\/2016\/07\/27\/biletat-e-avionit-ja-sa-te-shtrenjta-jane-ne-shqiperi-ne-raport-shkupin-e-podgoricen\/\" \/>\n<meta property=\"og:site_name\" content=\"Lajme nga Ulqini\" \/>\n<meta property=\"article:published_time\" content=\"2016-07-27T08:47:51+00:00\" \/>\n<meta property=\"article:modified_time\" content=\"2016-07-27T08:48:37+00:00\" \/>\n<meta property=\"og:image\" content=\"http:\/\/www.visit-ulcinj.com\/blog\/wp-content\/uploads\/2016\/07\/Tirana-air.jpg\" \/>\n<meta name=\"twitter:label1\" content=\"Written by\" \/>\n\t<meta name=\"twitter:data1\" content=\"ulqini\" \/>\n\t<meta name=\"twitter:label2\" content=\"Est. reading time\" \/>\n\t<meta name=\"twitter:data2\" content=\"4 minutes\" \/>\n<script type=\"application\/ld+json\" class=\"yoast-schema-graph\">{\"@context\":\"https:\/\/schema.org\",\"@graph\":[{\"@type\":\"WebSite\",\"@id\":\"https:\/\/www.visit-ulcinj.com\/blog\/#website\",\"url\":\"https:\/\/www.visit-ulcinj.com\/blog\/\",\"name\":\"Lajme nga Ulqini\",\"description\":\"Lajme,Vijesti,Ulqini,Ulqin,Crna Gora,Mali i Zi\",\"potentialAction\":[{\"@type\":\"SearchAction\",\"target\":{\"@type\":\"EntryPoint\",\"urlTemplate\":\"https:\/\/www.visit-ulcinj.com\/blog\/?s={search_term_string}\"},\"query-input\":\"required name=search_term_string\"}],\"inLanguage\":\"en-US\"},{\"@type\":\"ImageObject\",\"inLanguage\":\"en-US\",\"@id\":\"https:\/\/www.visit-ulcinj.com\/blog\/2016\/07\/27\/biletat-e-avionit-ja-sa-te-shtrenjta-jane-ne-shqiperi-ne-raport-shkupin-e-podgoricen\/#primaryimage\",\"url\":\"http:\/\/www.visit-ulcinj.com\/blog\/wp-content\/uploads\/2016\/07\/Tirana-air.jpg\",\"contentUrl\":\"http:\/\/www.visit-ulcinj.com\/blog\/wp-content\/uploads\/2016\/07\/Tirana-air.jpg\"},{\"@type\":\"WebPage\",\"@id\":\"https:\/\/www.visit-ulcinj.com\/blog\/2016\/07\/27\/biletat-e-avionit-ja-sa-te-shtrenjta-jane-ne-shqiperi-ne-raport-shkupin-e-podgoricen\/#webpage\",\"url\":\"https:\/\/www.visit-ulcinj.com\/blog\/2016\/07\/27\/biletat-e-avionit-ja-sa-te-shtrenjta-jane-ne-shqiperi-ne-raport-shkupin-e-podgoricen\/\",\"name\":\"Biletat e avionit, ja sa t\u00eb shtrenjta jan\u00eb n\u00eb Shqip\u00ebri n\u00eb raport me Shkupin e Podgoricen - Lajme nga Ulqini\",\"isPartOf\":{\"@id\":\"https:\/\/www.visit-ulcinj.com\/blog\/#website\"},\"primaryImageOfPage\":{\"@id\":\"https:\/\/www.visit-ulcinj.com\/blog\/2016\/07\/27\/biletat-e-avionit-ja-sa-te-shtrenjta-jane-ne-shqiperi-ne-raport-shkupin-e-podgoricen\/#primaryimage\"},\"datePublished\":\"2016-07-27T08:47:51+00:00\",\"dateModified\":\"2016-07-27T08:48:37+00:00\",\"author\":{\"@id\":\"https:\/\/www.visit-ulcinj.com\/blog\/#\/schema\/person\/dcab619c614d3038751c63bc2aadc06d\"},\"description\":\"Shqip\u00ebria \u00ebsht\u00eb vendi i par\u00eb n\u00eb rajon e ndoshta edhe n\u00eb Europ\u00eb p\u00ebr \u00e7mimet m\u00eb t\u00eb larta t\u00eb udh\u00ebtimit me avion. Problematika me \u00e7mimet e udh\u00ebtimit n\u00eb fakt\",\"breadcrumb\":{\"@id\":\"https:\/\/www.visit-ulcinj.com\/blog\/2016\/07\/27\/biletat-e-avionit-ja-sa-te-shtrenjta-jane-ne-shqiperi-ne-raport-shkupin-e-podgoricen\/#breadcrumb\"},\"inLanguage\":\"en-US\",\"potentialAction\":[{\"@type\":\"ReadAction\",\"target\":[\"https:\/\/www.visit-ulcinj.com\/blog\/2016\/07\/27\/biletat-e-avionit-ja-sa-te-shtrenjta-jane-ne-shqiperi-ne-raport-shkupin-e-podgoricen\/\"]}]},{\"@type\":\"BreadcrumbList\",\"@id\":\"https:\/\/www.visit-ulcinj.com\/blog\/2016\/07\/27\/biletat-e-avionit-ja-sa-te-shtrenjta-jane-ne-shqiperi-ne-raport-shkupin-e-podgoricen\/#breadcrumb\",\"itemListElement\":[{\"@type\":\"ListItem\",\"position\":1,\"name\":\"Biletat e avionit, ja sa t\u00eb shtrenjta jan\u00eb n\u00eb Shqip\u00ebri n\u00eb raport me Shkupin e Podgoricen\"}]},{\"@type\":\"Person\",\"@id\":\"https:\/\/www.visit-ulcinj.com\/blog\/#\/schema\/person\/dcab619c614d3038751c63bc2aadc06d\",\"name\":\"ulqini\",\"sameAs\":[\"http:\/\/www.visit-ulcinj.com\"],\"url\":\"https:\/\/www.visit-ulcinj.com\/blog\/author\/admin\/\"}]}<\/script>\n<!-- \/ Yoast SEO plugin. -->","yoast_head_json":{"title":"Biletat e avionit, ja sa t\u00eb shtrenjta jan\u00eb n\u00eb Shqip\u00ebri n\u00eb raport me Shkupin e Podgoricen - Lajme nga Ulqini","description":"Shqip\u00ebria \u00ebsht\u00eb vendi i par\u00eb n\u00eb rajon e ndoshta edhe n\u00eb Europ\u00eb p\u00ebr \u00e7mimet m\u00eb t\u00eb larta t\u00eb udh\u00ebtimit me avion. Problematika me \u00e7mimet e udh\u00ebtimit n\u00eb fakt","robots":{"index":"index","follow":"follow","max-snippet":"max-snippet:-1","max-image-preview":"max-image-preview:large","max-video-preview":"max-video-preview:-1"},"canonical":"https:\/\/www.visit-ulcinj.com\/blog\/2016\/07\/27\/biletat-e-avionit-ja-sa-te-shtrenjta-jane-ne-shqiperi-ne-raport-shkupin-e-podgoricen\/","og_locale":"en_US","og_type":"article","og_title":"Biletat e avionit, ja sa t\u00eb shtrenjta jan\u00eb n\u00eb Shqip\u00ebri n\u00eb raport me Shkupin e Podgoricen - Lajme nga Ulqini","og_description":"Shqip\u00ebria \u00ebsht\u00eb vendi i par\u00eb n\u00eb rajon e ndoshta edhe n\u00eb Europ\u00eb p\u00ebr \u00e7mimet m\u00eb t\u00eb larta t\u00eb udh\u00ebtimit me avion. Problematika me \u00e7mimet e udh\u00ebtimit n\u00eb fakt","og_url":"https:\/\/www.visit-ulcinj.com\/blog\/2016\/07\/27\/biletat-e-avionit-ja-sa-te-shtrenjta-jane-ne-shqiperi-ne-raport-shkupin-e-podgoricen\/","og_site_name":"Lajme nga Ulqini","article_published_time":"2016-07-27T08:47:51+00:00","article_modified_time":"2016-07-27T08:48:37+00:00","og_image":[{"url":"http:\/\/www.visit-ulcinj.com\/blog\/wp-content\/uploads\/2016\/07\/Tirana-air.jpg"}],"twitter_misc":{"Written by":"ulqini","Est. reading time":"4 minutes"},"schema":{"@context":"https:\/\/schema.org","@graph":[{"@type":"WebSite","@id":"https:\/\/www.visit-ulcinj.com\/blog\/#website","url":"https:\/\/www.visit-ulcinj.com\/blog\/","name":"Lajme nga Ulqini","description":"Lajme,Vijesti,Ulqini,Ulqin,Crna Gora,Mali i Zi","potentialAction":[{"@type":"SearchAction","target":{"@type":"EntryPoint","urlTemplate":"https:\/\/www.visit-ulcinj.com\/blog\/?s={search_term_string}"},"query-input":"required name=search_term_string"}],"inLanguage":"en-US"},{"@type":"ImageObject","inLanguage":"en-US","@id":"https:\/\/www.visit-ulcinj.com\/blog\/2016\/07\/27\/biletat-e-avionit-ja-sa-te-shtrenjta-jane-ne-shqiperi-ne-raport-shkupin-e-podgoricen\/#primaryimage","url":"http:\/\/www.visit-ulcinj.com\/blog\/wp-content\/uploads\/2016\/07\/Tirana-air.jpg","contentUrl":"http:\/\/www.visit-ulcinj.com\/blog\/wp-content\/uploads\/2016\/07\/Tirana-air.jpg"},{"@type":"WebPage","@id":"https:\/\/www.visit-ulcinj.com\/blog\/2016\/07\/27\/biletat-e-avionit-ja-sa-te-shtrenjta-jane-ne-shqiperi-ne-raport-shkupin-e-podgoricen\/#webpage","url":"https:\/\/www.visit-ulcinj.com\/blog\/2016\/07\/27\/biletat-e-avionit-ja-sa-te-shtrenjta-jane-ne-shqiperi-ne-raport-shkupin-e-podgoricen\/","name":"Biletat e avionit, ja sa t\u00eb shtrenjta jan\u00eb n\u00eb Shqip\u00ebri n\u00eb raport me Shkupin e Podgoricen - Lajme nga Ulqini","isPartOf":{"@id":"https:\/\/www.visit-ulcinj.com\/blog\/#website"},"primaryImageOfPage":{"@id":"https:\/\/www.visit-ulcinj.com\/blog\/2016\/07\/27\/biletat-e-avionit-ja-sa-te-shtrenjta-jane-ne-shqiperi-ne-raport-shkupin-e-podgoricen\/#primaryimage"},"datePublished":"2016-07-27T08:47:51+00:00","dateModified":"2016-07-27T08:48:37+00:00","author":{"@id":"https:\/\/www.visit-ulcinj.com\/blog\/#\/schema\/person\/dcab619c614d3038751c63bc2aadc06d"},"description":"Shqip\u00ebria \u00ebsht\u00eb vendi i par\u00eb n\u00eb rajon e ndoshta edhe n\u00eb Europ\u00eb p\u00ebr \u00e7mimet m\u00eb t\u00eb larta t\u00eb udh\u00ebtimit me avion. Problematika me \u00e7mimet e udh\u00ebtimit n\u00eb fakt","breadcrumb":{"@id":"https:\/\/www.visit-ulcinj.com\/blog\/2016\/07\/27\/biletat-e-avionit-ja-sa-te-shtrenjta-jane-ne-shqiperi-ne-raport-shkupin-e-podgoricen\/#breadcrumb"},"inLanguage":"en-US","potentialAction":[{"@type":"ReadAction","target":["https:\/\/www.visit-ulcinj.com\/blog\/2016\/07\/27\/biletat-e-avionit-ja-sa-te-shtrenjta-jane-ne-shqiperi-ne-raport-shkupin-e-podgoricen\/"]}]},{"@type":"BreadcrumbList","@id":"https:\/\/www.visit-ulcinj.com\/blog\/2016\/07\/27\/biletat-e-avionit-ja-sa-te-shtrenjta-jane-ne-shqiperi-ne-raport-shkupin-e-podgoricen\/#breadcrumb","itemListElement":[{"@type":"ListItem","position":1,"name":"Biletat e avionit, ja sa t\u00eb shtrenjta jan\u00eb n\u00eb Shqip\u00ebri n\u00eb raport me Shkupin e Podgoricen"}]},{"@type":"Person","@id":"https:\/\/www.visit-ulcinj.com\/blog\/#\/schema\/person\/dcab619c614d3038751c63bc2aadc06d","name":"ulqini","sameAs":["http:\/\/www.visit-ulcinj.com"],"url":"https:\/\/www.visit-ulcinj.com\/blog\/author\/admin\/"}]}},"jetpack_featured_media_url":"","jetpack_sharing_enabled":true,"jetpack_shortlink":"https:\/\/wp.me\/pe6lTn-pFS","_links":{"self":[{"href":"https:\/\/www.visit-ulcinj.com\/blog\/wp-json\/wp\/v2\/posts\/98696"}],"collection":[{"href":"https:\/\/www.visit-ulcinj.com\/blog\/wp-json\/wp\/v2\/posts"}],"about":[{"href":"https:\/\/www.visit-ulcinj.com\/blog\/wp-json\/wp\/v2\/types\/post"}],"author":[{"embeddable":true,"href":"https:\/\/www.visit-ulcinj.com\/blog\/wp-json\/wp\/v2\/users\/1"}],"replies":[{"embeddable":true,"href":"https:\/\/www.visit-ulcinj.com\/blog\/wp-json\/wp\/v2\/comments?post=98696"}],"version-history":[{"count":1,"href":"https:\/\/www.visit-ulcinj.com\/blog\/wp-json\/wp\/v2\/posts\/98696\/revisions"}],"predecessor-version":[{"id":98698,"href":"https:\/\/www.visit-ulcinj.com\/blog\/wp-json\/wp\/v2\/posts\/98696\/revisions\/98698"}],"wp:attachment":[{"href":"https:\/\/www.visit-ulcinj.com\/blog\/wp-json\/wp\/v2\/media?parent=98696"}],"wp:term":[{"taxonomy":"category","embeddable":true,"href":"https:\/\/www.visit-ulcinj.com\/blog\/wp-json\/wp\/v2\/categories?post=98696"},{"taxonomy":"post_tag","embeddable":true,"href":"https:\/\/www.visit-ulcinj.com\/blog\/wp-json\/wp\/v2\/tags?post=98696"}],"curies":[{"name":"wp","href":"https:\/\/api.w.org\/{rel}","templated":true}]}}