{"id":987,"date":"2008-03-21T07:12:13","date_gmt":"2008-03-21T12:12:13","guid":{"rendered":"http:\/\/www.visit-ulcinj.com\/blog\/2008\/03\/21\/crna-gorauskoro-zahtjev-za-clanstvo-u-eu\/"},"modified":"2008-03-21T07:13:31","modified_gmt":"2008-03-21T12:13:31","slug":"crna-gorauskoro-zahtjev-za-clanstvo-u-eu","status":"publish","type":"post","link":"https:\/\/www.visit-ulcinj.com\/blog\/2008\/03\/21\/crna-gorauskoro-zahtjev-za-clanstvo-u-eu\/","title":{"rendered":"Crna Gora:Uskoro zahtjev za ?lanstvo u EU"},"content":{"rendered":"<p><a href=\"http:\/\/www.visit-ulcinj.com\/blog\/wp-content\/uploads\/2008\/03\/ranko-krivokapic_france-cukjati.jpg\" title=\"Ranko Krivokapic_France Cukjati\"><img loading=\"lazy\" src=\"http:\/\/www.visit-ulcinj.com\/blog\/wp-content\/uploads\/2008\/03\/ranko-krivokapic_france-cukjati.thumbnail.jpg\" alt=\"Ranko Krivokapic_France Cukjati\" align=\"left\" height=\"154\" width=\"200\" \/><\/a>Crna Gora ?e u narednih nekoliko sedmica zatra\u017eiti ?lanstvo u Evropskoj uniji, pri ?emu ra?una na punu podr\u0161ku Slovenije, izjavio je ju?e u Ljubljani predsjednik Skup\u0161tine Ranko Krivokapi?.<br \/>\nNa konferenciji za novinare nakon susreta sa slovena?kim kolegom Francom Cukjatijem, Krivokapi? nije htio da precizira kada ?e se to ta?no dogoditi, isti?u?i da se na taj doga?aj vi\u0161e ne?e ?ekati mjesecima, ve? nekoliko sedmica.<br \/>\nMediji navode da je on kazao da Crna Gora ulazi u drugu godi\u0161njicu od obnove nezavisnosti sa novim Ustavom i Sporazumom o stabilizaciji i pridru\u017eivanju.<br \/>\n&#8220;Nadamo se da ?emo u Bukure\u0161tu otvoriti Individualno partnerstvo za pristup NATO&#8221;, naglasio je on.<br \/>\nKrivokapi? se nalazi u dvodnevnoj zvani?noj posjeti Sloveniji, na poziv Cukjatija.<br \/>\n\u0160efa crnogorskog parlamenta u Ljubljani je primio i predsjednik Slovenije Danilo Turk koji je kazao da je prespektiva Crne Gore dobra i da &#8220;EU mora bolje razumjeti iskustva koja Crna Gora ima i bolje cijeniti njenu mudrost i odli?no poznavanje prilika na Zapadnom Balkanu&#8221;.<br \/>\nKrivokapi? je ve?i dio prvog dana posjete Sloveniji proveo u parlamentu Slovenije i, osim sa Cukajtijem, razgovarao i sa \u0161efovima poslani?kih klubova.<br \/>\nCukjati je rekao da se Crna Gora nalazi na pragu &#8220;velikog prilago?avanja&#8221; nacionalnog pravnom poretku EU.<br \/>\n&#8220;To za svaki parlament zna?i veliki teret i s druge strane dobru priliku da se reguli\u0161u i urede sve ostale stvari&#8221;, rekao je predsjednik slovena?kog Dr\u017eavnog zbora.<br \/>\nCukjati je rekao da Slovenija na Crnu Goru gleda kao na dr\u017eavu sa niskim rizikom za investicije i dodao da to potvr?uje podatak da je trgovinska razmjena izme?u dvije dr\u017eave u 2007. godini bila oko 200 miliona eura.<br \/>\nOn je dodao da je slovena?kim investitorima Crna Gora zanimljiva za &#8220;ulaganje u turizam, energetiku, to jest hidroelektrane, izgradnju puteva&#8221;.<a href=\"http:\/\/www.visit-ulcinj.com\/blog\/wp-content\/uploads\/2008\/03\/france-cukjati_ranko-krivokapic.jpg\" title=\"France Cukjati_Ranko Krivokapic\"><img loading=\"lazy\" src=\"http:\/\/www.visit-ulcinj.com\/blog\/wp-content\/uploads\/2008\/03\/france-cukjati_ranko-krivokapic.thumbnail.jpg\" alt=\"France Cukjati_Ranko Krivokapic\" align=\"right\" height=\"155\" width=\"200\" \/><\/a><br \/>\n&#8220;Na\u0161 stav je jasan, slijedi?emo politiku EU u vezi sa Zapadnim Balkanom i Kosova, sa?eka?emo da ta politika bude \u0161to jedinstvenija. Odluku o priznavanju donije?emo u trenutku kada to bude doprinjelo stabilnosti u regionu, i o?uvanju stabilnosti Crne Gore&#8221;, rekao je Krivokapi?.<br \/>\nOn je dodao da je Crna Gora potpisivanjem SSP ve? dio sistema EU, tako da je njena spoljna politika uskla?ena sa politikom Unije.<br \/>\nwww.cafemontenegro.cg.yu<\/p>\n","protected":false},"excerpt":{"rendered":"<p><img loading=\"lazy\" src=\"http:\/\/www.visit-ulcinj.com\/blog\/wp-content\/uploads\/2008\/03\/ranko-krivokapic_france-cukjati.thumbnail.jpg\" alt=\"Ranko Krivokapic_France Cukjati\" align=\"left\" height=\"140\" width=\"140\" \/><\/p>\n","protected":false},"author":1,"featured_media":0,"comment_status":"open","ping_status":"closed","sticky":false,"template":"","format":"standard","meta":{"spay_email":"","jetpack_publicize_message":"","jetpack_is_tweetstorm":false,"jetpack_publicize_feature_enabled":true},"categories":[6,12],"tags":[],"jetpack_publicize_connections":[],"yoast_head":"<!-- This site is optimized with the Yoast SEO plugin v19.1 - https:\/\/yoast.com\/wordpress\/plugins\/seo\/ -->\n<title>Crna Gora:Uskoro zahtjev za ?lanstvo u EU - Lajme nga Ulqini<\/title>\n<meta name=\"robots\" content=\"index, follow, max-snippet:-1, max-image-preview:large, max-video-preview:-1\" \/>\n<link rel=\"canonical\" href=\"https:\/\/www.visit-ulcinj.com\/blog\/2008\/03\/21\/crna-gorauskoro-zahtjev-za-clanstvo-u-eu\/\" \/>\n<meta property=\"og:locale\" content=\"en_US\" \/>\n<meta property=\"og:type\" content=\"article\" \/>\n<meta property=\"og:title\" content=\"Crna Gora:Uskoro zahtjev za ?lanstvo u EU - Lajme nga Ulqini\" \/>\n<meta property=\"og:url\" content=\"https:\/\/www.visit-ulcinj.com\/blog\/2008\/03\/21\/crna-gorauskoro-zahtjev-za-clanstvo-u-eu\/\" \/>\n<meta property=\"og:site_name\" content=\"Lajme nga Ulqini\" \/>\n<meta property=\"article:published_time\" content=\"2008-03-21T12:12:13+00:00\" \/>\n<meta property=\"article:modified_time\" content=\"2008-03-21T12:13:31+00:00\" \/>\n<meta property=\"og:image\" content=\"http:\/\/www.visit-ulcinj.com\/blog\/wp-content\/uploads\/2008\/03\/ranko-krivokapic_france-cukjati.thumbnail.jpg\" \/>\n<meta name=\"twitter:label1\" content=\"Written by\" \/>\n\t<meta name=\"twitter:data1\" content=\"ulqini\" \/>\n\t<meta name=\"twitter:label2\" content=\"Est. reading time\" \/>\n\t<meta name=\"twitter:data2\" content=\"2 minutes\" \/>\n<script type=\"application\/ld+json\" class=\"yoast-schema-graph\">{\"@context\":\"https:\/\/schema.org\",\"@graph\":[{\"@type\":\"WebSite\",\"@id\":\"https:\/\/www.visit-ulcinj.com\/blog\/#website\",\"url\":\"https:\/\/www.visit-ulcinj.com\/blog\/\",\"name\":\"Lajme nga Ulqini\",\"description\":\"Lajme,Vijesti,Ulqini,Ulqin,Crna Gora,Mali i Zi\",\"potentialAction\":[{\"@type\":\"SearchAction\",\"target\":{\"@type\":\"EntryPoint\",\"urlTemplate\":\"https:\/\/www.visit-ulcinj.com\/blog\/?s={search_term_string}\"},\"query-input\":\"required name=search_term_string\"}],\"inLanguage\":\"en-US\"},{\"@type\":\"ImageObject\",\"inLanguage\":\"en-US\",\"@id\":\"https:\/\/www.visit-ulcinj.com\/blog\/2008\/03\/21\/crna-gorauskoro-zahtjev-za-clanstvo-u-eu\/#primaryimage\",\"url\":\"http:\/\/www.visit-ulcinj.com\/blog\/wp-content\/uploads\/2008\/03\/ranko-krivokapic_france-cukjati.thumbnail.jpg\",\"contentUrl\":\"http:\/\/www.visit-ulcinj.com\/blog\/wp-content\/uploads\/2008\/03\/ranko-krivokapic_france-cukjati.thumbnail.jpg\"},{\"@type\":\"WebPage\",\"@id\":\"https:\/\/www.visit-ulcinj.com\/blog\/2008\/03\/21\/crna-gorauskoro-zahtjev-za-clanstvo-u-eu\/#webpage\",\"url\":\"https:\/\/www.visit-ulcinj.com\/blog\/2008\/03\/21\/crna-gorauskoro-zahtjev-za-clanstvo-u-eu\/\",\"name\":\"Crna Gora:Uskoro zahtjev za ?lanstvo u EU - Lajme nga Ulqini\",\"isPartOf\":{\"@id\":\"https:\/\/www.visit-ulcinj.com\/blog\/#website\"},\"primaryImageOfPage\":{\"@id\":\"https:\/\/www.visit-ulcinj.com\/blog\/2008\/03\/21\/crna-gorauskoro-zahtjev-za-clanstvo-u-eu\/#primaryimage\"},\"datePublished\":\"2008-03-21T12:12:13+00:00\",\"dateModified\":\"2008-03-21T12:13:31+00:00\",\"author\":{\"@id\":\"https:\/\/www.visit-ulcinj.com\/blog\/#\/schema\/person\/dcab619c614d3038751c63bc2aadc06d\"},\"breadcrumb\":{\"@id\":\"https:\/\/www.visit-ulcinj.com\/blog\/2008\/03\/21\/crna-gorauskoro-zahtjev-za-clanstvo-u-eu\/#breadcrumb\"},\"inLanguage\":\"en-US\",\"potentialAction\":[{\"@type\":\"ReadAction\",\"target\":[\"https:\/\/www.visit-ulcinj.com\/blog\/2008\/03\/21\/crna-gorauskoro-zahtjev-za-clanstvo-u-eu\/\"]}]},{\"@type\":\"BreadcrumbList\",\"@id\":\"https:\/\/www.visit-ulcinj.com\/blog\/2008\/03\/21\/crna-gorauskoro-zahtjev-za-clanstvo-u-eu\/#breadcrumb\",\"itemListElement\":[{\"@type\":\"ListItem\",\"position\":1,\"name\":\"Crna Gora:Uskoro zahtjev za ?lanstvo u EU\"}]},{\"@type\":\"Person\",\"@id\":\"https:\/\/www.visit-ulcinj.com\/blog\/#\/schema\/person\/dcab619c614d3038751c63bc2aadc06d\",\"name\":\"ulqini\",\"sameAs\":[\"http:\/\/www.visit-ulcinj.com\"],\"url\":\"https:\/\/www.visit-ulcinj.com\/blog\/author\/admin\/\"}]}<\/script>\n<!-- \/ Yoast SEO plugin. -->","yoast_head_json":{"title":"Crna Gora:Uskoro zahtjev za ?lanstvo u EU - Lajme nga Ulqini","robots":{"index":"index","follow":"follow","max-snippet":"max-snippet:-1","max-image-preview":"max-image-preview:large","max-video-preview":"max-video-preview:-1"},"canonical":"https:\/\/www.visit-ulcinj.com\/blog\/2008\/03\/21\/crna-gorauskoro-zahtjev-za-clanstvo-u-eu\/","og_locale":"en_US","og_type":"article","og_title":"Crna Gora:Uskoro zahtjev za ?lanstvo u EU - Lajme nga Ulqini","og_url":"https:\/\/www.visit-ulcinj.com\/blog\/2008\/03\/21\/crna-gorauskoro-zahtjev-za-clanstvo-u-eu\/","og_site_name":"Lajme nga Ulqini","article_published_time":"2008-03-21T12:12:13+00:00","article_modified_time":"2008-03-21T12:13:31+00:00","og_image":[{"url":"http:\/\/www.visit-ulcinj.com\/blog\/wp-content\/uploads\/2008\/03\/ranko-krivokapic_france-cukjati.thumbnail.jpg"}],"twitter_misc":{"Written by":"ulqini","Est. reading time":"2 minutes"},"schema":{"@context":"https:\/\/schema.org","@graph":[{"@type":"WebSite","@id":"https:\/\/www.visit-ulcinj.com\/blog\/#website","url":"https:\/\/www.visit-ulcinj.com\/blog\/","name":"Lajme nga Ulqini","description":"Lajme,Vijesti,Ulqini,Ulqin,Crna Gora,Mali i Zi","potentialAction":[{"@type":"SearchAction","target":{"@type":"EntryPoint","urlTemplate":"https:\/\/www.visit-ulcinj.com\/blog\/?s={search_term_string}"},"query-input":"required name=search_term_string"}],"inLanguage":"en-US"},{"@type":"ImageObject","inLanguage":"en-US","@id":"https:\/\/www.visit-ulcinj.com\/blog\/2008\/03\/21\/crna-gorauskoro-zahtjev-za-clanstvo-u-eu\/#primaryimage","url":"http:\/\/www.visit-ulcinj.com\/blog\/wp-content\/uploads\/2008\/03\/ranko-krivokapic_france-cukjati.thumbnail.jpg","contentUrl":"http:\/\/www.visit-ulcinj.com\/blog\/wp-content\/uploads\/2008\/03\/ranko-krivokapic_france-cukjati.thumbnail.jpg"},{"@type":"WebPage","@id":"https:\/\/www.visit-ulcinj.com\/blog\/2008\/03\/21\/crna-gorauskoro-zahtjev-za-clanstvo-u-eu\/#webpage","url":"https:\/\/www.visit-ulcinj.com\/blog\/2008\/03\/21\/crna-gorauskoro-zahtjev-za-clanstvo-u-eu\/","name":"Crna Gora:Uskoro zahtjev za ?lanstvo u EU - Lajme nga Ulqini","isPartOf":{"@id":"https:\/\/www.visit-ulcinj.com\/blog\/#website"},"primaryImageOfPage":{"@id":"https:\/\/www.visit-ulcinj.com\/blog\/2008\/03\/21\/crna-gorauskoro-zahtjev-za-clanstvo-u-eu\/#primaryimage"},"datePublished":"2008-03-21T12:12:13+00:00","dateModified":"2008-03-21T12:13:31+00:00","author":{"@id":"https:\/\/www.visit-ulcinj.com\/blog\/#\/schema\/person\/dcab619c614d3038751c63bc2aadc06d"},"breadcrumb":{"@id":"https:\/\/www.visit-ulcinj.com\/blog\/2008\/03\/21\/crna-gorauskoro-zahtjev-za-clanstvo-u-eu\/#breadcrumb"},"inLanguage":"en-US","potentialAction":[{"@type":"ReadAction","target":["https:\/\/www.visit-ulcinj.com\/blog\/2008\/03\/21\/crna-gorauskoro-zahtjev-za-clanstvo-u-eu\/"]}]},{"@type":"BreadcrumbList","@id":"https:\/\/www.visit-ulcinj.com\/blog\/2008\/03\/21\/crna-gorauskoro-zahtjev-za-clanstvo-u-eu\/#breadcrumb","itemListElement":[{"@type":"ListItem","position":1,"name":"Crna Gora:Uskoro zahtjev za ?lanstvo u EU"}]},{"@type":"Person","@id":"https:\/\/www.visit-ulcinj.com\/blog\/#\/schema\/person\/dcab619c614d3038751c63bc2aadc06d","name":"ulqini","sameAs":["http:\/\/www.visit-ulcinj.com"],"url":"https:\/\/www.visit-ulcinj.com\/blog\/author\/admin\/"}]}},"jetpack_featured_media_url":"","jetpack_sharing_enabled":true,"jetpack_shortlink":"https:\/\/wp.me\/pe6lTn-fV","_links":{"self":[{"href":"https:\/\/www.visit-ulcinj.com\/blog\/wp-json\/wp\/v2\/posts\/987"}],"collection":[{"href":"https:\/\/www.visit-ulcinj.com\/blog\/wp-json\/wp\/v2\/posts"}],"about":[{"href":"https:\/\/www.visit-ulcinj.com\/blog\/wp-json\/wp\/v2\/types\/post"}],"author":[{"embeddable":true,"href":"https:\/\/www.visit-ulcinj.com\/blog\/wp-json\/wp\/v2\/users\/1"}],"replies":[{"embeddable":true,"href":"https:\/\/www.visit-ulcinj.com\/blog\/wp-json\/wp\/v2\/comments?post=987"}],"version-history":[{"count":0,"href":"https:\/\/www.visit-ulcinj.com\/blog\/wp-json\/wp\/v2\/posts\/987\/revisions"}],"wp:attachment":[{"href":"https:\/\/www.visit-ulcinj.com\/blog\/wp-json\/wp\/v2\/media?parent=987"}],"wp:term":[{"taxonomy":"category","embeddable":true,"href":"https:\/\/www.visit-ulcinj.com\/blog\/wp-json\/wp\/v2\/categories?post=987"},{"taxonomy":"post_tag","embeddable":true,"href":"https:\/\/www.visit-ulcinj.com\/blog\/wp-json\/wp\/v2\/tags?post=987"}],"curies":[{"name":"wp","href":"https:\/\/api.w.org\/{rel}","templated":true}]}}