{"id":98714,"date":"2016-07-28T14:28:36","date_gmt":"2016-07-28T13:28:36","guid":{"rendered":"http:\/\/www.visit-ulcinj.com\/blog\/?p=98714"},"modified":"2016-07-29T13:34:38","modified_gmt":"2016-07-29T12:34:38","slug":"perfaqesuesit-e-kompanise-sllovene-limnos-takohen-zyrtare-komunal","status":"publish","type":"post","link":"https:\/\/www.visit-ulcinj.com\/blog\/2016\/07\/28\/perfaqesuesit-e-kompanise-sllovene-limnos-takohen-zyrtare-komunal\/","title":{"rendered":"P\u00ebrfaq\u00ebsuesit e kompanis\u00eb sllovene ,,Limnos,, takohen me zyrtar\u00eb komunal"},"content":{"rendered":"<p><strong><a href=\"http:\/\/www.visit-ulcinj.com\/blog\/wp-content\/uploads\/2016\/07\/Nazif-Cungu-Alenka-Zalaznik-Project-manager-at-Limnos-1.jpg\"><img loading=\"lazy\" class=\"alignleft wp-image-98715\" src=\"http:\/\/www.visit-ulcinj.com\/blog\/wp-content\/uploads\/2016\/07\/Nazif-Cungu-Alenka-Zalaznik-Project-manager-at-Limnos-1.jpg\" alt=\"Nazif-Cungu-Alenka-Zalaznik-Project -manager- at -Limnos-1\" width=\"508\" height=\"381\" srcset=\"https:\/\/www.visit-ulcinj.com\/blog\/wp-content\/uploads\/2016\/07\/Nazif-Cungu-Alenka-Zalaznik-Project-manager-at-Limnos-1.jpg 664w, https:\/\/www.visit-ulcinj.com\/blog\/wp-content\/uploads\/2016\/07\/Nazif-Cungu-Alenka-Zalaznik-Project-manager-at-Limnos-1-300x225.jpg 300w\" sizes=\"(max-width: 508px) 100vw, 508px\" \/><\/a>N\u00eb q\u00ebnd\u00ebr t\u00eb v\u00ebm\u00ebndjes\u00a0 pastrimi i kanalit Portmilena dhe atij t\u00eb Bratic\u00ebs<\/strong><\/p>\n<p>Kryetari i Komun\u00ebs Nazif Cungu , s\u00ebbashku me Sekretar\u00ebt e\u00a0 sekretariateve dhe\u00a0 bashk\u00ebpun\u00ebtor\u00eb t\u00eb tjer\u00eb\u00a0 prit\u00ebn n\u00eb nj\u00eb takim pune\u00a0 p\u00ebrfaq\u00ebsuesit e\u00a0 kompanis\u00eb sllovene\u00a0 p\u00ebr aplikime\u00a0 ekologjike\u00a0 t\u00eb kryesuar nga\u00a0 Alenka Zallaznik.<\/p>\n<p>K\u00ebta njoftuan\u00a0 t\u00eb pranishmit me\u00a0 aktivitetet q\u00eb kan\u00eb nd\u00ebrmarr\u00eb dhe ata q\u00eb priten\u00a0 rreth realizimit t\u00eb nj\u00eb pilot projekti\u00a0 me vler\u00eb 30 mij\u00eb euro,\u00a0 projekt q\u00eb po realizohet\u00a0 n\u00eb af\u00ebrsi t\u00eb hotelit ,,Otrant ,,fal\u00eb Komun\u00ebs,shtetit t\u00eb\u00a0 malit t\u00eb Zi dhe atij t\u00eb Sllovenis\u00eb. Ky projekt ka t\u00eb b\u00ebj\u00eb me pastrimin e ujrave t\u00eb zeza dhe ecuria e tij do t\u00eb aplikohet\u00a0 m\u00eb pas edhe tek kanali\u00a0 i Bratic\u00ebs dhe\u00a0 n\u00eb Portomilen\u00eb.<\/p>\n<p>E nj\u00ebjta\u00a0 kompani\u00a0 do t\u00eb b\u00ebj\u00eb analiz\u00ebn e\u00a0 ujit dhe\u00a0 balt\u00ebs dhe\u00a0 do t\u00eb p\u00ebrgatis\u00eb\u00a0 raportin\u00a0 dhe masat q\u00eb\u00a0 duhet nd\u00ebrmarr\u00eb. Pilot projekti duhet t\u00eb p\u00ebrfundoj\u00eb deri n\u00eb fund t\u00eb k\u00ebtij viti kalendarik e n\u00eb takim obligime iu ndan\u00eb dhe Sekretariateve\u00a0 t\u00eb komun\u00ebs\u00a0 ton\u00eb.<\/p>\n<p>Projekti\u00a0 u tha se \u00ebsht\u00eb i nj\u00eb r\u00ebnd\u00ebsie\u00a0 t\u00eb vecant\u00eb\u00a0 dhe se ai\u00a0 ngusht\u00ebsisht\u00a0 \u00ebsht\u00eb i lidhur me\u00a0 projektin pasues\u00a0 q\u00eb do t\u00eb rregulloj\u00eb c\u00ebshtjen e kanalizimeve\u00a0 n\u00eb kat\u00ebr lagje\u00a0 t\u00eb komun\u00ebs qe pritet t\u00eb filloj\u00eb t\u00eb realizohet\u00a0 nga\u00a0 fundi\u00a0 i k\u00ebtij viti.N\u00eb takim u d\u00ebgjua\u00a0 se pas sezonit turistik\u00a0 pritet t\u00eb b\u00ebhet pastrimi i\u00a0 kanalit t\u00eb Bratic\u00ebs, q\u00eb jo rralle\u00a0 eshte b\u00ebr\u00eb burim ndotjesh\u00a0 dhe vat\u00ebr e mushkajave.<\/p>\n<p><a href=\"http:\/\/www.visit-ulcinj.com\/blog\/wp-content\/uploads\/2016\/07\/Nazif-Cungu-Alenka-Zalaznik-Project-manager-at-Limnos-Port-Milena-.jpg\"><img loading=\"lazy\" class=\"alignleft size-full wp-image-98716\" src=\"http:\/\/www.visit-ulcinj.com\/blog\/wp-content\/uploads\/2016\/07\/Nazif-Cungu-Alenka-Zalaznik-Project-manager-at-Limnos-Port-Milena-.jpg\" alt=\"Nazif-Cungu-Alenka-Zalaznik-Project -manager- at -Limnos-Port-Milena-\" width=\"299\" height=\"498\" srcset=\"https:\/\/www.visit-ulcinj.com\/blog\/wp-content\/uploads\/2016\/07\/Nazif-Cungu-Alenka-Zalaznik-Project-manager-at-Limnos-Port-Milena-.jpg 299w, https:\/\/www.visit-ulcinj.com\/blog\/wp-content\/uploads\/2016\/07\/Nazif-Cungu-Alenka-Zalaznik-Project-manager-at-Limnos-Port-Milena--180x300.jpg 180w\" sizes=\"(max-width: 299px) 100vw, 299px\" \/><\/a> <a href=\"http:\/\/www.visit-ulcinj.com\/blog\/wp-content\/uploads\/2016\/07\/Nazif-Cungu-Alenka-Zalaznik-Project-manager-at-Limnos-Port-Milena-1.jpg\"><img loading=\"lazy\" class=\"alignleft wp-image-98717\" src=\"http:\/\/www.visit-ulcinj.com\/blog\/wp-content\/uploads\/2016\/07\/Nazif-Cungu-Alenka-Zalaznik-Project-manager-at-Limnos-Port-Milena-1.jpg\" alt=\"Nazif-Cungu-Alenka-Zalaznik-Project -manager- at -Limnos-Port-Milena-1\" width=\"508\" height=\"305\" srcset=\"https:\/\/www.visit-ulcinj.com\/blog\/wp-content\/uploads\/2016\/07\/Nazif-Cungu-Alenka-Zalaznik-Project-manager-at-Limnos-Port-Milena-1.jpg 830w, https:\/\/www.visit-ulcinj.com\/blog\/wp-content\/uploads\/2016\/07\/Nazif-Cungu-Alenka-Zalaznik-Project-manager-at-Limnos-Port-Milena-1-300x180.jpg 300w, https:\/\/www.visit-ulcinj.com\/blog\/wp-content\/uploads\/2016\/07\/Nazif-Cungu-Alenka-Zalaznik-Project-manager-at-Limnos-Port-Milena-1-768x461.jpg 768w\" sizes=\"(max-width: 508px) 100vw, 508px\" \/><\/a> <a href=\"http:\/\/www.visit-ulcinj.com\/blog\/wp-content\/uploads\/2016\/07\/Nazif-Cungu-Alenka-Zalaznik-Project-manager-at-Limnos-Port-Milena-2.jpg\"><img loading=\"lazy\" class=\"alignleft wp-image-98718\" src=\"http:\/\/www.visit-ulcinj.com\/blog\/wp-content\/uploads\/2016\/07\/Nazif-Cungu-Alenka-Zalaznik-Project-manager-at-Limnos-Port-Milena-2.jpg\" alt=\"Nazif-Cungu-Alenka-Zalaznik-Project -manager- at -Limnos-Port-Milena-2\" width=\"508\" height=\"305\" srcset=\"https:\/\/www.visit-ulcinj.com\/blog\/wp-content\/uploads\/2016\/07\/Nazif-Cungu-Alenka-Zalaznik-Project-manager-at-Limnos-Port-Milena-2.jpg 830w, https:\/\/www.visit-ulcinj.com\/blog\/wp-content\/uploads\/2016\/07\/Nazif-Cungu-Alenka-Zalaznik-Project-manager-at-Limnos-Port-Milena-2-300x180.jpg 300w, https:\/\/www.visit-ulcinj.com\/blog\/wp-content\/uploads\/2016\/07\/Nazif-Cungu-Alenka-Zalaznik-Project-manager-at-Limnos-Port-Milena-2-768x461.jpg 768w\" sizes=\"(max-width: 508px) 100vw, 508px\" \/><\/a> <a href=\"http:\/\/www.visit-ulcinj.com\/blog\/wp-content\/uploads\/2016\/07\/Nazif-Cungu-Alenka-Zalaznik-Project-manager-at-Limnos-Port-Milena-3.jpg\"><img loading=\"lazy\" class=\"alignleft size-full wp-image-98719\" src=\"http:\/\/www.visit-ulcinj.com\/blog\/wp-content\/uploads\/2016\/07\/Nazif-Cungu-Alenka-Zalaznik-Project-manager-at-Limnos-Port-Milena-3.jpg\" alt=\"Nazif-Cungu-Alenka-Zalaznik-Project -manager- at -Limnos-Port-Milena-3\" width=\"299\" height=\"498\" \/><\/a><\/p>\n","protected":false},"excerpt":{"rendered":"<p>N\u00eb q\u00ebnd\u00ebr t\u00eb v\u00ebm\u00ebndjes\u00a0 pastrimi i kanalit Portmilena dhe atij t\u00eb Bratic\u00ebs Kryetari i Komun\u00ebs Nazif Cungu , s\u00ebbashku me Sekretar\u00ebt e\u00a0 sekretariateve dhe\u00a0 bashk\u00ebpun\u00ebtor\u00eb t\u00eb tjer\u00eb\u00a0 prit\u00ebn n\u00eb nj\u00eb takim pune\u00a0 p\u00ebrfaq\u00ebsuesit e\u00a0 kompanis\u00eb sllovene\u00a0 p\u00ebr aplikime\u00a0 ekologjike\u00a0 t\u00eb kryesuar nga\u00a0 Alenka Zallaznik. K\u00ebta njoftuan\u00a0 t\u00eb pranishmit me\u00a0 aktivitetet q\u00eb kan\u00eb nd\u00ebrmarr\u00eb dhe ata [&hellip;]<\/p>\n","protected":false},"author":1,"featured_media":0,"comment_status":"closed","ping_status":"closed","sticky":false,"template":"","format":"standard","meta":{"spay_email":"","jetpack_publicize_message":"","jetpack_is_tweetstorm":false,"jetpack_publicize_feature_enabled":true},"categories":[10,1],"tags":[],"jetpack_publicize_connections":[],"yoast_head":"<!-- This site is optimized with the Yoast SEO plugin v19.1 - https:\/\/yoast.com\/wordpress\/plugins\/seo\/ -->\n<title>P\u00ebrfaq\u00ebsuesit e kompanis\u00eb sllovene ,,Limnos,, takohen me zyrtar\u00eb komunal - Lajme nga Ulqini<\/title>\n<meta name=\"description\" content=\"N\u00eb q\u00ebnd\u00ebr t\u00eb v\u00ebm\u00ebndjes\u00a0 pastrimi i kanalit Portmilena dhe atij t\u00eb Bratic\u00ebs Kryetari i Komun\u00ebs Nazif Cungu , s\u00ebbashku me Sekretar\u00ebt e\u00a0 sekretariateve dhe\u00a0\" \/>\n<meta name=\"robots\" content=\"index, follow, max-snippet:-1, max-image-preview:large, max-video-preview:-1\" \/>\n<link rel=\"canonical\" href=\"https:\/\/www.visit-ulcinj.com\/blog\/2016\/07\/28\/perfaqesuesit-e-kompanise-sllovene-limnos-takohen-zyrtare-komunal\/\" \/>\n<meta property=\"og:locale\" content=\"en_US\" \/>\n<meta property=\"og:type\" content=\"article\" \/>\n<meta property=\"og:title\" content=\"P\u00ebrfaq\u00ebsuesit e kompanis\u00eb sllovene ,,Limnos,, takohen me zyrtar\u00eb komunal - Lajme nga Ulqini\" \/>\n<meta property=\"og:description\" content=\"N\u00eb q\u00ebnd\u00ebr t\u00eb v\u00ebm\u00ebndjes\u00a0 pastrimi i kanalit Portmilena dhe atij t\u00eb Bratic\u00ebs Kryetari i Komun\u00ebs Nazif Cungu , s\u00ebbashku me Sekretar\u00ebt e\u00a0 sekretariateve dhe\u00a0\" \/>\n<meta property=\"og:url\" content=\"https:\/\/www.visit-ulcinj.com\/blog\/2016\/07\/28\/perfaqesuesit-e-kompanise-sllovene-limnos-takohen-zyrtare-komunal\/\" \/>\n<meta property=\"og:site_name\" content=\"Lajme nga Ulqini\" \/>\n<meta property=\"article:published_time\" content=\"2016-07-28T13:28:36+00:00\" \/>\n<meta property=\"article:modified_time\" content=\"2016-07-29T12:34:38+00:00\" \/>\n<meta property=\"og:image\" content=\"http:\/\/www.visit-ulcinj.com\/blog\/wp-content\/uploads\/2016\/07\/Nazif-Cungu-Alenka-Zalaznik-Project-manager-at-Limnos-1.jpg\" \/>\n<meta name=\"twitter:label1\" content=\"Written by\" \/>\n\t<meta name=\"twitter:data1\" content=\"ulqini\" \/>\n\t<meta name=\"twitter:label2\" content=\"Est. reading time\" \/>\n\t<meta name=\"twitter:data2\" content=\"1 minute\" \/>\n<script type=\"application\/ld+json\" class=\"yoast-schema-graph\">{\"@context\":\"https:\/\/schema.org\",\"@graph\":[{\"@type\":\"WebSite\",\"@id\":\"https:\/\/www.visit-ulcinj.com\/blog\/#website\",\"url\":\"https:\/\/www.visit-ulcinj.com\/blog\/\",\"name\":\"Lajme nga Ulqini\",\"description\":\"Lajme,Vijesti,Ulqini,Ulqin,Crna Gora,Mali i Zi\",\"potentialAction\":[{\"@type\":\"SearchAction\",\"target\":{\"@type\":\"EntryPoint\",\"urlTemplate\":\"https:\/\/www.visit-ulcinj.com\/blog\/?s={search_term_string}\"},\"query-input\":\"required name=search_term_string\"}],\"inLanguage\":\"en-US\"},{\"@type\":\"ImageObject\",\"inLanguage\":\"en-US\",\"@id\":\"https:\/\/www.visit-ulcinj.com\/blog\/2016\/07\/28\/perfaqesuesit-e-kompanise-sllovene-limnos-takohen-zyrtare-komunal\/#primaryimage\",\"url\":\"https:\/\/www.visit-ulcinj.com\/blog\/wp-content\/uploads\/2016\/07\/Nazif-Cungu-Alenka-Zalaznik-Project-manager-at-Limnos-1.jpg\",\"contentUrl\":\"https:\/\/www.visit-ulcinj.com\/blog\/wp-content\/uploads\/2016\/07\/Nazif-Cungu-Alenka-Zalaznik-Project-manager-at-Limnos-1.jpg\",\"width\":664,\"height\":498},{\"@type\":\"WebPage\",\"@id\":\"https:\/\/www.visit-ulcinj.com\/blog\/2016\/07\/28\/perfaqesuesit-e-kompanise-sllovene-limnos-takohen-zyrtare-komunal\/#webpage\",\"url\":\"https:\/\/www.visit-ulcinj.com\/blog\/2016\/07\/28\/perfaqesuesit-e-kompanise-sllovene-limnos-takohen-zyrtare-komunal\/\",\"name\":\"P\u00ebrfaq\u00ebsuesit e kompanis\u00eb sllovene ,,Limnos,, takohen me zyrtar\u00eb komunal - Lajme nga Ulqini\",\"isPartOf\":{\"@id\":\"https:\/\/www.visit-ulcinj.com\/blog\/#website\"},\"primaryImageOfPage\":{\"@id\":\"https:\/\/www.visit-ulcinj.com\/blog\/2016\/07\/28\/perfaqesuesit-e-kompanise-sllovene-limnos-takohen-zyrtare-komunal\/#primaryimage\"},\"datePublished\":\"2016-07-28T13:28:36+00:00\",\"dateModified\":\"2016-07-29T12:34:38+00:00\",\"author\":{\"@id\":\"https:\/\/www.visit-ulcinj.com\/blog\/#\/schema\/person\/dcab619c614d3038751c63bc2aadc06d\"},\"description\":\"N\u00eb q\u00ebnd\u00ebr t\u00eb v\u00ebm\u00ebndjes\u00a0 pastrimi i kanalit Portmilena dhe atij t\u00eb Bratic\u00ebs Kryetari i Komun\u00ebs Nazif Cungu , s\u00ebbashku me Sekretar\u00ebt e\u00a0 sekretariateve dhe\u00a0\",\"breadcrumb\":{\"@id\":\"https:\/\/www.visit-ulcinj.com\/blog\/2016\/07\/28\/perfaqesuesit-e-kompanise-sllovene-limnos-takohen-zyrtare-komunal\/#breadcrumb\"},\"inLanguage\":\"en-US\",\"potentialAction\":[{\"@type\":\"ReadAction\",\"target\":[\"https:\/\/www.visit-ulcinj.com\/blog\/2016\/07\/28\/perfaqesuesit-e-kompanise-sllovene-limnos-takohen-zyrtare-komunal\/\"]}]},{\"@type\":\"BreadcrumbList\",\"@id\":\"https:\/\/www.visit-ulcinj.com\/blog\/2016\/07\/28\/perfaqesuesit-e-kompanise-sllovene-limnos-takohen-zyrtare-komunal\/#breadcrumb\",\"itemListElement\":[{\"@type\":\"ListItem\",\"position\":1,\"name\":\"P\u00ebrfaq\u00ebsuesit e kompanis\u00eb sllovene ,,Limnos,, takohen me zyrtar\u00eb komunal\"}]},{\"@type\":\"Person\",\"@id\":\"https:\/\/www.visit-ulcinj.com\/blog\/#\/schema\/person\/dcab619c614d3038751c63bc2aadc06d\",\"name\":\"ulqini\",\"sameAs\":[\"http:\/\/www.visit-ulcinj.com\"],\"url\":\"https:\/\/www.visit-ulcinj.com\/blog\/author\/admin\/\"}]}<\/script>\n<!-- \/ Yoast SEO plugin. -->","yoast_head_json":{"title":"P\u00ebrfaq\u00ebsuesit e kompanis\u00eb sllovene ,,Limnos,, takohen me zyrtar\u00eb komunal - Lajme nga Ulqini","description":"N\u00eb q\u00ebnd\u00ebr t\u00eb v\u00ebm\u00ebndjes\u00a0 pastrimi i kanalit Portmilena dhe atij t\u00eb Bratic\u00ebs Kryetari i Komun\u00ebs Nazif Cungu , s\u00ebbashku me Sekretar\u00ebt e\u00a0 sekretariateve dhe\u00a0","robots":{"index":"index","follow":"follow","max-snippet":"max-snippet:-1","max-image-preview":"max-image-preview:large","max-video-preview":"max-video-preview:-1"},"canonical":"https:\/\/www.visit-ulcinj.com\/blog\/2016\/07\/28\/perfaqesuesit-e-kompanise-sllovene-limnos-takohen-zyrtare-komunal\/","og_locale":"en_US","og_type":"article","og_title":"P\u00ebrfaq\u00ebsuesit e kompanis\u00eb sllovene ,,Limnos,, takohen me zyrtar\u00eb komunal - Lajme nga Ulqini","og_description":"N\u00eb q\u00ebnd\u00ebr t\u00eb v\u00ebm\u00ebndjes\u00a0 pastrimi i kanalit Portmilena dhe atij t\u00eb Bratic\u00ebs Kryetari i Komun\u00ebs Nazif Cungu , s\u00ebbashku me Sekretar\u00ebt e\u00a0 sekretariateve dhe\u00a0","og_url":"https:\/\/www.visit-ulcinj.com\/blog\/2016\/07\/28\/perfaqesuesit-e-kompanise-sllovene-limnos-takohen-zyrtare-komunal\/","og_site_name":"Lajme nga Ulqini","article_published_time":"2016-07-28T13:28:36+00:00","article_modified_time":"2016-07-29T12:34:38+00:00","og_image":[{"url":"http:\/\/www.visit-ulcinj.com\/blog\/wp-content\/uploads\/2016\/07\/Nazif-Cungu-Alenka-Zalaznik-Project-manager-at-Limnos-1.jpg"}],"twitter_misc":{"Written by":"ulqini","Est. reading time":"1 minute"},"schema":{"@context":"https:\/\/schema.org","@graph":[{"@type":"WebSite","@id":"https:\/\/www.visit-ulcinj.com\/blog\/#website","url":"https:\/\/www.visit-ulcinj.com\/blog\/","name":"Lajme nga Ulqini","description":"Lajme,Vijesti,Ulqini,Ulqin,Crna Gora,Mali i Zi","potentialAction":[{"@type":"SearchAction","target":{"@type":"EntryPoint","urlTemplate":"https:\/\/www.visit-ulcinj.com\/blog\/?s={search_term_string}"},"query-input":"required name=search_term_string"}],"inLanguage":"en-US"},{"@type":"ImageObject","inLanguage":"en-US","@id":"https:\/\/www.visit-ulcinj.com\/blog\/2016\/07\/28\/perfaqesuesit-e-kompanise-sllovene-limnos-takohen-zyrtare-komunal\/#primaryimage","url":"https:\/\/www.visit-ulcinj.com\/blog\/wp-content\/uploads\/2016\/07\/Nazif-Cungu-Alenka-Zalaznik-Project-manager-at-Limnos-1.jpg","contentUrl":"https:\/\/www.visit-ulcinj.com\/blog\/wp-content\/uploads\/2016\/07\/Nazif-Cungu-Alenka-Zalaznik-Project-manager-at-Limnos-1.jpg","width":664,"height":498},{"@type":"WebPage","@id":"https:\/\/www.visit-ulcinj.com\/blog\/2016\/07\/28\/perfaqesuesit-e-kompanise-sllovene-limnos-takohen-zyrtare-komunal\/#webpage","url":"https:\/\/www.visit-ulcinj.com\/blog\/2016\/07\/28\/perfaqesuesit-e-kompanise-sllovene-limnos-takohen-zyrtare-komunal\/","name":"P\u00ebrfaq\u00ebsuesit e kompanis\u00eb sllovene ,,Limnos,, takohen me zyrtar\u00eb komunal - Lajme nga Ulqini","isPartOf":{"@id":"https:\/\/www.visit-ulcinj.com\/blog\/#website"},"primaryImageOfPage":{"@id":"https:\/\/www.visit-ulcinj.com\/blog\/2016\/07\/28\/perfaqesuesit-e-kompanise-sllovene-limnos-takohen-zyrtare-komunal\/#primaryimage"},"datePublished":"2016-07-28T13:28:36+00:00","dateModified":"2016-07-29T12:34:38+00:00","author":{"@id":"https:\/\/www.visit-ulcinj.com\/blog\/#\/schema\/person\/dcab619c614d3038751c63bc2aadc06d"},"description":"N\u00eb q\u00ebnd\u00ebr t\u00eb v\u00ebm\u00ebndjes\u00a0 pastrimi i kanalit Portmilena dhe atij t\u00eb Bratic\u00ebs Kryetari i Komun\u00ebs Nazif Cungu , s\u00ebbashku me Sekretar\u00ebt e\u00a0 sekretariateve dhe\u00a0","breadcrumb":{"@id":"https:\/\/www.visit-ulcinj.com\/blog\/2016\/07\/28\/perfaqesuesit-e-kompanise-sllovene-limnos-takohen-zyrtare-komunal\/#breadcrumb"},"inLanguage":"en-US","potentialAction":[{"@type":"ReadAction","target":["https:\/\/www.visit-ulcinj.com\/blog\/2016\/07\/28\/perfaqesuesit-e-kompanise-sllovene-limnos-takohen-zyrtare-komunal\/"]}]},{"@type":"BreadcrumbList","@id":"https:\/\/www.visit-ulcinj.com\/blog\/2016\/07\/28\/perfaqesuesit-e-kompanise-sllovene-limnos-takohen-zyrtare-komunal\/#breadcrumb","itemListElement":[{"@type":"ListItem","position":1,"name":"P\u00ebrfaq\u00ebsuesit e kompanis\u00eb sllovene ,,Limnos,, takohen me zyrtar\u00eb komunal"}]},{"@type":"Person","@id":"https:\/\/www.visit-ulcinj.com\/blog\/#\/schema\/person\/dcab619c614d3038751c63bc2aadc06d","name":"ulqini","sameAs":["http:\/\/www.visit-ulcinj.com"],"url":"https:\/\/www.visit-ulcinj.com\/blog\/author\/admin\/"}]}},"jetpack_featured_media_url":"","jetpack_sharing_enabled":true,"jetpack_shortlink":"https:\/\/wp.me\/pe6lTn-pGa","_links":{"self":[{"href":"https:\/\/www.visit-ulcinj.com\/blog\/wp-json\/wp\/v2\/posts\/98714"}],"collection":[{"href":"https:\/\/www.visit-ulcinj.com\/blog\/wp-json\/wp\/v2\/posts"}],"about":[{"href":"https:\/\/www.visit-ulcinj.com\/blog\/wp-json\/wp\/v2\/types\/post"}],"author":[{"embeddable":true,"href":"https:\/\/www.visit-ulcinj.com\/blog\/wp-json\/wp\/v2\/users\/1"}],"replies":[{"embeddable":true,"href":"https:\/\/www.visit-ulcinj.com\/blog\/wp-json\/wp\/v2\/comments?post=98714"}],"version-history":[{"count":1,"href":"https:\/\/www.visit-ulcinj.com\/blog\/wp-json\/wp\/v2\/posts\/98714\/revisions"}],"predecessor-version":[{"id":98720,"href":"https:\/\/www.visit-ulcinj.com\/blog\/wp-json\/wp\/v2\/posts\/98714\/revisions\/98720"}],"wp:attachment":[{"href":"https:\/\/www.visit-ulcinj.com\/blog\/wp-json\/wp\/v2\/media?parent=98714"}],"wp:term":[{"taxonomy":"category","embeddable":true,"href":"https:\/\/www.visit-ulcinj.com\/blog\/wp-json\/wp\/v2\/categories?post=98714"},{"taxonomy":"post_tag","embeddable":true,"href":"https:\/\/www.visit-ulcinj.com\/blog\/wp-json\/wp\/v2\/tags?post=98714"}],"curies":[{"name":"wp","href":"https:\/\/api.w.org\/{rel}","templated":true}]}}