{"id":98726,"date":"2016-07-28T15:27:42","date_gmt":"2016-07-28T14:27:42","guid":{"rendered":"http:\/\/www.visit-ulcinj.com\/blog\/?p=98726"},"modified":"2016-07-28T15:27:42","modified_gmt":"2016-07-28T14:27:42","slug":"ndalohet-puna-serish-ne-ndertimin-e-shkolles-ne-sukubine","status":"publish","type":"post","link":"https:\/\/www.visit-ulcinj.com\/blog\/2016\/07\/28\/ndalohet-puna-serish-ne-ndertimin-e-shkolles-ne-sukubine\/","title":{"rendered":"Ndalohet puna s\u00ebrish n\u00eb nd\u00ebrtimin e shkoll\u00ebs n\u00eb Sukubin\u00eb"},"content":{"rendered":"<p><a href=\"http:\/\/www.visit-ulcinj.com\/blog\/wp-content\/uploads\/2016\/07\/Shkolla-ne-Sukubine-1.jpg\"><img loading=\"lazy\" class=\"alignleft wp-image-98727\" src=\"http:\/\/www.visit-ulcinj.com\/blog\/wp-content\/uploads\/2016\/07\/Shkolla-ne-Sukubine-1.jpg\" alt=\"Shkolla-ne-Sukubine-1\" width=\"508\" height=\"347\" srcset=\"https:\/\/www.visit-ulcinj.com\/blog\/wp-content\/uploads\/2016\/07\/Shkolla-ne-Sukubine-1.jpg 885w, https:\/\/www.visit-ulcinj.com\/blog\/wp-content\/uploads\/2016\/07\/Shkolla-ne-Sukubine-1-300x205.jpg 300w, https:\/\/www.visit-ulcinj.com\/blog\/wp-content\/uploads\/2016\/07\/Shkolla-ne-Sukubine-1-768x524.jpg 768w\" sizes=\"(max-width: 508px) 100vw, 508px\" \/><\/a>Kompania \u201cArtek\u201d nga Podgorica, e cila po kryen punimet n\u00eb nd\u00ebrtimin e shkoll\u00ebs p\u00ebr arsim fillor n\u00eb Sukubin\u00eb, ka deklaruar se ishte e detyruar t\u00eb \u00e7oj\u00eb dor\u00eb nga kjo pun\u00eb n\u00eb afat t\u00eb pacaktuar, raporton portali Ul.info.<\/p>\n<p>Si\u00e7 thuhet n\u00eb letr\u00ebn e d\u00ebrguar n\u00eb fillim t\u00eb k\u00ebsaj jave Komun\u00ebs s\u00eb Ulqinit, arsyeja pse nd\u00ebrmor\u00ebn nj\u00eb hap t\u00eb till\u00eb jan\u00eb detyrimet e pashlyera nga ana e vet\u00ebqeverisjes lokale ndaj k\u00ebsaj kompani.<\/p>\n<p>Nga \u201cArtek\u201d pohojn\u00eb se Komuna, si porosit\u00ebs i punimeve, me kontrat\u00eb ishte e detyruar q\u00eb deri m\u00eb 9 mars t\u2019i paguaj\u00eb k\u00ebsaj kompanie rreth 78 mij\u00eb euro, e deri m\u00eb 17 qershor jan\u00eb paguar vet\u00ebm 47 ij\u00eb euro.<\/p>\n<p>P\u00ebr k\u00ebt\u00eb arsye shtohet q\u00eb punimet n\u00eb k\u00ebt\u00eb objekt nuk do t\u00eb p\u00ebrfundojn\u00eb n\u00eb koh\u00ebn e planifikuar.<\/p>\n<p>Gjat\u00eb n\u00ebnshkrimit t\u00eb kontrat\u00ebs \u00ebsht\u00eb th\u00ebn\u00eb se ky objekt do t\u00eb pranoj\u00eb nx\u00ebn\u00ebsit e par\u00eb nga viti shkollor 2016\/2017. Po ashtu \u00ebsht\u00eb theksuar se vlera totale e punime ishte \u00ebsht\u00eb rreth 300 mij\u00eb euro, si dhe q\u00eb bashk\u00ebrisht do t\u2019i financoj\u00eb Qeveria e Malit t\u00eb Zi, Komuna e Ulqinit dhe diaspora e SHBA-s\u00eb.<\/p>\n","protected":false},"excerpt":{"rendered":"<p>Kompania \u201cArtek\u201d nga Podgorica, e cila po kryen punimet n\u00eb nd\u00ebrtimin e shkoll\u00ebs p\u00ebr arsim fillor n\u00eb Sukubin\u00eb, ka deklaruar se ishte e detyruar t\u00eb \u00e7oj\u00eb dor\u00eb nga kjo pun\u00eb n\u00eb afat t\u00eb pacaktuar, raporton portali Ul.info. Si\u00e7 thuhet n\u00eb letr\u00ebn e d\u00ebrguar n\u00eb fillim t\u00eb k\u00ebsaj jave Komun\u00ebs s\u00eb Ulqinit, arsyeja pse nd\u00ebrmor\u00ebn nj\u00eb [&hellip;]<\/p>\n","protected":false},"author":1,"featured_media":0,"comment_status":"closed","ping_status":"closed","sticky":false,"template":"","format":"standard","meta":{"spay_email":"","jetpack_publicize_message":"","jetpack_is_tweetstorm":false,"jetpack_publicize_feature_enabled":true},"categories":[11],"tags":[],"jetpack_publicize_connections":[],"yoast_head":"<!-- This site is optimized with the Yoast SEO plugin v19.1 - https:\/\/yoast.com\/wordpress\/plugins\/seo\/ -->\n<title>Ndalohet puna s\u00ebrish n\u00eb nd\u00ebrtimin e shkoll\u00ebs n\u00eb Sukubin\u00eb - Lajme nga Ulqini<\/title>\n<meta name=\"description\" content=\"Kompania \u201cArtek\u201d nga Podgorica, e cila po kryen punimet n\u00eb nd\u00ebrtimin e shkoll\u00ebs p\u00ebr arsim fillor n\u00eb Sukubin\u00eb, ka deklaruar se ishte e detyruar t\u00eb \u00e7oj\u00eb\" \/>\n<meta name=\"robots\" content=\"index, follow, max-snippet:-1, max-image-preview:large, max-video-preview:-1\" \/>\n<link rel=\"canonical\" href=\"https:\/\/www.visit-ulcinj.com\/blog\/2016\/07\/28\/ndalohet-puna-serish-ne-ndertimin-e-shkolles-ne-sukubine\/\" \/>\n<meta property=\"og:locale\" content=\"en_US\" \/>\n<meta property=\"og:type\" content=\"article\" \/>\n<meta property=\"og:title\" content=\"Ndalohet puna s\u00ebrish n\u00eb nd\u00ebrtimin e shkoll\u00ebs n\u00eb Sukubin\u00eb - Lajme nga Ulqini\" \/>\n<meta property=\"og:description\" content=\"Kompania \u201cArtek\u201d nga Podgorica, e cila po kryen punimet n\u00eb nd\u00ebrtimin e shkoll\u00ebs p\u00ebr arsim fillor n\u00eb Sukubin\u00eb, ka deklaruar se ishte e detyruar t\u00eb \u00e7oj\u00eb\" \/>\n<meta property=\"og:url\" content=\"https:\/\/www.visit-ulcinj.com\/blog\/2016\/07\/28\/ndalohet-puna-serish-ne-ndertimin-e-shkolles-ne-sukubine\/\" \/>\n<meta property=\"og:site_name\" content=\"Lajme nga Ulqini\" \/>\n<meta property=\"article:published_time\" content=\"2016-07-28T14:27:42+00:00\" \/>\n<meta property=\"og:image\" content=\"http:\/\/www.visit-ulcinj.com\/blog\/wp-content\/uploads\/2016\/07\/Shkolla-ne-Sukubine-1.jpg\" \/>\n<meta name=\"twitter:label1\" content=\"Written by\" \/>\n\t<meta name=\"twitter:data1\" content=\"ulqini\" \/>\n\t<meta name=\"twitter:label2\" content=\"Est. reading time\" \/>\n\t<meta name=\"twitter:data2\" content=\"1 minute\" \/>\n<script type=\"application\/ld+json\" class=\"yoast-schema-graph\">{\"@context\":\"https:\/\/schema.org\",\"@graph\":[{\"@type\":\"WebSite\",\"@id\":\"https:\/\/www.visit-ulcinj.com\/blog\/#website\",\"url\":\"https:\/\/www.visit-ulcinj.com\/blog\/\",\"name\":\"Lajme nga Ulqini\",\"description\":\"Lajme,Vijesti,Ulqini,Ulqin,Crna Gora,Mali i Zi\",\"potentialAction\":[{\"@type\":\"SearchAction\",\"target\":{\"@type\":\"EntryPoint\",\"urlTemplate\":\"https:\/\/www.visit-ulcinj.com\/blog\/?s={search_term_string}\"},\"query-input\":\"required name=search_term_string\"}],\"inLanguage\":\"en-US\"},{\"@type\":\"ImageObject\",\"inLanguage\":\"en-US\",\"@id\":\"https:\/\/www.visit-ulcinj.com\/blog\/2016\/07\/28\/ndalohet-puna-serish-ne-ndertimin-e-shkolles-ne-sukubine\/#primaryimage\",\"url\":\"https:\/\/www.visit-ulcinj.com\/blog\/wp-content\/uploads\/2016\/07\/Shkolla-ne-Sukubine-1.jpg\",\"contentUrl\":\"https:\/\/www.visit-ulcinj.com\/blog\/wp-content\/uploads\/2016\/07\/Shkolla-ne-Sukubine-1.jpg\",\"width\":885,\"height\":604},{\"@type\":\"WebPage\",\"@id\":\"https:\/\/www.visit-ulcinj.com\/blog\/2016\/07\/28\/ndalohet-puna-serish-ne-ndertimin-e-shkolles-ne-sukubine\/#webpage\",\"url\":\"https:\/\/www.visit-ulcinj.com\/blog\/2016\/07\/28\/ndalohet-puna-serish-ne-ndertimin-e-shkolles-ne-sukubine\/\",\"name\":\"Ndalohet puna s\u00ebrish n\u00eb nd\u00ebrtimin e shkoll\u00ebs n\u00eb Sukubin\u00eb - Lajme nga Ulqini\",\"isPartOf\":{\"@id\":\"https:\/\/www.visit-ulcinj.com\/blog\/#website\"},\"primaryImageOfPage\":{\"@id\":\"https:\/\/www.visit-ulcinj.com\/blog\/2016\/07\/28\/ndalohet-puna-serish-ne-ndertimin-e-shkolles-ne-sukubine\/#primaryimage\"},\"datePublished\":\"2016-07-28T14:27:42+00:00\",\"dateModified\":\"2016-07-28T14:27:42+00:00\",\"author\":{\"@id\":\"https:\/\/www.visit-ulcinj.com\/blog\/#\/schema\/person\/dcab619c614d3038751c63bc2aadc06d\"},\"description\":\"Kompania \u201cArtek\u201d nga Podgorica, e cila po kryen punimet n\u00eb nd\u00ebrtimin e shkoll\u00ebs p\u00ebr arsim fillor n\u00eb Sukubin\u00eb, ka deklaruar se ishte e detyruar t\u00eb \u00e7oj\u00eb\",\"breadcrumb\":{\"@id\":\"https:\/\/www.visit-ulcinj.com\/blog\/2016\/07\/28\/ndalohet-puna-serish-ne-ndertimin-e-shkolles-ne-sukubine\/#breadcrumb\"},\"inLanguage\":\"en-US\",\"potentialAction\":[{\"@type\":\"ReadAction\",\"target\":[\"https:\/\/www.visit-ulcinj.com\/blog\/2016\/07\/28\/ndalohet-puna-serish-ne-ndertimin-e-shkolles-ne-sukubine\/\"]}]},{\"@type\":\"BreadcrumbList\",\"@id\":\"https:\/\/www.visit-ulcinj.com\/blog\/2016\/07\/28\/ndalohet-puna-serish-ne-ndertimin-e-shkolles-ne-sukubine\/#breadcrumb\",\"itemListElement\":[{\"@type\":\"ListItem\",\"position\":1,\"name\":\"Ndalohet puna s\u00ebrish n\u00eb nd\u00ebrtimin e shkoll\u00ebs n\u00eb Sukubin\u00eb\"}]},{\"@type\":\"Person\",\"@id\":\"https:\/\/www.visit-ulcinj.com\/blog\/#\/schema\/person\/dcab619c614d3038751c63bc2aadc06d\",\"name\":\"ulqini\",\"sameAs\":[\"http:\/\/www.visit-ulcinj.com\"],\"url\":\"https:\/\/www.visit-ulcinj.com\/blog\/author\/admin\/\"}]}<\/script>\n<!-- \/ Yoast SEO plugin. -->","yoast_head_json":{"title":"Ndalohet puna s\u00ebrish n\u00eb nd\u00ebrtimin e shkoll\u00ebs n\u00eb Sukubin\u00eb - Lajme nga Ulqini","description":"Kompania \u201cArtek\u201d nga Podgorica, e cila po kryen punimet n\u00eb nd\u00ebrtimin e shkoll\u00ebs p\u00ebr arsim fillor n\u00eb Sukubin\u00eb, ka deklaruar se ishte e detyruar t\u00eb \u00e7oj\u00eb","robots":{"index":"index","follow":"follow","max-snippet":"max-snippet:-1","max-image-preview":"max-image-preview:large","max-video-preview":"max-video-preview:-1"},"canonical":"https:\/\/www.visit-ulcinj.com\/blog\/2016\/07\/28\/ndalohet-puna-serish-ne-ndertimin-e-shkolles-ne-sukubine\/","og_locale":"en_US","og_type":"article","og_title":"Ndalohet puna s\u00ebrish n\u00eb nd\u00ebrtimin e shkoll\u00ebs n\u00eb Sukubin\u00eb - Lajme nga Ulqini","og_description":"Kompania \u201cArtek\u201d nga Podgorica, e cila po kryen punimet n\u00eb nd\u00ebrtimin e shkoll\u00ebs p\u00ebr arsim fillor n\u00eb Sukubin\u00eb, ka deklaruar se ishte e detyruar t\u00eb \u00e7oj\u00eb","og_url":"https:\/\/www.visit-ulcinj.com\/blog\/2016\/07\/28\/ndalohet-puna-serish-ne-ndertimin-e-shkolles-ne-sukubine\/","og_site_name":"Lajme nga Ulqini","article_published_time":"2016-07-28T14:27:42+00:00","og_image":[{"url":"http:\/\/www.visit-ulcinj.com\/blog\/wp-content\/uploads\/2016\/07\/Shkolla-ne-Sukubine-1.jpg"}],"twitter_misc":{"Written by":"ulqini","Est. reading time":"1 minute"},"schema":{"@context":"https:\/\/schema.org","@graph":[{"@type":"WebSite","@id":"https:\/\/www.visit-ulcinj.com\/blog\/#website","url":"https:\/\/www.visit-ulcinj.com\/blog\/","name":"Lajme nga Ulqini","description":"Lajme,Vijesti,Ulqini,Ulqin,Crna Gora,Mali i Zi","potentialAction":[{"@type":"SearchAction","target":{"@type":"EntryPoint","urlTemplate":"https:\/\/www.visit-ulcinj.com\/blog\/?s={search_term_string}"},"query-input":"required name=search_term_string"}],"inLanguage":"en-US"},{"@type":"ImageObject","inLanguage":"en-US","@id":"https:\/\/www.visit-ulcinj.com\/blog\/2016\/07\/28\/ndalohet-puna-serish-ne-ndertimin-e-shkolles-ne-sukubine\/#primaryimage","url":"https:\/\/www.visit-ulcinj.com\/blog\/wp-content\/uploads\/2016\/07\/Shkolla-ne-Sukubine-1.jpg","contentUrl":"https:\/\/www.visit-ulcinj.com\/blog\/wp-content\/uploads\/2016\/07\/Shkolla-ne-Sukubine-1.jpg","width":885,"height":604},{"@type":"WebPage","@id":"https:\/\/www.visit-ulcinj.com\/blog\/2016\/07\/28\/ndalohet-puna-serish-ne-ndertimin-e-shkolles-ne-sukubine\/#webpage","url":"https:\/\/www.visit-ulcinj.com\/blog\/2016\/07\/28\/ndalohet-puna-serish-ne-ndertimin-e-shkolles-ne-sukubine\/","name":"Ndalohet puna s\u00ebrish n\u00eb nd\u00ebrtimin e shkoll\u00ebs n\u00eb Sukubin\u00eb - Lajme nga Ulqini","isPartOf":{"@id":"https:\/\/www.visit-ulcinj.com\/blog\/#website"},"primaryImageOfPage":{"@id":"https:\/\/www.visit-ulcinj.com\/blog\/2016\/07\/28\/ndalohet-puna-serish-ne-ndertimin-e-shkolles-ne-sukubine\/#primaryimage"},"datePublished":"2016-07-28T14:27:42+00:00","dateModified":"2016-07-28T14:27:42+00:00","author":{"@id":"https:\/\/www.visit-ulcinj.com\/blog\/#\/schema\/person\/dcab619c614d3038751c63bc2aadc06d"},"description":"Kompania \u201cArtek\u201d nga Podgorica, e cila po kryen punimet n\u00eb nd\u00ebrtimin e shkoll\u00ebs p\u00ebr arsim fillor n\u00eb Sukubin\u00eb, ka deklaruar se ishte e detyruar t\u00eb \u00e7oj\u00eb","breadcrumb":{"@id":"https:\/\/www.visit-ulcinj.com\/blog\/2016\/07\/28\/ndalohet-puna-serish-ne-ndertimin-e-shkolles-ne-sukubine\/#breadcrumb"},"inLanguage":"en-US","potentialAction":[{"@type":"ReadAction","target":["https:\/\/www.visit-ulcinj.com\/blog\/2016\/07\/28\/ndalohet-puna-serish-ne-ndertimin-e-shkolles-ne-sukubine\/"]}]},{"@type":"BreadcrumbList","@id":"https:\/\/www.visit-ulcinj.com\/blog\/2016\/07\/28\/ndalohet-puna-serish-ne-ndertimin-e-shkolles-ne-sukubine\/#breadcrumb","itemListElement":[{"@type":"ListItem","position":1,"name":"Ndalohet puna s\u00ebrish n\u00eb nd\u00ebrtimin e shkoll\u00ebs n\u00eb Sukubin\u00eb"}]},{"@type":"Person","@id":"https:\/\/www.visit-ulcinj.com\/blog\/#\/schema\/person\/dcab619c614d3038751c63bc2aadc06d","name":"ulqini","sameAs":["http:\/\/www.visit-ulcinj.com"],"url":"https:\/\/www.visit-ulcinj.com\/blog\/author\/admin\/"}]}},"jetpack_featured_media_url":"","jetpack_sharing_enabled":true,"jetpack_shortlink":"https:\/\/wp.me\/pe6lTn-pGm","_links":{"self":[{"href":"https:\/\/www.visit-ulcinj.com\/blog\/wp-json\/wp\/v2\/posts\/98726"}],"collection":[{"href":"https:\/\/www.visit-ulcinj.com\/blog\/wp-json\/wp\/v2\/posts"}],"about":[{"href":"https:\/\/www.visit-ulcinj.com\/blog\/wp-json\/wp\/v2\/types\/post"}],"author":[{"embeddable":true,"href":"https:\/\/www.visit-ulcinj.com\/blog\/wp-json\/wp\/v2\/users\/1"}],"replies":[{"embeddable":true,"href":"https:\/\/www.visit-ulcinj.com\/blog\/wp-json\/wp\/v2\/comments?post=98726"}],"version-history":[{"count":1,"href":"https:\/\/www.visit-ulcinj.com\/blog\/wp-json\/wp\/v2\/posts\/98726\/revisions"}],"predecessor-version":[{"id":98728,"href":"https:\/\/www.visit-ulcinj.com\/blog\/wp-json\/wp\/v2\/posts\/98726\/revisions\/98728"}],"wp:attachment":[{"href":"https:\/\/www.visit-ulcinj.com\/blog\/wp-json\/wp\/v2\/media?parent=98726"}],"wp:term":[{"taxonomy":"category","embeddable":true,"href":"https:\/\/www.visit-ulcinj.com\/blog\/wp-json\/wp\/v2\/categories?post=98726"},{"taxonomy":"post_tag","embeddable":true,"href":"https:\/\/www.visit-ulcinj.com\/blog\/wp-json\/wp\/v2\/tags?post=98726"}],"curies":[{"name":"wp","href":"https:\/\/api.w.org\/{rel}","templated":true}]}}