{"id":98729,"date":"2016-07-28T15:36:53","date_gmt":"2016-07-28T14:36:53","guid":{"rendered":"http:\/\/www.visit-ulcinj.com\/blog\/?p=98729"},"modified":"2016-07-28T15:36:53","modified_gmt":"2016-07-28T14:36:53","slug":"flaka-krelani-foto-provokative-nga-ulqini","status":"publish","type":"post","link":"https:\/\/www.visit-ulcinj.com\/blog\/2016\/07\/28\/flaka-krelani-foto-provokative-nga-ulqini\/","title":{"rendered":"Flaka Krelani me foto provokative nga Ulqini"},"content":{"rendered":"<p><strong><a href=\"http:\/\/www.visit-ulcinj.com\/blog\/wp-content\/uploads\/2016\/07\/Flaka-Krelani-ne-Ulqin.jpg\"><img loading=\"lazy\" class=\"alignleft wp-image-98730\" src=\"http:\/\/www.visit-ulcinj.com\/blog\/wp-content\/uploads\/2016\/07\/Flaka-Krelani-ne-Ulqin.jpg\" alt=\"Flaka Krelani ne Ulqin\" width=\"508\" height=\"903\" \/><\/a>K\u00ebng\u00ebtarja Flaka Krelani, e cila aktualisht \u00ebsht\u00eb duke kaluar pushimet e saj verore n\u00eb Ulqin, ka vendosur t\u00eb ekspozon trupin e saj n\u00eb m\u00ebnyr\u00eb diskrete.<br \/>\n<\/strong><br \/>\nFlaka, n\u00eb llogarin\u00eb e saj personale n\u00eb Instagram ka postuar disa foto me bikini por, gjithashtu e veshur me nj\u00eb fustan t\u00eb bardh\u00eb q\u00eb ja v\u00eb n\u00eb pah linjat e saj trupore.<\/p>\n<p>Flaka Krelani, koh\u00ebve t\u00eb fundit ka publikuar edhe projektin e saj t\u00eb ri \u2018Fire\u2019. \/Telegrafi\/<\/p>\n<!--YouTube Error: bad URL entered-->\n","protected":false},"excerpt":{"rendered":"<p>K\u00ebng\u00ebtarja Flaka Krelani, e cila aktualisht \u00ebsht\u00eb duke kaluar pushimet e saj verore n\u00eb Ulqin, ka vendosur t\u00eb ekspozon trupin e saj n\u00eb m\u00ebnyr\u00eb diskrete. Flaka, n\u00eb llogarin\u00eb e saj personale n\u00eb Instagram ka postuar disa foto me bikini por, gjithashtu e veshur me nj\u00eb fustan t\u00eb bardh\u00eb q\u00eb ja v\u00eb n\u00eb pah linjat e [&hellip;]<\/p>\n","protected":false},"author":1,"featured_media":0,"comment_status":"closed","ping_status":"closed","sticky":false,"template":"","format":"standard","meta":{"spay_email":"","jetpack_publicize_message":"","jetpack_is_tweetstorm":false,"jetpack_publicize_feature_enabled":true},"categories":[1],"tags":[],"jetpack_publicize_connections":[],"yoast_head":"<!-- This site is optimized with the Yoast SEO plugin v19.1 - https:\/\/yoast.com\/wordpress\/plugins\/seo\/ -->\n<title>Flaka Krelani me foto provokative nga Ulqini - Lajme nga Ulqini<\/title>\n<meta name=\"description\" content=\"K\u00ebng\u00ebtarja Flaka Krelani, e cila aktualisht \u00ebsht\u00eb duke kaluar pushimet e saj verore n\u00eb Ulqin, ka vendosur t\u00eb ekspozon trupin e saj n\u00eb m\u00ebnyr\u00eb diskrete.\" \/>\n<meta name=\"robots\" content=\"index, follow, max-snippet:-1, max-image-preview:large, max-video-preview:-1\" \/>\n<link rel=\"canonical\" href=\"https:\/\/www.visit-ulcinj.com\/blog\/2016\/07\/28\/flaka-krelani-foto-provokative-nga-ulqini\/\" \/>\n<meta property=\"og:locale\" content=\"en_US\" \/>\n<meta property=\"og:type\" content=\"article\" \/>\n<meta property=\"og:title\" content=\"Flaka Krelani me foto provokative nga Ulqini - Lajme nga Ulqini\" \/>\n<meta property=\"og:description\" content=\"K\u00ebng\u00ebtarja Flaka Krelani, e cila aktualisht \u00ebsht\u00eb duke kaluar pushimet e saj verore n\u00eb Ulqin, ka vendosur t\u00eb ekspozon trupin e saj n\u00eb m\u00ebnyr\u00eb diskrete.\" \/>\n<meta property=\"og:url\" content=\"https:\/\/www.visit-ulcinj.com\/blog\/2016\/07\/28\/flaka-krelani-foto-provokative-nga-ulqini\/\" \/>\n<meta property=\"og:site_name\" content=\"Lajme nga Ulqini\" \/>\n<meta property=\"article:published_time\" content=\"2016-07-28T14:36:53+00:00\" \/>\n<meta property=\"og:image\" content=\"http:\/\/www.visit-ulcinj.com\/blog\/wp-content\/uploads\/2016\/07\/Flaka-Krelani-ne-Ulqin.jpg\" \/>\n<meta name=\"twitter:label1\" content=\"Written by\" \/>\n\t<meta name=\"twitter:data1\" content=\"ulqini\" \/>\n<script type=\"application\/ld+json\" class=\"yoast-schema-graph\">{\"@context\":\"https:\/\/schema.org\",\"@graph\":[{\"@type\":\"WebSite\",\"@id\":\"https:\/\/www.visit-ulcinj.com\/blog\/#website\",\"url\":\"https:\/\/www.visit-ulcinj.com\/blog\/\",\"name\":\"Lajme nga Ulqini\",\"description\":\"Lajme,Vijesti,Ulqini,Ulqin,Crna Gora,Mali i Zi\",\"potentialAction\":[{\"@type\":\"SearchAction\",\"target\":{\"@type\":\"EntryPoint\",\"urlTemplate\":\"https:\/\/www.visit-ulcinj.com\/blog\/?s={search_term_string}\"},\"query-input\":\"required name=search_term_string\"}],\"inLanguage\":\"en-US\"},{\"@type\":\"ImageObject\",\"inLanguage\":\"en-US\",\"@id\":\"https:\/\/www.visit-ulcinj.com\/blog\/2016\/07\/28\/flaka-krelani-foto-provokative-nga-ulqini\/#primaryimage\",\"url\":\"http:\/\/www.visit-ulcinj.com\/blog\/wp-content\/uploads\/2016\/07\/Flaka-Krelani-ne-Ulqin.jpg\",\"contentUrl\":\"http:\/\/www.visit-ulcinj.com\/blog\/wp-content\/uploads\/2016\/07\/Flaka-Krelani-ne-Ulqin.jpg\"},{\"@type\":\"WebPage\",\"@id\":\"https:\/\/www.visit-ulcinj.com\/blog\/2016\/07\/28\/flaka-krelani-foto-provokative-nga-ulqini\/#webpage\",\"url\":\"https:\/\/www.visit-ulcinj.com\/blog\/2016\/07\/28\/flaka-krelani-foto-provokative-nga-ulqini\/\",\"name\":\"Flaka Krelani me foto provokative nga Ulqini - Lajme nga Ulqini\",\"isPartOf\":{\"@id\":\"https:\/\/www.visit-ulcinj.com\/blog\/#website\"},\"primaryImageOfPage\":{\"@id\":\"https:\/\/www.visit-ulcinj.com\/blog\/2016\/07\/28\/flaka-krelani-foto-provokative-nga-ulqini\/#primaryimage\"},\"datePublished\":\"2016-07-28T14:36:53+00:00\",\"dateModified\":\"2016-07-28T14:36:53+00:00\",\"author\":{\"@id\":\"https:\/\/www.visit-ulcinj.com\/blog\/#\/schema\/person\/dcab619c614d3038751c63bc2aadc06d\"},\"description\":\"K\u00ebng\u00ebtarja Flaka Krelani, e cila aktualisht \u00ebsht\u00eb duke kaluar pushimet e saj verore n\u00eb Ulqin, ka vendosur t\u00eb ekspozon trupin e saj n\u00eb m\u00ebnyr\u00eb diskrete.\",\"breadcrumb\":{\"@id\":\"https:\/\/www.visit-ulcinj.com\/blog\/2016\/07\/28\/flaka-krelani-foto-provokative-nga-ulqini\/#breadcrumb\"},\"inLanguage\":\"en-US\",\"potentialAction\":[{\"@type\":\"ReadAction\",\"target\":[\"https:\/\/www.visit-ulcinj.com\/blog\/2016\/07\/28\/flaka-krelani-foto-provokative-nga-ulqini\/\"]}]},{\"@type\":\"BreadcrumbList\",\"@id\":\"https:\/\/www.visit-ulcinj.com\/blog\/2016\/07\/28\/flaka-krelani-foto-provokative-nga-ulqini\/#breadcrumb\",\"itemListElement\":[{\"@type\":\"ListItem\",\"position\":1,\"name\":\"Flaka Krelani me foto provokative nga Ulqini\"}]},{\"@type\":\"Person\",\"@id\":\"https:\/\/www.visit-ulcinj.com\/blog\/#\/schema\/person\/dcab619c614d3038751c63bc2aadc06d\",\"name\":\"ulqini\",\"sameAs\":[\"http:\/\/www.visit-ulcinj.com\"],\"url\":\"https:\/\/www.visit-ulcinj.com\/blog\/author\/admin\/\"}]}<\/script>\n<!-- \/ Yoast SEO plugin. -->","yoast_head_json":{"title":"Flaka Krelani me foto provokative nga Ulqini - Lajme nga Ulqini","description":"K\u00ebng\u00ebtarja Flaka Krelani, e cila aktualisht \u00ebsht\u00eb duke kaluar pushimet e saj verore n\u00eb Ulqin, ka vendosur t\u00eb ekspozon trupin e saj n\u00eb m\u00ebnyr\u00eb diskrete.","robots":{"index":"index","follow":"follow","max-snippet":"max-snippet:-1","max-image-preview":"max-image-preview:large","max-video-preview":"max-video-preview:-1"},"canonical":"https:\/\/www.visit-ulcinj.com\/blog\/2016\/07\/28\/flaka-krelani-foto-provokative-nga-ulqini\/","og_locale":"en_US","og_type":"article","og_title":"Flaka Krelani me foto provokative nga Ulqini - Lajme nga Ulqini","og_description":"K\u00ebng\u00ebtarja Flaka Krelani, e cila aktualisht \u00ebsht\u00eb duke kaluar pushimet e saj verore n\u00eb Ulqin, ka vendosur t\u00eb ekspozon trupin e saj n\u00eb m\u00ebnyr\u00eb diskrete.","og_url":"https:\/\/www.visit-ulcinj.com\/blog\/2016\/07\/28\/flaka-krelani-foto-provokative-nga-ulqini\/","og_site_name":"Lajme nga Ulqini","article_published_time":"2016-07-28T14:36:53+00:00","og_image":[{"url":"http:\/\/www.visit-ulcinj.com\/blog\/wp-content\/uploads\/2016\/07\/Flaka-Krelani-ne-Ulqin.jpg"}],"twitter_misc":{"Written by":"ulqini"},"schema":{"@context":"https:\/\/schema.org","@graph":[{"@type":"WebSite","@id":"https:\/\/www.visit-ulcinj.com\/blog\/#website","url":"https:\/\/www.visit-ulcinj.com\/blog\/","name":"Lajme nga Ulqini","description":"Lajme,Vijesti,Ulqini,Ulqin,Crna Gora,Mali i Zi","potentialAction":[{"@type":"SearchAction","target":{"@type":"EntryPoint","urlTemplate":"https:\/\/www.visit-ulcinj.com\/blog\/?s={search_term_string}"},"query-input":"required name=search_term_string"}],"inLanguage":"en-US"},{"@type":"ImageObject","inLanguage":"en-US","@id":"https:\/\/www.visit-ulcinj.com\/blog\/2016\/07\/28\/flaka-krelani-foto-provokative-nga-ulqini\/#primaryimage","url":"http:\/\/www.visit-ulcinj.com\/blog\/wp-content\/uploads\/2016\/07\/Flaka-Krelani-ne-Ulqin.jpg","contentUrl":"http:\/\/www.visit-ulcinj.com\/blog\/wp-content\/uploads\/2016\/07\/Flaka-Krelani-ne-Ulqin.jpg"},{"@type":"WebPage","@id":"https:\/\/www.visit-ulcinj.com\/blog\/2016\/07\/28\/flaka-krelani-foto-provokative-nga-ulqini\/#webpage","url":"https:\/\/www.visit-ulcinj.com\/blog\/2016\/07\/28\/flaka-krelani-foto-provokative-nga-ulqini\/","name":"Flaka Krelani me foto provokative nga Ulqini - Lajme nga Ulqini","isPartOf":{"@id":"https:\/\/www.visit-ulcinj.com\/blog\/#website"},"primaryImageOfPage":{"@id":"https:\/\/www.visit-ulcinj.com\/blog\/2016\/07\/28\/flaka-krelani-foto-provokative-nga-ulqini\/#primaryimage"},"datePublished":"2016-07-28T14:36:53+00:00","dateModified":"2016-07-28T14:36:53+00:00","author":{"@id":"https:\/\/www.visit-ulcinj.com\/blog\/#\/schema\/person\/dcab619c614d3038751c63bc2aadc06d"},"description":"K\u00ebng\u00ebtarja Flaka Krelani, e cila aktualisht \u00ebsht\u00eb duke kaluar pushimet e saj verore n\u00eb Ulqin, ka vendosur t\u00eb ekspozon trupin e saj n\u00eb m\u00ebnyr\u00eb diskrete.","breadcrumb":{"@id":"https:\/\/www.visit-ulcinj.com\/blog\/2016\/07\/28\/flaka-krelani-foto-provokative-nga-ulqini\/#breadcrumb"},"inLanguage":"en-US","potentialAction":[{"@type":"ReadAction","target":["https:\/\/www.visit-ulcinj.com\/blog\/2016\/07\/28\/flaka-krelani-foto-provokative-nga-ulqini\/"]}]},{"@type":"BreadcrumbList","@id":"https:\/\/www.visit-ulcinj.com\/blog\/2016\/07\/28\/flaka-krelani-foto-provokative-nga-ulqini\/#breadcrumb","itemListElement":[{"@type":"ListItem","position":1,"name":"Flaka Krelani me foto provokative nga Ulqini"}]},{"@type":"Person","@id":"https:\/\/www.visit-ulcinj.com\/blog\/#\/schema\/person\/dcab619c614d3038751c63bc2aadc06d","name":"ulqini","sameAs":["http:\/\/www.visit-ulcinj.com"],"url":"https:\/\/www.visit-ulcinj.com\/blog\/author\/admin\/"}]}},"jetpack_featured_media_url":"","jetpack_sharing_enabled":true,"jetpack_shortlink":"https:\/\/wp.me\/pe6lTn-pGp","_links":{"self":[{"href":"https:\/\/www.visit-ulcinj.com\/blog\/wp-json\/wp\/v2\/posts\/98729"}],"collection":[{"href":"https:\/\/www.visit-ulcinj.com\/blog\/wp-json\/wp\/v2\/posts"}],"about":[{"href":"https:\/\/www.visit-ulcinj.com\/blog\/wp-json\/wp\/v2\/types\/post"}],"author":[{"embeddable":true,"href":"https:\/\/www.visit-ulcinj.com\/blog\/wp-json\/wp\/v2\/users\/1"}],"replies":[{"embeddable":true,"href":"https:\/\/www.visit-ulcinj.com\/blog\/wp-json\/wp\/v2\/comments?post=98729"}],"version-history":[{"count":1,"href":"https:\/\/www.visit-ulcinj.com\/blog\/wp-json\/wp\/v2\/posts\/98729\/revisions"}],"predecessor-version":[{"id":98731,"href":"https:\/\/www.visit-ulcinj.com\/blog\/wp-json\/wp\/v2\/posts\/98729\/revisions\/98731"}],"wp:attachment":[{"href":"https:\/\/www.visit-ulcinj.com\/blog\/wp-json\/wp\/v2\/media?parent=98729"}],"wp:term":[{"taxonomy":"category","embeddable":true,"href":"https:\/\/www.visit-ulcinj.com\/blog\/wp-json\/wp\/v2\/categories?post=98729"},{"taxonomy":"post_tag","embeddable":true,"href":"https:\/\/www.visit-ulcinj.com\/blog\/wp-json\/wp\/v2\/tags?post=98729"}],"curies":[{"name":"wp","href":"https:\/\/api.w.org\/{rel}","templated":true}]}}