{"id":98735,"date":"2016-07-28T15:45:30","date_gmt":"2016-07-28T14:45:30","guid":{"rendered":"http:\/\/www.visit-ulcinj.com\/blog\/?p=98735"},"modified":"2016-07-28T15:46:54","modified_gmt":"2016-07-28T14:46:54","slug":"serbia-synon-ti-ktheje-ne-kosove-11-mije-refugjate-nga-mali-zi","status":"publish","type":"post","link":"https:\/\/www.visit-ulcinj.com\/blog\/2016\/07\/28\/serbia-synon-ti-ktheje-ne-kosove-11-mije-refugjate-nga-mali-zi\/","title":{"rendered":"Serbia synon t\u2019i kthej\u00eb n\u00eb Kosov\u00eb 11 mij\u00eb refugjat\u00eb nga Mali i Zi"},"content":{"rendered":"<p><strong><a href=\"http:\/\/www.visit-ulcinj.com\/blog\/wp-content\/uploads\/2016\/07\/Lugina-e-Diellit-.jpg\"><img loading=\"lazy\" class=\"alignleft wp-image-98736\" src=\"http:\/\/www.visit-ulcinj.com\/blog\/wp-content\/uploads\/2016\/07\/Lugina-e-Diellit-.jpg\" alt=\"Lugina-e-Diellit-\" width=\"508\" height=\"286\" \/><\/a>Gjat\u00eb nj\u00eb vizite t\u00eb cil\u00ebn kryetari i list\u00ebs \u201cSrpska\u201d, Sllavklo Simiq, ua ka b\u00ebr\u00eb refugjat\u00ebve serb\u00eb n\u00eb Mal t\u00eb Zi, k\u00ebta t\u00eb fundit kan\u00eb k\u00ebrkuar t\u00eb kthehen n\u00eb Kosov\u00eb, \u201cndoshta jo n\u00eb Gjakov\u00eb, De\u00e7an e Pej\u00eb, por n\u00eb Mitrovic\u00eb t\u00eb Veriut, Leposaviq e Gra\u00e7anic\u00eb\u201d.<\/strong><\/p>\n<p>Tani kur jan\u00eb duke u zhvilluar me intensitet t\u00eb shtuar punimet n\u00eb nd\u00ebrtimin e vendbanimit \u201cLugina e diellit\u201d, serb\u00ebt jan\u00eb n\u00eb k\u00ebrkim t\u00eb familjeve serbe q\u00eb do t\u00eb duhej t\u00eb ktheheshin p\u00ebr t\u00eb jetuar n\u00eb k\u00ebt\u00eb vendbanim, p\u00ebr t\u00eb cilin Serbia investon mbi 5 milion\u00eb euro.<\/p>\n<p>N\u00eb k\u00ebt\u00eb vendbanim me 300 sht\u00ebpi, ku do t\u00eb vendosen 1500 serb\u00eb, kryesisht refugjat\u00eb q\u00eb jetojn\u00eb n\u00eb Serbi, por nj\u00ebkoh\u00ebsisht edhe serb\u00ebt e ikur nga Kosova e t\u00eb cil\u00ebt jetojn\u00eb jo vet\u00ebm n\u00eb Serbi, por edhe n\u00eb Mal t\u00eb Zi, refugjat\u00ebt serb\u00eb n\u00eb Mal t\u00eb Zi kan\u00eb k\u00ebrkuar q\u00eb t\u00eb jen\u00eb pjes\u00eb e k\u00ebtij projekti, t\u00eb cilin shqiptar\u00ebt e kan\u00eb cil\u00ebsuar kolonizues.<\/p>\n<p>E p\u00ebr t\u2019ua matur pulsin serb\u00ebve t\u00eb zhvendosur n\u00eb Mal t\u00eb Zi, sakt\u00ebsisht n\u00eb Podgoric\u00eb dhe n\u00eb Sutumore, ata i ka vizituar kryetari i list\u00ebs \u201cSrpska\u201d, Sllavko Simiq, dhe kryetari i Shoqat\u00ebs p\u00ebr Refugjat\u00eb, Milenko Jovanoviq, shkruan sot gazeta \u201cZ\u00ebri\u201d.<\/p>\n<p>Sipas tyre, \u201cn\u00eb Mal t\u00eb Zi aktualisht jetojn\u00eb rreth 11 mij\u00eb refugjat\u00eb nga Kosova.<\/p>\n<p>Ata i kan\u00eb siguruar refugjat\u00ebt serb\u00eb se p\u00ebr ta do t\u00eb krijohen kushte p\u00ebr t\u2019u kthyer p\u00ebr t\u00eb jetuar n\u00eb Kosov\u00eb, n\u00eb pronat e tyre, por n\u00ebse nuk mund t\u00eb krijohen kushte t\u00eb siguris\u00eb, at\u00ebher\u00eb p\u00ebr ta duhet t\u00eb nd\u00ebrtohen vendbanime n\u00eb komunat me shumic\u00eb serbe\u201d.<\/p>\n<p><strong>Telegrafi<br \/>\n<\/strong><\/p>\n","protected":false},"excerpt":{"rendered":"<p>Gjat\u00eb nj\u00eb vizite t\u00eb cil\u00ebn kryetari i list\u00ebs \u201cSrpska\u201d, Sllavklo Simiq, ua ka b\u00ebr\u00eb refugjat\u00ebve serb\u00eb n\u00eb Mal t\u00eb Zi, k\u00ebta t\u00eb fundit kan\u00eb k\u00ebrkuar t\u00eb kthehen n\u00eb Kosov\u00eb, \u201cndoshta jo n\u00eb Gjakov\u00eb, De\u00e7an e Pej\u00eb, por n\u00eb Mitrovic\u00eb t\u00eb Veriut, Leposaviq e Gra\u00e7anic\u00eb\u201d. Tani kur jan\u00eb duke u zhvilluar me intensitet t\u00eb shtuar punimet [&hellip;]<\/p>\n","protected":false},"author":1,"featured_media":0,"comment_status":"closed","ping_status":"closed","sticky":false,"template":"","format":"standard","meta":{"spay_email":"","jetpack_publicize_message":"","jetpack_is_tweetstorm":false,"jetpack_publicize_feature_enabled":true},"categories":[14],"tags":[],"jetpack_publicize_connections":[],"yoast_head":"<!-- This site is optimized with the Yoast SEO plugin v19.1 - https:\/\/yoast.com\/wordpress\/plugins\/seo\/ -->\n<title>Serbia synon t\u2019i kthej\u00eb n\u00eb Kosov\u00eb 11 mij\u00eb refugjat\u00eb nga Mali i Zi - Lajme nga Ulqini<\/title>\n<meta name=\"description\" content=\"Gjat\u00eb nj\u00eb vizite t\u00eb cil\u00ebn kryetari i list\u00ebs \u201cSrpska\u201d, Sllavklo Simiq, ua ka b\u00ebr\u00eb refugjat\u00ebve serb\u00eb n\u00eb Mal t\u00eb Zi, k\u00ebta t\u00eb fundit kan\u00eb k\u00ebrkuar t\u00eb kthehen n\u00eb\" \/>\n<meta name=\"robots\" content=\"index, follow, max-snippet:-1, max-image-preview:large, max-video-preview:-1\" \/>\n<link rel=\"canonical\" href=\"https:\/\/www.visit-ulcinj.com\/blog\/2016\/07\/28\/serbia-synon-ti-ktheje-ne-kosove-11-mije-refugjate-nga-mali-zi\/\" \/>\n<meta property=\"og:locale\" content=\"en_US\" \/>\n<meta property=\"og:type\" content=\"article\" \/>\n<meta property=\"og:title\" content=\"Serbia synon t\u2019i kthej\u00eb n\u00eb Kosov\u00eb 11 mij\u00eb refugjat\u00eb nga Mali i Zi - Lajme nga Ulqini\" \/>\n<meta property=\"og:description\" content=\"Gjat\u00eb nj\u00eb vizite t\u00eb cil\u00ebn kryetari i list\u00ebs \u201cSrpska\u201d, Sllavklo Simiq, ua ka b\u00ebr\u00eb refugjat\u00ebve serb\u00eb n\u00eb Mal t\u00eb Zi, k\u00ebta t\u00eb fundit kan\u00eb k\u00ebrkuar t\u00eb kthehen n\u00eb\" \/>\n<meta property=\"og:url\" content=\"https:\/\/www.visit-ulcinj.com\/blog\/2016\/07\/28\/serbia-synon-ti-ktheje-ne-kosove-11-mije-refugjate-nga-mali-zi\/\" \/>\n<meta property=\"og:site_name\" content=\"Lajme nga Ulqini\" \/>\n<meta property=\"article:published_time\" content=\"2016-07-28T14:45:30+00:00\" \/>\n<meta property=\"article:modified_time\" content=\"2016-07-28T14:46:54+00:00\" \/>\n<meta property=\"og:image\" content=\"http:\/\/www.visit-ulcinj.com\/blog\/wp-content\/uploads\/2016\/07\/Lugina-e-Diellit-.jpg\" \/>\n<meta name=\"twitter:label1\" content=\"Written by\" \/>\n\t<meta name=\"twitter:data1\" content=\"ulqini\" \/>\n\t<meta name=\"twitter:label2\" content=\"Est. reading time\" \/>\n\t<meta name=\"twitter:data2\" content=\"1 minute\" \/>\n<script type=\"application\/ld+json\" class=\"yoast-schema-graph\">{\"@context\":\"https:\/\/schema.org\",\"@graph\":[{\"@type\":\"WebSite\",\"@id\":\"https:\/\/www.visit-ulcinj.com\/blog\/#website\",\"url\":\"https:\/\/www.visit-ulcinj.com\/blog\/\",\"name\":\"Lajme nga Ulqini\",\"description\":\"Lajme,Vijesti,Ulqini,Ulqin,Crna Gora,Mali i Zi\",\"potentialAction\":[{\"@type\":\"SearchAction\",\"target\":{\"@type\":\"EntryPoint\",\"urlTemplate\":\"https:\/\/www.visit-ulcinj.com\/blog\/?s={search_term_string}\"},\"query-input\":\"required name=search_term_string\"}],\"inLanguage\":\"en-US\"},{\"@type\":\"ImageObject\",\"inLanguage\":\"en-US\",\"@id\":\"https:\/\/www.visit-ulcinj.com\/blog\/2016\/07\/28\/serbia-synon-ti-ktheje-ne-kosove-11-mije-refugjate-nga-mali-zi\/#primaryimage\",\"url\":\"http:\/\/www.visit-ulcinj.com\/blog\/wp-content\/uploads\/2016\/07\/Lugina-e-Diellit-.jpg\",\"contentUrl\":\"http:\/\/www.visit-ulcinj.com\/blog\/wp-content\/uploads\/2016\/07\/Lugina-e-Diellit-.jpg\"},{\"@type\":\"WebPage\",\"@id\":\"https:\/\/www.visit-ulcinj.com\/blog\/2016\/07\/28\/serbia-synon-ti-ktheje-ne-kosove-11-mije-refugjate-nga-mali-zi\/#webpage\",\"url\":\"https:\/\/www.visit-ulcinj.com\/blog\/2016\/07\/28\/serbia-synon-ti-ktheje-ne-kosove-11-mije-refugjate-nga-mali-zi\/\",\"name\":\"Serbia synon t\u2019i kthej\u00eb n\u00eb Kosov\u00eb 11 mij\u00eb refugjat\u00eb nga Mali i Zi - Lajme nga Ulqini\",\"isPartOf\":{\"@id\":\"https:\/\/www.visit-ulcinj.com\/blog\/#website\"},\"primaryImageOfPage\":{\"@id\":\"https:\/\/www.visit-ulcinj.com\/blog\/2016\/07\/28\/serbia-synon-ti-ktheje-ne-kosove-11-mije-refugjate-nga-mali-zi\/#primaryimage\"},\"datePublished\":\"2016-07-28T14:45:30+00:00\",\"dateModified\":\"2016-07-28T14:46:54+00:00\",\"author\":{\"@id\":\"https:\/\/www.visit-ulcinj.com\/blog\/#\/schema\/person\/dcab619c614d3038751c63bc2aadc06d\"},\"description\":\"Gjat\u00eb nj\u00eb vizite t\u00eb cil\u00ebn kryetari i list\u00ebs \u201cSrpska\u201d, Sllavklo Simiq, ua ka b\u00ebr\u00eb refugjat\u00ebve serb\u00eb n\u00eb Mal t\u00eb Zi, k\u00ebta t\u00eb fundit kan\u00eb k\u00ebrkuar t\u00eb kthehen n\u00eb\",\"breadcrumb\":{\"@id\":\"https:\/\/www.visit-ulcinj.com\/blog\/2016\/07\/28\/serbia-synon-ti-ktheje-ne-kosove-11-mije-refugjate-nga-mali-zi\/#breadcrumb\"},\"inLanguage\":\"en-US\",\"potentialAction\":[{\"@type\":\"ReadAction\",\"target\":[\"https:\/\/www.visit-ulcinj.com\/blog\/2016\/07\/28\/serbia-synon-ti-ktheje-ne-kosove-11-mije-refugjate-nga-mali-zi\/\"]}]},{\"@type\":\"BreadcrumbList\",\"@id\":\"https:\/\/www.visit-ulcinj.com\/blog\/2016\/07\/28\/serbia-synon-ti-ktheje-ne-kosove-11-mije-refugjate-nga-mali-zi\/#breadcrumb\",\"itemListElement\":[{\"@type\":\"ListItem\",\"position\":1,\"name\":\"Serbia synon t\u2019i kthej\u00eb n\u00eb Kosov\u00eb 11 mij\u00eb refugjat\u00eb nga Mali i Zi\"}]},{\"@type\":\"Person\",\"@id\":\"https:\/\/www.visit-ulcinj.com\/blog\/#\/schema\/person\/dcab619c614d3038751c63bc2aadc06d\",\"name\":\"ulqini\",\"sameAs\":[\"http:\/\/www.visit-ulcinj.com\"],\"url\":\"https:\/\/www.visit-ulcinj.com\/blog\/author\/admin\/\"}]}<\/script>\n<!-- \/ Yoast SEO plugin. -->","yoast_head_json":{"title":"Serbia synon t\u2019i kthej\u00eb n\u00eb Kosov\u00eb 11 mij\u00eb refugjat\u00eb nga Mali i Zi - Lajme nga Ulqini","description":"Gjat\u00eb nj\u00eb vizite t\u00eb cil\u00ebn kryetari i list\u00ebs \u201cSrpska\u201d, Sllavklo Simiq, ua ka b\u00ebr\u00eb refugjat\u00ebve serb\u00eb n\u00eb Mal t\u00eb Zi, k\u00ebta t\u00eb fundit kan\u00eb k\u00ebrkuar t\u00eb kthehen n\u00eb","robots":{"index":"index","follow":"follow","max-snippet":"max-snippet:-1","max-image-preview":"max-image-preview:large","max-video-preview":"max-video-preview:-1"},"canonical":"https:\/\/www.visit-ulcinj.com\/blog\/2016\/07\/28\/serbia-synon-ti-ktheje-ne-kosove-11-mije-refugjate-nga-mali-zi\/","og_locale":"en_US","og_type":"article","og_title":"Serbia synon t\u2019i kthej\u00eb n\u00eb Kosov\u00eb 11 mij\u00eb refugjat\u00eb nga Mali i Zi - Lajme nga Ulqini","og_description":"Gjat\u00eb nj\u00eb vizite t\u00eb cil\u00ebn kryetari i list\u00ebs \u201cSrpska\u201d, Sllavklo Simiq, ua ka b\u00ebr\u00eb refugjat\u00ebve serb\u00eb n\u00eb Mal t\u00eb Zi, k\u00ebta t\u00eb fundit kan\u00eb k\u00ebrkuar t\u00eb kthehen n\u00eb","og_url":"https:\/\/www.visit-ulcinj.com\/blog\/2016\/07\/28\/serbia-synon-ti-ktheje-ne-kosove-11-mije-refugjate-nga-mali-zi\/","og_site_name":"Lajme nga Ulqini","article_published_time":"2016-07-28T14:45:30+00:00","article_modified_time":"2016-07-28T14:46:54+00:00","og_image":[{"url":"http:\/\/www.visit-ulcinj.com\/blog\/wp-content\/uploads\/2016\/07\/Lugina-e-Diellit-.jpg"}],"twitter_misc":{"Written by":"ulqini","Est. reading time":"1 minute"},"schema":{"@context":"https:\/\/schema.org","@graph":[{"@type":"WebSite","@id":"https:\/\/www.visit-ulcinj.com\/blog\/#website","url":"https:\/\/www.visit-ulcinj.com\/blog\/","name":"Lajme nga Ulqini","description":"Lajme,Vijesti,Ulqini,Ulqin,Crna Gora,Mali i Zi","potentialAction":[{"@type":"SearchAction","target":{"@type":"EntryPoint","urlTemplate":"https:\/\/www.visit-ulcinj.com\/blog\/?s={search_term_string}"},"query-input":"required name=search_term_string"}],"inLanguage":"en-US"},{"@type":"ImageObject","inLanguage":"en-US","@id":"https:\/\/www.visit-ulcinj.com\/blog\/2016\/07\/28\/serbia-synon-ti-ktheje-ne-kosove-11-mije-refugjate-nga-mali-zi\/#primaryimage","url":"http:\/\/www.visit-ulcinj.com\/blog\/wp-content\/uploads\/2016\/07\/Lugina-e-Diellit-.jpg","contentUrl":"http:\/\/www.visit-ulcinj.com\/blog\/wp-content\/uploads\/2016\/07\/Lugina-e-Diellit-.jpg"},{"@type":"WebPage","@id":"https:\/\/www.visit-ulcinj.com\/blog\/2016\/07\/28\/serbia-synon-ti-ktheje-ne-kosove-11-mije-refugjate-nga-mali-zi\/#webpage","url":"https:\/\/www.visit-ulcinj.com\/blog\/2016\/07\/28\/serbia-synon-ti-ktheje-ne-kosove-11-mije-refugjate-nga-mali-zi\/","name":"Serbia synon t\u2019i kthej\u00eb n\u00eb Kosov\u00eb 11 mij\u00eb refugjat\u00eb nga Mali i Zi - Lajme nga Ulqini","isPartOf":{"@id":"https:\/\/www.visit-ulcinj.com\/blog\/#website"},"primaryImageOfPage":{"@id":"https:\/\/www.visit-ulcinj.com\/blog\/2016\/07\/28\/serbia-synon-ti-ktheje-ne-kosove-11-mije-refugjate-nga-mali-zi\/#primaryimage"},"datePublished":"2016-07-28T14:45:30+00:00","dateModified":"2016-07-28T14:46:54+00:00","author":{"@id":"https:\/\/www.visit-ulcinj.com\/blog\/#\/schema\/person\/dcab619c614d3038751c63bc2aadc06d"},"description":"Gjat\u00eb nj\u00eb vizite t\u00eb cil\u00ebn kryetari i list\u00ebs \u201cSrpska\u201d, Sllavklo Simiq, ua ka b\u00ebr\u00eb refugjat\u00ebve serb\u00eb n\u00eb Mal t\u00eb Zi, k\u00ebta t\u00eb fundit kan\u00eb k\u00ebrkuar t\u00eb kthehen n\u00eb","breadcrumb":{"@id":"https:\/\/www.visit-ulcinj.com\/blog\/2016\/07\/28\/serbia-synon-ti-ktheje-ne-kosove-11-mije-refugjate-nga-mali-zi\/#breadcrumb"},"inLanguage":"en-US","potentialAction":[{"@type":"ReadAction","target":["https:\/\/www.visit-ulcinj.com\/blog\/2016\/07\/28\/serbia-synon-ti-ktheje-ne-kosove-11-mije-refugjate-nga-mali-zi\/"]}]},{"@type":"BreadcrumbList","@id":"https:\/\/www.visit-ulcinj.com\/blog\/2016\/07\/28\/serbia-synon-ti-ktheje-ne-kosove-11-mije-refugjate-nga-mali-zi\/#breadcrumb","itemListElement":[{"@type":"ListItem","position":1,"name":"Serbia synon t\u2019i kthej\u00eb n\u00eb Kosov\u00eb 11 mij\u00eb refugjat\u00eb nga Mali i Zi"}]},{"@type":"Person","@id":"https:\/\/www.visit-ulcinj.com\/blog\/#\/schema\/person\/dcab619c614d3038751c63bc2aadc06d","name":"ulqini","sameAs":["http:\/\/www.visit-ulcinj.com"],"url":"https:\/\/www.visit-ulcinj.com\/blog\/author\/admin\/"}]}},"jetpack_featured_media_url":"","jetpack_sharing_enabled":true,"jetpack_shortlink":"https:\/\/wp.me\/pe6lTn-pGv","_links":{"self":[{"href":"https:\/\/www.visit-ulcinj.com\/blog\/wp-json\/wp\/v2\/posts\/98735"}],"collection":[{"href":"https:\/\/www.visit-ulcinj.com\/blog\/wp-json\/wp\/v2\/posts"}],"about":[{"href":"https:\/\/www.visit-ulcinj.com\/blog\/wp-json\/wp\/v2\/types\/post"}],"author":[{"embeddable":true,"href":"https:\/\/www.visit-ulcinj.com\/blog\/wp-json\/wp\/v2\/users\/1"}],"replies":[{"embeddable":true,"href":"https:\/\/www.visit-ulcinj.com\/blog\/wp-json\/wp\/v2\/comments?post=98735"}],"version-history":[{"count":2,"href":"https:\/\/www.visit-ulcinj.com\/blog\/wp-json\/wp\/v2\/posts\/98735\/revisions"}],"predecessor-version":[{"id":98738,"href":"https:\/\/www.visit-ulcinj.com\/blog\/wp-json\/wp\/v2\/posts\/98735\/revisions\/98738"}],"wp:attachment":[{"href":"https:\/\/www.visit-ulcinj.com\/blog\/wp-json\/wp\/v2\/media?parent=98735"}],"wp:term":[{"taxonomy":"category","embeddable":true,"href":"https:\/\/www.visit-ulcinj.com\/blog\/wp-json\/wp\/v2\/categories?post=98735"},{"taxonomy":"post_tag","embeddable":true,"href":"https:\/\/www.visit-ulcinj.com\/blog\/wp-json\/wp\/v2\/tags?post=98735"}],"curies":[{"name":"wp","href":"https:\/\/api.w.org\/{rel}","templated":true}]}}