{"id":98741,"date":"2016-07-28T16:10:29","date_gmt":"2016-07-28T15:10:29","guid":{"rendered":"http:\/\/www.visit-ulcinj.com\/blog\/?p=98741"},"modified":"2016-07-28T16:10:29","modified_gmt":"2016-07-28T15:10:29","slug":"u-ulcinjskom-dps-u-za-malo-izbio-fizicki-sukob","status":"publish","type":"post","link":"https:\/\/www.visit-ulcinj.com\/blog\/2016\/07\/28\/u-ulcinjskom-dps-u-za-malo-izbio-fizicki-sukob\/","title":{"rendered":"U Ulcinjskom DPS-u za malo izbio fizi\u010dki sukob"},"content":{"rendered":"<p><strong><span class=\"rubnnaslov\"><a href=\"http:\/\/www.visit-ulcinj.com\/blog\/wp-content\/uploads\/2014\/01\/DPS-ULCINJ-1.jpg\"><img loading=\"lazy\" class=\"alignleft wp-image-78500\" src=\"http:\/\/www.visit-ulcinj.com\/blog\/wp-content\/uploads\/2014\/01\/DPS-ULCINJ-1.jpg\" alt=\"DPS-ULCINJ-1\" width=\"508\" height=\"426\" srcset=\"https:\/\/www.visit-ulcinj.com\/blog\/wp-content\/uploads\/2014\/01\/DPS-ULCINJ-1.jpg 610w, https:\/\/www.visit-ulcinj.com\/blog\/wp-content\/uploads\/2014\/01\/DPS-ULCINJ-1-300x251.jpg 300w\" sizes=\"(max-width: 508px) 100vw, 508px\" \/><\/a>Sprije\u010dena tu\u010da u ulcinjskom DPS-u<\/span><\/strong><\/p>\n<p><span class=\"tekstcijeli\"><span class=\"kapital\">U<\/span>l\u00adcinj\u00adski DPS po\u00adtre\u00adsa no\u00adva kri\u00adza, na\u00adkon \u0161to je u po\u00adne\u00addje\u00adljak ve\u00ad\u010de na sa\u00adstan\u00adku mje\u00adsnih od\u00adbo\u00adra uma\u00adlo iz\u00adbio fi\u00adzi\u010d\u00adki su\u00adkob iz\u00adme\u00ad\u0111u \u010del\u00adni\u00adka op\u00ad\u0161tin\u00adskog od\u00adbo\u00adra i gru\u00adpe ne\u00adza\u00addo\u00advolj\u00adnih \u010dla\u00adno\u00adva, ko\u00adja je op\u00adtu\u00ad\u017ei\u00adla pred\u00adsjed\u00adni\u00adka OO Ljo\u00adra Nre\u00adki\u00ad\u0107a da je pri\u00adva\u00adti\u00adzo\u00advao par\u00adti\u00adju i da se po\u00adna\u00ad\u0161a sa\u00admo\u00advolj\u00adno i ba\u00adha\u00adto. Po po\u00adu\u00adzda\u00adnim sa\u00adzna\u00adnji\u00adma \u201eDa\u00adna\u201d, ne\u00adza\u00addo\u00advolj\u00adni \u010dla\u00adno\u00advi OO DPS Ul\u00adcinj su op\u00adtu\u00ad\u017ei\u00adli Nre\u00adki\u00ad\u0107a da za\u00adpo\u00ad\u0161lja\u00adva uglav\u00adnom ka\u00adto\u00adli\u00adke, dok pra\u00advo\u00adslav\u00adci i mu\u00adsli\u00adma\u00adni osta\u00adju bez par\u00adtij\u00adske po\u00addr\u00ad\u0161ke.<br \/>\nNa sjed\u00adni\u00adci ko\u00adja je odr\u00ad\u017ea\u00adna u zgra\u00addi Op\u00ad\u0161ti\u00adne Ul\u00adcinj u po\u00adne\u00addje\u00adljak vi\u00ad\u0111e\u00adne su ne\u00adpri\u00adjat\u00adne sce\u00adne, uz mno\u00adgo\u00adbroj\u00adne op\u00adtu\u00ad\u017ebe. Iz\u00advor \u201eDa\u00adna\u201d sa\u00adop\u00ad\u0161tio nam je da su u op\u00adtu\u00ad\u017eba\u00adma naj\u00adgla\u00adsni\u00adji bi\u00adli \u010dla\u00adno\u00advi OO DPS Raj\u00adko Haj\u00addu\u00adko\u00advi\u0107 i Slo\u00adbo\u00addan \u0110a\u00adko\u00adno\u00advi\u0107.<br \/>\n\u2013 Pa\u00adle su te\u00ad\u0161ke ri\u00adje\u00ad\u010di i op\u00adtu\u00ad\u017ebe na ra\u00ad\u010dun pred\u00adsjed\u00adni\u00adka Nre\u00adki\u00ad\u0107a, a u jed\u00adnom tre\u00adnut\u00adku za\u00adma\u00adlo je do\u00ad\u0161lo do fi\u00adzi\u010d\u00adkog ob\u00adra\u00ad\u010du\u00adna. Sa\u00adstan\u00adku je pri\u00adsu\u00adstvo\u00advao i ko\u00ador\u00addi\u00adna\u00adtor u ime vr\u00adha DPS-a za Ul\u00adcinj Ha\u00adlil Du\u00adko\u00advi\u0107, ko\u00adji je bio pri\u00adli\u010d\u00adno iz\u00adne\u00adna\u00ad\u0111en do\u00adga\u00ad\u0111a\u00adnji\u00adma na sjed\u00adni\u00adci. Su\u00adkob je, sre\u00ad\u0107om, iz\u00adbjeg\u00adnut, stra\u00adsti su ko\u00adli\u00adko-to\u00adli\u00adko sti\u00ad\u0161a\u00adne, ali osta\u00adlo je ogrom\u00adno ne\u00adza\u00addo\u00advolj\u00adstvo, ko\u00adje se mo\u00ad\u017ee la\u00adko vi\u00addje\u00adti u op\u00ad\u0161tin\u00adskoj or\u00adga\u00adni\u00adza\u00adci\u00adji \u2013 ka\u00adzao je iz\u00advor \u201eDa\u00adna\u201d.<br \/>\nKa\u00adko je re\u00adkao, osim Va\u00adsa Ra\u00addo\u00advi\u00ad\u0107a, ko\u00adji je ne\u00addav\u00adno iza\u00adbran za pot\u00adpred\u00adsjed\u00adni\u00adka Op\u00ad\u0161ti\u00adne, Bo\u00adja\u00adna \u0110a\u00adko\u00adno\u00advi\u00ad\u0107a, ko\u00adji je u Iz\u00advr\u00ad\u0161nom od\u00adbo\u00adru DPS-a i ko\u00adji je za\u00adpo\u00adslen u HTP \u201eUl\u00adcinj\u00adska ri\u00advi\u00adje\u00adra\u201c , te Mi\u00adja An\u00addro\u00advi\u00ad\u0107a,di\u00adrek\u00adto\u00adra O\u0160 \u201e Bo\u00ad\u0161ko Stru\u00adgar\u201c, Sr\u00adba i Cr\u00adno\u00adgo\u00adra\u00adca sko\u00adro i da vi\u00ad\u0161e ne\u00adma na funk\u00adci\u00adja\u00adma u op\u00ad\u0161tin\u00adskim slu\u00ad\u017eba\u00adma, jav\u00adnim pred\u00adu\u00adze\u00ad\u0107i\u00adma i dr\u00ad\u017eav\u00adnim in\u00adsti\u00adtu\u00adci\u00adja\u00adma u gra\u00addu.<br \/>\nOni su prak\u00adti\u010d\u00adno za\u00ado\u00adbi\u00ad\u0111e\u00adni i pri\u00adli\u00adkom ne\u00addav\u00adnog za\u00adpo\u00ad\u0161lja\u00adva\u00adnja \u010dla\u00adno\u00adva, na\u00adkon \u0161to je DPS sa For\u00adcom, DUA i ko\u00ada\u00adli\u00adci\u00adjom al\u00adban\u00adskih par\u00adti\u00adja ko\u00adju pred\u00advo\u00addi Fat\u00admir \u0110e\u00adka u mar\u00adtu ove go\u00addi\u00adne for\u00admi\u00adrao no\u00advu vlast u Ul\u00adci\u00adnju. Ljo\u00adru Nre\u00adki\u00ad\u0107u se, iz\u00adme\u00ad\u0111u osta\u00adlog, za\u00admje\u00adra \u0161to je od\u00admah na \u010de\u00adlo Dnev\u00adnog cen\u00adtra za dje\u00adcu sa po\u00adseb\u00adnim po\u00adtre\u00adba\u00adma do\u00adveo svog si\u00adna, te pre\u00adko di\u00adrek\u00adto\u00adra Do\u00adma zdra\u00advlja Pa\u00advla Ma\u00adrin\u00adko\u00advi\u00ad\u0107a, na\u00advod\u00adno mi\u00admo kon\u00adkur\u00adsa i pod sum\u00adnji\u00advim okol\u00adno\u00adsti\u00adma, omo\u00adgu\u00ad\u0107io da se u tu zdrav\u00adstve\u00adnu usta\u00adno\u00advu za\u00adpo\u00adsli vi\u00ad\u0161e li\u00adca, me\u00ad\u0111u ko\u00adji\u00adma ne\u00adma Sr\u00adba i Cr\u00adno\u00adgo\u00adra\u00adca.<br \/>\n\u010cak i u uprav\u00adne od\u00adbo\u00adre jav\u00adnih pred\u00adu\u00adze\u00ad\u0107a de\u00adle\u00adgi\u00adra\u00adni su uglav\u00adnom \u010dla\u00adno\u00advi op\u00ad\u0161tin\u00adskog od\u00adbo\u00adra DPS-a, ko\u00adji su bli\u00adski Nre\u00adki\u00ad\u0107u.<br \/>\nSu\u00adkob unu\u00adtar ul\u00adcinj\u00adskog DPS-a tra\u00adje ve\u0107 ne\u00adko\u00adli\u00adko go\u00addi\u00adna. Gru\u00adpa od 65 \u010dla\u00adno\u00adva par\u00adti\u00adje, ko\u00adju je pred\u00advo\u00addio Mu\u00adho Spu\u00ad\u017ea jo\u0161 od 2014. go\u00addi\u00adne tra\u00ad\u017ei ostav\u00adke vo\u00adde\u00ad\u0107ih funk\u00adci\u00ado\u00adne\u00adra op\u00ad\u0161tin\u00adskog od\u00adbo\u00adra. Osim po\u00adsla\u00adni\u00adka Lju\u00adi\u00ad\u0111a \u0160kre\u00adlje i Nre\u00adki\u00ad\u0107a, tra\u00ad\u017ee\u00adne su ostav\u00adke ko\u00ador\u00addi\u00adna\u00adto\u00adra Iz\u00advr\u00ad\u0161nog od\u00adbo\u00adra DPS Cr\u00adne Go\u00adre za Ul\u00adcinj, Sa\u00adnje Vla\u00adho\u00advi\u0107 (u me\u00ad\u0111u\u00advre\u00adme\u00adnu je za\u00admi\u00adje\u00adnio Ha\u00adlil Du\u00adko\u00advi\u0107) i Go\u00adra\u00adna Je\u00advri\u00ad\u0107a, ko\u00adje su ne\u00adza\u00addo\u00advolj\u00adni \u010dla\u00adno\u00advi op\u00adtu\u00ad\u017ei\u00adli za iz\u00adu\u00adzet\u00adno lo\u00ad\u0161e sta\u00adnje u stra\u00adna\u010d\u00adkoj or\u00adga\u00adni\u00adza\u00adci\u00adji, i to \u0161to je De\u00admo\u00adkrat\u00adska par\u00adti\u00adja so\u00adci\u00adja\u00adli\u00adsta na\u00adkon lo\u00adkal\u00adnih iz\u00adbo\u00adra u ja\u00adnu\u00ada\u00adru 2014.go\u00addi\u00adne osta\u00adla u opo\u00adzi\u00adci\u00adji, upr\u00adkos \u010di\u00adnje\u00adni\u00adci da ima naj\u00advi\u00ad\u0161e osvo\u00adje\u00adnih man\u00adda\u00adta u Skup\u00ad\u0161ti\u00adne op\u00ad\u0161ti\u00adne. Oni su ta\u00adda pi\u00adsa\u00adli i li\u00adde\u00adru par\u00adti\u00adje Mi\u00adlu \u0110u\u00adka\u00adno\u00advi\u00ad\u0107u, i cr\u00adno\u00adgor\u00adskom pred\u00adsjed\u00adni\u00adku Fi\u00adli\u00adpu Vu\u00adja\u00adno\u00advi\u00ad\u0107u i tra\u00ad\u017ei\u00adli od njih da se ana\u00adli\u00adzi\u00adra\u00adju pre\u00adgo\u00advo\u00adri o for\u00admi\u00adra\u00adnju vla\u00adsti, a od\u00adgo\u00advor\u00adni za ne\u00adu\u00adspjeh smi\u00adje\u00adne.<br \/>\nOp\u00adtu\u00ad\u017ei\u00adli su pred\u00adsjed\u00adni\u00adka Nre\u00adki\u00ad\u0107a da on i nje\u00adgo\u00advi kom\u00adpa\u00adnjo\u00adni, ko\u00adji su pri\u00adva\u00adti\u00adzo\u00adva\u00adli stran\u00adku i funk\u00adci\u00adje, \u010du\u00adva\u00adju svo\u00adje li\u010d\u00adne in\u00adte\u00adre\u00adse, rad\u00adna mje\u00adsta i za\u00adpo\u00ad\u0161lja\u00adva\u00adju \u010dla\u00adno\u00adve svo\u00adjih po\u00adro\u00addi\u00adca, dok je, s dru\u00adge stra\u00adne, 40 od\u00adsto \u010dlan\u00adstva Iz\u00advr\u00ad\u0161nog od\u00adbo\u00adra i Op\u00ad\u0161tin\u00adskog od\u00adbo\u00adra par\u00adti\u00adje bez po\u00adsla. Nre\u00adki\u0107 je te op\u00adtu\u00ad\u017ebe de\u00adman\u00adto\u00advao, a su\u00adkob je u me\u00ad\u0111u\u00advre\u00adme\u00adnu utih\u00adnuo, po\u00adseb\u00adno na\u00adkon \u0161to je DPS po\u00adstao dio vla\u00adsti. <strong>M.K.<\/strong><\/p>\n<p><strong>Nre\u00adki\u0107 tvr\u00addi da je sve u re\u00addu<\/strong><\/p>\n<p>Slo\u00adbo\u00addan \u0110a\u00adko\u00adno\u00advi\u0107 i Raj\u00adko Haj\u00addu\u00adko\u00advi\u0107 ni\u00adje\u00adsu ju\u00ad\u010de od\u00adgo\u00adva\u00adra\u00adli na na\u00ad\u0161e po\u00adzi\u00adve i po\u00adru\u00adke da pro\u00adko\u00admen\u00adta\u00adri\u00ad\u0161u de\u00ad\u0161a\u00adva\u00adnja na sa\u00adstan\u00adku mje\u00adsnih od\u00adbo\u00adra.<br \/>\nS dru\u00adge stra\u00adne, pred\u00adsjed\u00adnik OO DPS Ul\u00adcinj Ljo\u00adro Nre\u00adki\u0107 ju\u00ad\u010de je ne\u00adgi\u00adrao da ima bi\u00adlo ka\u00adkvih su\u00adko\u00adba unu\u00adtar DPS-a u Ul\u00adci\u00adnju.<br \/>\n\u2013 Ko god ka\u00ad\u017ee da ima ne\u00adkih pro\u00adblem, taj iz\u00adno\u00adsi ne\u00adi\u00adsti\u00adne. Sta\u00adnje je re\u00addov\u00adno, spro\u00advo\u00adde se uobi\u00ad\u010da\u00adje\u00adne par\u00adtij\u00adske ak\u00adtiv\u00adno\u00adsti i ne\u00adma ni\u00adka\u00adkvih pro\u00adble\u00adma \u2013 tvr\u00addi Nre\u00adki\u0107. <\/span><\/p>\n<p><strong>Izvor: DAN<\/strong><\/p>\n","protected":false},"excerpt":{"rendered":"<p>Sprije\u010dena tu\u010da u ulcinjskom DPS-u Ul\u00adcinj\u00adski DPS po\u00adtre\u00adsa no\u00adva kri\u00adza, na\u00adkon \u0161to je u po\u00adne\u00addje\u00adljak ve\u00ad\u010de na sa\u00adstan\u00adku mje\u00adsnih od\u00adbo\u00adra uma\u00adlo iz\u00adbio fi\u00adzi\u010d\u00adki su\u00adkob iz\u00adme\u00ad\u0111u \u010del\u00adni\u00adka op\u00ad\u0161tin\u00adskog od\u00adbo\u00adra i gru\u00adpe ne\u00adza\u00addo\u00advolj\u00adnih \u010dla\u00adno\u00adva, ko\u00adja je op\u00adtu\u00ad\u017ei\u00adla pred\u00adsjed\u00adni\u00adka OO Ljo\u00adra Nre\u00adki\u00ad\u0107a da je pri\u00adva\u00adti\u00adzo\u00advao par\u00adti\u00adju i da se po\u00adna\u00ad\u0161a sa\u00admo\u00advolj\u00adno i ba\u00adha\u00adto. Po po\u00adu\u00adzda\u00adnim sa\u00adzna\u00adnji\u00adma \u201eDa\u00adna\u201d, ne\u00adza\u00addo\u00advolj\u00adni [&hellip;]<\/p>\n","protected":false},"author":1,"featured_media":0,"comment_status":"closed","ping_status":"closed","sticky":false,"template":"","format":"standard","meta":{"spay_email":"","jetpack_publicize_message":"","jetpack_is_tweetstorm":false,"jetpack_publicize_feature_enabled":true},"categories":[6950],"tags":[],"jetpack_publicize_connections":[],"yoast_head":"<!-- This site is optimized with the Yoast SEO plugin v19.1 - https:\/\/yoast.com\/wordpress\/plugins\/seo\/ -->\n<title>U Ulcinjskom DPS-u za malo izbio fizi\u010dki sukob - Lajme nga Ulqini<\/title>\n<meta name=\"description\" content=\"Sprije\u010dena tu\u010da u ulcinjskom DPS-u Ul\u00adcinj\u00adski DPS po\u00adtre\u00adsa no\u00adva kri\u00adza, na\u00adkon \u0161to je u po\u00adne\u00addje\u00adljak ve\u00ad\u010de na sa\u00adstan\u00adku mje\u00adsnih od\u00adbo\u00adra uma\u00adlo\" \/>\n<meta name=\"robots\" content=\"index, follow, max-snippet:-1, max-image-preview:large, max-video-preview:-1\" \/>\n<link rel=\"canonical\" href=\"https:\/\/www.visit-ulcinj.com\/blog\/2016\/07\/28\/u-ulcinjskom-dps-u-za-malo-izbio-fizicki-sukob\/\" \/>\n<meta property=\"og:locale\" content=\"en_US\" \/>\n<meta property=\"og:type\" content=\"article\" \/>\n<meta property=\"og:title\" content=\"U Ulcinjskom DPS-u za malo izbio fizi\u010dki sukob - Lajme nga Ulqini\" \/>\n<meta property=\"og:description\" content=\"Sprije\u010dena tu\u010da u ulcinjskom DPS-u Ul\u00adcinj\u00adski DPS po\u00adtre\u00adsa no\u00adva kri\u00adza, na\u00adkon \u0161to je u po\u00adne\u00addje\u00adljak ve\u00ad\u010de na sa\u00adstan\u00adku mje\u00adsnih od\u00adbo\u00adra uma\u00adlo\" \/>\n<meta property=\"og:url\" content=\"https:\/\/www.visit-ulcinj.com\/blog\/2016\/07\/28\/u-ulcinjskom-dps-u-za-malo-izbio-fizicki-sukob\/\" \/>\n<meta property=\"og:site_name\" content=\"Lajme nga Ulqini\" \/>\n<meta property=\"article:published_time\" content=\"2016-07-28T15:10:29+00:00\" \/>\n<meta property=\"og:image\" content=\"http:\/\/www.visit-ulcinj.com\/blog\/wp-content\/uploads\/2014\/01\/DPS-ULCINJ-1.jpg\" \/>\n<meta name=\"twitter:label1\" content=\"Written by\" \/>\n\t<meta name=\"twitter:data1\" content=\"ulqini\" \/>\n\t<meta name=\"twitter:label2\" content=\"Est. reading time\" \/>\n\t<meta name=\"twitter:data2\" content=\"7 minutes\" \/>\n<script type=\"application\/ld+json\" class=\"yoast-schema-graph\">{\"@context\":\"https:\/\/schema.org\",\"@graph\":[{\"@type\":\"WebSite\",\"@id\":\"https:\/\/www.visit-ulcinj.com\/blog\/#website\",\"url\":\"https:\/\/www.visit-ulcinj.com\/blog\/\",\"name\":\"Lajme nga Ulqini\",\"description\":\"Lajme,Vijesti,Ulqini,Ulqin,Crna Gora,Mali i Zi\",\"potentialAction\":[{\"@type\":\"SearchAction\",\"target\":{\"@type\":\"EntryPoint\",\"urlTemplate\":\"https:\/\/www.visit-ulcinj.com\/blog\/?s={search_term_string}\"},\"query-input\":\"required name=search_term_string\"}],\"inLanguage\":\"en-US\"},{\"@type\":\"ImageObject\",\"inLanguage\":\"en-US\",\"@id\":\"https:\/\/www.visit-ulcinj.com\/blog\/2016\/07\/28\/u-ulcinjskom-dps-u-za-malo-izbio-fizicki-sukob\/#primaryimage\",\"url\":\"https:\/\/www.visit-ulcinj.com\/blog\/wp-content\/uploads\/2014\/01\/DPS-ULCINJ-1.jpg\",\"contentUrl\":\"https:\/\/www.visit-ulcinj.com\/blog\/wp-content\/uploads\/2014\/01\/DPS-ULCINJ-1.jpg\",\"width\":610,\"height\":512},{\"@type\":\"WebPage\",\"@id\":\"https:\/\/www.visit-ulcinj.com\/blog\/2016\/07\/28\/u-ulcinjskom-dps-u-za-malo-izbio-fizicki-sukob\/#webpage\",\"url\":\"https:\/\/www.visit-ulcinj.com\/blog\/2016\/07\/28\/u-ulcinjskom-dps-u-za-malo-izbio-fizicki-sukob\/\",\"name\":\"U Ulcinjskom DPS-u za malo izbio fizi\u010dki sukob - Lajme nga Ulqini\",\"isPartOf\":{\"@id\":\"https:\/\/www.visit-ulcinj.com\/blog\/#website\"},\"primaryImageOfPage\":{\"@id\":\"https:\/\/www.visit-ulcinj.com\/blog\/2016\/07\/28\/u-ulcinjskom-dps-u-za-malo-izbio-fizicki-sukob\/#primaryimage\"},\"datePublished\":\"2016-07-28T15:10:29+00:00\",\"dateModified\":\"2016-07-28T15:10:29+00:00\",\"author\":{\"@id\":\"https:\/\/www.visit-ulcinj.com\/blog\/#\/schema\/person\/dcab619c614d3038751c63bc2aadc06d\"},\"description\":\"Sprije\u010dena tu\u010da u ulcinjskom DPS-u Ul\u00adcinj\u00adski DPS po\u00adtre\u00adsa no\u00adva kri\u00adza, na\u00adkon \u0161to je u po\u00adne\u00addje\u00adljak ve\u00ad\u010de na sa\u00adstan\u00adku mje\u00adsnih od\u00adbo\u00adra uma\u00adlo\",\"breadcrumb\":{\"@id\":\"https:\/\/www.visit-ulcinj.com\/blog\/2016\/07\/28\/u-ulcinjskom-dps-u-za-malo-izbio-fizicki-sukob\/#breadcrumb\"},\"inLanguage\":\"en-US\",\"potentialAction\":[{\"@type\":\"ReadAction\",\"target\":[\"https:\/\/www.visit-ulcinj.com\/blog\/2016\/07\/28\/u-ulcinjskom-dps-u-za-malo-izbio-fizicki-sukob\/\"]}]},{\"@type\":\"BreadcrumbList\",\"@id\":\"https:\/\/www.visit-ulcinj.com\/blog\/2016\/07\/28\/u-ulcinjskom-dps-u-za-malo-izbio-fizicki-sukob\/#breadcrumb\",\"itemListElement\":[{\"@type\":\"ListItem\",\"position\":1,\"name\":\"U Ulcinjskom DPS-u za malo izbio fizi\u010dki sukob\"}]},{\"@type\":\"Person\",\"@id\":\"https:\/\/www.visit-ulcinj.com\/blog\/#\/schema\/person\/dcab619c614d3038751c63bc2aadc06d\",\"name\":\"ulqini\",\"sameAs\":[\"http:\/\/www.visit-ulcinj.com\"],\"url\":\"https:\/\/www.visit-ulcinj.com\/blog\/author\/admin\/\"}]}<\/script>\n<!-- \/ Yoast SEO plugin. -->","yoast_head_json":{"title":"U Ulcinjskom DPS-u za malo izbio fizi\u010dki sukob - Lajme nga Ulqini","description":"Sprije\u010dena tu\u010da u ulcinjskom DPS-u Ul\u00adcinj\u00adski DPS po\u00adtre\u00adsa no\u00adva kri\u00adza, na\u00adkon \u0161to je u po\u00adne\u00addje\u00adljak ve\u00ad\u010de na sa\u00adstan\u00adku mje\u00adsnih od\u00adbo\u00adra uma\u00adlo","robots":{"index":"index","follow":"follow","max-snippet":"max-snippet:-1","max-image-preview":"max-image-preview:large","max-video-preview":"max-video-preview:-1"},"canonical":"https:\/\/www.visit-ulcinj.com\/blog\/2016\/07\/28\/u-ulcinjskom-dps-u-za-malo-izbio-fizicki-sukob\/","og_locale":"en_US","og_type":"article","og_title":"U Ulcinjskom DPS-u za malo izbio fizi\u010dki sukob - Lajme nga Ulqini","og_description":"Sprije\u010dena tu\u010da u ulcinjskom DPS-u Ul\u00adcinj\u00adski DPS po\u00adtre\u00adsa no\u00adva kri\u00adza, na\u00adkon \u0161to je u po\u00adne\u00addje\u00adljak ve\u00ad\u010de na sa\u00adstan\u00adku mje\u00adsnih od\u00adbo\u00adra uma\u00adlo","og_url":"https:\/\/www.visit-ulcinj.com\/blog\/2016\/07\/28\/u-ulcinjskom-dps-u-za-malo-izbio-fizicki-sukob\/","og_site_name":"Lajme nga Ulqini","article_published_time":"2016-07-28T15:10:29+00:00","og_image":[{"url":"http:\/\/www.visit-ulcinj.com\/blog\/wp-content\/uploads\/2014\/01\/DPS-ULCINJ-1.jpg"}],"twitter_misc":{"Written by":"ulqini","Est. reading time":"7 minutes"},"schema":{"@context":"https:\/\/schema.org","@graph":[{"@type":"WebSite","@id":"https:\/\/www.visit-ulcinj.com\/blog\/#website","url":"https:\/\/www.visit-ulcinj.com\/blog\/","name":"Lajme nga Ulqini","description":"Lajme,Vijesti,Ulqini,Ulqin,Crna Gora,Mali i Zi","potentialAction":[{"@type":"SearchAction","target":{"@type":"EntryPoint","urlTemplate":"https:\/\/www.visit-ulcinj.com\/blog\/?s={search_term_string}"},"query-input":"required name=search_term_string"}],"inLanguage":"en-US"},{"@type":"ImageObject","inLanguage":"en-US","@id":"https:\/\/www.visit-ulcinj.com\/blog\/2016\/07\/28\/u-ulcinjskom-dps-u-za-malo-izbio-fizicki-sukob\/#primaryimage","url":"https:\/\/www.visit-ulcinj.com\/blog\/wp-content\/uploads\/2014\/01\/DPS-ULCINJ-1.jpg","contentUrl":"https:\/\/www.visit-ulcinj.com\/blog\/wp-content\/uploads\/2014\/01\/DPS-ULCINJ-1.jpg","width":610,"height":512},{"@type":"WebPage","@id":"https:\/\/www.visit-ulcinj.com\/blog\/2016\/07\/28\/u-ulcinjskom-dps-u-za-malo-izbio-fizicki-sukob\/#webpage","url":"https:\/\/www.visit-ulcinj.com\/blog\/2016\/07\/28\/u-ulcinjskom-dps-u-za-malo-izbio-fizicki-sukob\/","name":"U Ulcinjskom DPS-u za malo izbio fizi\u010dki sukob - Lajme nga Ulqini","isPartOf":{"@id":"https:\/\/www.visit-ulcinj.com\/blog\/#website"},"primaryImageOfPage":{"@id":"https:\/\/www.visit-ulcinj.com\/blog\/2016\/07\/28\/u-ulcinjskom-dps-u-za-malo-izbio-fizicki-sukob\/#primaryimage"},"datePublished":"2016-07-28T15:10:29+00:00","dateModified":"2016-07-28T15:10:29+00:00","author":{"@id":"https:\/\/www.visit-ulcinj.com\/blog\/#\/schema\/person\/dcab619c614d3038751c63bc2aadc06d"},"description":"Sprije\u010dena tu\u010da u ulcinjskom DPS-u Ul\u00adcinj\u00adski DPS po\u00adtre\u00adsa no\u00adva kri\u00adza, na\u00adkon \u0161to je u po\u00adne\u00addje\u00adljak ve\u00ad\u010de na sa\u00adstan\u00adku mje\u00adsnih od\u00adbo\u00adra uma\u00adlo","breadcrumb":{"@id":"https:\/\/www.visit-ulcinj.com\/blog\/2016\/07\/28\/u-ulcinjskom-dps-u-za-malo-izbio-fizicki-sukob\/#breadcrumb"},"inLanguage":"en-US","potentialAction":[{"@type":"ReadAction","target":["https:\/\/www.visit-ulcinj.com\/blog\/2016\/07\/28\/u-ulcinjskom-dps-u-za-malo-izbio-fizicki-sukob\/"]}]},{"@type":"BreadcrumbList","@id":"https:\/\/www.visit-ulcinj.com\/blog\/2016\/07\/28\/u-ulcinjskom-dps-u-za-malo-izbio-fizicki-sukob\/#breadcrumb","itemListElement":[{"@type":"ListItem","position":1,"name":"U Ulcinjskom DPS-u za malo izbio fizi\u010dki sukob"}]},{"@type":"Person","@id":"https:\/\/www.visit-ulcinj.com\/blog\/#\/schema\/person\/dcab619c614d3038751c63bc2aadc06d","name":"ulqini","sameAs":["http:\/\/www.visit-ulcinj.com"],"url":"https:\/\/www.visit-ulcinj.com\/blog\/author\/admin\/"}]}},"jetpack_featured_media_url":"","jetpack_sharing_enabled":true,"jetpack_shortlink":"https:\/\/wp.me\/pe6lTn-pGB","_links":{"self":[{"href":"https:\/\/www.visit-ulcinj.com\/blog\/wp-json\/wp\/v2\/posts\/98741"}],"collection":[{"href":"https:\/\/www.visit-ulcinj.com\/blog\/wp-json\/wp\/v2\/posts"}],"about":[{"href":"https:\/\/www.visit-ulcinj.com\/blog\/wp-json\/wp\/v2\/types\/post"}],"author":[{"embeddable":true,"href":"https:\/\/www.visit-ulcinj.com\/blog\/wp-json\/wp\/v2\/users\/1"}],"replies":[{"embeddable":true,"href":"https:\/\/www.visit-ulcinj.com\/blog\/wp-json\/wp\/v2\/comments?post=98741"}],"version-history":[{"count":1,"href":"https:\/\/www.visit-ulcinj.com\/blog\/wp-json\/wp\/v2\/posts\/98741\/revisions"}],"predecessor-version":[{"id":98742,"href":"https:\/\/www.visit-ulcinj.com\/blog\/wp-json\/wp\/v2\/posts\/98741\/revisions\/98742"}],"wp:attachment":[{"href":"https:\/\/www.visit-ulcinj.com\/blog\/wp-json\/wp\/v2\/media?parent=98741"}],"wp:term":[{"taxonomy":"category","embeddable":true,"href":"https:\/\/www.visit-ulcinj.com\/blog\/wp-json\/wp\/v2\/categories?post=98741"},{"taxonomy":"post_tag","embeddable":true,"href":"https:\/\/www.visit-ulcinj.com\/blog\/wp-json\/wp\/v2\/tags?post=98741"}],"curies":[{"name":"wp","href":"https:\/\/api.w.org\/{rel}","templated":true}]}}