{"id":98747,"date":"2016-07-29T13:06:07","date_gmt":"2016-07-29T12:06:07","guid":{"rendered":"http:\/\/www.visit-ulcinj.com\/blog\/?p=98747"},"modified":"2016-07-29T13:06:07","modified_gmt":"2016-07-29T12:06:07","slug":"libri-kercimi-drenushes-nexhat-halimit-botohet-ne-ulqin","status":"publish","type":"post","link":"https:\/\/www.visit-ulcinj.com\/blog\/2016\/07\/29\/libri-kercimi-drenushes-nexhat-halimit-botohet-ne-ulqin\/","title":{"rendered":"Libri \u201cK\u00ebrcimi i Drenush\u00ebs\u201d i Nexhat Halimit botohet n\u00eb Ulqin"},"content":{"rendered":"<p><strong><a href=\"http:\/\/www.visit-ulcinj.com\/blog\/wp-content\/uploads\/2016\/07\/K\u00ebrcimi-i-Drenush\u00ebs-Nexhat-Halimi-Ulqin.jpg\"><img loading=\"lazy\" class=\"alignleft wp-image-98748\" src=\"http:\/\/www.visit-ulcinj.com\/blog\/wp-content\/uploads\/2016\/07\/K\u00ebrcimi-i-Drenush\u00ebs-Nexhat-Halimi-Ulqin.jpg\" alt=\"K\u00ebrcimi i Drenush\u00ebs-Nexhat Halimi-Ulqin\" width=\"508\" height=\"411\" srcset=\"https:\/\/www.visit-ulcinj.com\/blog\/wp-content\/uploads\/2016\/07\/K\u00ebrcimi-i-Drenush\u00ebs-Nexhat-Halimi-Ulqin.jpg 600w, https:\/\/www.visit-ulcinj.com\/blog\/wp-content\/uploads\/2016\/07\/K\u00ebrcimi-i-Drenush\u00ebs-Nexhat-Halimi-Ulqin-300x243.jpg 300w\" sizes=\"(max-width: 508px) 100vw, 508px\" \/><\/a>E ve\u00e7ant\u00eb e k\u00ebtij libri \u00ebsht\u00eb ajo se jo vet\u00ebm se jan\u00eb t\u00eb botuara n\u00eb Ulqin, por t\u00eb gjitha poezit\u00eb jan\u00eb kushtuar qytetit t\u00eb Ulqinit. Botimi i librit t\u00eb Nexhat Halimit paraqet ur\u00eb bashk\u00ebpunimi mes Ulqinit dhe Kosov\u00ebs si dhe forcimin e lidhjeve kulturore mes Ulqinit, si sinonim i detit, dhe qendrave tjera t\u00eb Kosov\u00ebs, shkruan KultPlus.<\/strong><\/p>\n<p>N\u00eb kuad\u00ebr t\u00eb veprimtaris\u00eb botuese SHB Diti&amp;Oli ULQIN nga planet p\u00ebr vitin 2016 sot nxori nga shtypi librin m\u00eb t\u00eb ri me poezi t\u00eb Nexhat Halimit me titull \u201cK\u00ebrcimi i Drenush\u00ebs\u201d.\u00a0Libri n\u00eb vete p\u00ebrmban gjithsejt 108 poezi t\u00eb ndara n\u00eb 2 cikle. Cikli A ka deti zem\u00ebr, i cili ka 41 poezi p\u00ebr f\u00ebmij\u00eb, nd\u00ebrsa cikli i dyt\u00eb Zogu sjell lajmin n\u00eb liman sjell poezi p\u00ebr t\u00eb rritur. E ve\u00e7ant\u00eb e k\u00ebtij libri \u00ebsht\u00eb ajo se jo vet\u00ebm se jan\u00eb t\u00eb botuara n\u00eb Ulqin, por t\u00eb gjitha poezit\u00eb jan\u00eb kushtuar qytetit t\u00eb Ulqinit. Botimi i librit t\u00eb Nexhat Halimit paraqet ur\u00eb bashk\u00ebpunimi mes Ulqinit dhe Kosov\u00ebs si dhe forcimin e lidhjeve kulturore mes Ulqinit, si sinonim i detit, dhe qendrave tjera t\u00eb Kosov\u00ebs.<\/p>\n<p>N\u00eb botim t\u00eb Gazmend \u00c7itaku, redaktor i librit \u00ebsht\u00eb poeti ulqinak Jaho Kollari, pikturat n\u00eb ballin\u00eb jan\u00eb t\u00eb Salih Lutollit, nd\u00ebrsa shtypin e librit e mund\u00ebsoi Fondi p\u00ebr mbrojtjen dhe realizimin e t\u00eb drejtave t\u00eb pakicave n\u00eb Mal t\u00eb Zi.\u00a0N\u00ebn logon e Ulqinit K\u00ebrcimi i drenush\u00ebs \u00ebsht\u00eb libri i tret\u00eb i Nexhat Halimit, pas dramave p\u00ebr f\u00ebmij\u00eb Tr\u00ebndafili me zem\u00ebr dhe Vet\u00ebtima e shpat\u00ebs, i cili botohet n\u00eb Ulqin.<strong>\/KultPlus.com<\/strong><\/p>\n","protected":false},"excerpt":{"rendered":"<p>E ve\u00e7ant\u00eb e k\u00ebtij libri \u00ebsht\u00eb ajo se jo vet\u00ebm se jan\u00eb t\u00eb botuara n\u00eb Ulqin, por t\u00eb gjitha poezit\u00eb jan\u00eb kushtuar qytetit t\u00eb Ulqinit. Botimi i librit t\u00eb Nexhat Halimit paraqet ur\u00eb bashk\u00ebpunimi mes Ulqinit dhe Kosov\u00ebs si dhe forcimin e lidhjeve kulturore mes Ulqinit, si sinonim i detit, dhe qendrave tjera t\u00eb Kosov\u00ebs, [&hellip;]<\/p>\n","protected":false},"author":1,"featured_media":0,"comment_status":"closed","ping_status":"closed","sticky":false,"template":"","format":"standard","meta":{"spay_email":"","jetpack_publicize_message":"","jetpack_is_tweetstorm":false,"jetpack_publicize_feature_enabled":true},"categories":[4],"tags":[],"jetpack_publicize_connections":[],"yoast_head":"<!-- This site is optimized with the Yoast SEO plugin v19.1 - https:\/\/yoast.com\/wordpress\/plugins\/seo\/ -->\n<title>Libri \u201cK\u00ebrcimi i Drenush\u00ebs\u201d i Nexhat Halimit botohet n\u00eb Ulqin - Lajme nga Ulqini<\/title>\n<meta name=\"description\" content=\"E ve\u00e7ant\u00eb e k\u00ebtij libri \u00ebsht\u00eb ajo se jo vet\u00ebm se jan\u00eb t\u00eb botuara n\u00eb Ulqin, por t\u00eb gjitha poezit\u00eb jan\u00eb kushtuar qytetit t\u00eb Ulqinit. Botimi i librit t\u00eb\" \/>\n<meta name=\"robots\" content=\"index, follow, max-snippet:-1, max-image-preview:large, max-video-preview:-1\" \/>\n<link rel=\"canonical\" href=\"https:\/\/www.visit-ulcinj.com\/blog\/2016\/07\/29\/libri-kercimi-drenushes-nexhat-halimit-botohet-ne-ulqin\/\" \/>\n<meta property=\"og:locale\" content=\"en_US\" \/>\n<meta property=\"og:type\" content=\"article\" \/>\n<meta property=\"og:title\" content=\"Libri \u201cK\u00ebrcimi i Drenush\u00ebs\u201d i Nexhat Halimit botohet n\u00eb Ulqin - Lajme nga Ulqini\" \/>\n<meta property=\"og:description\" content=\"E ve\u00e7ant\u00eb e k\u00ebtij libri \u00ebsht\u00eb ajo se jo vet\u00ebm se jan\u00eb t\u00eb botuara n\u00eb Ulqin, por t\u00eb gjitha poezit\u00eb jan\u00eb kushtuar qytetit t\u00eb Ulqinit. Botimi i librit t\u00eb\" \/>\n<meta property=\"og:url\" content=\"https:\/\/www.visit-ulcinj.com\/blog\/2016\/07\/29\/libri-kercimi-drenushes-nexhat-halimit-botohet-ne-ulqin\/\" \/>\n<meta property=\"og:site_name\" content=\"Lajme nga Ulqini\" \/>\n<meta property=\"article:published_time\" content=\"2016-07-29T12:06:07+00:00\" \/>\n<meta name=\"twitter:label1\" content=\"Written by\" \/>\n\t<meta name=\"twitter:data1\" content=\"ulqini\" \/>\n\t<meta name=\"twitter:label2\" content=\"Est. reading time\" \/>\n\t<meta name=\"twitter:data2\" content=\"1 minute\" \/>\n<script type=\"application\/ld+json\" class=\"yoast-schema-graph\">{\"@context\":\"https:\/\/schema.org\",\"@graph\":[{\"@type\":\"WebSite\",\"@id\":\"https:\/\/www.visit-ulcinj.com\/blog\/#website\",\"url\":\"https:\/\/www.visit-ulcinj.com\/blog\/\",\"name\":\"Lajme nga Ulqini\",\"description\":\"Lajme,Vijesti,Ulqini,Ulqin,Crna Gora,Mali i Zi\",\"potentialAction\":[{\"@type\":\"SearchAction\",\"target\":{\"@type\":\"EntryPoint\",\"urlTemplate\":\"https:\/\/www.visit-ulcinj.com\/blog\/?s={search_term_string}\"},\"query-input\":\"required name=search_term_string\"}],\"inLanguage\":\"en-US\"},{\"@type\":\"WebPage\",\"@id\":\"https:\/\/www.visit-ulcinj.com\/blog\/2016\/07\/29\/libri-kercimi-drenushes-nexhat-halimit-botohet-ne-ulqin\/#webpage\",\"url\":\"https:\/\/www.visit-ulcinj.com\/blog\/2016\/07\/29\/libri-kercimi-drenushes-nexhat-halimit-botohet-ne-ulqin\/\",\"name\":\"Libri \u201cK\u00ebrcimi i Drenush\u00ebs\u201d i Nexhat Halimit botohet n\u00eb Ulqin - Lajme nga Ulqini\",\"isPartOf\":{\"@id\":\"https:\/\/www.visit-ulcinj.com\/blog\/#website\"},\"datePublished\":\"2016-07-29T12:06:07+00:00\",\"dateModified\":\"2016-07-29T12:06:07+00:00\",\"author\":{\"@id\":\"https:\/\/www.visit-ulcinj.com\/blog\/#\/schema\/person\/dcab619c614d3038751c63bc2aadc06d\"},\"description\":\"E ve\u00e7ant\u00eb e k\u00ebtij libri \u00ebsht\u00eb ajo se jo vet\u00ebm se jan\u00eb t\u00eb botuara n\u00eb Ulqin, por t\u00eb gjitha poezit\u00eb jan\u00eb kushtuar qytetit t\u00eb Ulqinit. Botimi i librit t\u00eb\",\"breadcrumb\":{\"@id\":\"https:\/\/www.visit-ulcinj.com\/blog\/2016\/07\/29\/libri-kercimi-drenushes-nexhat-halimit-botohet-ne-ulqin\/#breadcrumb\"},\"inLanguage\":\"en-US\",\"potentialAction\":[{\"@type\":\"ReadAction\",\"target\":[\"https:\/\/www.visit-ulcinj.com\/blog\/2016\/07\/29\/libri-kercimi-drenushes-nexhat-halimit-botohet-ne-ulqin\/\"]}]},{\"@type\":\"BreadcrumbList\",\"@id\":\"https:\/\/www.visit-ulcinj.com\/blog\/2016\/07\/29\/libri-kercimi-drenushes-nexhat-halimit-botohet-ne-ulqin\/#breadcrumb\",\"itemListElement\":[{\"@type\":\"ListItem\",\"position\":1,\"name\":\"Libri \u201cK\u00ebrcimi i Drenush\u00ebs\u201d i Nexhat Halimit botohet n\u00eb Ulqin\"}]},{\"@type\":\"Person\",\"@id\":\"https:\/\/www.visit-ulcinj.com\/blog\/#\/schema\/person\/dcab619c614d3038751c63bc2aadc06d\",\"name\":\"ulqini\",\"sameAs\":[\"http:\/\/www.visit-ulcinj.com\"],\"url\":\"https:\/\/www.visit-ulcinj.com\/blog\/author\/admin\/\"}]}<\/script>\n<!-- \/ Yoast SEO plugin. -->","yoast_head_json":{"title":"Libri \u201cK\u00ebrcimi i Drenush\u00ebs\u201d i Nexhat Halimit botohet n\u00eb Ulqin - Lajme nga Ulqini","description":"E ve\u00e7ant\u00eb e k\u00ebtij libri \u00ebsht\u00eb ajo se jo vet\u00ebm se jan\u00eb t\u00eb botuara n\u00eb Ulqin, por t\u00eb gjitha poezit\u00eb jan\u00eb kushtuar qytetit t\u00eb Ulqinit. Botimi i librit t\u00eb","robots":{"index":"index","follow":"follow","max-snippet":"max-snippet:-1","max-image-preview":"max-image-preview:large","max-video-preview":"max-video-preview:-1"},"canonical":"https:\/\/www.visit-ulcinj.com\/blog\/2016\/07\/29\/libri-kercimi-drenushes-nexhat-halimit-botohet-ne-ulqin\/","og_locale":"en_US","og_type":"article","og_title":"Libri \u201cK\u00ebrcimi i Drenush\u00ebs\u201d i Nexhat Halimit botohet n\u00eb Ulqin - Lajme nga Ulqini","og_description":"E ve\u00e7ant\u00eb e k\u00ebtij libri \u00ebsht\u00eb ajo se jo vet\u00ebm se jan\u00eb t\u00eb botuara n\u00eb Ulqin, por t\u00eb gjitha poezit\u00eb jan\u00eb kushtuar qytetit t\u00eb Ulqinit. Botimi i librit t\u00eb","og_url":"https:\/\/www.visit-ulcinj.com\/blog\/2016\/07\/29\/libri-kercimi-drenushes-nexhat-halimit-botohet-ne-ulqin\/","og_site_name":"Lajme nga Ulqini","article_published_time":"2016-07-29T12:06:07+00:00","twitter_misc":{"Written by":"ulqini","Est. reading time":"1 minute"},"schema":{"@context":"https:\/\/schema.org","@graph":[{"@type":"WebSite","@id":"https:\/\/www.visit-ulcinj.com\/blog\/#website","url":"https:\/\/www.visit-ulcinj.com\/blog\/","name":"Lajme nga Ulqini","description":"Lajme,Vijesti,Ulqini,Ulqin,Crna Gora,Mali i Zi","potentialAction":[{"@type":"SearchAction","target":{"@type":"EntryPoint","urlTemplate":"https:\/\/www.visit-ulcinj.com\/blog\/?s={search_term_string}"},"query-input":"required name=search_term_string"}],"inLanguage":"en-US"},{"@type":"WebPage","@id":"https:\/\/www.visit-ulcinj.com\/blog\/2016\/07\/29\/libri-kercimi-drenushes-nexhat-halimit-botohet-ne-ulqin\/#webpage","url":"https:\/\/www.visit-ulcinj.com\/blog\/2016\/07\/29\/libri-kercimi-drenushes-nexhat-halimit-botohet-ne-ulqin\/","name":"Libri \u201cK\u00ebrcimi i Drenush\u00ebs\u201d i Nexhat Halimit botohet n\u00eb Ulqin - Lajme nga Ulqini","isPartOf":{"@id":"https:\/\/www.visit-ulcinj.com\/blog\/#website"},"datePublished":"2016-07-29T12:06:07+00:00","dateModified":"2016-07-29T12:06:07+00:00","author":{"@id":"https:\/\/www.visit-ulcinj.com\/blog\/#\/schema\/person\/dcab619c614d3038751c63bc2aadc06d"},"description":"E ve\u00e7ant\u00eb e k\u00ebtij libri \u00ebsht\u00eb ajo se jo vet\u00ebm se jan\u00eb t\u00eb botuara n\u00eb Ulqin, por t\u00eb gjitha poezit\u00eb jan\u00eb kushtuar qytetit t\u00eb Ulqinit. Botimi i librit t\u00eb","breadcrumb":{"@id":"https:\/\/www.visit-ulcinj.com\/blog\/2016\/07\/29\/libri-kercimi-drenushes-nexhat-halimit-botohet-ne-ulqin\/#breadcrumb"},"inLanguage":"en-US","potentialAction":[{"@type":"ReadAction","target":["https:\/\/www.visit-ulcinj.com\/blog\/2016\/07\/29\/libri-kercimi-drenushes-nexhat-halimit-botohet-ne-ulqin\/"]}]},{"@type":"BreadcrumbList","@id":"https:\/\/www.visit-ulcinj.com\/blog\/2016\/07\/29\/libri-kercimi-drenushes-nexhat-halimit-botohet-ne-ulqin\/#breadcrumb","itemListElement":[{"@type":"ListItem","position":1,"name":"Libri \u201cK\u00ebrcimi i Drenush\u00ebs\u201d i Nexhat Halimit botohet n\u00eb Ulqin"}]},{"@type":"Person","@id":"https:\/\/www.visit-ulcinj.com\/blog\/#\/schema\/person\/dcab619c614d3038751c63bc2aadc06d","name":"ulqini","sameAs":["http:\/\/www.visit-ulcinj.com"],"url":"https:\/\/www.visit-ulcinj.com\/blog\/author\/admin\/"}]}},"jetpack_featured_media_url":"","jetpack_sharing_enabled":true,"jetpack_shortlink":"https:\/\/wp.me\/pe6lTn-pGH","_links":{"self":[{"href":"https:\/\/www.visit-ulcinj.com\/blog\/wp-json\/wp\/v2\/posts\/98747"}],"collection":[{"href":"https:\/\/www.visit-ulcinj.com\/blog\/wp-json\/wp\/v2\/posts"}],"about":[{"href":"https:\/\/www.visit-ulcinj.com\/blog\/wp-json\/wp\/v2\/types\/post"}],"author":[{"embeddable":true,"href":"https:\/\/www.visit-ulcinj.com\/blog\/wp-json\/wp\/v2\/users\/1"}],"replies":[{"embeddable":true,"href":"https:\/\/www.visit-ulcinj.com\/blog\/wp-json\/wp\/v2\/comments?post=98747"}],"version-history":[{"count":1,"href":"https:\/\/www.visit-ulcinj.com\/blog\/wp-json\/wp\/v2\/posts\/98747\/revisions"}],"predecessor-version":[{"id":98749,"href":"https:\/\/www.visit-ulcinj.com\/blog\/wp-json\/wp\/v2\/posts\/98747\/revisions\/98749"}],"wp:attachment":[{"href":"https:\/\/www.visit-ulcinj.com\/blog\/wp-json\/wp\/v2\/media?parent=98747"}],"wp:term":[{"taxonomy":"category","embeddable":true,"href":"https:\/\/www.visit-ulcinj.com\/blog\/wp-json\/wp\/v2\/categories?post=98747"},{"taxonomy":"post_tag","embeddable":true,"href":"https:\/\/www.visit-ulcinj.com\/blog\/wp-json\/wp\/v2\/tags?post=98747"}],"curies":[{"name":"wp","href":"https:\/\/api.w.org\/{rel}","templated":true}]}}