{"id":9875,"date":"2009-01-27T07:56:41","date_gmt":"2009-01-27T06:56:41","guid":{"rendered":"http:\/\/www.visit-ulcinj.com\/blog\/?p=9875"},"modified":"2009-01-27T13:08:47","modified_gmt":"2009-01-27T12:08:47","slug":"genta-ismajli-ndez-publikun-shqiptar","status":"publish","type":"post","link":"https:\/\/www.visit-ulcinj.com\/blog\/2009\/01\/27\/genta-ismajli-ndez-publikun-shqiptar\/","title":{"rendered":"Genta Ismajli ndez publikun shqiptar"},"content":{"rendered":"<p><a rel=\"attachment wp-att-9876\" href=\"http:\/\/www.visit-ulcinj.com\/blog\/2009\/01\/27\/genta-ismajli-ndez-publikun-shqiptar\/genta-ismajli-00\/\"><img loading=\"lazy\" class=\"alignleft size-full wp-image-9876\" title=\"genta-ismajli-00\" src=\"http:\/\/www.visit-ulcinj.com\/blog\/wp-content\/uploads\/2009\/01\/genta-ismajli-00.jpg\" alt=\"genta-ismajli-00\" width=\"570\" height=\"400\" \/><\/a>\u00cbsht\u00eb padyshim, nj\u00eb nd\u00ebr k\u00ebng\u00ebtaret m\u00eb t\u00eb mira sot p\u00ebr sot n\u00eb Shqip\u00ebri dhe Kosov\u00eb, publiku e p\u00eblqen shum\u00eb nd\u00ebrsa kritika jep vler\u00ebsimet m\u00eb t\u00eb mira. \u00cbsht\u00eb fjala p\u00ebr k\u00ebng\u00ebtaren Genta Ismajli, e cila pak her\u00eb merr pjes\u00eb n\u00eb kompeticione, por kur vendos ta b\u00ebj\u00eb nj\u00eb gj\u00eb t\u00eb till\u00eb, z\u00eb gjithmon\u00eb vendet m\u00eb t\u00eb larta. Punon fort dhe n\u00eb m\u00ebnyr\u00eb paralele p\u00ebr k\u00ebng\u00eb dhe klipe t\u00eb cilat i realizon n\u00eb m\u00ebnyr\u00ebn m\u00eb t\u00eb mir\u00eb t\u00eb mundshme. T\u00eb shumt\u00eb jan\u00eb organizator\u00ebt e koncerteve q\u00eb e ftojn\u00eb t\u00eb marr\u00eb pjes\u00eb n\u00eb to, me shuma shum\u00eb t\u00eb majme, por t\u00eb pakta jan\u00eb vendet ku Genta pranon t\u00eb shkoj\u00eb dhe t\u00eb k\u00ebndoj\u00eb, shoq\u00ebruar me performancat e saj t\u00eb shk\u00eblqyera. Nj\u00eb nd\u00ebr k\u00ebto vende, ku Genta ka pranuar me k\u00ebnaq\u00ebsi ftes\u00ebn \u00ebsht\u00eb club \u2018Rio\u2019.<\/p>\n<p>Dhe ne ju sjellim fotot ekskluzive nga ku Genta ka ngritur publikun pesh\u00eb t\u00eb cil\u00ebt kan\u00eb q\u00ebndruar p\u00ebr shum\u00eb or\u00eb me rradh\u00eb n\u00ebn shoq\u00ebrin\u00eb e k\u00ebng\u00ebve t\u00eb saj. K\u00ebng\u00ebt q\u00eb ajo ka deputuar kan\u00eb qen\u00eb t\u00eb shumta dhe pjesa m\u00eb e madhe i p\u00ebrkasin albumit t\u00eb saj m\u00eb t\u00eb ri t\u00eb cilin e ka realizuar n\u00eb Amerik\u00eb, por shum\u00eb t\u00eb p\u00eblqyera kan\u00eb qen\u00eb edhe k\u00ebng\u00ebt e disa koh\u00ebve m\u00eb par\u00eb me t\u00eb cilat k\u00ebng\u00ebtarja kosovare gjithmon\u00eb ka shk\u00eblqyer, n\u00eb \u00e7do sken\u00eb.<\/p>\n<p><strong>PERFORMANCA<\/strong><\/p>\n<p>Si\u00e7 e shihni edhe nga k\u00ebto foto, Genta \u00ebsht\u00eb treguar mjaft elastike, nuk ka ndalur s\u00eb k\u00ebrcyeri. Me flok\u00eb t\u00eb gjat\u00eb me onde n\u00eb ngjyr\u00eb lajthie, Genta ka paturpatur nj\u00eb veshje t\u00eb k\u00ebndshme dhe t\u00eb ve\u00e7ant\u00eb, sa sportive aq edhe ekstravagante, e cila i ka treguar m\u00eb s\u00eb miri linjat perfekte. Dhe kjo nuk \u00ebsht\u00eb habi, mjafton t\u00eb kujtojm\u00eb performanc\u00ebn e Gent\u00ebs n\u00eb edicionin e dhjet\u00eb t\u00eb \u201cK\u00ebnga Magjike\u201d e ftuar nd\u00ebr k\u00ebng\u00ebtar\u00ebt e tjer\u00eb triumfues t\u00eb k\u00ebtij konkursi nd\u00ebr vite. Me t\u00eb p\u00ebrfunduar k\u00ebng\u00ebn fituese t\u00eb disa viteve m\u00eb par\u00eb, k\u00ebng\u00ebtarja b\u00ebn nj\u00eb rrotullim n\u00eb sken\u00eb, me asnj\u00eb ndryshim nga nj\u00eb balerin\u00eb, dhe trupi ndalet n\u00eb pozicionin e sparkat\u00ebs, pa asnj\u00eb v\u00ebshtir\u00ebsi. Madje Arditi i k\u00ebrkoi ta b\u00ebnt\u00eb p\u00ebrs\u00ebri k\u00ebt\u00eb gj\u00eb, si nj\u00eb detaj shum\u00eb t\u00eb p\u00eblqyer p\u00ebr publikun. Edhe tek \u201cRio\u201d ka ndodhur jo vet\u00ebm kaq, por nj\u00eb larmi l\u00ebvizjesh, nd\u00ebrsa t\u00eb pranishm\u00ebve nuk iu b\u00ebhej t\u00eb largoheshin.<br \/>\n<strong><br \/>\nFAQJA N\u00cb INTERNET<br \/>\n<\/strong><br \/>\nS\u00eb fundmi, k\u00ebng\u00ebtarja kosovare ka hapur edhe faqen e saj personale n\u00eb internet. T\u00eb gjith\u00eb mund ta ndjekin at\u00eb hap pas hapi, me lajmet m\u00eb t\u00eb fundit dhe turet e saj n\u00ebp\u00ebrmjet adres\u00ebs <a href=\"http:\/\/www.gentamusic.com\/\" target=\"_blank\"><strong>www.gentamusic. com<\/strong><\/a>. Nj\u00eb website i pasuruar me larmi fotosh, ku mund t\u00eb lexohet leht\u00ebsisht biografia e Gent\u00ebs, mund t\u00eb d\u00ebgjohet online muzika e saj por edhe shum\u00eb kuriozitete dhe video nga koncerte dhe festivale.<\/p>\n<p><strong>GENTA DHE MILOTI<\/strong><\/p>\n<p>Genta Ismajli prej shum\u00eb vitesh jeton nj\u00eb histori dashurie me Milotin i cili \u00ebsht\u00eb nj\u00ebkoh\u00ebsisht edhe menaxheri i saj. Pak koh\u00eb m\u00eb par\u00eb u fol se \u00e7ifti u nda pas nj\u00eb krize, por Genta n\u00ebp\u00ebrmjet intervistave dh\u00ebn\u00eb p\u00ebr shtypin kosovar ka v\u00ebrtetuar t\u00eb kund\u00ebrt\u00ebn, madje duke l\u00ebn\u00eb t\u00eb kuptoj\u00eb se 2009-a mund t\u00eb jet\u00eb edhe viti vendimtar p\u00ebr ta, ndoshta nj\u00eb dasm\u00eb.<\/p>\n<p><strong><a href=\"http:\/\/www.gentamusic.com\/\" target=\"_blank\">http:\/\/www.gentamusic.com\/<\/a><\/strong><\/p>\n\n<p><!--YouTube Error: bad URL entered--><strong><br \/>\n<\/strong><\/p>\n<p><strong><br \/>\n<\/strong><\/p>\n","protected":false},"excerpt":{"rendered":"<p>\u00cbsht\u00eb padyshim, nj\u00eb nd\u00ebr k\u00ebng\u00ebtaret m\u00eb t\u00eb mira sot p\u00ebr sot n\u00eb Shqip\u00ebri dhe Kosov\u00eb, publiku e p\u00eblqen shum\u00eb nd\u00ebrsa kritika jep vler\u00ebsimet m\u00eb t\u00eb mira. \u00cbsht\u00eb fjala p\u00ebr k\u00ebng\u00ebtaren Genta Ismajli, e cila pak her\u00eb merr pjes\u00eb n\u00eb kompeticione, por kur vendos ta b\u00ebj\u00eb nj\u00eb gj\u00eb t\u00eb till\u00eb, z\u00eb gjithmon\u00eb vendet m\u00eb t\u00eb larta. [&hellip;]<\/p>\n","protected":false},"author":1,"featured_media":0,"comment_status":"open","ping_status":"closed","sticky":false,"template":"","format":"standard","meta":{"spay_email":"","jetpack_publicize_message":"","jetpack_is_tweetstorm":false,"jetpack_publicize_feature_enabled":true},"categories":[1],"tags":[6124,323,6123,6126,6125],"jetpack_publicize_connections":[],"yoast_head":"<!-- This site is optimized with the Yoast SEO plugin v19.1 - https:\/\/yoast.com\/wordpress\/plugins\/seo\/ -->\n<title>Genta Ismajli ndez publikun shqiptar - Lajme nga Ulqini<\/title>\n<meta name=\"description\" content=\"\u00cbsht\u00eb padyshim, nj\u00eb nd\u00ebr k\u00ebng\u00ebtaret m\u00eb t\u00eb mira sot p\u00ebr sot n\u00eb Shqip\u00ebri dhe Kosov\u00eb, publiku e p\u00eblqen shum\u00eb nd\u00ebrsa kritika jep vler\u00ebsimet m\u00eb t\u00eb mira. \u00cbsht\u00eb\" \/>\n<meta name=\"robots\" content=\"index, follow, max-snippet:-1, max-image-preview:large, max-video-preview:-1\" \/>\n<link rel=\"canonical\" href=\"https:\/\/www.visit-ulcinj.com\/blog\/2009\/01\/27\/genta-ismajli-ndez-publikun-shqiptar\/\" \/>\n<meta property=\"og:locale\" content=\"en_US\" \/>\n<meta property=\"og:type\" content=\"article\" \/>\n<meta property=\"og:title\" content=\"Genta Ismajli ndez publikun shqiptar - Lajme nga Ulqini\" \/>\n<meta property=\"og:description\" content=\"\u00cbsht\u00eb padyshim, nj\u00eb nd\u00ebr k\u00ebng\u00ebtaret m\u00eb t\u00eb mira sot p\u00ebr sot n\u00eb Shqip\u00ebri dhe Kosov\u00eb, publiku e p\u00eblqen shum\u00eb nd\u00ebrsa kritika jep vler\u00ebsimet m\u00eb t\u00eb mira. \u00cbsht\u00eb\" \/>\n<meta property=\"og:url\" content=\"https:\/\/www.visit-ulcinj.com\/blog\/2009\/01\/27\/genta-ismajli-ndez-publikun-shqiptar\/\" \/>\n<meta property=\"og:site_name\" content=\"Lajme nga Ulqini\" \/>\n<meta property=\"article:published_time\" content=\"2009-01-27T06:56:41+00:00\" \/>\n<meta property=\"article:modified_time\" content=\"2009-01-27T12:08:47+00:00\" \/>\n<meta property=\"og:image\" content=\"https:\/\/www.visit-ulcinj.com\/blog\/wp-content\/uploads\/2009\/01\/genta-ismajli-00-150x150.jpg\" \/>\n<meta name=\"twitter:label1\" content=\"Written by\" \/>\n\t<meta name=\"twitter:data1\" content=\"ulqini\" \/>\n\t<meta name=\"twitter:label2\" content=\"Est. reading time\" \/>\n\t<meta name=\"twitter:data2\" content=\"3 minutes\" \/>\n<script type=\"application\/ld+json\" class=\"yoast-schema-graph\">{\"@context\":\"https:\/\/schema.org\",\"@graph\":[{\"@type\":\"WebSite\",\"@id\":\"https:\/\/www.visit-ulcinj.com\/blog\/#website\",\"url\":\"https:\/\/www.visit-ulcinj.com\/blog\/\",\"name\":\"Lajme nga Ulqini\",\"description\":\"Lajme,Vijesti,Ulqini,Ulqin,Crna Gora,Mali i Zi\",\"potentialAction\":[{\"@type\":\"SearchAction\",\"target\":{\"@type\":\"EntryPoint\",\"urlTemplate\":\"https:\/\/www.visit-ulcinj.com\/blog\/?s={search_term_string}\"},\"query-input\":\"required name=search_term_string\"}],\"inLanguage\":\"en-US\"},{\"@type\":\"ImageObject\",\"inLanguage\":\"en-US\",\"@id\":\"https:\/\/www.visit-ulcinj.com\/blog\/2009\/01\/27\/genta-ismajli-ndez-publikun-shqiptar\/#primaryimage\",\"url\":\"http:\/\/www.visit-ulcinj.com\/blog\/wp-content\/uploads\/2009\/01\/genta-ismajli-00.jpg\",\"contentUrl\":\"http:\/\/www.visit-ulcinj.com\/blog\/wp-content\/uploads\/2009\/01\/genta-ismajli-00.jpg\"},{\"@type\":\"WebPage\",\"@id\":\"https:\/\/www.visit-ulcinj.com\/blog\/2009\/01\/27\/genta-ismajli-ndez-publikun-shqiptar\/#webpage\",\"url\":\"https:\/\/www.visit-ulcinj.com\/blog\/2009\/01\/27\/genta-ismajli-ndez-publikun-shqiptar\/\",\"name\":\"Genta Ismajli ndez publikun shqiptar - Lajme nga Ulqini\",\"isPartOf\":{\"@id\":\"https:\/\/www.visit-ulcinj.com\/blog\/#website\"},\"primaryImageOfPage\":{\"@id\":\"https:\/\/www.visit-ulcinj.com\/blog\/2009\/01\/27\/genta-ismajli-ndez-publikun-shqiptar\/#primaryimage\"},\"datePublished\":\"2009-01-27T06:56:41+00:00\",\"dateModified\":\"2009-01-27T12:08:47+00:00\",\"author\":{\"@id\":\"https:\/\/www.visit-ulcinj.com\/blog\/#\/schema\/person\/dcab619c614d3038751c63bc2aadc06d\"},\"description\":\"\u00cbsht\u00eb padyshim, nj\u00eb nd\u00ebr k\u00ebng\u00ebtaret m\u00eb t\u00eb mira sot p\u00ebr sot n\u00eb Shqip\u00ebri dhe Kosov\u00eb, publiku e p\u00eblqen shum\u00eb nd\u00ebrsa kritika jep vler\u00ebsimet m\u00eb t\u00eb mira. \u00cbsht\u00eb\",\"breadcrumb\":{\"@id\":\"https:\/\/www.visit-ulcinj.com\/blog\/2009\/01\/27\/genta-ismajli-ndez-publikun-shqiptar\/#breadcrumb\"},\"inLanguage\":\"en-US\",\"potentialAction\":[{\"@type\":\"ReadAction\",\"target\":[\"https:\/\/www.visit-ulcinj.com\/blog\/2009\/01\/27\/genta-ismajli-ndez-publikun-shqiptar\/\"]}]},{\"@type\":\"BreadcrumbList\",\"@id\":\"https:\/\/www.visit-ulcinj.com\/blog\/2009\/01\/27\/genta-ismajli-ndez-publikun-shqiptar\/#breadcrumb\",\"itemListElement\":[{\"@type\":\"ListItem\",\"position\":1,\"name\":\"Genta Ismajli ndez publikun shqiptar\"}]},{\"@type\":\"Person\",\"@id\":\"https:\/\/www.visit-ulcinj.com\/blog\/#\/schema\/person\/dcab619c614d3038751c63bc2aadc06d\",\"name\":\"ulqini\",\"sameAs\":[\"http:\/\/www.visit-ulcinj.com\"],\"url\":\"https:\/\/www.visit-ulcinj.com\/blog\/author\/admin\/\"}]}<\/script>\n<!-- \/ Yoast SEO plugin. -->","yoast_head_json":{"title":"Genta Ismajli ndez publikun shqiptar - Lajme nga Ulqini","description":"\u00cbsht\u00eb padyshim, nj\u00eb nd\u00ebr k\u00ebng\u00ebtaret m\u00eb t\u00eb mira sot p\u00ebr sot n\u00eb Shqip\u00ebri dhe Kosov\u00eb, publiku e p\u00eblqen shum\u00eb nd\u00ebrsa kritika jep vler\u00ebsimet m\u00eb t\u00eb mira. \u00cbsht\u00eb","robots":{"index":"index","follow":"follow","max-snippet":"max-snippet:-1","max-image-preview":"max-image-preview:large","max-video-preview":"max-video-preview:-1"},"canonical":"https:\/\/www.visit-ulcinj.com\/blog\/2009\/01\/27\/genta-ismajli-ndez-publikun-shqiptar\/","og_locale":"en_US","og_type":"article","og_title":"Genta Ismajli ndez publikun shqiptar - Lajme nga Ulqini","og_description":"\u00cbsht\u00eb padyshim, nj\u00eb nd\u00ebr k\u00ebng\u00ebtaret m\u00eb t\u00eb mira sot p\u00ebr sot n\u00eb Shqip\u00ebri dhe Kosov\u00eb, publiku e p\u00eblqen shum\u00eb nd\u00ebrsa kritika jep vler\u00ebsimet m\u00eb t\u00eb mira. \u00cbsht\u00eb","og_url":"https:\/\/www.visit-ulcinj.com\/blog\/2009\/01\/27\/genta-ismajli-ndez-publikun-shqiptar\/","og_site_name":"Lajme nga Ulqini","article_published_time":"2009-01-27T06:56:41+00:00","article_modified_time":"2009-01-27T12:08:47+00:00","og_image":[{"url":"https:\/\/www.visit-ulcinj.com\/blog\/wp-content\/uploads\/2009\/01\/genta-ismajli-00-150x150.jpg"}],"twitter_misc":{"Written by":"ulqini","Est. reading time":"3 minutes"},"schema":{"@context":"https:\/\/schema.org","@graph":[{"@type":"WebSite","@id":"https:\/\/www.visit-ulcinj.com\/blog\/#website","url":"https:\/\/www.visit-ulcinj.com\/blog\/","name":"Lajme nga Ulqini","description":"Lajme,Vijesti,Ulqini,Ulqin,Crna Gora,Mali i Zi","potentialAction":[{"@type":"SearchAction","target":{"@type":"EntryPoint","urlTemplate":"https:\/\/www.visit-ulcinj.com\/blog\/?s={search_term_string}"},"query-input":"required name=search_term_string"}],"inLanguage":"en-US"},{"@type":"ImageObject","inLanguage":"en-US","@id":"https:\/\/www.visit-ulcinj.com\/blog\/2009\/01\/27\/genta-ismajli-ndez-publikun-shqiptar\/#primaryimage","url":"http:\/\/www.visit-ulcinj.com\/blog\/wp-content\/uploads\/2009\/01\/genta-ismajli-00.jpg","contentUrl":"http:\/\/www.visit-ulcinj.com\/blog\/wp-content\/uploads\/2009\/01\/genta-ismajli-00.jpg"},{"@type":"WebPage","@id":"https:\/\/www.visit-ulcinj.com\/blog\/2009\/01\/27\/genta-ismajli-ndez-publikun-shqiptar\/#webpage","url":"https:\/\/www.visit-ulcinj.com\/blog\/2009\/01\/27\/genta-ismajli-ndez-publikun-shqiptar\/","name":"Genta Ismajli ndez publikun shqiptar - Lajme nga Ulqini","isPartOf":{"@id":"https:\/\/www.visit-ulcinj.com\/blog\/#website"},"primaryImageOfPage":{"@id":"https:\/\/www.visit-ulcinj.com\/blog\/2009\/01\/27\/genta-ismajli-ndez-publikun-shqiptar\/#primaryimage"},"datePublished":"2009-01-27T06:56:41+00:00","dateModified":"2009-01-27T12:08:47+00:00","author":{"@id":"https:\/\/www.visit-ulcinj.com\/blog\/#\/schema\/person\/dcab619c614d3038751c63bc2aadc06d"},"description":"\u00cbsht\u00eb padyshim, nj\u00eb nd\u00ebr k\u00ebng\u00ebtaret m\u00eb t\u00eb mira sot p\u00ebr sot n\u00eb Shqip\u00ebri dhe Kosov\u00eb, publiku e p\u00eblqen shum\u00eb nd\u00ebrsa kritika jep vler\u00ebsimet m\u00eb t\u00eb mira. \u00cbsht\u00eb","breadcrumb":{"@id":"https:\/\/www.visit-ulcinj.com\/blog\/2009\/01\/27\/genta-ismajli-ndez-publikun-shqiptar\/#breadcrumb"},"inLanguage":"en-US","potentialAction":[{"@type":"ReadAction","target":["https:\/\/www.visit-ulcinj.com\/blog\/2009\/01\/27\/genta-ismajli-ndez-publikun-shqiptar\/"]}]},{"@type":"BreadcrumbList","@id":"https:\/\/www.visit-ulcinj.com\/blog\/2009\/01\/27\/genta-ismajli-ndez-publikun-shqiptar\/#breadcrumb","itemListElement":[{"@type":"ListItem","position":1,"name":"Genta Ismajli ndez publikun shqiptar"}]},{"@type":"Person","@id":"https:\/\/www.visit-ulcinj.com\/blog\/#\/schema\/person\/dcab619c614d3038751c63bc2aadc06d","name":"ulqini","sameAs":["http:\/\/www.visit-ulcinj.com"],"url":"https:\/\/www.visit-ulcinj.com\/blog\/author\/admin\/"}]}},"jetpack_featured_media_url":"","jetpack_sharing_enabled":true,"jetpack_shortlink":"https:\/\/wp.me\/pe6lTn-2zh","_links":{"self":[{"href":"https:\/\/www.visit-ulcinj.com\/blog\/wp-json\/wp\/v2\/posts\/9875"}],"collection":[{"href":"https:\/\/www.visit-ulcinj.com\/blog\/wp-json\/wp\/v2\/posts"}],"about":[{"href":"https:\/\/www.visit-ulcinj.com\/blog\/wp-json\/wp\/v2\/types\/post"}],"author":[{"embeddable":true,"href":"https:\/\/www.visit-ulcinj.com\/blog\/wp-json\/wp\/v2\/users\/1"}],"replies":[{"embeddable":true,"href":"https:\/\/www.visit-ulcinj.com\/blog\/wp-json\/wp\/v2\/comments?post=9875"}],"version-history":[{"count":0,"href":"https:\/\/www.visit-ulcinj.com\/blog\/wp-json\/wp\/v2\/posts\/9875\/revisions"}],"wp:attachment":[{"href":"https:\/\/www.visit-ulcinj.com\/blog\/wp-json\/wp\/v2\/media?parent=9875"}],"wp:term":[{"taxonomy":"category","embeddable":true,"href":"https:\/\/www.visit-ulcinj.com\/blog\/wp-json\/wp\/v2\/categories?post=9875"},{"taxonomy":"post_tag","embeddable":true,"href":"https:\/\/www.visit-ulcinj.com\/blog\/wp-json\/wp\/v2\/tags?post=9875"}],"curies":[{"name":"wp","href":"https:\/\/api.w.org\/{rel}","templated":true}]}}