{"id":98750,"date":"2016-07-29T13:18:17","date_gmt":"2016-07-29T12:18:17","guid":{"rendered":"http:\/\/www.visit-ulcinj.com\/blog\/?p=98750"},"modified":"2016-07-29T13:47:14","modified_gmt":"2016-07-29T12:47:14","slug":"balkan-dance-ne-ulqin-6-dhe-7-gusht-2016","status":"publish","type":"post","link":"https:\/\/www.visit-ulcinj.com\/blog\/2016\/07\/29\/balkan-dance-ne-ulqin-6-dhe-7-gusht-2016\/","title":{"rendered":"Balkan Dance n\u00eb Ulqin me 6 dhe 7 gusht 2016"},"content":{"rendered":"<p><strong><a href=\"http:\/\/www.visit-ulcinj.com\/blog\/wp-content\/uploads\/2016\/07\/Balkan-Dance-Ulqin-Ulcinj-Montenegro.jpg\"><img loading=\"lazy\" class=\"alignleft wp-image-98751\" src=\"http:\/\/www.visit-ulcinj.com\/blog\/wp-content\/uploads\/2016\/07\/Balkan-Dance-Ulqin-Ulcinj-Montenegro.jpg\" alt=\"Balkan Dance-Ulqin-Ulcinj-Montenegro\" width=\"508\" height=\"231\" \/><\/a>Balkan dance 2016<\/strong><\/p>\n<p>N\u00eb Ulqin n\u00eb periudh\u00ebn me 6 dhe 7 gusht 2016, Balkan Dance n\u00eb bashk\u00ebpunim me Organizat\u00ebn Turistike t\u00eb Ulqinit do t\u00eb organizojn\u00eb festivalin Balkan Dance q\u00eb do t\u00eb mbahet n\u00eb plazhin Copacabana n\u00eb plazhin e madh. Sigurisht q\u00eb ky festival ka nj\u00eb r\u00ebnd\u00ebsi t\u00eb madhe p\u00ebr promovimin e ofert\u00ebs turistike t\u00eb qytetit ton\u00eb, ku n\u00eb kuad\u00ebr t\u00eb k\u00ebtij festivali p\u00ebrve\u00e7 disa emrave t\u00eb njohur t\u00eb muzik\u00ebs nga rajoni si\u00e7 jan\u00eb Aco Pejoviq, Sasha Matiq, Sars dhe shum\u00eb Dj nga vendi dhe rajoni, do t\u00eb mbahet edhe turniri n\u00eb futboll me emrin Balkan Beach soccer.<\/p>\n<p>Ky festival do t\u00eb ndikoje edhe m\u00eb tep\u00ebr n\u00eb pozicionimin e Ulqinit n\u00eb hart\u00ebn e aktiviteteve dhe festivaleve pranverore dhe verore.<\/p>\n<p><strong>Copacaba, Plazha e madhe, Ulqin 2016<\/strong><\/p>\n<!--YouTube Error: bad URL entered-->\n<p>&nbsp;<\/p>\n","protected":false},"excerpt":{"rendered":"<p>Balkan dance 2016 N\u00eb Ulqin n\u00eb periudh\u00ebn me 6 dhe 7 gusht 2016, Balkan Dance n\u00eb bashk\u00ebpunim me Organizat\u00ebn Turistike t\u00eb Ulqinit do t\u00eb organizojn\u00eb festivalin Balkan Dance q\u00eb do t\u00eb mbahet n\u00eb plazhin Copacabana n\u00eb plazhin e madh. Sigurisht q\u00eb ky festival ka nj\u00eb r\u00ebnd\u00ebsi t\u00eb madhe p\u00ebr promovimin e ofert\u00ebs turistike t\u00eb qytetit [&hellip;]<\/p>\n","protected":false},"author":1,"featured_media":0,"comment_status":"closed","ping_status":"closed","sticky":false,"template":"","format":"standard","meta":{"spay_email":"","jetpack_publicize_message":"","jetpack_is_tweetstorm":false,"jetpack_publicize_feature_enabled":true},"categories":[1],"tags":[],"jetpack_publicize_connections":[],"yoast_head":"<!-- This site is optimized with the Yoast SEO plugin v19.1 - https:\/\/yoast.com\/wordpress\/plugins\/seo\/ -->\n<title>Balkan Dance n\u00eb Ulqin me 6 dhe 7 gusht 2016 - Lajme nga Ulqini<\/title>\n<meta name=\"description\" content=\"Balkan dance 2016 N\u00eb Ulqin n\u00eb periudh\u00ebn me 6 dhe 7 gusht 2016, Balkan Dance n\u00eb bashk\u00ebpunim me Organizat\u00ebn Turistike t\u00eb Ulqinit do t\u00eb organizojn\u00eb\" \/>\n<meta name=\"robots\" content=\"index, follow, max-snippet:-1, max-image-preview:large, max-video-preview:-1\" \/>\n<link rel=\"canonical\" href=\"https:\/\/www.visit-ulcinj.com\/blog\/2016\/07\/29\/balkan-dance-ne-ulqin-6-dhe-7-gusht-2016\/\" \/>\n<meta property=\"og:locale\" content=\"en_US\" \/>\n<meta property=\"og:type\" content=\"article\" \/>\n<meta property=\"og:title\" content=\"Balkan Dance n\u00eb Ulqin me 6 dhe 7 gusht 2016 - Lajme nga Ulqini\" \/>\n<meta property=\"og:description\" content=\"Balkan dance 2016 N\u00eb Ulqin n\u00eb periudh\u00ebn me 6 dhe 7 gusht 2016, Balkan Dance n\u00eb bashk\u00ebpunim me Organizat\u00ebn Turistike t\u00eb Ulqinit do t\u00eb organizojn\u00eb\" \/>\n<meta property=\"og:url\" content=\"https:\/\/www.visit-ulcinj.com\/blog\/2016\/07\/29\/balkan-dance-ne-ulqin-6-dhe-7-gusht-2016\/\" \/>\n<meta property=\"og:site_name\" content=\"Lajme nga Ulqini\" \/>\n<meta property=\"article:published_time\" content=\"2016-07-29T12:18:17+00:00\" \/>\n<meta property=\"article:modified_time\" content=\"2016-07-29T12:47:14+00:00\" \/>\n<meta property=\"og:image\" content=\"http:\/\/www.visit-ulcinj.com\/blog\/wp-content\/uploads\/2016\/07\/Balkan-Dance-Ulqin-Ulcinj-Montenegro.jpg\" \/>\n<meta name=\"twitter:label1\" content=\"Written by\" \/>\n\t<meta name=\"twitter:data1\" content=\"ulqini\" \/>\n\t<meta name=\"twitter:label2\" content=\"Est. reading time\" \/>\n\t<meta name=\"twitter:data2\" content=\"1 minute\" \/>\n<script type=\"application\/ld+json\" class=\"yoast-schema-graph\">{\"@context\":\"https:\/\/schema.org\",\"@graph\":[{\"@type\":\"WebSite\",\"@id\":\"https:\/\/www.visit-ulcinj.com\/blog\/#website\",\"url\":\"https:\/\/www.visit-ulcinj.com\/blog\/\",\"name\":\"Lajme nga Ulqini\",\"description\":\"Lajme,Vijesti,Ulqini,Ulqin,Crna Gora,Mali i Zi\",\"potentialAction\":[{\"@type\":\"SearchAction\",\"target\":{\"@type\":\"EntryPoint\",\"urlTemplate\":\"https:\/\/www.visit-ulcinj.com\/blog\/?s={search_term_string}\"},\"query-input\":\"required name=search_term_string\"}],\"inLanguage\":\"en-US\"},{\"@type\":\"ImageObject\",\"inLanguage\":\"en-US\",\"@id\":\"https:\/\/www.visit-ulcinj.com\/blog\/2016\/07\/29\/balkan-dance-ne-ulqin-6-dhe-7-gusht-2016\/#primaryimage\",\"url\":\"http:\/\/www.visit-ulcinj.com\/blog\/wp-content\/uploads\/2016\/07\/Balkan-Dance-Ulqin-Ulcinj-Montenegro.jpg\",\"contentUrl\":\"http:\/\/www.visit-ulcinj.com\/blog\/wp-content\/uploads\/2016\/07\/Balkan-Dance-Ulqin-Ulcinj-Montenegro.jpg\"},{\"@type\":\"WebPage\",\"@id\":\"https:\/\/www.visit-ulcinj.com\/blog\/2016\/07\/29\/balkan-dance-ne-ulqin-6-dhe-7-gusht-2016\/#webpage\",\"url\":\"https:\/\/www.visit-ulcinj.com\/blog\/2016\/07\/29\/balkan-dance-ne-ulqin-6-dhe-7-gusht-2016\/\",\"name\":\"Balkan Dance n\u00eb Ulqin me 6 dhe 7 gusht 2016 - Lajme nga Ulqini\",\"isPartOf\":{\"@id\":\"https:\/\/www.visit-ulcinj.com\/blog\/#website\"},\"primaryImageOfPage\":{\"@id\":\"https:\/\/www.visit-ulcinj.com\/blog\/2016\/07\/29\/balkan-dance-ne-ulqin-6-dhe-7-gusht-2016\/#primaryimage\"},\"datePublished\":\"2016-07-29T12:18:17+00:00\",\"dateModified\":\"2016-07-29T12:47:14+00:00\",\"author\":{\"@id\":\"https:\/\/www.visit-ulcinj.com\/blog\/#\/schema\/person\/dcab619c614d3038751c63bc2aadc06d\"},\"description\":\"Balkan dance 2016 N\u00eb Ulqin n\u00eb periudh\u00ebn me 6 dhe 7 gusht 2016, Balkan Dance n\u00eb bashk\u00ebpunim me Organizat\u00ebn Turistike t\u00eb Ulqinit do t\u00eb organizojn\u00eb\",\"breadcrumb\":{\"@id\":\"https:\/\/www.visit-ulcinj.com\/blog\/2016\/07\/29\/balkan-dance-ne-ulqin-6-dhe-7-gusht-2016\/#breadcrumb\"},\"inLanguage\":\"en-US\",\"potentialAction\":[{\"@type\":\"ReadAction\",\"target\":[\"https:\/\/www.visit-ulcinj.com\/blog\/2016\/07\/29\/balkan-dance-ne-ulqin-6-dhe-7-gusht-2016\/\"]}]},{\"@type\":\"BreadcrumbList\",\"@id\":\"https:\/\/www.visit-ulcinj.com\/blog\/2016\/07\/29\/balkan-dance-ne-ulqin-6-dhe-7-gusht-2016\/#breadcrumb\",\"itemListElement\":[{\"@type\":\"ListItem\",\"position\":1,\"name\":\"Balkan Dance n\u00eb Ulqin me 6 dhe 7 gusht 2016\"}]},{\"@type\":\"Person\",\"@id\":\"https:\/\/www.visit-ulcinj.com\/blog\/#\/schema\/person\/dcab619c614d3038751c63bc2aadc06d\",\"name\":\"ulqini\",\"sameAs\":[\"http:\/\/www.visit-ulcinj.com\"],\"url\":\"https:\/\/www.visit-ulcinj.com\/blog\/author\/admin\/\"}]}<\/script>\n<!-- \/ Yoast SEO plugin. -->","yoast_head_json":{"title":"Balkan Dance n\u00eb Ulqin me 6 dhe 7 gusht 2016 - Lajme nga Ulqini","description":"Balkan dance 2016 N\u00eb Ulqin n\u00eb periudh\u00ebn me 6 dhe 7 gusht 2016, Balkan Dance n\u00eb bashk\u00ebpunim me Organizat\u00ebn Turistike t\u00eb Ulqinit do t\u00eb organizojn\u00eb","robots":{"index":"index","follow":"follow","max-snippet":"max-snippet:-1","max-image-preview":"max-image-preview:large","max-video-preview":"max-video-preview:-1"},"canonical":"https:\/\/www.visit-ulcinj.com\/blog\/2016\/07\/29\/balkan-dance-ne-ulqin-6-dhe-7-gusht-2016\/","og_locale":"en_US","og_type":"article","og_title":"Balkan Dance n\u00eb Ulqin me 6 dhe 7 gusht 2016 - Lajme nga Ulqini","og_description":"Balkan dance 2016 N\u00eb Ulqin n\u00eb periudh\u00ebn me 6 dhe 7 gusht 2016, Balkan Dance n\u00eb bashk\u00ebpunim me Organizat\u00ebn Turistike t\u00eb Ulqinit do t\u00eb organizojn\u00eb","og_url":"https:\/\/www.visit-ulcinj.com\/blog\/2016\/07\/29\/balkan-dance-ne-ulqin-6-dhe-7-gusht-2016\/","og_site_name":"Lajme nga Ulqini","article_published_time":"2016-07-29T12:18:17+00:00","article_modified_time":"2016-07-29T12:47:14+00:00","og_image":[{"url":"http:\/\/www.visit-ulcinj.com\/blog\/wp-content\/uploads\/2016\/07\/Balkan-Dance-Ulqin-Ulcinj-Montenegro.jpg"}],"twitter_misc":{"Written by":"ulqini","Est. reading time":"1 minute"},"schema":{"@context":"https:\/\/schema.org","@graph":[{"@type":"WebSite","@id":"https:\/\/www.visit-ulcinj.com\/blog\/#website","url":"https:\/\/www.visit-ulcinj.com\/blog\/","name":"Lajme nga Ulqini","description":"Lajme,Vijesti,Ulqini,Ulqin,Crna Gora,Mali i Zi","potentialAction":[{"@type":"SearchAction","target":{"@type":"EntryPoint","urlTemplate":"https:\/\/www.visit-ulcinj.com\/blog\/?s={search_term_string}"},"query-input":"required name=search_term_string"}],"inLanguage":"en-US"},{"@type":"ImageObject","inLanguage":"en-US","@id":"https:\/\/www.visit-ulcinj.com\/blog\/2016\/07\/29\/balkan-dance-ne-ulqin-6-dhe-7-gusht-2016\/#primaryimage","url":"http:\/\/www.visit-ulcinj.com\/blog\/wp-content\/uploads\/2016\/07\/Balkan-Dance-Ulqin-Ulcinj-Montenegro.jpg","contentUrl":"http:\/\/www.visit-ulcinj.com\/blog\/wp-content\/uploads\/2016\/07\/Balkan-Dance-Ulqin-Ulcinj-Montenegro.jpg"},{"@type":"WebPage","@id":"https:\/\/www.visit-ulcinj.com\/blog\/2016\/07\/29\/balkan-dance-ne-ulqin-6-dhe-7-gusht-2016\/#webpage","url":"https:\/\/www.visit-ulcinj.com\/blog\/2016\/07\/29\/balkan-dance-ne-ulqin-6-dhe-7-gusht-2016\/","name":"Balkan Dance n\u00eb Ulqin me 6 dhe 7 gusht 2016 - Lajme nga Ulqini","isPartOf":{"@id":"https:\/\/www.visit-ulcinj.com\/blog\/#website"},"primaryImageOfPage":{"@id":"https:\/\/www.visit-ulcinj.com\/blog\/2016\/07\/29\/balkan-dance-ne-ulqin-6-dhe-7-gusht-2016\/#primaryimage"},"datePublished":"2016-07-29T12:18:17+00:00","dateModified":"2016-07-29T12:47:14+00:00","author":{"@id":"https:\/\/www.visit-ulcinj.com\/blog\/#\/schema\/person\/dcab619c614d3038751c63bc2aadc06d"},"description":"Balkan dance 2016 N\u00eb Ulqin n\u00eb periudh\u00ebn me 6 dhe 7 gusht 2016, Balkan Dance n\u00eb bashk\u00ebpunim me Organizat\u00ebn Turistike t\u00eb Ulqinit do t\u00eb organizojn\u00eb","breadcrumb":{"@id":"https:\/\/www.visit-ulcinj.com\/blog\/2016\/07\/29\/balkan-dance-ne-ulqin-6-dhe-7-gusht-2016\/#breadcrumb"},"inLanguage":"en-US","potentialAction":[{"@type":"ReadAction","target":["https:\/\/www.visit-ulcinj.com\/blog\/2016\/07\/29\/balkan-dance-ne-ulqin-6-dhe-7-gusht-2016\/"]}]},{"@type":"BreadcrumbList","@id":"https:\/\/www.visit-ulcinj.com\/blog\/2016\/07\/29\/balkan-dance-ne-ulqin-6-dhe-7-gusht-2016\/#breadcrumb","itemListElement":[{"@type":"ListItem","position":1,"name":"Balkan Dance n\u00eb Ulqin me 6 dhe 7 gusht 2016"}]},{"@type":"Person","@id":"https:\/\/www.visit-ulcinj.com\/blog\/#\/schema\/person\/dcab619c614d3038751c63bc2aadc06d","name":"ulqini","sameAs":["http:\/\/www.visit-ulcinj.com"],"url":"https:\/\/www.visit-ulcinj.com\/blog\/author\/admin\/"}]}},"jetpack_featured_media_url":"","jetpack_sharing_enabled":true,"jetpack_shortlink":"https:\/\/wp.me\/pe6lTn-pGK","_links":{"self":[{"href":"https:\/\/www.visit-ulcinj.com\/blog\/wp-json\/wp\/v2\/posts\/98750"}],"collection":[{"href":"https:\/\/www.visit-ulcinj.com\/blog\/wp-json\/wp\/v2\/posts"}],"about":[{"href":"https:\/\/www.visit-ulcinj.com\/blog\/wp-json\/wp\/v2\/types\/post"}],"author":[{"embeddable":true,"href":"https:\/\/www.visit-ulcinj.com\/blog\/wp-json\/wp\/v2\/users\/1"}],"replies":[{"embeddable":true,"href":"https:\/\/www.visit-ulcinj.com\/blog\/wp-json\/wp\/v2\/comments?post=98750"}],"version-history":[{"count":1,"href":"https:\/\/www.visit-ulcinj.com\/blog\/wp-json\/wp\/v2\/posts\/98750\/revisions"}],"predecessor-version":[{"id":98752,"href":"https:\/\/www.visit-ulcinj.com\/blog\/wp-json\/wp\/v2\/posts\/98750\/revisions\/98752"}],"wp:attachment":[{"href":"https:\/\/www.visit-ulcinj.com\/blog\/wp-json\/wp\/v2\/media?parent=98750"}],"wp:term":[{"taxonomy":"category","embeddable":true,"href":"https:\/\/www.visit-ulcinj.com\/blog\/wp-json\/wp\/v2\/categories?post=98750"},{"taxonomy":"post_tag","embeddable":true,"href":"https:\/\/www.visit-ulcinj.com\/blog\/wp-json\/wp\/v2\/tags?post=98750"}],"curies":[{"name":"wp","href":"https:\/\/api.w.org\/{rel}","templated":true}]}}