{"id":98753,"date":"2016-07-29T13:20:48","date_gmt":"2016-07-29T12:20:48","guid":{"rendered":"http:\/\/www.visit-ulcinj.com\/blog\/?p=98753"},"modified":"2016-07-29T13:20:48","modified_gmt":"2016-07-29T12:20:48","slug":"balkan-dance-2016-ulcinj-od-06-07-avgusta","status":"publish","type":"post","link":"https:\/\/www.visit-ulcinj.com\/blog\/2016\/07\/29\/balkan-dance-2016-ulcinj-od-06-07-avgusta\/","title":{"rendered":"Balkan Dance 2016, Ulcinj od 06 do 07.avgusta"},"content":{"rendered":"<p><strong><a href=\"http:\/\/www.visit-ulcinj.com\/blog\/wp-content\/uploads\/2016\/07\/Balkan-Dance-Ulqin-Ulcinj-Montenegro.jpg\"><img loading=\"lazy\" class=\"alignleft wp-image-98751\" src=\"http:\/\/www.visit-ulcinj.com\/blog\/wp-content\/uploads\/2016\/07\/Balkan-Dance-Ulqin-Ulcinj-Montenegro.jpg\" alt=\"Balkan Dance-Ulqin-Ulcinj-Montenegro\" width=\"508\" height=\"231\" \/><\/a>Balkan Dance 2016<\/strong><\/p>\n<p>U Ulcinju u periodu od 06 do 07.avgusta 2016.godine, Balkan Dance ce u saradnji sa Turisti\u010dkom Organizacijom Ulcinj \u00a0organizovati Balkan dance festival koji \u0107e se odr\u017eati na pla\u017ei Copacabana na Velikoj pla\u017ei. Smatramo da \u0107e ovaj doga\u0111aj biti od izuzetnog zna\u010daja za unapre\u0111enje turisti\u010dke ponude grada Ulcinja, a u sklopu festivala na kojem \u0107e nastupati najve\u0107e muzi\u010dke zvijezde iz zemlje i regiona kao \u0161to su Aco Pajovi\u0107, Sa\u0161a Mati\u0107, Sars i jo\u0161 nekoliko doma\u0107ih i stranih Dj-eva, planira se i organizovanje turnira fudbala na pijesku pod nazivom Balkan beach soccer.<\/p>\n<p>Ovaj festival \u0107e zna\u010dajno doprinjeti da se Ulcinj pozicionira jo\u0161 vi\u0161e na mapi prolje\u0107nih i ljetnjih turisti\u010dkih ponuda i doga\u0111aja.<\/p>\n<p><strong>Copacabana, Velika pla\u017ea, Ulcinj 2016<\/strong><\/p>\n<!--YouTube Error: bad URL entered-->\n","protected":false},"excerpt":{"rendered":"<p>Balkan Dance 2016 U Ulcinju u periodu od 06 do 07.avgusta 2016.godine, Balkan Dance ce u saradnji sa Turisti\u010dkom Organizacijom Ulcinj \u00a0organizovati Balkan dance festival koji \u0107e se odr\u017eati na pla\u017ei Copacabana na Velikoj pla\u017ei. Smatramo da \u0107e ovaj doga\u0111aj biti od izuzetnog zna\u010daja za unapre\u0111enje turisti\u010dke ponude grada Ulcinja, a u sklopu festivala na [&hellip;]<\/p>\n","protected":false},"author":1,"featured_media":0,"comment_status":"closed","ping_status":"closed","sticky":false,"template":"","format":"standard","meta":{"spay_email":"","jetpack_publicize_message":"","jetpack_is_tweetstorm":false,"jetpack_publicize_feature_enabled":true},"categories":[8337],"tags":[],"jetpack_publicize_connections":[],"yoast_head":"<!-- This site is optimized with the Yoast SEO plugin v19.1 - https:\/\/yoast.com\/wordpress\/plugins\/seo\/ -->\n<title>Balkan Dance 2016, Ulcinj od 06 do 07.avgusta - Lajme nga Ulqini<\/title>\n<meta name=\"description\" content=\"Balkan Dance 2016 U Ulcinju u periodu od 06 do 07.avgusta 2016.godine, Balkan Dance ce u saradnji sa Turisti\u010dkom Organizacijom Ulcinj \u00a0organizovati Balkan\" \/>\n<meta name=\"robots\" content=\"index, follow, max-snippet:-1, max-image-preview:large, max-video-preview:-1\" \/>\n<link rel=\"canonical\" href=\"https:\/\/www.visit-ulcinj.com\/blog\/2016\/07\/29\/balkan-dance-2016-ulcinj-od-06-07-avgusta\/\" \/>\n<meta property=\"og:locale\" content=\"en_US\" \/>\n<meta property=\"og:type\" content=\"article\" \/>\n<meta property=\"og:title\" content=\"Balkan Dance 2016, Ulcinj od 06 do 07.avgusta - Lajme nga Ulqini\" \/>\n<meta property=\"og:description\" content=\"Balkan Dance 2016 U Ulcinju u periodu od 06 do 07.avgusta 2016.godine, Balkan Dance ce u saradnji sa Turisti\u010dkom Organizacijom Ulcinj \u00a0organizovati Balkan\" \/>\n<meta property=\"og:url\" content=\"https:\/\/www.visit-ulcinj.com\/blog\/2016\/07\/29\/balkan-dance-2016-ulcinj-od-06-07-avgusta\/\" \/>\n<meta property=\"og:site_name\" content=\"Lajme nga Ulqini\" \/>\n<meta property=\"article:published_time\" content=\"2016-07-29T12:20:48+00:00\" \/>\n<meta property=\"og:image\" content=\"http:\/\/www.visit-ulcinj.com\/blog\/wp-content\/uploads\/2016\/07\/Balkan-Dance-Ulqin-Ulcinj-Montenegro.jpg\" \/>\n<meta name=\"twitter:label1\" content=\"Written by\" \/>\n\t<meta name=\"twitter:data1\" content=\"ulqini\" \/>\n\t<meta name=\"twitter:label2\" content=\"Est. reading time\" \/>\n\t<meta name=\"twitter:data2\" content=\"1 minute\" \/>\n<script type=\"application\/ld+json\" class=\"yoast-schema-graph\">{\"@context\":\"https:\/\/schema.org\",\"@graph\":[{\"@type\":\"WebSite\",\"@id\":\"https:\/\/www.visit-ulcinj.com\/blog\/#website\",\"url\":\"https:\/\/www.visit-ulcinj.com\/blog\/\",\"name\":\"Lajme nga Ulqini\",\"description\":\"Lajme,Vijesti,Ulqini,Ulqin,Crna Gora,Mali i Zi\",\"potentialAction\":[{\"@type\":\"SearchAction\",\"target\":{\"@type\":\"EntryPoint\",\"urlTemplate\":\"https:\/\/www.visit-ulcinj.com\/blog\/?s={search_term_string}\"},\"query-input\":\"required name=search_term_string\"}],\"inLanguage\":\"en-US\"},{\"@type\":\"ImageObject\",\"inLanguage\":\"en-US\",\"@id\":\"https:\/\/www.visit-ulcinj.com\/blog\/2016\/07\/29\/balkan-dance-2016-ulcinj-od-06-07-avgusta\/#primaryimage\",\"url\":\"http:\/\/www.visit-ulcinj.com\/blog\/wp-content\/uploads\/2016\/07\/Balkan-Dance-Ulqin-Ulcinj-Montenegro.jpg\",\"contentUrl\":\"http:\/\/www.visit-ulcinj.com\/blog\/wp-content\/uploads\/2016\/07\/Balkan-Dance-Ulqin-Ulcinj-Montenegro.jpg\"},{\"@type\":\"WebPage\",\"@id\":\"https:\/\/www.visit-ulcinj.com\/blog\/2016\/07\/29\/balkan-dance-2016-ulcinj-od-06-07-avgusta\/#webpage\",\"url\":\"https:\/\/www.visit-ulcinj.com\/blog\/2016\/07\/29\/balkan-dance-2016-ulcinj-od-06-07-avgusta\/\",\"name\":\"Balkan Dance 2016, Ulcinj od 06 do 07.avgusta - Lajme nga Ulqini\",\"isPartOf\":{\"@id\":\"https:\/\/www.visit-ulcinj.com\/blog\/#website\"},\"primaryImageOfPage\":{\"@id\":\"https:\/\/www.visit-ulcinj.com\/blog\/2016\/07\/29\/balkan-dance-2016-ulcinj-od-06-07-avgusta\/#primaryimage\"},\"datePublished\":\"2016-07-29T12:20:48+00:00\",\"dateModified\":\"2016-07-29T12:20:48+00:00\",\"author\":{\"@id\":\"https:\/\/www.visit-ulcinj.com\/blog\/#\/schema\/person\/dcab619c614d3038751c63bc2aadc06d\"},\"description\":\"Balkan Dance 2016 U Ulcinju u periodu od 06 do 07.avgusta 2016.godine, Balkan Dance ce u saradnji sa Turisti\u010dkom Organizacijom Ulcinj \u00a0organizovati Balkan\",\"breadcrumb\":{\"@id\":\"https:\/\/www.visit-ulcinj.com\/blog\/2016\/07\/29\/balkan-dance-2016-ulcinj-od-06-07-avgusta\/#breadcrumb\"},\"inLanguage\":\"en-US\",\"potentialAction\":[{\"@type\":\"ReadAction\",\"target\":[\"https:\/\/www.visit-ulcinj.com\/blog\/2016\/07\/29\/balkan-dance-2016-ulcinj-od-06-07-avgusta\/\"]}]},{\"@type\":\"BreadcrumbList\",\"@id\":\"https:\/\/www.visit-ulcinj.com\/blog\/2016\/07\/29\/balkan-dance-2016-ulcinj-od-06-07-avgusta\/#breadcrumb\",\"itemListElement\":[{\"@type\":\"ListItem\",\"position\":1,\"name\":\"Balkan Dance 2016, Ulcinj od 06 do 07.avgusta\"}]},{\"@type\":\"Person\",\"@id\":\"https:\/\/www.visit-ulcinj.com\/blog\/#\/schema\/person\/dcab619c614d3038751c63bc2aadc06d\",\"name\":\"ulqini\",\"sameAs\":[\"http:\/\/www.visit-ulcinj.com\"],\"url\":\"https:\/\/www.visit-ulcinj.com\/blog\/author\/admin\/\"}]}<\/script>\n<!-- \/ Yoast SEO plugin. -->","yoast_head_json":{"title":"Balkan Dance 2016, Ulcinj od 06 do 07.avgusta - Lajme nga Ulqini","description":"Balkan Dance 2016 U Ulcinju u periodu od 06 do 07.avgusta 2016.godine, Balkan Dance ce u saradnji sa Turisti\u010dkom Organizacijom Ulcinj \u00a0organizovati Balkan","robots":{"index":"index","follow":"follow","max-snippet":"max-snippet:-1","max-image-preview":"max-image-preview:large","max-video-preview":"max-video-preview:-1"},"canonical":"https:\/\/www.visit-ulcinj.com\/blog\/2016\/07\/29\/balkan-dance-2016-ulcinj-od-06-07-avgusta\/","og_locale":"en_US","og_type":"article","og_title":"Balkan Dance 2016, Ulcinj od 06 do 07.avgusta - Lajme nga Ulqini","og_description":"Balkan Dance 2016 U Ulcinju u periodu od 06 do 07.avgusta 2016.godine, Balkan Dance ce u saradnji sa Turisti\u010dkom Organizacijom Ulcinj \u00a0organizovati Balkan","og_url":"https:\/\/www.visit-ulcinj.com\/blog\/2016\/07\/29\/balkan-dance-2016-ulcinj-od-06-07-avgusta\/","og_site_name":"Lajme nga Ulqini","article_published_time":"2016-07-29T12:20:48+00:00","og_image":[{"url":"http:\/\/www.visit-ulcinj.com\/blog\/wp-content\/uploads\/2016\/07\/Balkan-Dance-Ulqin-Ulcinj-Montenegro.jpg"}],"twitter_misc":{"Written by":"ulqini","Est. reading time":"1 minute"},"schema":{"@context":"https:\/\/schema.org","@graph":[{"@type":"WebSite","@id":"https:\/\/www.visit-ulcinj.com\/blog\/#website","url":"https:\/\/www.visit-ulcinj.com\/blog\/","name":"Lajme nga Ulqini","description":"Lajme,Vijesti,Ulqini,Ulqin,Crna Gora,Mali i Zi","potentialAction":[{"@type":"SearchAction","target":{"@type":"EntryPoint","urlTemplate":"https:\/\/www.visit-ulcinj.com\/blog\/?s={search_term_string}"},"query-input":"required name=search_term_string"}],"inLanguage":"en-US"},{"@type":"ImageObject","inLanguage":"en-US","@id":"https:\/\/www.visit-ulcinj.com\/blog\/2016\/07\/29\/balkan-dance-2016-ulcinj-od-06-07-avgusta\/#primaryimage","url":"http:\/\/www.visit-ulcinj.com\/blog\/wp-content\/uploads\/2016\/07\/Balkan-Dance-Ulqin-Ulcinj-Montenegro.jpg","contentUrl":"http:\/\/www.visit-ulcinj.com\/blog\/wp-content\/uploads\/2016\/07\/Balkan-Dance-Ulqin-Ulcinj-Montenegro.jpg"},{"@type":"WebPage","@id":"https:\/\/www.visit-ulcinj.com\/blog\/2016\/07\/29\/balkan-dance-2016-ulcinj-od-06-07-avgusta\/#webpage","url":"https:\/\/www.visit-ulcinj.com\/blog\/2016\/07\/29\/balkan-dance-2016-ulcinj-od-06-07-avgusta\/","name":"Balkan Dance 2016, Ulcinj od 06 do 07.avgusta - Lajme nga Ulqini","isPartOf":{"@id":"https:\/\/www.visit-ulcinj.com\/blog\/#website"},"primaryImageOfPage":{"@id":"https:\/\/www.visit-ulcinj.com\/blog\/2016\/07\/29\/balkan-dance-2016-ulcinj-od-06-07-avgusta\/#primaryimage"},"datePublished":"2016-07-29T12:20:48+00:00","dateModified":"2016-07-29T12:20:48+00:00","author":{"@id":"https:\/\/www.visit-ulcinj.com\/blog\/#\/schema\/person\/dcab619c614d3038751c63bc2aadc06d"},"description":"Balkan Dance 2016 U Ulcinju u periodu od 06 do 07.avgusta 2016.godine, Balkan Dance ce u saradnji sa Turisti\u010dkom Organizacijom Ulcinj \u00a0organizovati Balkan","breadcrumb":{"@id":"https:\/\/www.visit-ulcinj.com\/blog\/2016\/07\/29\/balkan-dance-2016-ulcinj-od-06-07-avgusta\/#breadcrumb"},"inLanguage":"en-US","potentialAction":[{"@type":"ReadAction","target":["https:\/\/www.visit-ulcinj.com\/blog\/2016\/07\/29\/balkan-dance-2016-ulcinj-od-06-07-avgusta\/"]}]},{"@type":"BreadcrumbList","@id":"https:\/\/www.visit-ulcinj.com\/blog\/2016\/07\/29\/balkan-dance-2016-ulcinj-od-06-07-avgusta\/#breadcrumb","itemListElement":[{"@type":"ListItem","position":1,"name":"Balkan Dance 2016, Ulcinj od 06 do 07.avgusta"}]},{"@type":"Person","@id":"https:\/\/www.visit-ulcinj.com\/blog\/#\/schema\/person\/dcab619c614d3038751c63bc2aadc06d","name":"ulqini","sameAs":["http:\/\/www.visit-ulcinj.com"],"url":"https:\/\/www.visit-ulcinj.com\/blog\/author\/admin\/"}]}},"jetpack_featured_media_url":"","jetpack_sharing_enabled":true,"jetpack_shortlink":"https:\/\/wp.me\/pe6lTn-pGN","_links":{"self":[{"href":"https:\/\/www.visit-ulcinj.com\/blog\/wp-json\/wp\/v2\/posts\/98753"}],"collection":[{"href":"https:\/\/www.visit-ulcinj.com\/blog\/wp-json\/wp\/v2\/posts"}],"about":[{"href":"https:\/\/www.visit-ulcinj.com\/blog\/wp-json\/wp\/v2\/types\/post"}],"author":[{"embeddable":true,"href":"https:\/\/www.visit-ulcinj.com\/blog\/wp-json\/wp\/v2\/users\/1"}],"replies":[{"embeddable":true,"href":"https:\/\/www.visit-ulcinj.com\/blog\/wp-json\/wp\/v2\/comments?post=98753"}],"version-history":[{"count":1,"href":"https:\/\/www.visit-ulcinj.com\/blog\/wp-json\/wp\/v2\/posts\/98753\/revisions"}],"predecessor-version":[{"id":98754,"href":"https:\/\/www.visit-ulcinj.com\/blog\/wp-json\/wp\/v2\/posts\/98753\/revisions\/98754"}],"wp:attachment":[{"href":"https:\/\/www.visit-ulcinj.com\/blog\/wp-json\/wp\/v2\/media?parent=98753"}],"wp:term":[{"taxonomy":"category","embeddable":true,"href":"https:\/\/www.visit-ulcinj.com\/blog\/wp-json\/wp\/v2\/categories?post=98753"},{"taxonomy":"post_tag","embeddable":true,"href":"https:\/\/www.visit-ulcinj.com\/blog\/wp-json\/wp\/v2\/tags?post=98753"}],"curies":[{"name":"wp","href":"https:\/\/api.w.org\/{rel}","templated":true}]}}