{"id":98755,"date":"2016-07-29T13:26:51","date_gmt":"2016-07-29T12:26:51","guid":{"rendered":"http:\/\/www.visit-ulcinj.com\/blog\/?p=98755"},"modified":"2016-07-29T13:26:51","modified_gmt":"2016-07-29T12:26:51","slug":"panairi-artizaneve-ne-ulqin-03-06-08-2016","status":"publish","type":"post","link":"https:\/\/www.visit-ulcinj.com\/blog\/2016\/07\/29\/panairi-artizaneve-ne-ulqin-03-06-08-2016\/","title":{"rendered":"Panairi i artizan\u00ebve n\u00eb Ulqin m\u00eb 03-06.08.2016"},"content":{"rendered":"<p><a href=\"http:\/\/www.visit-ulcinj.com\/blog\/wp-content\/uploads\/2016\/07\/Shoqata-e-artist\u00ebve-dhe-artizan\u00ebve-Globus-Art-ne-Ulqin.jpg\"><img loading=\"lazy\" class=\"alignleft wp-image-98756\" src=\"http:\/\/www.visit-ulcinj.com\/blog\/wp-content\/uploads\/2016\/07\/Shoqata-e-artist\u00ebve-dhe-artizan\u00ebve-Globus-Art-ne-Ulqin.jpg\" alt=\"Shoqata e artist\u00ebve dhe artizan\u00ebve Globus Art ne Ulqin\" width=\"508\" height=\"245\" srcset=\"https:\/\/www.visit-ulcinj.com\/blog\/wp-content\/uploads\/2016\/07\/Shoqata-e-artist\u00ebve-dhe-artizan\u00ebve-Globus-Art-ne-Ulqin.jpg 1000w, https:\/\/www.visit-ulcinj.com\/blog\/wp-content\/uploads\/2016\/07\/Shoqata-e-artist\u00ebve-dhe-artizan\u00ebve-Globus-Art-ne-Ulqin-300x145.jpg 300w, https:\/\/www.visit-ulcinj.com\/blog\/wp-content\/uploads\/2016\/07\/Shoqata-e-artist\u00ebve-dhe-artizan\u00ebve-Globus-Art-ne-Ulqin-768x370.jpg 768w\" sizes=\"(max-width: 508px) 100vw, 508px\" \/><\/a>Shoqata e artist\u00ebve dhe artizan\u00ebve Globus Art nga Ulqini n\u00eb bashk\u00ebpunim me Organizat\u00ebn Turistike t\u00eb Ulqinit do t\u00eb organizojn\u00eb panairin e IV nd\u00ebrkomb\u00ebtar t\u00eb artizan\u00ebve n\u00eb Plazhin e vog\u00ebl prej 3 deri me 6 gusht 2016. N\u00eb k\u00ebt\u00eb eveniment do t\u00eb prezantohen t\u00eb gjitha fushat artizanale dhe artet vizuale. Q\u00ebllimi i k\u00ebtij panairi \u00ebsht\u00eb rritja e pesh\u00ebs dhe vler\u00ebs s\u00eb Ulqinit dhe promovimi i ofert\u00ebs turistike n\u00eb k\u00ebto dit\u00eb verore.<\/p>\n<p>Hapja solemne do t\u00eb b\u00ebhet n\u00eb Plazhin e vog\u00ebl me 03 gusht kurse panairi do t\u00eb zgjas\u00eb prej or\u00ebs 16.00 deri n\u00eb or\u00ebt e vona t\u00eb mbr\u00ebmjes.<\/p>\n<p>Ju mirepresim,<\/p>\n","protected":false},"excerpt":{"rendered":"<p>Shoqata e artist\u00ebve dhe artizan\u00ebve Globus Art nga Ulqini n\u00eb bashk\u00ebpunim me Organizat\u00ebn Turistike t\u00eb Ulqinit do t\u00eb organizojn\u00eb panairin e IV nd\u00ebrkomb\u00ebtar t\u00eb artizan\u00ebve n\u00eb Plazhin e vog\u00ebl prej 3 deri me 6 gusht 2016. N\u00eb k\u00ebt\u00eb eveniment do t\u00eb prezantohen t\u00eb gjitha fushat artizanale dhe artet vizuale. Q\u00ebllimi i k\u00ebtij panairi \u00ebsht\u00eb rritja [&hellip;]<\/p>\n","protected":false},"author":1,"featured_media":0,"comment_status":"closed","ping_status":"closed","sticky":false,"template":"","format":"standard","meta":{"spay_email":"","jetpack_publicize_message":"","jetpack_is_tweetstorm":false,"jetpack_publicize_feature_enabled":true},"categories":[12],"tags":[],"jetpack_publicize_connections":[],"yoast_head":"<!-- This site is optimized with the Yoast SEO plugin v19.1 - https:\/\/yoast.com\/wordpress\/plugins\/seo\/ -->\n<title>Panairi i artizan\u00ebve n\u00eb Ulqin m\u00eb 03-06.08.2016 - Lajme nga Ulqini<\/title>\n<meta name=\"description\" content=\"Shoqata e artist\u00ebve dhe artizan\u00ebve Globus Art nga Ulqini n\u00eb bashk\u00ebpunim me Organizat\u00ebn Turistike t\u00eb Ulqinit do t\u00eb organizojn\u00eb panairin e IV nd\u00ebrkomb\u00ebtar\" \/>\n<meta name=\"robots\" content=\"index, follow, max-snippet:-1, max-image-preview:large, max-video-preview:-1\" \/>\n<link rel=\"canonical\" href=\"https:\/\/www.visit-ulcinj.com\/blog\/2016\/07\/29\/panairi-artizaneve-ne-ulqin-03-06-08-2016\/\" \/>\n<meta property=\"og:locale\" content=\"en_US\" \/>\n<meta property=\"og:type\" content=\"article\" \/>\n<meta property=\"og:title\" content=\"Panairi i artizan\u00ebve n\u00eb Ulqin m\u00eb 03-06.08.2016 - Lajme nga Ulqini\" \/>\n<meta property=\"og:description\" content=\"Shoqata e artist\u00ebve dhe artizan\u00ebve Globus Art nga Ulqini n\u00eb bashk\u00ebpunim me Organizat\u00ebn Turistike t\u00eb Ulqinit do t\u00eb organizojn\u00eb panairin e IV nd\u00ebrkomb\u00ebtar\" \/>\n<meta property=\"og:url\" content=\"https:\/\/www.visit-ulcinj.com\/blog\/2016\/07\/29\/panairi-artizaneve-ne-ulqin-03-06-08-2016\/\" \/>\n<meta property=\"og:site_name\" content=\"Lajme nga Ulqini\" \/>\n<meta property=\"article:published_time\" content=\"2016-07-29T12:26:51+00:00\" \/>\n<meta name=\"twitter:label1\" content=\"Written by\" \/>\n\t<meta name=\"twitter:data1\" content=\"ulqini\" \/>\n\t<meta name=\"twitter:label2\" content=\"Est. reading time\" \/>\n\t<meta name=\"twitter:data2\" content=\"1 minute\" \/>\n<script type=\"application\/ld+json\" class=\"yoast-schema-graph\">{\"@context\":\"https:\/\/schema.org\",\"@graph\":[{\"@type\":\"WebSite\",\"@id\":\"https:\/\/www.visit-ulcinj.com\/blog\/#website\",\"url\":\"https:\/\/www.visit-ulcinj.com\/blog\/\",\"name\":\"Lajme nga Ulqini\",\"description\":\"Lajme,Vijesti,Ulqini,Ulqin,Crna Gora,Mali i Zi\",\"potentialAction\":[{\"@type\":\"SearchAction\",\"target\":{\"@type\":\"EntryPoint\",\"urlTemplate\":\"https:\/\/www.visit-ulcinj.com\/blog\/?s={search_term_string}\"},\"query-input\":\"required name=search_term_string\"}],\"inLanguage\":\"en-US\"},{\"@type\":\"WebPage\",\"@id\":\"https:\/\/www.visit-ulcinj.com\/blog\/2016\/07\/29\/panairi-artizaneve-ne-ulqin-03-06-08-2016\/#webpage\",\"url\":\"https:\/\/www.visit-ulcinj.com\/blog\/2016\/07\/29\/panairi-artizaneve-ne-ulqin-03-06-08-2016\/\",\"name\":\"Panairi i artizan\u00ebve n\u00eb Ulqin m\u00eb 03-06.08.2016 - Lajme nga Ulqini\",\"isPartOf\":{\"@id\":\"https:\/\/www.visit-ulcinj.com\/blog\/#website\"},\"datePublished\":\"2016-07-29T12:26:51+00:00\",\"dateModified\":\"2016-07-29T12:26:51+00:00\",\"author\":{\"@id\":\"https:\/\/www.visit-ulcinj.com\/blog\/#\/schema\/person\/dcab619c614d3038751c63bc2aadc06d\"},\"description\":\"Shoqata e artist\u00ebve dhe artizan\u00ebve Globus Art nga Ulqini n\u00eb bashk\u00ebpunim me Organizat\u00ebn Turistike t\u00eb Ulqinit do t\u00eb organizojn\u00eb panairin e IV nd\u00ebrkomb\u00ebtar\",\"breadcrumb\":{\"@id\":\"https:\/\/www.visit-ulcinj.com\/blog\/2016\/07\/29\/panairi-artizaneve-ne-ulqin-03-06-08-2016\/#breadcrumb\"},\"inLanguage\":\"en-US\",\"potentialAction\":[{\"@type\":\"ReadAction\",\"target\":[\"https:\/\/www.visit-ulcinj.com\/blog\/2016\/07\/29\/panairi-artizaneve-ne-ulqin-03-06-08-2016\/\"]}]},{\"@type\":\"BreadcrumbList\",\"@id\":\"https:\/\/www.visit-ulcinj.com\/blog\/2016\/07\/29\/panairi-artizaneve-ne-ulqin-03-06-08-2016\/#breadcrumb\",\"itemListElement\":[{\"@type\":\"ListItem\",\"position\":1,\"name\":\"Panairi i artizan\u00ebve n\u00eb Ulqin m\u00eb 03-06.08.2016\"}]},{\"@type\":\"Person\",\"@id\":\"https:\/\/www.visit-ulcinj.com\/blog\/#\/schema\/person\/dcab619c614d3038751c63bc2aadc06d\",\"name\":\"ulqini\",\"sameAs\":[\"http:\/\/www.visit-ulcinj.com\"],\"url\":\"https:\/\/www.visit-ulcinj.com\/blog\/author\/admin\/\"}]}<\/script>\n<!-- \/ Yoast SEO plugin. -->","yoast_head_json":{"title":"Panairi i artizan\u00ebve n\u00eb Ulqin m\u00eb 03-06.08.2016 - Lajme nga Ulqini","description":"Shoqata e artist\u00ebve dhe artizan\u00ebve Globus Art nga Ulqini n\u00eb bashk\u00ebpunim me Organizat\u00ebn Turistike t\u00eb Ulqinit do t\u00eb organizojn\u00eb panairin e IV nd\u00ebrkomb\u00ebtar","robots":{"index":"index","follow":"follow","max-snippet":"max-snippet:-1","max-image-preview":"max-image-preview:large","max-video-preview":"max-video-preview:-1"},"canonical":"https:\/\/www.visit-ulcinj.com\/blog\/2016\/07\/29\/panairi-artizaneve-ne-ulqin-03-06-08-2016\/","og_locale":"en_US","og_type":"article","og_title":"Panairi i artizan\u00ebve n\u00eb Ulqin m\u00eb 03-06.08.2016 - Lajme nga Ulqini","og_description":"Shoqata e artist\u00ebve dhe artizan\u00ebve Globus Art nga Ulqini n\u00eb bashk\u00ebpunim me Organizat\u00ebn Turistike t\u00eb Ulqinit do t\u00eb organizojn\u00eb panairin e IV nd\u00ebrkomb\u00ebtar","og_url":"https:\/\/www.visit-ulcinj.com\/blog\/2016\/07\/29\/panairi-artizaneve-ne-ulqin-03-06-08-2016\/","og_site_name":"Lajme nga Ulqini","article_published_time":"2016-07-29T12:26:51+00:00","twitter_misc":{"Written by":"ulqini","Est. reading time":"1 minute"},"schema":{"@context":"https:\/\/schema.org","@graph":[{"@type":"WebSite","@id":"https:\/\/www.visit-ulcinj.com\/blog\/#website","url":"https:\/\/www.visit-ulcinj.com\/blog\/","name":"Lajme nga Ulqini","description":"Lajme,Vijesti,Ulqini,Ulqin,Crna Gora,Mali i Zi","potentialAction":[{"@type":"SearchAction","target":{"@type":"EntryPoint","urlTemplate":"https:\/\/www.visit-ulcinj.com\/blog\/?s={search_term_string}"},"query-input":"required name=search_term_string"}],"inLanguage":"en-US"},{"@type":"WebPage","@id":"https:\/\/www.visit-ulcinj.com\/blog\/2016\/07\/29\/panairi-artizaneve-ne-ulqin-03-06-08-2016\/#webpage","url":"https:\/\/www.visit-ulcinj.com\/blog\/2016\/07\/29\/panairi-artizaneve-ne-ulqin-03-06-08-2016\/","name":"Panairi i artizan\u00ebve n\u00eb Ulqin m\u00eb 03-06.08.2016 - Lajme nga Ulqini","isPartOf":{"@id":"https:\/\/www.visit-ulcinj.com\/blog\/#website"},"datePublished":"2016-07-29T12:26:51+00:00","dateModified":"2016-07-29T12:26:51+00:00","author":{"@id":"https:\/\/www.visit-ulcinj.com\/blog\/#\/schema\/person\/dcab619c614d3038751c63bc2aadc06d"},"description":"Shoqata e artist\u00ebve dhe artizan\u00ebve Globus Art nga Ulqini n\u00eb bashk\u00ebpunim me Organizat\u00ebn Turistike t\u00eb Ulqinit do t\u00eb organizojn\u00eb panairin e IV nd\u00ebrkomb\u00ebtar","breadcrumb":{"@id":"https:\/\/www.visit-ulcinj.com\/blog\/2016\/07\/29\/panairi-artizaneve-ne-ulqin-03-06-08-2016\/#breadcrumb"},"inLanguage":"en-US","potentialAction":[{"@type":"ReadAction","target":["https:\/\/www.visit-ulcinj.com\/blog\/2016\/07\/29\/panairi-artizaneve-ne-ulqin-03-06-08-2016\/"]}]},{"@type":"BreadcrumbList","@id":"https:\/\/www.visit-ulcinj.com\/blog\/2016\/07\/29\/panairi-artizaneve-ne-ulqin-03-06-08-2016\/#breadcrumb","itemListElement":[{"@type":"ListItem","position":1,"name":"Panairi i artizan\u00ebve n\u00eb Ulqin m\u00eb 03-06.08.2016"}]},{"@type":"Person","@id":"https:\/\/www.visit-ulcinj.com\/blog\/#\/schema\/person\/dcab619c614d3038751c63bc2aadc06d","name":"ulqini","sameAs":["http:\/\/www.visit-ulcinj.com"],"url":"https:\/\/www.visit-ulcinj.com\/blog\/author\/admin\/"}]}},"jetpack_featured_media_url":"","jetpack_sharing_enabled":true,"jetpack_shortlink":"https:\/\/wp.me\/pe6lTn-pGP","_links":{"self":[{"href":"https:\/\/www.visit-ulcinj.com\/blog\/wp-json\/wp\/v2\/posts\/98755"}],"collection":[{"href":"https:\/\/www.visit-ulcinj.com\/blog\/wp-json\/wp\/v2\/posts"}],"about":[{"href":"https:\/\/www.visit-ulcinj.com\/blog\/wp-json\/wp\/v2\/types\/post"}],"author":[{"embeddable":true,"href":"https:\/\/www.visit-ulcinj.com\/blog\/wp-json\/wp\/v2\/users\/1"}],"replies":[{"embeddable":true,"href":"https:\/\/www.visit-ulcinj.com\/blog\/wp-json\/wp\/v2\/comments?post=98755"}],"version-history":[{"count":1,"href":"https:\/\/www.visit-ulcinj.com\/blog\/wp-json\/wp\/v2\/posts\/98755\/revisions"}],"predecessor-version":[{"id":98757,"href":"https:\/\/www.visit-ulcinj.com\/blog\/wp-json\/wp\/v2\/posts\/98755\/revisions\/98757"}],"wp:attachment":[{"href":"https:\/\/www.visit-ulcinj.com\/blog\/wp-json\/wp\/v2\/media?parent=98755"}],"wp:term":[{"taxonomy":"category","embeddable":true,"href":"https:\/\/www.visit-ulcinj.com\/blog\/wp-json\/wp\/v2\/categories?post=98755"},{"taxonomy":"post_tag","embeddable":true,"href":"https:\/\/www.visit-ulcinj.com\/blog\/wp-json\/wp\/v2\/tags?post=98755"}],"curies":[{"name":"wp","href":"https:\/\/api.w.org\/{rel}","templated":true}]}}