{"id":98758,"date":"2016-07-29T13:28:53","date_gmt":"2016-07-29T12:28:53","guid":{"rendered":"http:\/\/www.visit-ulcinj.com\/blog\/?p=98758"},"modified":"2016-07-29T13:28:53","modified_gmt":"2016-07-29T12:28:53","slug":"sajam-domace-radinosti-u-ulcinj-03-06-08-2016","status":"publish","type":"post","link":"https:\/\/www.visit-ulcinj.com\/blog\/2016\/07\/29\/sajam-domace-radinosti-u-ulcinj-03-06-08-2016\/","title":{"rendered":"Sajam doma\u0107e radinosti u Ulcinj 03-06.08.2016"},"content":{"rendered":"<p><a href=\"http:\/\/www.visit-ulcinj.com\/blog\/wp-content\/uploads\/2016\/07\/Shoqata-e-artist\u00ebve-dhe-artizan\u00ebve-Globus-Art-ne-Ulqin.jpg\"><img loading=\"lazy\" class=\"alignleft wp-image-98756\" src=\"http:\/\/www.visit-ulcinj.com\/blog\/wp-content\/uploads\/2016\/07\/Shoqata-e-artist\u00ebve-dhe-artizan\u00ebve-Globus-Art-ne-Ulqin.jpg\" alt=\"Shoqata e artist\u00ebve dhe artizan\u00ebve Globus Art ne Ulqin\" width=\"508\" height=\"245\" srcset=\"https:\/\/www.visit-ulcinj.com\/blog\/wp-content\/uploads\/2016\/07\/Shoqata-e-artist\u00ebve-dhe-artizan\u00ebve-Globus-Art-ne-Ulqin.jpg 1000w, https:\/\/www.visit-ulcinj.com\/blog\/wp-content\/uploads\/2016\/07\/Shoqata-e-artist\u00ebve-dhe-artizan\u00ebve-Globus-Art-ne-Ulqin-300x145.jpg 300w, https:\/\/www.visit-ulcinj.com\/blog\/wp-content\/uploads\/2016\/07\/Shoqata-e-artist\u00ebve-dhe-artizan\u00ebve-Globus-Art-ne-Ulqin-768x370.jpg 768w\" sizes=\"(max-width: 508px) 100vw, 508px\" \/><\/a>Udru\u017eenje Globus Art iz Ulcinja \u0107e u saradnji sa Turisti\u010dkom Organizacijom Ulcinj, organizovati IV me\u0111unarodni sajam doma\u0107e radinosti na Maloj pla\u017ei od 03 do 06.avgusta 2016.godine. Na ovom sajmu \u0107e u\u010destvovati veliki broj izlaga\u010da raznih profila, koji \u0107e predstaviti svoje radove svim posjetiocima grada u ovom periodu. Cilj ovog sajma jeste oboga\u0107ivanje turisti\u010dke ponude Ulcinja u ovim ljetnjim danima.<\/p>\n<p>Sve\u010dano otvaranje sajma \u0107e biti 03.avgusta, a sajam \u0107e biti otvoren od 16.00h do kasnih ve\u010dernjih sati.<\/p>\n<p>Dobro do\u0161li,<\/p>\n","protected":false},"excerpt":{"rendered":"<p>Udru\u017eenje Globus Art iz Ulcinja \u0107e u saradnji sa Turisti\u010dkom Organizacijom Ulcinj, organizovati IV me\u0111unarodni sajam doma\u0107e radinosti na Maloj pla\u017ei od 03 do 06.avgusta 2016.godine. Na ovom sajmu \u0107e u\u010destvovati veliki broj izlaga\u010da raznih profila, koji \u0107e predstaviti svoje radove svim posjetiocima grada u ovom periodu. Cilj ovog sajma jeste oboga\u0107ivanje turisti\u010dke ponude Ulcinja [&hellip;]<\/p>\n","protected":false},"author":1,"featured_media":0,"comment_status":"closed","ping_status":"closed","sticky":false,"template":"","format":"standard","meta":{"spay_email":"","jetpack_publicize_message":"","jetpack_is_tweetstorm":false,"jetpack_publicize_feature_enabled":true},"categories":[6950],"tags":[],"jetpack_publicize_connections":[],"yoast_head":"<!-- This site is optimized with the Yoast SEO plugin v19.1 - https:\/\/yoast.com\/wordpress\/plugins\/seo\/ -->\n<title>Sajam doma\u0107e radinosti u Ulcinj 03-06.08.2016 - Lajme nga Ulqini<\/title>\n<meta name=\"description\" content=\"Udru\u017eenje Globus Art iz Ulcinja \u0107e u saradnji sa Turisti\u010dkom Organizacijom Ulcinj, organizovati IV me\u0111unarodni sajam doma\u0107e radinosti na Maloj pla\u017ei od 03\" \/>\n<meta name=\"robots\" content=\"index, follow, max-snippet:-1, max-image-preview:large, max-video-preview:-1\" \/>\n<link rel=\"canonical\" href=\"https:\/\/www.visit-ulcinj.com\/blog\/2016\/07\/29\/sajam-domace-radinosti-u-ulcinj-03-06-08-2016\/\" \/>\n<meta property=\"og:locale\" content=\"en_US\" \/>\n<meta property=\"og:type\" content=\"article\" \/>\n<meta property=\"og:title\" content=\"Sajam doma\u0107e radinosti u Ulcinj 03-06.08.2016 - Lajme nga Ulqini\" \/>\n<meta property=\"og:description\" content=\"Udru\u017eenje Globus Art iz Ulcinja \u0107e u saradnji sa Turisti\u010dkom Organizacijom Ulcinj, organizovati IV me\u0111unarodni sajam doma\u0107e radinosti na Maloj pla\u017ei od 03\" \/>\n<meta property=\"og:url\" content=\"https:\/\/www.visit-ulcinj.com\/blog\/2016\/07\/29\/sajam-domace-radinosti-u-ulcinj-03-06-08-2016\/\" \/>\n<meta property=\"og:site_name\" content=\"Lajme nga Ulqini\" \/>\n<meta property=\"article:published_time\" content=\"2016-07-29T12:28:53+00:00\" \/>\n<meta name=\"twitter:label1\" content=\"Written by\" \/>\n\t<meta name=\"twitter:data1\" content=\"ulqini\" \/>\n<script type=\"application\/ld+json\" class=\"yoast-schema-graph\">{\"@context\":\"https:\/\/schema.org\",\"@graph\":[{\"@type\":\"WebSite\",\"@id\":\"https:\/\/www.visit-ulcinj.com\/blog\/#website\",\"url\":\"https:\/\/www.visit-ulcinj.com\/blog\/\",\"name\":\"Lajme nga Ulqini\",\"description\":\"Lajme,Vijesti,Ulqini,Ulqin,Crna Gora,Mali i Zi\",\"potentialAction\":[{\"@type\":\"SearchAction\",\"target\":{\"@type\":\"EntryPoint\",\"urlTemplate\":\"https:\/\/www.visit-ulcinj.com\/blog\/?s={search_term_string}\"},\"query-input\":\"required name=search_term_string\"}],\"inLanguage\":\"en-US\"},{\"@type\":\"WebPage\",\"@id\":\"https:\/\/www.visit-ulcinj.com\/blog\/2016\/07\/29\/sajam-domace-radinosti-u-ulcinj-03-06-08-2016\/#webpage\",\"url\":\"https:\/\/www.visit-ulcinj.com\/blog\/2016\/07\/29\/sajam-domace-radinosti-u-ulcinj-03-06-08-2016\/\",\"name\":\"Sajam doma\u0107e radinosti u Ulcinj 03-06.08.2016 - Lajme nga Ulqini\",\"isPartOf\":{\"@id\":\"https:\/\/www.visit-ulcinj.com\/blog\/#website\"},\"datePublished\":\"2016-07-29T12:28:53+00:00\",\"dateModified\":\"2016-07-29T12:28:53+00:00\",\"author\":{\"@id\":\"https:\/\/www.visit-ulcinj.com\/blog\/#\/schema\/person\/dcab619c614d3038751c63bc2aadc06d\"},\"description\":\"Udru\u017eenje Globus Art iz Ulcinja \u0107e u saradnji sa Turisti\u010dkom Organizacijom Ulcinj, organizovati IV me\u0111unarodni sajam doma\u0107e radinosti na Maloj pla\u017ei od 03\",\"breadcrumb\":{\"@id\":\"https:\/\/www.visit-ulcinj.com\/blog\/2016\/07\/29\/sajam-domace-radinosti-u-ulcinj-03-06-08-2016\/#breadcrumb\"},\"inLanguage\":\"en-US\",\"potentialAction\":[{\"@type\":\"ReadAction\",\"target\":[\"https:\/\/www.visit-ulcinj.com\/blog\/2016\/07\/29\/sajam-domace-radinosti-u-ulcinj-03-06-08-2016\/\"]}]},{\"@type\":\"BreadcrumbList\",\"@id\":\"https:\/\/www.visit-ulcinj.com\/blog\/2016\/07\/29\/sajam-domace-radinosti-u-ulcinj-03-06-08-2016\/#breadcrumb\",\"itemListElement\":[{\"@type\":\"ListItem\",\"position\":1,\"name\":\"Sajam doma\u0107e radinosti u Ulcinj 03-06.08.2016\"}]},{\"@type\":\"Person\",\"@id\":\"https:\/\/www.visit-ulcinj.com\/blog\/#\/schema\/person\/dcab619c614d3038751c63bc2aadc06d\",\"name\":\"ulqini\",\"sameAs\":[\"http:\/\/www.visit-ulcinj.com\"],\"url\":\"https:\/\/www.visit-ulcinj.com\/blog\/author\/admin\/\"}]}<\/script>\n<!-- \/ Yoast SEO plugin. -->","yoast_head_json":{"title":"Sajam doma\u0107e radinosti u Ulcinj 03-06.08.2016 - Lajme nga Ulqini","description":"Udru\u017eenje Globus Art iz Ulcinja \u0107e u saradnji sa Turisti\u010dkom Organizacijom Ulcinj, organizovati IV me\u0111unarodni sajam doma\u0107e radinosti na Maloj pla\u017ei od 03","robots":{"index":"index","follow":"follow","max-snippet":"max-snippet:-1","max-image-preview":"max-image-preview:large","max-video-preview":"max-video-preview:-1"},"canonical":"https:\/\/www.visit-ulcinj.com\/blog\/2016\/07\/29\/sajam-domace-radinosti-u-ulcinj-03-06-08-2016\/","og_locale":"en_US","og_type":"article","og_title":"Sajam doma\u0107e radinosti u Ulcinj 03-06.08.2016 - Lajme nga Ulqini","og_description":"Udru\u017eenje Globus Art iz Ulcinja \u0107e u saradnji sa Turisti\u010dkom Organizacijom Ulcinj, organizovati IV me\u0111unarodni sajam doma\u0107e radinosti na Maloj pla\u017ei od 03","og_url":"https:\/\/www.visit-ulcinj.com\/blog\/2016\/07\/29\/sajam-domace-radinosti-u-ulcinj-03-06-08-2016\/","og_site_name":"Lajme nga Ulqini","article_published_time":"2016-07-29T12:28:53+00:00","twitter_misc":{"Written by":"ulqini"},"schema":{"@context":"https:\/\/schema.org","@graph":[{"@type":"WebSite","@id":"https:\/\/www.visit-ulcinj.com\/blog\/#website","url":"https:\/\/www.visit-ulcinj.com\/blog\/","name":"Lajme nga Ulqini","description":"Lajme,Vijesti,Ulqini,Ulqin,Crna Gora,Mali i Zi","potentialAction":[{"@type":"SearchAction","target":{"@type":"EntryPoint","urlTemplate":"https:\/\/www.visit-ulcinj.com\/blog\/?s={search_term_string}"},"query-input":"required name=search_term_string"}],"inLanguage":"en-US"},{"@type":"WebPage","@id":"https:\/\/www.visit-ulcinj.com\/blog\/2016\/07\/29\/sajam-domace-radinosti-u-ulcinj-03-06-08-2016\/#webpage","url":"https:\/\/www.visit-ulcinj.com\/blog\/2016\/07\/29\/sajam-domace-radinosti-u-ulcinj-03-06-08-2016\/","name":"Sajam doma\u0107e radinosti u Ulcinj 03-06.08.2016 - Lajme nga Ulqini","isPartOf":{"@id":"https:\/\/www.visit-ulcinj.com\/blog\/#website"},"datePublished":"2016-07-29T12:28:53+00:00","dateModified":"2016-07-29T12:28:53+00:00","author":{"@id":"https:\/\/www.visit-ulcinj.com\/blog\/#\/schema\/person\/dcab619c614d3038751c63bc2aadc06d"},"description":"Udru\u017eenje Globus Art iz Ulcinja \u0107e u saradnji sa Turisti\u010dkom Organizacijom Ulcinj, organizovati IV me\u0111unarodni sajam doma\u0107e radinosti na Maloj pla\u017ei od 03","breadcrumb":{"@id":"https:\/\/www.visit-ulcinj.com\/blog\/2016\/07\/29\/sajam-domace-radinosti-u-ulcinj-03-06-08-2016\/#breadcrumb"},"inLanguage":"en-US","potentialAction":[{"@type":"ReadAction","target":["https:\/\/www.visit-ulcinj.com\/blog\/2016\/07\/29\/sajam-domace-radinosti-u-ulcinj-03-06-08-2016\/"]}]},{"@type":"BreadcrumbList","@id":"https:\/\/www.visit-ulcinj.com\/blog\/2016\/07\/29\/sajam-domace-radinosti-u-ulcinj-03-06-08-2016\/#breadcrumb","itemListElement":[{"@type":"ListItem","position":1,"name":"Sajam doma\u0107e radinosti u Ulcinj 03-06.08.2016"}]},{"@type":"Person","@id":"https:\/\/www.visit-ulcinj.com\/blog\/#\/schema\/person\/dcab619c614d3038751c63bc2aadc06d","name":"ulqini","sameAs":["http:\/\/www.visit-ulcinj.com"],"url":"https:\/\/www.visit-ulcinj.com\/blog\/author\/admin\/"}]}},"jetpack_featured_media_url":"","jetpack_sharing_enabled":true,"jetpack_shortlink":"https:\/\/wp.me\/pe6lTn-pGS","_links":{"self":[{"href":"https:\/\/www.visit-ulcinj.com\/blog\/wp-json\/wp\/v2\/posts\/98758"}],"collection":[{"href":"https:\/\/www.visit-ulcinj.com\/blog\/wp-json\/wp\/v2\/posts"}],"about":[{"href":"https:\/\/www.visit-ulcinj.com\/blog\/wp-json\/wp\/v2\/types\/post"}],"author":[{"embeddable":true,"href":"https:\/\/www.visit-ulcinj.com\/blog\/wp-json\/wp\/v2\/users\/1"}],"replies":[{"embeddable":true,"href":"https:\/\/www.visit-ulcinj.com\/blog\/wp-json\/wp\/v2\/comments?post=98758"}],"version-history":[{"count":1,"href":"https:\/\/www.visit-ulcinj.com\/blog\/wp-json\/wp\/v2\/posts\/98758\/revisions"}],"predecessor-version":[{"id":98759,"href":"https:\/\/www.visit-ulcinj.com\/blog\/wp-json\/wp\/v2\/posts\/98758\/revisions\/98759"}],"wp:attachment":[{"href":"https:\/\/www.visit-ulcinj.com\/blog\/wp-json\/wp\/v2\/media?parent=98758"}],"wp:term":[{"taxonomy":"category","embeddable":true,"href":"https:\/\/www.visit-ulcinj.com\/blog\/wp-json\/wp\/v2\/categories?post=98758"},{"taxonomy":"post_tag","embeddable":true,"href":"https:\/\/www.visit-ulcinj.com\/blog\/wp-json\/wp\/v2\/tags?post=98758"}],"curies":[{"name":"wp","href":"https:\/\/api.w.org\/{rel}","templated":true}]}}