{"id":98764,"date":"2016-07-29T13:40:11","date_gmt":"2016-07-29T12:40:11","guid":{"rendered":"http:\/\/www.visit-ulcinj.com\/blog\/?p=98764"},"modified":"2016-07-29T13:40:11","modified_gmt":"2016-07-29T12:40:11","slug":"nenkryetarja-e-komunes-hadixha-gjoni-takon-shefin-e-fondacionit-gjerman","status":"publish","type":"post","link":"https:\/\/www.visit-ulcinj.com\/blog\/2016\/07\/29\/nenkryetarja-e-komunes-hadixha-gjoni-takon-shefin-e-fondacionit-gjerman\/","title":{"rendered":"N\u00ebnkryetarja e Komun\u00ebs Hadixha Gjoni takon shefin e fondacionit gjerman"},"content":{"rendered":"<p><a href=\"http:\/\/www.visit-ulcinj.com\/blog\/wp-content\/uploads\/2016\/07\/Hadixha-Gjoni-takon-shefin-e-fondacionit-gjerman.jpg\"><img loading=\"lazy\" class=\"alignleft wp-image-98765\" src=\"http:\/\/www.visit-ulcinj.com\/blog\/wp-content\/uploads\/2016\/07\/Hadixha-Gjoni-takon-shefin-e-fondacionit-gjerman.jpg\" alt=\"Hadixha Gjoni takon shefin e fondacionit gjerman\" width=\"508\" height=\"305\" srcset=\"https:\/\/www.visit-ulcinj.com\/blog\/wp-content\/uploads\/2016\/07\/Hadixha-Gjoni-takon-shefin-e-fondacionit-gjerman.jpg 480w, https:\/\/www.visit-ulcinj.com\/blog\/wp-content\/uploads\/2016\/07\/Hadixha-Gjoni-takon-shefin-e-fondacionit-gjerman-300x180.jpg 300w\" sizes=\"(max-width: 508px) 100vw, 508px\" \/><\/a>Drejtori i Fondacionit t\u00eb njohur gjerman \u201eKonrad Adenauer Stiftung\u201c p\u00ebr Serbi dhe Mal t\u00eb Zi, Norbert Beckmana Dierkes, ka q\u00ebndruar sot n\u00eb vizit\u00eb pune n\u00eb Ulqin, raporton portali Ul.info.<\/p>\n<p>Ai me k\u00ebt\u00eb rast \u00ebsht\u00eb takuar me n\u00ebnkryetar\u00ebn e Komun\u00ebs Hadixha Gjonin me t\u00eb cil\u00ebn ka biseduar p\u00ebr situat\u00ebn aktuale politike dhe ekonomike n\u00eb k\u00ebt\u00eb komun\u00eb, m\u00ebnyr\u00ebn e funksionimit t\u00eb administrat\u00ebs lokale, si dhe p\u00ebr mund\u00ebsist\u00eb e bashk\u00ebpunimit t\u00eb k\u00ebtij fondacion me Komun\u00ebn e Ulqinit.<\/p>\n<p>Me k\u00ebrkes\u00eb t\u00eb mysafirit t\u00eb nderuar, Gjoni organizoi vizit\u00ebn e Kripores.<\/p>\n<p>Fondacioni Konrad Adenauer \u00ebsht\u00eb i af\u00ebrt me partin\u00eb CDU t\u00eb kancelares Angela Merkel. Ka mbi 70 zyra n\u00eb bot\u00eb dhe realizon projekte n\u00eb mbi 120 shtete.<\/p>\n<p>&nbsp;<\/p>\n","protected":false},"excerpt":{"rendered":"<p>Drejtori i Fondacionit t\u00eb njohur gjerman \u201eKonrad Adenauer Stiftung\u201c p\u00ebr Serbi dhe Mal t\u00eb Zi, Norbert Beckmana Dierkes, ka q\u00ebndruar sot n\u00eb vizit\u00eb pune n\u00eb Ulqin, raporton portali Ul.info. Ai me k\u00ebt\u00eb rast \u00ebsht\u00eb takuar me n\u00ebnkryetar\u00ebn e Komun\u00ebs Hadixha Gjonin me t\u00eb cil\u00ebn ka biseduar p\u00ebr situat\u00ebn aktuale politike dhe ekonomike n\u00eb k\u00ebt\u00eb komun\u00eb, [&hellip;]<\/p>\n","protected":false},"author":1,"featured_media":0,"comment_status":"closed","ping_status":"closed","sticky":false,"template":"","format":"standard","meta":{"spay_email":"","jetpack_publicize_message":"","jetpack_is_tweetstorm":false,"jetpack_publicize_feature_enabled":true},"categories":[6950],"tags":[],"jetpack_publicize_connections":[],"yoast_head":"<!-- This site is optimized with the Yoast SEO plugin v19.1 - https:\/\/yoast.com\/wordpress\/plugins\/seo\/ -->\n<title>N\u00ebnkryetarja e Komun\u00ebs Hadixha Gjoni takon shefin e fondacionit gjerman - Lajme nga Ulqini<\/title>\n<meta name=\"description\" content=\"Drejtori i Fondacionit t\u00eb njohur gjerman \u201eKonrad Adenauer Stiftung\u201c p\u00ebr Serbi dhe Mal t\u00eb Zi, Norbert Beckmana Dierkes, ka q\u00ebndruar sot n\u00eb vizit\u00eb pune n\u00eb\" \/>\n<meta name=\"robots\" content=\"index, follow, max-snippet:-1, max-image-preview:large, max-video-preview:-1\" \/>\n<link rel=\"canonical\" href=\"https:\/\/www.visit-ulcinj.com\/blog\/2016\/07\/29\/nenkryetarja-e-komunes-hadixha-gjoni-takon-shefin-e-fondacionit-gjerman\/\" \/>\n<meta property=\"og:locale\" content=\"en_US\" \/>\n<meta property=\"og:type\" content=\"article\" \/>\n<meta property=\"og:title\" content=\"N\u00ebnkryetarja e Komun\u00ebs Hadixha Gjoni takon shefin e fondacionit gjerman - Lajme nga Ulqini\" \/>\n<meta property=\"og:description\" content=\"Drejtori i Fondacionit t\u00eb njohur gjerman \u201eKonrad Adenauer Stiftung\u201c p\u00ebr Serbi dhe Mal t\u00eb Zi, Norbert Beckmana Dierkes, ka q\u00ebndruar sot n\u00eb vizit\u00eb pune n\u00eb\" \/>\n<meta property=\"og:url\" content=\"https:\/\/www.visit-ulcinj.com\/blog\/2016\/07\/29\/nenkryetarja-e-komunes-hadixha-gjoni-takon-shefin-e-fondacionit-gjerman\/\" \/>\n<meta property=\"og:site_name\" content=\"Lajme nga Ulqini\" \/>\n<meta property=\"article:published_time\" content=\"2016-07-29T12:40:11+00:00\" \/>\n<meta property=\"og:image\" content=\"http:\/\/www.visit-ulcinj.com\/blog\/wp-content\/uploads\/2016\/07\/Hadixha-Gjoni-takon-shefin-e-fondacionit-gjerman.jpg\" \/>\n<meta name=\"twitter:label1\" content=\"Written by\" \/>\n\t<meta name=\"twitter:data1\" content=\"ulqini\" \/>\n\t<meta name=\"twitter:label2\" content=\"Est. reading time\" \/>\n\t<meta name=\"twitter:data2\" content=\"1 minute\" \/>\n<script type=\"application\/ld+json\" class=\"yoast-schema-graph\">{\"@context\":\"https:\/\/schema.org\",\"@graph\":[{\"@type\":\"WebSite\",\"@id\":\"https:\/\/www.visit-ulcinj.com\/blog\/#website\",\"url\":\"https:\/\/www.visit-ulcinj.com\/blog\/\",\"name\":\"Lajme nga Ulqini\",\"description\":\"Lajme,Vijesti,Ulqini,Ulqin,Crna Gora,Mali i Zi\",\"potentialAction\":[{\"@type\":\"SearchAction\",\"target\":{\"@type\":\"EntryPoint\",\"urlTemplate\":\"https:\/\/www.visit-ulcinj.com\/blog\/?s={search_term_string}\"},\"query-input\":\"required name=search_term_string\"}],\"inLanguage\":\"en-US\"},{\"@type\":\"ImageObject\",\"inLanguage\":\"en-US\",\"@id\":\"https:\/\/www.visit-ulcinj.com\/blog\/2016\/07\/29\/nenkryetarja-e-komunes-hadixha-gjoni-takon-shefin-e-fondacionit-gjerman\/#primaryimage\",\"url\":\"https:\/\/www.visit-ulcinj.com\/blog\/wp-content\/uploads\/2016\/07\/Hadixha-Gjoni-takon-shefin-e-fondacionit-gjerman.jpg\",\"contentUrl\":\"https:\/\/www.visit-ulcinj.com\/blog\/wp-content\/uploads\/2016\/07\/Hadixha-Gjoni-takon-shefin-e-fondacionit-gjerman.jpg\",\"width\":480,\"height\":288},{\"@type\":\"WebPage\",\"@id\":\"https:\/\/www.visit-ulcinj.com\/blog\/2016\/07\/29\/nenkryetarja-e-komunes-hadixha-gjoni-takon-shefin-e-fondacionit-gjerman\/#webpage\",\"url\":\"https:\/\/www.visit-ulcinj.com\/blog\/2016\/07\/29\/nenkryetarja-e-komunes-hadixha-gjoni-takon-shefin-e-fondacionit-gjerman\/\",\"name\":\"N\u00ebnkryetarja e Komun\u00ebs Hadixha Gjoni takon shefin e fondacionit gjerman - Lajme nga Ulqini\",\"isPartOf\":{\"@id\":\"https:\/\/www.visit-ulcinj.com\/blog\/#website\"},\"primaryImageOfPage\":{\"@id\":\"https:\/\/www.visit-ulcinj.com\/blog\/2016\/07\/29\/nenkryetarja-e-komunes-hadixha-gjoni-takon-shefin-e-fondacionit-gjerman\/#primaryimage\"},\"datePublished\":\"2016-07-29T12:40:11+00:00\",\"dateModified\":\"2016-07-29T12:40:11+00:00\",\"author\":{\"@id\":\"https:\/\/www.visit-ulcinj.com\/blog\/#\/schema\/person\/dcab619c614d3038751c63bc2aadc06d\"},\"description\":\"Drejtori i Fondacionit t\u00eb njohur gjerman \u201eKonrad Adenauer Stiftung\u201c p\u00ebr Serbi dhe Mal t\u00eb Zi, Norbert Beckmana Dierkes, ka q\u00ebndruar sot n\u00eb vizit\u00eb pune n\u00eb\",\"breadcrumb\":{\"@id\":\"https:\/\/www.visit-ulcinj.com\/blog\/2016\/07\/29\/nenkryetarja-e-komunes-hadixha-gjoni-takon-shefin-e-fondacionit-gjerman\/#breadcrumb\"},\"inLanguage\":\"en-US\",\"potentialAction\":[{\"@type\":\"ReadAction\",\"target\":[\"https:\/\/www.visit-ulcinj.com\/blog\/2016\/07\/29\/nenkryetarja-e-komunes-hadixha-gjoni-takon-shefin-e-fondacionit-gjerman\/\"]}]},{\"@type\":\"BreadcrumbList\",\"@id\":\"https:\/\/www.visit-ulcinj.com\/blog\/2016\/07\/29\/nenkryetarja-e-komunes-hadixha-gjoni-takon-shefin-e-fondacionit-gjerman\/#breadcrumb\",\"itemListElement\":[{\"@type\":\"ListItem\",\"position\":1,\"name\":\"N\u00ebnkryetarja e Komun\u00ebs Hadixha Gjoni takon shefin e fondacionit gjerman\"}]},{\"@type\":\"Person\",\"@id\":\"https:\/\/www.visit-ulcinj.com\/blog\/#\/schema\/person\/dcab619c614d3038751c63bc2aadc06d\",\"name\":\"ulqini\",\"sameAs\":[\"http:\/\/www.visit-ulcinj.com\"],\"url\":\"https:\/\/www.visit-ulcinj.com\/blog\/author\/admin\/\"}]}<\/script>\n<!-- \/ Yoast SEO plugin. -->","yoast_head_json":{"title":"N\u00ebnkryetarja e Komun\u00ebs Hadixha Gjoni takon shefin e fondacionit gjerman - Lajme nga Ulqini","description":"Drejtori i Fondacionit t\u00eb njohur gjerman \u201eKonrad Adenauer Stiftung\u201c p\u00ebr Serbi dhe Mal t\u00eb Zi, Norbert Beckmana Dierkes, ka q\u00ebndruar sot n\u00eb vizit\u00eb pune n\u00eb","robots":{"index":"index","follow":"follow","max-snippet":"max-snippet:-1","max-image-preview":"max-image-preview:large","max-video-preview":"max-video-preview:-1"},"canonical":"https:\/\/www.visit-ulcinj.com\/blog\/2016\/07\/29\/nenkryetarja-e-komunes-hadixha-gjoni-takon-shefin-e-fondacionit-gjerman\/","og_locale":"en_US","og_type":"article","og_title":"N\u00ebnkryetarja e Komun\u00ebs Hadixha Gjoni takon shefin e fondacionit gjerman - Lajme nga Ulqini","og_description":"Drejtori i Fondacionit t\u00eb njohur gjerman \u201eKonrad Adenauer Stiftung\u201c p\u00ebr Serbi dhe Mal t\u00eb Zi, Norbert Beckmana Dierkes, ka q\u00ebndruar sot n\u00eb vizit\u00eb pune n\u00eb","og_url":"https:\/\/www.visit-ulcinj.com\/blog\/2016\/07\/29\/nenkryetarja-e-komunes-hadixha-gjoni-takon-shefin-e-fondacionit-gjerman\/","og_site_name":"Lajme nga Ulqini","article_published_time":"2016-07-29T12:40:11+00:00","og_image":[{"url":"http:\/\/www.visit-ulcinj.com\/blog\/wp-content\/uploads\/2016\/07\/Hadixha-Gjoni-takon-shefin-e-fondacionit-gjerman.jpg"}],"twitter_misc":{"Written by":"ulqini","Est. reading time":"1 minute"},"schema":{"@context":"https:\/\/schema.org","@graph":[{"@type":"WebSite","@id":"https:\/\/www.visit-ulcinj.com\/blog\/#website","url":"https:\/\/www.visit-ulcinj.com\/blog\/","name":"Lajme nga Ulqini","description":"Lajme,Vijesti,Ulqini,Ulqin,Crna Gora,Mali i Zi","potentialAction":[{"@type":"SearchAction","target":{"@type":"EntryPoint","urlTemplate":"https:\/\/www.visit-ulcinj.com\/blog\/?s={search_term_string}"},"query-input":"required name=search_term_string"}],"inLanguage":"en-US"},{"@type":"ImageObject","inLanguage":"en-US","@id":"https:\/\/www.visit-ulcinj.com\/blog\/2016\/07\/29\/nenkryetarja-e-komunes-hadixha-gjoni-takon-shefin-e-fondacionit-gjerman\/#primaryimage","url":"https:\/\/www.visit-ulcinj.com\/blog\/wp-content\/uploads\/2016\/07\/Hadixha-Gjoni-takon-shefin-e-fondacionit-gjerman.jpg","contentUrl":"https:\/\/www.visit-ulcinj.com\/blog\/wp-content\/uploads\/2016\/07\/Hadixha-Gjoni-takon-shefin-e-fondacionit-gjerman.jpg","width":480,"height":288},{"@type":"WebPage","@id":"https:\/\/www.visit-ulcinj.com\/blog\/2016\/07\/29\/nenkryetarja-e-komunes-hadixha-gjoni-takon-shefin-e-fondacionit-gjerman\/#webpage","url":"https:\/\/www.visit-ulcinj.com\/blog\/2016\/07\/29\/nenkryetarja-e-komunes-hadixha-gjoni-takon-shefin-e-fondacionit-gjerman\/","name":"N\u00ebnkryetarja e Komun\u00ebs Hadixha Gjoni takon shefin e fondacionit gjerman - Lajme nga Ulqini","isPartOf":{"@id":"https:\/\/www.visit-ulcinj.com\/blog\/#website"},"primaryImageOfPage":{"@id":"https:\/\/www.visit-ulcinj.com\/blog\/2016\/07\/29\/nenkryetarja-e-komunes-hadixha-gjoni-takon-shefin-e-fondacionit-gjerman\/#primaryimage"},"datePublished":"2016-07-29T12:40:11+00:00","dateModified":"2016-07-29T12:40:11+00:00","author":{"@id":"https:\/\/www.visit-ulcinj.com\/blog\/#\/schema\/person\/dcab619c614d3038751c63bc2aadc06d"},"description":"Drejtori i Fondacionit t\u00eb njohur gjerman \u201eKonrad Adenauer Stiftung\u201c p\u00ebr Serbi dhe Mal t\u00eb Zi, Norbert Beckmana Dierkes, ka q\u00ebndruar sot n\u00eb vizit\u00eb pune n\u00eb","breadcrumb":{"@id":"https:\/\/www.visit-ulcinj.com\/blog\/2016\/07\/29\/nenkryetarja-e-komunes-hadixha-gjoni-takon-shefin-e-fondacionit-gjerman\/#breadcrumb"},"inLanguage":"en-US","potentialAction":[{"@type":"ReadAction","target":["https:\/\/www.visit-ulcinj.com\/blog\/2016\/07\/29\/nenkryetarja-e-komunes-hadixha-gjoni-takon-shefin-e-fondacionit-gjerman\/"]}]},{"@type":"BreadcrumbList","@id":"https:\/\/www.visit-ulcinj.com\/blog\/2016\/07\/29\/nenkryetarja-e-komunes-hadixha-gjoni-takon-shefin-e-fondacionit-gjerman\/#breadcrumb","itemListElement":[{"@type":"ListItem","position":1,"name":"N\u00ebnkryetarja e Komun\u00ebs Hadixha Gjoni takon shefin e fondacionit gjerman"}]},{"@type":"Person","@id":"https:\/\/www.visit-ulcinj.com\/blog\/#\/schema\/person\/dcab619c614d3038751c63bc2aadc06d","name":"ulqini","sameAs":["http:\/\/www.visit-ulcinj.com"],"url":"https:\/\/www.visit-ulcinj.com\/blog\/author\/admin\/"}]}},"jetpack_featured_media_url":"","jetpack_sharing_enabled":true,"jetpack_shortlink":"https:\/\/wp.me\/pe6lTn-pGY","_links":{"self":[{"href":"https:\/\/www.visit-ulcinj.com\/blog\/wp-json\/wp\/v2\/posts\/98764"}],"collection":[{"href":"https:\/\/www.visit-ulcinj.com\/blog\/wp-json\/wp\/v2\/posts"}],"about":[{"href":"https:\/\/www.visit-ulcinj.com\/blog\/wp-json\/wp\/v2\/types\/post"}],"author":[{"embeddable":true,"href":"https:\/\/www.visit-ulcinj.com\/blog\/wp-json\/wp\/v2\/users\/1"}],"replies":[{"embeddable":true,"href":"https:\/\/www.visit-ulcinj.com\/blog\/wp-json\/wp\/v2\/comments?post=98764"}],"version-history":[{"count":1,"href":"https:\/\/www.visit-ulcinj.com\/blog\/wp-json\/wp\/v2\/posts\/98764\/revisions"}],"predecessor-version":[{"id":98766,"href":"https:\/\/www.visit-ulcinj.com\/blog\/wp-json\/wp\/v2\/posts\/98764\/revisions\/98766"}],"wp:attachment":[{"href":"https:\/\/www.visit-ulcinj.com\/blog\/wp-json\/wp\/v2\/media?parent=98764"}],"wp:term":[{"taxonomy":"category","embeddable":true,"href":"https:\/\/www.visit-ulcinj.com\/blog\/wp-json\/wp\/v2\/categories?post=98764"},{"taxonomy":"post_tag","embeddable":true,"href":"https:\/\/www.visit-ulcinj.com\/blog\/wp-json\/wp\/v2\/tags?post=98764"}],"curies":[{"name":"wp","href":"https:\/\/api.w.org\/{rel}","templated":true}]}}