{"id":98778,"date":"2016-07-29T14:10:56","date_gmt":"2016-07-29T13:10:56","guid":{"rendered":"http:\/\/www.visit-ulcinj.com\/blog\/?p=98778"},"modified":"2016-07-29T14:10:56","modified_gmt":"2016-07-29T13:10:56","slug":"otrant-ulqini-neser-miqesore-vllaznin","status":"publish","type":"post","link":"https:\/\/www.visit-ulcinj.com\/blog\/2016\/07\/29\/otrant-ulqini-neser-miqesore-vllaznin\/","title":{"rendered":"Otrant Ulqini nes\u00ebr miq\u00ebsore me Vllaznin"},"content":{"rendered":"<div><a href=\"http:\/\/www.visit-ulcinj.com\/blog\/wp-content\/uploads\/2016\/07\/Vllaznia-Otrant-Ulqini.jpg\"><img loading=\"lazy\" class=\"alignleft wp-image-98779\" src=\"http:\/\/www.visit-ulcinj.com\/blog\/wp-content\/uploads\/2016\/07\/Vllaznia-Otrant-Ulqini.jpg\" alt=\"Vllaznia-Otrant-Ulqini\" width=\"508\" height=\"327\" srcset=\"https:\/\/www.visit-ulcinj.com\/blog\/wp-content\/uploads\/2016\/07\/Vllaznia-Otrant-Ulqini.jpg 653w, https:\/\/www.visit-ulcinj.com\/blog\/wp-content\/uploads\/2016\/07\/Vllaznia-Otrant-Ulqini-300x193.jpg 300w\" sizes=\"(max-width: 508px) 100vw, 508px\" \/><\/a>N\u00eb p\u00ebrballjen e nes\u00ebrme me Otrant do t\u00eb luaj\u00eb me kuqeblut\u00eb edhe mesfushori kosovar Yll Hoxha. Ai ka mb\u00ebrritur pasditen e s\u00eb enjtes n\u00eb Shkod\u00ebr. Ai konsiderohet nj\u00eb p\u00ebrforcim i r\u00ebnd\u00ebsish\u00ebm p\u00ebr skuadr\u00ebn, por gjithsesi duhet par\u00eb se si do t\u00eb p\u00ebrshtatet me pjes\u00ebn tjet\u00ebr t\u00eb saj.<\/p>\n<\/div>\n<div>\n<div>T\u00eb shtun\u00ebn pasdite, ekipi i Vllaznis\u00eb do t\u00eb zhvilloj\u00eb nj\u00eb tjet\u00ebr ndeshje miq\u00ebsore. K\u00ebt\u00eb her\u00eb p\u00ebrball\u00eb saj do t\u00eb jet\u00eb Otrant i Ulqinit. Drejtuesit e t\u00eb dyja klubeve kan\u00eb r\u00ebn\u00eb dakord p\u00ebr zhvillimin e k\u00ebsaj ndeshjeje dhe tashm\u00eb mbetet vet\u00ebm p\u00ebr t\u2019u p\u00ebrcaktuar vendi se ku do t\u00eb luhet. Kjo ngaq\u00eb fillimisht u mendua t\u00eb luhej n\u00eb Ulqin, por gjendja jo e mir\u00eb e fushave st\u00ebrvitore atje ka b\u00ebr\u00eb q\u00eb t\u00eb ekzistoj\u00eb mund\u00ebsia e spostimit t\u00eb saj n\u00eb Shkod\u00ebr. Kjo gj\u00eb do t\u00eb vendoset n\u00eb or\u00ebt n\u00eb vijim, megjithat\u00eb e sigurt\u00eb \u00ebsht\u00eb q\u00eb ndeshja do t\u00eb luhet. Vllaznia deri m\u00eb tani ka zhvilluar tri miq\u00ebsore. T\u00eb par\u00ebn e ka luajtur n\u00eb Tuz, ndaj De\u00e7i\u00e7it, dhe e ka fituar me rezultatin 2-1.<\/p>\n<\/div>\n<div>\n<div>T\u00eb dyt\u00ebn e ka luajtur n\u00eb Tivar, ndaj Mornarit, dhe e ka fituar 1-0, nd\u00ebrsa t\u00eb tret\u00ebn e ka luajtur pasditen e s\u00eb m\u00ebrkur\u00ebs n\u00eb Shkod\u00ebr, ndaj De\u00e7i\u00e7it (ka barazuar 0-0). Tashm\u00eb mbetet p\u00ebr t\u2019u par\u00eb rezultati i k\u00ebsaj ndeshjeje ndaj kund\u00ebrshtarit tjet\u00ebr malazez. N\u00eb p\u00ebrballjen e nes\u00ebrme me Otrant do t\u00eb luaj\u00eb me kuqeblut\u00eb edhe mesfushori kosovar Yll Hoxha. Ai ka mb\u00ebrritur pasditen e s\u00eb enjtes n\u00eb Shkod\u00ebr dhe ka arritur nj\u00eb akord paraprak me drejtuesit e klubit, nd\u00ebrkoh\u00eb q\u00eb n\u00eb dit\u00ebt n\u00eb vijim pritet edhe hedhja e firm\u00ebs n\u00eb kontrat\u00eb, \u00e7ka duket se \u00ebsht\u00eb nj\u00eb formalitet.<\/p>\n<\/div>\n<div>\n<div>Ai konsiderohet nj\u00eb p\u00ebrforcim i r\u00ebnd\u00ebsish\u00ebm p\u00ebr skuadr\u00ebn, por gjithsesi duhet par\u00eb se si do t\u00eb p\u00ebrshtatet me pjes\u00ebn tjet\u00ebr t\u00eb saj. P\u00ebr momentin me kuqeblut\u00eb nuk ka ndonj\u00eb lojtar tjet\u00ebr t\u00eb huaj t\u00eb ardhur p\u00ebr prov\u00eb, sepse t\u00eb gjith\u00eb ata q\u00eb ishin jan\u00eb larguar. Vllaznia, gjithsesi, ka ende nevoj\u00eb p\u00ebr p\u00ebrforcime, sidomos n\u00eb repartin e sulmit, ku ende nuk \u00ebsht\u00eb gjetur njeriu-gol.<\/div>\n<div><strong>Nga Shkodra, Gjergj KOLA<\/strong><\/p>\n<p><strong>Burimi: <a href=\"http:\/\/telesport.al\/vllaznia-neser-miqesore-otrant-te-ulqinit\/\">http:\/\/telesport.al\/<\/a><\/strong><br \/>\n<strong>\u00a9 telesport.al<\/strong><\/div>\n<\/div>\n<\/div>\n<\/div>\n","protected":false},"excerpt":{"rendered":"<p>N\u00eb p\u00ebrballjen e nes\u00ebrme me Otrant do t\u00eb luaj\u00eb me kuqeblut\u00eb edhe mesfushori kosovar Yll Hoxha. Ai ka mb\u00ebrritur pasditen e s\u00eb enjtes n\u00eb Shkod\u00ebr. Ai konsiderohet nj\u00eb p\u00ebrforcim i r\u00ebnd\u00ebsish\u00ebm p\u00ebr skuadr\u00ebn, por gjithsesi duhet par\u00eb se si do t\u00eb p\u00ebrshtatet me pjes\u00ebn tjet\u00ebr t\u00eb saj. T\u00eb shtun\u00ebn pasdite, ekipi i Vllaznis\u00eb do t\u00eb [&hellip;]<\/p>\n","protected":false},"author":1,"featured_media":0,"comment_status":"closed","ping_status":"closed","sticky":false,"template":"","format":"standard","meta":{"spay_email":"","jetpack_publicize_message":"","jetpack_is_tweetstorm":false,"jetpack_publicize_feature_enabled":true},"categories":[3],"tags":[],"jetpack_publicize_connections":[],"yoast_head":"<!-- This site is optimized with the Yoast SEO plugin v19.1 - https:\/\/yoast.com\/wordpress\/plugins\/seo\/ -->\n<title>Otrant Ulqini nes\u00ebr miq\u00ebsore me Vllaznin - Lajme nga Ulqini<\/title>\n<meta name=\"description\" content=\"N\u00eb p\u00ebrballjen e nes\u00ebrme me Otrant do t\u00eb luaj\u00eb me kuqeblut\u00eb edhe mesfushori kosovar Yll Hoxha. Ai ka mb\u00ebrritur pasditen e s\u00eb enjtes n\u00eb Shkod\u00ebr. Ai\" \/>\n<meta name=\"robots\" content=\"index, follow, max-snippet:-1, max-image-preview:large, max-video-preview:-1\" \/>\n<link rel=\"canonical\" href=\"https:\/\/www.visit-ulcinj.com\/blog\/2016\/07\/29\/otrant-ulqini-neser-miqesore-vllaznin\/\" \/>\n<meta property=\"og:locale\" content=\"en_US\" \/>\n<meta property=\"og:type\" content=\"article\" \/>\n<meta property=\"og:title\" content=\"Otrant Ulqini nes\u00ebr miq\u00ebsore me Vllaznin - Lajme nga Ulqini\" \/>\n<meta property=\"og:description\" content=\"N\u00eb p\u00ebrballjen e nes\u00ebrme me Otrant do t\u00eb luaj\u00eb me kuqeblut\u00eb edhe mesfushori kosovar Yll Hoxha. Ai ka mb\u00ebrritur pasditen e s\u00eb enjtes n\u00eb Shkod\u00ebr. Ai\" \/>\n<meta property=\"og:url\" content=\"https:\/\/www.visit-ulcinj.com\/blog\/2016\/07\/29\/otrant-ulqini-neser-miqesore-vllaznin\/\" \/>\n<meta property=\"og:site_name\" content=\"Lajme nga Ulqini\" \/>\n<meta property=\"article:published_time\" content=\"2016-07-29T13:10:56+00:00\" \/>\n<meta property=\"og:image\" content=\"http:\/\/www.visit-ulcinj.com\/blog\/wp-content\/uploads\/2016\/07\/Vllaznia-Otrant-Ulqini.jpg\" \/>\n<meta name=\"twitter:label1\" content=\"Written by\" \/>\n\t<meta name=\"twitter:data1\" content=\"ulqini\" \/>\n\t<meta name=\"twitter:label2\" content=\"Est. reading time\" \/>\n\t<meta name=\"twitter:data2\" content=\"2 minutes\" \/>\n<script type=\"application\/ld+json\" class=\"yoast-schema-graph\">{\"@context\":\"https:\/\/schema.org\",\"@graph\":[{\"@type\":\"WebSite\",\"@id\":\"https:\/\/www.visit-ulcinj.com\/blog\/#website\",\"url\":\"https:\/\/www.visit-ulcinj.com\/blog\/\",\"name\":\"Lajme nga Ulqini\",\"description\":\"Lajme,Vijesti,Ulqini,Ulqin,Crna Gora,Mali i Zi\",\"potentialAction\":[{\"@type\":\"SearchAction\",\"target\":{\"@type\":\"EntryPoint\",\"urlTemplate\":\"https:\/\/www.visit-ulcinj.com\/blog\/?s={search_term_string}\"},\"query-input\":\"required name=search_term_string\"}],\"inLanguage\":\"en-US\"},{\"@type\":\"ImageObject\",\"inLanguage\":\"en-US\",\"@id\":\"https:\/\/www.visit-ulcinj.com\/blog\/2016\/07\/29\/otrant-ulqini-neser-miqesore-vllaznin\/#primaryimage\",\"url\":\"https:\/\/www.visit-ulcinj.com\/blog\/wp-content\/uploads\/2016\/07\/Vllaznia-Otrant-Ulqini.jpg\",\"contentUrl\":\"https:\/\/www.visit-ulcinj.com\/blog\/wp-content\/uploads\/2016\/07\/Vllaznia-Otrant-Ulqini.jpg\",\"width\":653,\"height\":420},{\"@type\":\"WebPage\",\"@id\":\"https:\/\/www.visit-ulcinj.com\/blog\/2016\/07\/29\/otrant-ulqini-neser-miqesore-vllaznin\/#webpage\",\"url\":\"https:\/\/www.visit-ulcinj.com\/blog\/2016\/07\/29\/otrant-ulqini-neser-miqesore-vllaznin\/\",\"name\":\"Otrant Ulqini nes\u00ebr miq\u00ebsore me Vllaznin - Lajme nga Ulqini\",\"isPartOf\":{\"@id\":\"https:\/\/www.visit-ulcinj.com\/blog\/#website\"},\"primaryImageOfPage\":{\"@id\":\"https:\/\/www.visit-ulcinj.com\/blog\/2016\/07\/29\/otrant-ulqini-neser-miqesore-vllaznin\/#primaryimage\"},\"datePublished\":\"2016-07-29T13:10:56+00:00\",\"dateModified\":\"2016-07-29T13:10:56+00:00\",\"author\":{\"@id\":\"https:\/\/www.visit-ulcinj.com\/blog\/#\/schema\/person\/dcab619c614d3038751c63bc2aadc06d\"},\"description\":\"N\u00eb p\u00ebrballjen e nes\u00ebrme me Otrant do t\u00eb luaj\u00eb me kuqeblut\u00eb edhe mesfushori kosovar Yll Hoxha. Ai ka mb\u00ebrritur pasditen e s\u00eb enjtes n\u00eb Shkod\u00ebr. Ai\",\"breadcrumb\":{\"@id\":\"https:\/\/www.visit-ulcinj.com\/blog\/2016\/07\/29\/otrant-ulqini-neser-miqesore-vllaznin\/#breadcrumb\"},\"inLanguage\":\"en-US\",\"potentialAction\":[{\"@type\":\"ReadAction\",\"target\":[\"https:\/\/www.visit-ulcinj.com\/blog\/2016\/07\/29\/otrant-ulqini-neser-miqesore-vllaznin\/\"]}]},{\"@type\":\"BreadcrumbList\",\"@id\":\"https:\/\/www.visit-ulcinj.com\/blog\/2016\/07\/29\/otrant-ulqini-neser-miqesore-vllaznin\/#breadcrumb\",\"itemListElement\":[{\"@type\":\"ListItem\",\"position\":1,\"name\":\"Otrant Ulqini nes\u00ebr miq\u00ebsore me Vllaznin\"}]},{\"@type\":\"Person\",\"@id\":\"https:\/\/www.visit-ulcinj.com\/blog\/#\/schema\/person\/dcab619c614d3038751c63bc2aadc06d\",\"name\":\"ulqini\",\"sameAs\":[\"http:\/\/www.visit-ulcinj.com\"],\"url\":\"https:\/\/www.visit-ulcinj.com\/blog\/author\/admin\/\"}]}<\/script>\n<!-- \/ Yoast SEO plugin. -->","yoast_head_json":{"title":"Otrant Ulqini nes\u00ebr miq\u00ebsore me Vllaznin - Lajme nga Ulqini","description":"N\u00eb p\u00ebrballjen e nes\u00ebrme me Otrant do t\u00eb luaj\u00eb me kuqeblut\u00eb edhe mesfushori kosovar Yll Hoxha. Ai ka mb\u00ebrritur pasditen e s\u00eb enjtes n\u00eb Shkod\u00ebr. Ai","robots":{"index":"index","follow":"follow","max-snippet":"max-snippet:-1","max-image-preview":"max-image-preview:large","max-video-preview":"max-video-preview:-1"},"canonical":"https:\/\/www.visit-ulcinj.com\/blog\/2016\/07\/29\/otrant-ulqini-neser-miqesore-vllaznin\/","og_locale":"en_US","og_type":"article","og_title":"Otrant Ulqini nes\u00ebr miq\u00ebsore me Vllaznin - Lajme nga Ulqini","og_description":"N\u00eb p\u00ebrballjen e nes\u00ebrme me Otrant do t\u00eb luaj\u00eb me kuqeblut\u00eb edhe mesfushori kosovar Yll Hoxha. Ai ka mb\u00ebrritur pasditen e s\u00eb enjtes n\u00eb Shkod\u00ebr. Ai","og_url":"https:\/\/www.visit-ulcinj.com\/blog\/2016\/07\/29\/otrant-ulqini-neser-miqesore-vllaznin\/","og_site_name":"Lajme nga Ulqini","article_published_time":"2016-07-29T13:10:56+00:00","og_image":[{"url":"http:\/\/www.visit-ulcinj.com\/blog\/wp-content\/uploads\/2016\/07\/Vllaznia-Otrant-Ulqini.jpg"}],"twitter_misc":{"Written by":"ulqini","Est. reading time":"2 minutes"},"schema":{"@context":"https:\/\/schema.org","@graph":[{"@type":"WebSite","@id":"https:\/\/www.visit-ulcinj.com\/blog\/#website","url":"https:\/\/www.visit-ulcinj.com\/blog\/","name":"Lajme nga Ulqini","description":"Lajme,Vijesti,Ulqini,Ulqin,Crna Gora,Mali i Zi","potentialAction":[{"@type":"SearchAction","target":{"@type":"EntryPoint","urlTemplate":"https:\/\/www.visit-ulcinj.com\/blog\/?s={search_term_string}"},"query-input":"required name=search_term_string"}],"inLanguage":"en-US"},{"@type":"ImageObject","inLanguage":"en-US","@id":"https:\/\/www.visit-ulcinj.com\/blog\/2016\/07\/29\/otrant-ulqini-neser-miqesore-vllaznin\/#primaryimage","url":"https:\/\/www.visit-ulcinj.com\/blog\/wp-content\/uploads\/2016\/07\/Vllaznia-Otrant-Ulqini.jpg","contentUrl":"https:\/\/www.visit-ulcinj.com\/blog\/wp-content\/uploads\/2016\/07\/Vllaznia-Otrant-Ulqini.jpg","width":653,"height":420},{"@type":"WebPage","@id":"https:\/\/www.visit-ulcinj.com\/blog\/2016\/07\/29\/otrant-ulqini-neser-miqesore-vllaznin\/#webpage","url":"https:\/\/www.visit-ulcinj.com\/blog\/2016\/07\/29\/otrant-ulqini-neser-miqesore-vllaznin\/","name":"Otrant Ulqini nes\u00ebr miq\u00ebsore me Vllaznin - Lajme nga Ulqini","isPartOf":{"@id":"https:\/\/www.visit-ulcinj.com\/blog\/#website"},"primaryImageOfPage":{"@id":"https:\/\/www.visit-ulcinj.com\/blog\/2016\/07\/29\/otrant-ulqini-neser-miqesore-vllaznin\/#primaryimage"},"datePublished":"2016-07-29T13:10:56+00:00","dateModified":"2016-07-29T13:10:56+00:00","author":{"@id":"https:\/\/www.visit-ulcinj.com\/blog\/#\/schema\/person\/dcab619c614d3038751c63bc2aadc06d"},"description":"N\u00eb p\u00ebrballjen e nes\u00ebrme me Otrant do t\u00eb luaj\u00eb me kuqeblut\u00eb edhe mesfushori kosovar Yll Hoxha. Ai ka mb\u00ebrritur pasditen e s\u00eb enjtes n\u00eb Shkod\u00ebr. Ai","breadcrumb":{"@id":"https:\/\/www.visit-ulcinj.com\/blog\/2016\/07\/29\/otrant-ulqini-neser-miqesore-vllaznin\/#breadcrumb"},"inLanguage":"en-US","potentialAction":[{"@type":"ReadAction","target":["https:\/\/www.visit-ulcinj.com\/blog\/2016\/07\/29\/otrant-ulqini-neser-miqesore-vllaznin\/"]}]},{"@type":"BreadcrumbList","@id":"https:\/\/www.visit-ulcinj.com\/blog\/2016\/07\/29\/otrant-ulqini-neser-miqesore-vllaznin\/#breadcrumb","itemListElement":[{"@type":"ListItem","position":1,"name":"Otrant Ulqini nes\u00ebr miq\u00ebsore me Vllaznin"}]},{"@type":"Person","@id":"https:\/\/www.visit-ulcinj.com\/blog\/#\/schema\/person\/dcab619c614d3038751c63bc2aadc06d","name":"ulqini","sameAs":["http:\/\/www.visit-ulcinj.com"],"url":"https:\/\/www.visit-ulcinj.com\/blog\/author\/admin\/"}]}},"jetpack_featured_media_url":"","jetpack_sharing_enabled":true,"jetpack_shortlink":"https:\/\/wp.me\/pe6lTn-pHc","_links":{"self":[{"href":"https:\/\/www.visit-ulcinj.com\/blog\/wp-json\/wp\/v2\/posts\/98778"}],"collection":[{"href":"https:\/\/www.visit-ulcinj.com\/blog\/wp-json\/wp\/v2\/posts"}],"about":[{"href":"https:\/\/www.visit-ulcinj.com\/blog\/wp-json\/wp\/v2\/types\/post"}],"author":[{"embeddable":true,"href":"https:\/\/www.visit-ulcinj.com\/blog\/wp-json\/wp\/v2\/users\/1"}],"replies":[{"embeddable":true,"href":"https:\/\/www.visit-ulcinj.com\/blog\/wp-json\/wp\/v2\/comments?post=98778"}],"version-history":[{"count":1,"href":"https:\/\/www.visit-ulcinj.com\/blog\/wp-json\/wp\/v2\/posts\/98778\/revisions"}],"predecessor-version":[{"id":98780,"href":"https:\/\/www.visit-ulcinj.com\/blog\/wp-json\/wp\/v2\/posts\/98778\/revisions\/98780"}],"wp:attachment":[{"href":"https:\/\/www.visit-ulcinj.com\/blog\/wp-json\/wp\/v2\/media?parent=98778"}],"wp:term":[{"taxonomy":"category","embeddable":true,"href":"https:\/\/www.visit-ulcinj.com\/blog\/wp-json\/wp\/v2\/categories?post=98778"},{"taxonomy":"post_tag","embeddable":true,"href":"https:\/\/www.visit-ulcinj.com\/blog\/wp-json\/wp\/v2\/tags?post=98778"}],"curies":[{"name":"wp","href":"https:\/\/api.w.org\/{rel}","templated":true}]}}