{"id":98784,"date":"2016-07-30T14:32:31","date_gmt":"2016-07-30T13:32:31","guid":{"rendered":"http:\/\/www.visit-ulcinj.com\/blog\/?p=98784"},"modified":"2016-07-31T17:22:43","modified_gmt":"2016-07-31T16:22:43","slug":"pushuar-nga-puna-ali-rexha-50-mije-euro-per-taksapaguesit-e-ulqinit","status":"publish","type":"post","link":"https:\/\/www.visit-ulcinj.com\/blog\/2016\/07\/30\/pushuar-nga-puna-ali-rexha-50-mije-euro-per-taksapaguesit-e-ulqinit\/","title":{"rendered":"I pushuar nga puna, Ali Rexha 50 mij\u00eb euro p\u00ebr taksapaguesit e Ulqinit"},"content":{"rendered":"<p><a href=\"http:\/\/www.visit-ulcinj.com\/blog\/wp-content\/uploads\/2011\/09\/Ali-Redza_Maneger-of-Tourist-Organization-of-Ulcinj_Montenegro1.jpg\"><img loading=\"lazy\" class=\"alignleft wp-image-50679\" src=\"http:\/\/www.visit-ulcinj.com\/blog\/wp-content\/uploads\/2011\/09\/Ali-Redza_Maneger-of-Tourist-Organization-of-Ulcinj_Montenegro1.jpg\" alt=\"Ali-Redza_Maneger-of-Tourist-Organization-of-Ulcinj_Montenegro\" width=\"508\" height=\"584\" srcset=\"https:\/\/www.visit-ulcinj.com\/blog\/wp-content\/uploads\/2011\/09\/Ali-Redza_Maneger-of-Tourist-Organization-of-Ulcinj_Montenegro1.jpg 522w, https:\/\/www.visit-ulcinj.com\/blog\/wp-content\/uploads\/2011\/09\/Ali-Redza_Maneger-of-Tourist-Organization-of-Ulcinj_Montenegro1-261x300.jpg 261w\" sizes=\"(max-width: 508px) 100vw, 508px\" \/><\/a>Ish drejtori i Organizat\u00ebs turistike t\u00eb Ulqinit Ali Rexha \u00ebsht\u00eb shkarkuar n\u00eb m\u00ebnyr\u00eb t\u00eb paligjshme nga ky funksion n\u00eb vitin 2012, vendosi Gjykata themelore n\u00eb Ulqin n\u00eb kontestin i cili \u00ebsht\u00eb b\u00ebr\u00eb n\u00eb mes tij dhe Komun\u00ebs s\u00eb Ulqinit, shkruan \u201cDan\u201d, raporton portali Ul.info.<\/p>\n<p>Gjykata e shpalli t\u00eb pavlefsh\u00ebm vendimin e kryetarit t\u00eb at\u00ebhersh\u00ebm t\u00eb Komun\u00ebs s\u00eb Ulqinit Nazif Cungut prej m\u00eb 2 shkurt t\u00eb vitit 2012 me t\u00eb cilin Rexha u shkarkua nga detyra e drejtorit t\u00eb k\u00ebtij institucion.<\/p>\n<p>\u201cVendimi nuk \u00ebsht\u00eb i prer\u00eb dhe pritet q\u00eb Komuna do t\u00eb ankohet. Mir\u00ebpo, pak mund\u00ebsi ka q\u00eb nga ankesa do t\u00eb ket\u00eb ndonj\u00eb dobi\u201d, vler\u00ebson kjo gazet\u00eb duke theksuar se d\u00ebmi sipas k\u00ebrkes\u00ebs padit\u00ebse do t\u00eb jet\u00eb t\u00eb pakt\u00ebn 50 mij\u00eb euro.<\/p>\n","protected":false},"excerpt":{"rendered":"<p>Ish drejtori i Organizat\u00ebs turistike t\u00eb Ulqinit Ali Rexha \u00ebsht\u00eb shkarkuar n\u00eb m\u00ebnyr\u00eb t\u00eb paligjshme nga ky funksion n\u00eb vitin 2012, vendosi Gjykata themelore n\u00eb Ulqin n\u00eb kontestin i cili \u00ebsht\u00eb b\u00ebr\u00eb n\u00eb mes tij dhe Komun\u00ebs s\u00eb Ulqinit, shkruan \u201cDan\u201d, raporton portali Ul.info. Gjykata e shpalli t\u00eb pavlefsh\u00ebm vendimin e kryetarit t\u00eb at\u00ebhersh\u00ebm t\u00eb [&hellip;]<\/p>\n","protected":false},"author":1,"featured_media":0,"comment_status":"closed","ping_status":"closed","sticky":false,"template":"","format":"standard","meta":{"spay_email":"","jetpack_publicize_message":"","jetpack_is_tweetstorm":false,"jetpack_publicize_feature_enabled":true},"categories":[1,12],"tags":[],"jetpack_publicize_connections":[],"yoast_head":"<!-- This site is optimized with the Yoast SEO plugin v19.1 - https:\/\/yoast.com\/wordpress\/plugins\/seo\/ -->\n<title>I pushuar nga puna, Ali Rexha 50 mij\u00eb euro p\u00ebr taksapaguesit e Ulqinit - Lajme nga Ulqini<\/title>\n<meta name=\"description\" content=\"Ish drejtori i Organizat\u00ebs turistike t\u00eb Ulqinit Ali Rexha \u00ebsht\u00eb shkarkuar n\u00eb m\u00ebnyr\u00eb t\u00eb paligjshme nga ky funksion n\u00eb vitin 2012, vendosi Gjykata themelore\" \/>\n<meta name=\"robots\" content=\"index, follow, max-snippet:-1, max-image-preview:large, max-video-preview:-1\" \/>\n<link rel=\"canonical\" href=\"https:\/\/www.visit-ulcinj.com\/blog\/2016\/07\/30\/pushuar-nga-puna-ali-rexha-50-mije-euro-per-taksapaguesit-e-ulqinit\/\" \/>\n<meta property=\"og:locale\" content=\"en_US\" \/>\n<meta property=\"og:type\" content=\"article\" \/>\n<meta property=\"og:title\" content=\"I pushuar nga puna, Ali Rexha 50 mij\u00eb euro p\u00ebr taksapaguesit e Ulqinit - Lajme nga Ulqini\" \/>\n<meta property=\"og:description\" content=\"Ish drejtori i Organizat\u00ebs turistike t\u00eb Ulqinit Ali Rexha \u00ebsht\u00eb shkarkuar n\u00eb m\u00ebnyr\u00eb t\u00eb paligjshme nga ky funksion n\u00eb vitin 2012, vendosi Gjykata themelore\" \/>\n<meta property=\"og:url\" content=\"https:\/\/www.visit-ulcinj.com\/blog\/2016\/07\/30\/pushuar-nga-puna-ali-rexha-50-mije-euro-per-taksapaguesit-e-ulqinit\/\" \/>\n<meta property=\"og:site_name\" content=\"Lajme nga Ulqini\" \/>\n<meta property=\"article:published_time\" content=\"2016-07-30T13:32:31+00:00\" \/>\n<meta property=\"article:modified_time\" content=\"2016-07-31T16:22:43+00:00\" \/>\n<meta property=\"og:image\" content=\"http:\/\/www.visit-ulcinj.com\/blog\/wp-content\/uploads\/2011\/09\/Ali-Redza_Maneger-of-Tourist-Organization-of-Ulcinj_Montenegro1.jpg\" \/>\n<meta name=\"twitter:label1\" content=\"Written by\" \/>\n\t<meta name=\"twitter:data1\" content=\"ulqini\" \/>\n\t<meta name=\"twitter:label2\" content=\"Est. reading time\" \/>\n\t<meta name=\"twitter:data2\" content=\"1 minute\" \/>\n<script type=\"application\/ld+json\" class=\"yoast-schema-graph\">{\"@context\":\"https:\/\/schema.org\",\"@graph\":[{\"@type\":\"WebSite\",\"@id\":\"https:\/\/www.visit-ulcinj.com\/blog\/#website\",\"url\":\"https:\/\/www.visit-ulcinj.com\/blog\/\",\"name\":\"Lajme nga Ulqini\",\"description\":\"Lajme,Vijesti,Ulqini,Ulqin,Crna Gora,Mali i Zi\",\"potentialAction\":[{\"@type\":\"SearchAction\",\"target\":{\"@type\":\"EntryPoint\",\"urlTemplate\":\"https:\/\/www.visit-ulcinj.com\/blog\/?s={search_term_string}\"},\"query-input\":\"required name=search_term_string\"}],\"inLanguage\":\"en-US\"},{\"@type\":\"ImageObject\",\"inLanguage\":\"en-US\",\"@id\":\"https:\/\/www.visit-ulcinj.com\/blog\/2016\/07\/30\/pushuar-nga-puna-ali-rexha-50-mije-euro-per-taksapaguesit-e-ulqinit\/#primaryimage\",\"url\":\"https:\/\/www.visit-ulcinj.com\/blog\/wp-content\/uploads\/2011\/09\/Ali-Redza_Maneger-of-Tourist-Organization-of-Ulcinj_Montenegro1.jpg\",\"contentUrl\":\"https:\/\/www.visit-ulcinj.com\/blog\/wp-content\/uploads\/2011\/09\/Ali-Redza_Maneger-of-Tourist-Organization-of-Ulcinj_Montenegro1.jpg\",\"width\":\"522\",\"height\":\"600\"},{\"@type\":\"WebPage\",\"@id\":\"https:\/\/www.visit-ulcinj.com\/blog\/2016\/07\/30\/pushuar-nga-puna-ali-rexha-50-mije-euro-per-taksapaguesit-e-ulqinit\/#webpage\",\"url\":\"https:\/\/www.visit-ulcinj.com\/blog\/2016\/07\/30\/pushuar-nga-puna-ali-rexha-50-mije-euro-per-taksapaguesit-e-ulqinit\/\",\"name\":\"I pushuar nga puna, Ali Rexha 50 mij\u00eb euro p\u00ebr taksapaguesit e Ulqinit - Lajme nga Ulqini\",\"isPartOf\":{\"@id\":\"https:\/\/www.visit-ulcinj.com\/blog\/#website\"},\"primaryImageOfPage\":{\"@id\":\"https:\/\/www.visit-ulcinj.com\/blog\/2016\/07\/30\/pushuar-nga-puna-ali-rexha-50-mije-euro-per-taksapaguesit-e-ulqinit\/#primaryimage\"},\"datePublished\":\"2016-07-30T13:32:31+00:00\",\"dateModified\":\"2016-07-31T16:22:43+00:00\",\"author\":{\"@id\":\"https:\/\/www.visit-ulcinj.com\/blog\/#\/schema\/person\/dcab619c614d3038751c63bc2aadc06d\"},\"description\":\"Ish drejtori i Organizat\u00ebs turistike t\u00eb Ulqinit Ali Rexha \u00ebsht\u00eb shkarkuar n\u00eb m\u00ebnyr\u00eb t\u00eb paligjshme nga ky funksion n\u00eb vitin 2012, vendosi Gjykata themelore\",\"breadcrumb\":{\"@id\":\"https:\/\/www.visit-ulcinj.com\/blog\/2016\/07\/30\/pushuar-nga-puna-ali-rexha-50-mije-euro-per-taksapaguesit-e-ulqinit\/#breadcrumb\"},\"inLanguage\":\"en-US\",\"potentialAction\":[{\"@type\":\"ReadAction\",\"target\":[\"https:\/\/www.visit-ulcinj.com\/blog\/2016\/07\/30\/pushuar-nga-puna-ali-rexha-50-mije-euro-per-taksapaguesit-e-ulqinit\/\"]}]},{\"@type\":\"BreadcrumbList\",\"@id\":\"https:\/\/www.visit-ulcinj.com\/blog\/2016\/07\/30\/pushuar-nga-puna-ali-rexha-50-mije-euro-per-taksapaguesit-e-ulqinit\/#breadcrumb\",\"itemListElement\":[{\"@type\":\"ListItem\",\"position\":1,\"name\":\"I pushuar nga puna, Ali Rexha 50 mij\u00eb euro p\u00ebr taksapaguesit e Ulqinit\"}]},{\"@type\":\"Person\",\"@id\":\"https:\/\/www.visit-ulcinj.com\/blog\/#\/schema\/person\/dcab619c614d3038751c63bc2aadc06d\",\"name\":\"ulqini\",\"sameAs\":[\"http:\/\/www.visit-ulcinj.com\"],\"url\":\"https:\/\/www.visit-ulcinj.com\/blog\/author\/admin\/\"}]}<\/script>\n<!-- \/ Yoast SEO plugin. -->","yoast_head_json":{"title":"I pushuar nga puna, Ali Rexha 50 mij\u00eb euro p\u00ebr taksapaguesit e Ulqinit - Lajme nga Ulqini","description":"Ish drejtori i Organizat\u00ebs turistike t\u00eb Ulqinit Ali Rexha \u00ebsht\u00eb shkarkuar n\u00eb m\u00ebnyr\u00eb t\u00eb paligjshme nga ky funksion n\u00eb vitin 2012, vendosi Gjykata themelore","robots":{"index":"index","follow":"follow","max-snippet":"max-snippet:-1","max-image-preview":"max-image-preview:large","max-video-preview":"max-video-preview:-1"},"canonical":"https:\/\/www.visit-ulcinj.com\/blog\/2016\/07\/30\/pushuar-nga-puna-ali-rexha-50-mije-euro-per-taksapaguesit-e-ulqinit\/","og_locale":"en_US","og_type":"article","og_title":"I pushuar nga puna, Ali Rexha 50 mij\u00eb euro p\u00ebr taksapaguesit e Ulqinit - Lajme nga Ulqini","og_description":"Ish drejtori i Organizat\u00ebs turistike t\u00eb Ulqinit Ali Rexha \u00ebsht\u00eb shkarkuar n\u00eb m\u00ebnyr\u00eb t\u00eb paligjshme nga ky funksion n\u00eb vitin 2012, vendosi Gjykata themelore","og_url":"https:\/\/www.visit-ulcinj.com\/blog\/2016\/07\/30\/pushuar-nga-puna-ali-rexha-50-mije-euro-per-taksapaguesit-e-ulqinit\/","og_site_name":"Lajme nga Ulqini","article_published_time":"2016-07-30T13:32:31+00:00","article_modified_time":"2016-07-31T16:22:43+00:00","og_image":[{"url":"http:\/\/www.visit-ulcinj.com\/blog\/wp-content\/uploads\/2011\/09\/Ali-Redza_Maneger-of-Tourist-Organization-of-Ulcinj_Montenegro1.jpg"}],"twitter_misc":{"Written by":"ulqini","Est. reading time":"1 minute"},"schema":{"@context":"https:\/\/schema.org","@graph":[{"@type":"WebSite","@id":"https:\/\/www.visit-ulcinj.com\/blog\/#website","url":"https:\/\/www.visit-ulcinj.com\/blog\/","name":"Lajme nga Ulqini","description":"Lajme,Vijesti,Ulqini,Ulqin,Crna Gora,Mali i Zi","potentialAction":[{"@type":"SearchAction","target":{"@type":"EntryPoint","urlTemplate":"https:\/\/www.visit-ulcinj.com\/blog\/?s={search_term_string}"},"query-input":"required name=search_term_string"}],"inLanguage":"en-US"},{"@type":"ImageObject","inLanguage":"en-US","@id":"https:\/\/www.visit-ulcinj.com\/blog\/2016\/07\/30\/pushuar-nga-puna-ali-rexha-50-mije-euro-per-taksapaguesit-e-ulqinit\/#primaryimage","url":"https:\/\/www.visit-ulcinj.com\/blog\/wp-content\/uploads\/2011\/09\/Ali-Redza_Maneger-of-Tourist-Organization-of-Ulcinj_Montenegro1.jpg","contentUrl":"https:\/\/www.visit-ulcinj.com\/blog\/wp-content\/uploads\/2011\/09\/Ali-Redza_Maneger-of-Tourist-Organization-of-Ulcinj_Montenegro1.jpg","width":"522","height":"600"},{"@type":"WebPage","@id":"https:\/\/www.visit-ulcinj.com\/blog\/2016\/07\/30\/pushuar-nga-puna-ali-rexha-50-mije-euro-per-taksapaguesit-e-ulqinit\/#webpage","url":"https:\/\/www.visit-ulcinj.com\/blog\/2016\/07\/30\/pushuar-nga-puna-ali-rexha-50-mije-euro-per-taksapaguesit-e-ulqinit\/","name":"I pushuar nga puna, Ali Rexha 50 mij\u00eb euro p\u00ebr taksapaguesit e Ulqinit - Lajme nga Ulqini","isPartOf":{"@id":"https:\/\/www.visit-ulcinj.com\/blog\/#website"},"primaryImageOfPage":{"@id":"https:\/\/www.visit-ulcinj.com\/blog\/2016\/07\/30\/pushuar-nga-puna-ali-rexha-50-mije-euro-per-taksapaguesit-e-ulqinit\/#primaryimage"},"datePublished":"2016-07-30T13:32:31+00:00","dateModified":"2016-07-31T16:22:43+00:00","author":{"@id":"https:\/\/www.visit-ulcinj.com\/blog\/#\/schema\/person\/dcab619c614d3038751c63bc2aadc06d"},"description":"Ish drejtori i Organizat\u00ebs turistike t\u00eb Ulqinit Ali Rexha \u00ebsht\u00eb shkarkuar n\u00eb m\u00ebnyr\u00eb t\u00eb paligjshme nga ky funksion n\u00eb vitin 2012, vendosi Gjykata themelore","breadcrumb":{"@id":"https:\/\/www.visit-ulcinj.com\/blog\/2016\/07\/30\/pushuar-nga-puna-ali-rexha-50-mije-euro-per-taksapaguesit-e-ulqinit\/#breadcrumb"},"inLanguage":"en-US","potentialAction":[{"@type":"ReadAction","target":["https:\/\/www.visit-ulcinj.com\/blog\/2016\/07\/30\/pushuar-nga-puna-ali-rexha-50-mije-euro-per-taksapaguesit-e-ulqinit\/"]}]},{"@type":"BreadcrumbList","@id":"https:\/\/www.visit-ulcinj.com\/blog\/2016\/07\/30\/pushuar-nga-puna-ali-rexha-50-mije-euro-per-taksapaguesit-e-ulqinit\/#breadcrumb","itemListElement":[{"@type":"ListItem","position":1,"name":"I pushuar nga puna, Ali Rexha 50 mij\u00eb euro p\u00ebr taksapaguesit e Ulqinit"}]},{"@type":"Person","@id":"https:\/\/www.visit-ulcinj.com\/blog\/#\/schema\/person\/dcab619c614d3038751c63bc2aadc06d","name":"ulqini","sameAs":["http:\/\/www.visit-ulcinj.com"],"url":"https:\/\/www.visit-ulcinj.com\/blog\/author\/admin\/"}]}},"jetpack_featured_media_url":"","jetpack_sharing_enabled":true,"jetpack_shortlink":"https:\/\/wp.me\/pe6lTn-pHi","_links":{"self":[{"href":"https:\/\/www.visit-ulcinj.com\/blog\/wp-json\/wp\/v2\/posts\/98784"}],"collection":[{"href":"https:\/\/www.visit-ulcinj.com\/blog\/wp-json\/wp\/v2\/posts"}],"about":[{"href":"https:\/\/www.visit-ulcinj.com\/blog\/wp-json\/wp\/v2\/types\/post"}],"author":[{"embeddable":true,"href":"https:\/\/www.visit-ulcinj.com\/blog\/wp-json\/wp\/v2\/users\/1"}],"replies":[{"embeddable":true,"href":"https:\/\/www.visit-ulcinj.com\/blog\/wp-json\/wp\/v2\/comments?post=98784"}],"version-history":[{"count":1,"href":"https:\/\/www.visit-ulcinj.com\/blog\/wp-json\/wp\/v2\/posts\/98784\/revisions"}],"predecessor-version":[{"id":98785,"href":"https:\/\/www.visit-ulcinj.com\/blog\/wp-json\/wp\/v2\/posts\/98784\/revisions\/98785"}],"wp:attachment":[{"href":"https:\/\/www.visit-ulcinj.com\/blog\/wp-json\/wp\/v2\/media?parent=98784"}],"wp:term":[{"taxonomy":"category","embeddable":true,"href":"https:\/\/www.visit-ulcinj.com\/blog\/wp-json\/wp\/v2\/categories?post=98784"},{"taxonomy":"post_tag","embeddable":true,"href":"https:\/\/www.visit-ulcinj.com\/blog\/wp-json\/wp\/v2\/tags?post=98784"}],"curies":[{"name":"wp","href":"https:\/\/api.w.org\/{rel}","templated":true}]}}