{"id":98789,"date":"2016-07-30T17:26:03","date_gmt":"2016-07-30T16:26:03","guid":{"rendered":"http:\/\/www.visit-ulcinj.com\/blog\/?p=98789"},"modified":"2016-07-30T17:28:09","modified_gmt":"2016-07-30T16:28:09","slug":"keto-cmenduri-bejne-vetem-shtupcat-ne-rruge-per-ulqin","status":"publish","type":"post","link":"https:\/\/www.visit-ulcinj.com\/blog\/2016\/07\/30\/keto-cmenduri-bejne-vetem-shtupcat-ne-rruge-per-ulqin\/","title":{"rendered":"K\u00ebto \u00e7menduri i b\u00ebjn\u00eb vet\u00ebm Shtupcat n\u00eb rrug\u00eb p\u00ebr Ulqin"},"content":{"rendered":"<div class=\"shortText\"><strong><a href=\"http:\/\/www.visit-ulcinj.com\/blog\/wp-content\/uploads\/2016\/07\/K\u00ebto-cmenduri-i-b\u00ebjn\u00eb-vet\u00ebm-Shtupcat-per-Ulqin.jpg\"><img loading=\"lazy\" class=\"alignleft wp-image-98790\" src=\"http:\/\/www.visit-ulcinj.com\/blog\/wp-content\/uploads\/2016\/07\/K\u00ebto-cmenduri-i-b\u00ebjn\u00eb-vet\u00ebm-Shtupcat-per-Ulqin.jpg\" alt=\"K\u00ebto cmenduri i b\u00ebjn\u00eb vet\u00ebm Shtupcat per Ulqin\" width=\"508\" height=\"508\" \/><\/a>Stupcat b\u00ebjn\u00eb \u00e7menduri n\u00eb vetur\u00eb n\u00eb rrug\u00ebn p\u00ebr n\u00eb Ulqin.<\/strong><\/div>\n<div class=\"articleContainer\"><\/div>\n<div class=\"centeredDIV hideMobile\">N\u00eb nj\u00eb foto\u00a0t\u00eb publikuar nga Vedati, Mensuri shihet prapa n\u00eb vetur\u00eb i kthyer mbrasht.<\/div>\n<p>P\u00ebrpara jan\u00eb Vedati me Osmanin nd\u00ebrsa n\u00eb p\u00ebrshkrimin e fotografis\u00eb kan\u00eb treguar se ata jan\u00eb duke shkuar p\u00ebr n\u00eb Ulqin.<\/p>\n<p><a href=\"http:\/\/www.visit-ulcinj.com\/blog\/wp-content\/uploads\/2016\/07\/K\u00ebto-cmenduri-i-b\u00ebjn\u00eb-vet\u00ebm-Shtupcat-per-Ulqin-1.jpg\"><img loading=\"lazy\" class=\"alignleft wp-image-98791\" src=\"http:\/\/www.visit-ulcinj.com\/blog\/wp-content\/uploads\/2016\/07\/K\u00ebto-cmenduri-i-b\u00ebjn\u00eb-vet\u00ebm-Shtupcat-per-Ulqin-1.jpg\" alt=\"K\u00ebto cmenduri i b\u00ebjn\u00eb vet\u00ebm Shtupcat per Ulqin-1\" width=\"508\" height=\"508\" srcset=\"https:\/\/www.visit-ulcinj.com\/blog\/wp-content\/uploads\/2016\/07\/K\u00ebto-cmenduri-i-b\u00ebjn\u00eb-vet\u00ebm-Shtupcat-per-Ulqin-1.jpg 640w, https:\/\/www.visit-ulcinj.com\/blog\/wp-content\/uploads\/2016\/07\/K\u00ebto-cmenduri-i-b\u00ebjn\u00eb-vet\u00ebm-Shtupcat-per-Ulqin-1-150x150.jpg 150w, https:\/\/www.visit-ulcinj.com\/blog\/wp-content\/uploads\/2016\/07\/K\u00ebto-cmenduri-i-b\u00ebjn\u00eb-vet\u00ebm-Shtupcat-per-Ulqin-1-300x300.jpg 300w\" sizes=\"(max-width: 508px) 100vw, 508px\" \/><\/a><\/p>\n<p>Ky veprim i Mensurit ndoshta \u00ebsht\u00eb shkaktuar nga flladi q\u00eb e kan\u00eb b\u00ebr\u00eb n\u00eb vetur\u00eb pasi jasht\u00eb po mbret\u00ebron nj\u00eb i nxeht i hatash\u00ebm.<\/p>\n<p>Lajmi net<\/p>\n<!--YouTube Error: bad URL entered-->\n","protected":false},"excerpt":{"rendered":"<p>Stupcat b\u00ebjn\u00eb \u00e7menduri n\u00eb vetur\u00eb n\u00eb rrug\u00ebn p\u00ebr n\u00eb Ulqin. N\u00eb nj\u00eb foto\u00a0t\u00eb publikuar nga Vedati, Mensuri shihet prapa n\u00eb vetur\u00eb i kthyer mbrasht. P\u00ebrpara jan\u00eb Vedati me Osmanin nd\u00ebrsa n\u00eb p\u00ebrshkrimin e fotografis\u00eb kan\u00eb treguar se ata jan\u00eb duke shkuar p\u00ebr n\u00eb Ulqin. Ky veprim i Mensurit ndoshta \u00ebsht\u00eb shkaktuar nga flladi q\u00eb e [&hellip;]<\/p>\n","protected":false},"author":1,"featured_media":0,"comment_status":"closed","ping_status":"closed","sticky":false,"template":"","format":"standard","meta":{"spay_email":"","jetpack_publicize_message":"","jetpack_is_tweetstorm":false,"jetpack_publicize_feature_enabled":true},"categories":[1],"tags":[],"jetpack_publicize_connections":[],"yoast_head":"<!-- This site is optimized with the Yoast SEO plugin v19.1 - https:\/\/yoast.com\/wordpress\/plugins\/seo\/ -->\n<title>K\u00ebto \u00e7menduri i b\u00ebjn\u00eb vet\u00ebm Shtupcat n\u00eb rrug\u00eb p\u00ebr Ulqin - Lajme nga Ulqini<\/title>\n<meta name=\"description\" content=\"Stupcat b\u00ebjn\u00eb \u00e7menduri n\u00eb vetur\u00eb n\u00eb rrug\u00ebn p\u00ebr n\u00eb Ulqin. N\u00eb nj\u00eb foto\u00a0t\u00eb publikuar nga Vedati, Mensuri shihet prapa n\u00eb vetur\u00eb i kthyer mbrasht. P\u00ebrpara\" \/>\n<meta name=\"robots\" content=\"index, follow, max-snippet:-1, max-image-preview:large, max-video-preview:-1\" \/>\n<link rel=\"canonical\" href=\"https:\/\/www.visit-ulcinj.com\/blog\/2016\/07\/30\/keto-cmenduri-bejne-vetem-shtupcat-ne-rruge-per-ulqin\/\" \/>\n<meta property=\"og:locale\" content=\"en_US\" \/>\n<meta property=\"og:type\" content=\"article\" \/>\n<meta property=\"og:title\" content=\"K\u00ebto \u00e7menduri i b\u00ebjn\u00eb vet\u00ebm Shtupcat n\u00eb rrug\u00eb p\u00ebr Ulqin - Lajme nga Ulqini\" \/>\n<meta property=\"og:description\" content=\"Stupcat b\u00ebjn\u00eb \u00e7menduri n\u00eb vetur\u00eb n\u00eb rrug\u00ebn p\u00ebr n\u00eb Ulqin. N\u00eb nj\u00eb foto\u00a0t\u00eb publikuar nga Vedati, Mensuri shihet prapa n\u00eb vetur\u00eb i kthyer mbrasht. P\u00ebrpara\" \/>\n<meta property=\"og:url\" content=\"https:\/\/www.visit-ulcinj.com\/blog\/2016\/07\/30\/keto-cmenduri-bejne-vetem-shtupcat-ne-rruge-per-ulqin\/\" \/>\n<meta property=\"og:site_name\" content=\"Lajme nga Ulqini\" \/>\n<meta property=\"article:published_time\" content=\"2016-07-30T16:26:03+00:00\" \/>\n<meta property=\"article:modified_time\" content=\"2016-07-30T16:28:09+00:00\" \/>\n<meta name=\"twitter:label1\" content=\"Written by\" \/>\n\t<meta name=\"twitter:data1\" content=\"ulqini\" \/>\n<script type=\"application\/ld+json\" class=\"yoast-schema-graph\">{\"@context\":\"https:\/\/schema.org\",\"@graph\":[{\"@type\":\"WebSite\",\"@id\":\"https:\/\/www.visit-ulcinj.com\/blog\/#website\",\"url\":\"https:\/\/www.visit-ulcinj.com\/blog\/\",\"name\":\"Lajme nga Ulqini\",\"description\":\"Lajme,Vijesti,Ulqini,Ulqin,Crna Gora,Mali i Zi\",\"potentialAction\":[{\"@type\":\"SearchAction\",\"target\":{\"@type\":\"EntryPoint\",\"urlTemplate\":\"https:\/\/www.visit-ulcinj.com\/blog\/?s={search_term_string}\"},\"query-input\":\"required name=search_term_string\"}],\"inLanguage\":\"en-US\"},{\"@type\":\"WebPage\",\"@id\":\"https:\/\/www.visit-ulcinj.com\/blog\/2016\/07\/30\/keto-cmenduri-bejne-vetem-shtupcat-ne-rruge-per-ulqin\/#webpage\",\"url\":\"https:\/\/www.visit-ulcinj.com\/blog\/2016\/07\/30\/keto-cmenduri-bejne-vetem-shtupcat-ne-rruge-per-ulqin\/\",\"name\":\"K\u00ebto \u00e7menduri i b\u00ebjn\u00eb vet\u00ebm Shtupcat n\u00eb rrug\u00eb p\u00ebr Ulqin - Lajme nga Ulqini\",\"isPartOf\":{\"@id\":\"https:\/\/www.visit-ulcinj.com\/blog\/#website\"},\"datePublished\":\"2016-07-30T16:26:03+00:00\",\"dateModified\":\"2016-07-30T16:28:09+00:00\",\"author\":{\"@id\":\"https:\/\/www.visit-ulcinj.com\/blog\/#\/schema\/person\/dcab619c614d3038751c63bc2aadc06d\"},\"description\":\"Stupcat b\u00ebjn\u00eb \u00e7menduri n\u00eb vetur\u00eb n\u00eb rrug\u00ebn p\u00ebr n\u00eb Ulqin. N\u00eb nj\u00eb foto\u00a0t\u00eb publikuar nga Vedati, Mensuri shihet prapa n\u00eb vetur\u00eb i kthyer mbrasht. P\u00ebrpara\",\"breadcrumb\":{\"@id\":\"https:\/\/www.visit-ulcinj.com\/blog\/2016\/07\/30\/keto-cmenduri-bejne-vetem-shtupcat-ne-rruge-per-ulqin\/#breadcrumb\"},\"inLanguage\":\"en-US\",\"potentialAction\":[{\"@type\":\"ReadAction\",\"target\":[\"https:\/\/www.visit-ulcinj.com\/blog\/2016\/07\/30\/keto-cmenduri-bejne-vetem-shtupcat-ne-rruge-per-ulqin\/\"]}]},{\"@type\":\"BreadcrumbList\",\"@id\":\"https:\/\/www.visit-ulcinj.com\/blog\/2016\/07\/30\/keto-cmenduri-bejne-vetem-shtupcat-ne-rruge-per-ulqin\/#breadcrumb\",\"itemListElement\":[{\"@type\":\"ListItem\",\"position\":1,\"name\":\"K\u00ebto \u00e7menduri i b\u00ebjn\u00eb vet\u00ebm Shtupcat n\u00eb rrug\u00eb p\u00ebr Ulqin\"}]},{\"@type\":\"Person\",\"@id\":\"https:\/\/www.visit-ulcinj.com\/blog\/#\/schema\/person\/dcab619c614d3038751c63bc2aadc06d\",\"name\":\"ulqini\",\"sameAs\":[\"http:\/\/www.visit-ulcinj.com\"],\"url\":\"https:\/\/www.visit-ulcinj.com\/blog\/author\/admin\/\"}]}<\/script>\n<!-- \/ Yoast SEO plugin. -->","yoast_head_json":{"title":"K\u00ebto \u00e7menduri i b\u00ebjn\u00eb vet\u00ebm Shtupcat n\u00eb rrug\u00eb p\u00ebr Ulqin - Lajme nga Ulqini","description":"Stupcat b\u00ebjn\u00eb \u00e7menduri n\u00eb vetur\u00eb n\u00eb rrug\u00ebn p\u00ebr n\u00eb Ulqin. N\u00eb nj\u00eb foto\u00a0t\u00eb publikuar nga Vedati, Mensuri shihet prapa n\u00eb vetur\u00eb i kthyer mbrasht. P\u00ebrpara","robots":{"index":"index","follow":"follow","max-snippet":"max-snippet:-1","max-image-preview":"max-image-preview:large","max-video-preview":"max-video-preview:-1"},"canonical":"https:\/\/www.visit-ulcinj.com\/blog\/2016\/07\/30\/keto-cmenduri-bejne-vetem-shtupcat-ne-rruge-per-ulqin\/","og_locale":"en_US","og_type":"article","og_title":"K\u00ebto \u00e7menduri i b\u00ebjn\u00eb vet\u00ebm Shtupcat n\u00eb rrug\u00eb p\u00ebr Ulqin - Lajme nga Ulqini","og_description":"Stupcat b\u00ebjn\u00eb \u00e7menduri n\u00eb vetur\u00eb n\u00eb rrug\u00ebn p\u00ebr n\u00eb Ulqin. N\u00eb nj\u00eb foto\u00a0t\u00eb publikuar nga Vedati, Mensuri shihet prapa n\u00eb vetur\u00eb i kthyer mbrasht. P\u00ebrpara","og_url":"https:\/\/www.visit-ulcinj.com\/blog\/2016\/07\/30\/keto-cmenduri-bejne-vetem-shtupcat-ne-rruge-per-ulqin\/","og_site_name":"Lajme nga Ulqini","article_published_time":"2016-07-30T16:26:03+00:00","article_modified_time":"2016-07-30T16:28:09+00:00","twitter_misc":{"Written by":"ulqini"},"schema":{"@context":"https:\/\/schema.org","@graph":[{"@type":"WebSite","@id":"https:\/\/www.visit-ulcinj.com\/blog\/#website","url":"https:\/\/www.visit-ulcinj.com\/blog\/","name":"Lajme nga Ulqini","description":"Lajme,Vijesti,Ulqini,Ulqin,Crna Gora,Mali i Zi","potentialAction":[{"@type":"SearchAction","target":{"@type":"EntryPoint","urlTemplate":"https:\/\/www.visit-ulcinj.com\/blog\/?s={search_term_string}"},"query-input":"required name=search_term_string"}],"inLanguage":"en-US"},{"@type":"WebPage","@id":"https:\/\/www.visit-ulcinj.com\/blog\/2016\/07\/30\/keto-cmenduri-bejne-vetem-shtupcat-ne-rruge-per-ulqin\/#webpage","url":"https:\/\/www.visit-ulcinj.com\/blog\/2016\/07\/30\/keto-cmenduri-bejne-vetem-shtupcat-ne-rruge-per-ulqin\/","name":"K\u00ebto \u00e7menduri i b\u00ebjn\u00eb vet\u00ebm Shtupcat n\u00eb rrug\u00eb p\u00ebr Ulqin - Lajme nga Ulqini","isPartOf":{"@id":"https:\/\/www.visit-ulcinj.com\/blog\/#website"},"datePublished":"2016-07-30T16:26:03+00:00","dateModified":"2016-07-30T16:28:09+00:00","author":{"@id":"https:\/\/www.visit-ulcinj.com\/blog\/#\/schema\/person\/dcab619c614d3038751c63bc2aadc06d"},"description":"Stupcat b\u00ebjn\u00eb \u00e7menduri n\u00eb vetur\u00eb n\u00eb rrug\u00ebn p\u00ebr n\u00eb Ulqin. N\u00eb nj\u00eb foto\u00a0t\u00eb publikuar nga Vedati, Mensuri shihet prapa n\u00eb vetur\u00eb i kthyer mbrasht. P\u00ebrpara","breadcrumb":{"@id":"https:\/\/www.visit-ulcinj.com\/blog\/2016\/07\/30\/keto-cmenduri-bejne-vetem-shtupcat-ne-rruge-per-ulqin\/#breadcrumb"},"inLanguage":"en-US","potentialAction":[{"@type":"ReadAction","target":["https:\/\/www.visit-ulcinj.com\/blog\/2016\/07\/30\/keto-cmenduri-bejne-vetem-shtupcat-ne-rruge-per-ulqin\/"]}]},{"@type":"BreadcrumbList","@id":"https:\/\/www.visit-ulcinj.com\/blog\/2016\/07\/30\/keto-cmenduri-bejne-vetem-shtupcat-ne-rruge-per-ulqin\/#breadcrumb","itemListElement":[{"@type":"ListItem","position":1,"name":"K\u00ebto \u00e7menduri i b\u00ebjn\u00eb vet\u00ebm Shtupcat n\u00eb rrug\u00eb p\u00ebr Ulqin"}]},{"@type":"Person","@id":"https:\/\/www.visit-ulcinj.com\/blog\/#\/schema\/person\/dcab619c614d3038751c63bc2aadc06d","name":"ulqini","sameAs":["http:\/\/www.visit-ulcinj.com"],"url":"https:\/\/www.visit-ulcinj.com\/blog\/author\/admin\/"}]}},"jetpack_featured_media_url":"","jetpack_sharing_enabled":true,"jetpack_shortlink":"https:\/\/wp.me\/pe6lTn-pHn","_links":{"self":[{"href":"https:\/\/www.visit-ulcinj.com\/blog\/wp-json\/wp\/v2\/posts\/98789"}],"collection":[{"href":"https:\/\/www.visit-ulcinj.com\/blog\/wp-json\/wp\/v2\/posts"}],"about":[{"href":"https:\/\/www.visit-ulcinj.com\/blog\/wp-json\/wp\/v2\/types\/post"}],"author":[{"embeddable":true,"href":"https:\/\/www.visit-ulcinj.com\/blog\/wp-json\/wp\/v2\/users\/1"}],"replies":[{"embeddable":true,"href":"https:\/\/www.visit-ulcinj.com\/blog\/wp-json\/wp\/v2\/comments?post=98789"}],"version-history":[{"count":2,"href":"https:\/\/www.visit-ulcinj.com\/blog\/wp-json\/wp\/v2\/posts\/98789\/revisions"}],"predecessor-version":[{"id":98793,"href":"https:\/\/www.visit-ulcinj.com\/blog\/wp-json\/wp\/v2\/posts\/98789\/revisions\/98793"}],"wp:attachment":[{"href":"https:\/\/www.visit-ulcinj.com\/blog\/wp-json\/wp\/v2\/media?parent=98789"}],"wp:term":[{"taxonomy":"category","embeddable":true,"href":"https:\/\/www.visit-ulcinj.com\/blog\/wp-json\/wp\/v2\/categories?post=98789"},{"taxonomy":"post_tag","embeddable":true,"href":"https:\/\/www.visit-ulcinj.com\/blog\/wp-json\/wp\/v2\/tags?post=98789"}],"curies":[{"name":"wp","href":"https:\/\/api.w.org\/{rel}","templated":true}]}}