{"id":98794,"date":"2016-07-30T17:36:12","date_gmt":"2016-07-30T16:36:12","guid":{"rendered":"http:\/\/www.visit-ulcinj.com\/blog\/?p=98794"},"modified":"2016-07-30T17:44:09","modified_gmt":"2016-07-30T16:44:09","slug":"fluks-madh-turistesh-ne-plazhin-e-ulqinit-video","status":"publish","type":"post","link":"https:\/\/www.visit-ulcinj.com\/blog\/2016\/07\/30\/fluks-madh-turistesh-ne-plazhin-e-ulqinit-video\/","title":{"rendered":"Fluks i madh turist\u00ebsh n\u00eb plazhin e Ulqinit &#8211; Video"},"content":{"rendered":"<p><a href=\"http:\/\/www.visit-ulcinj.com\/blog\/wp-content\/uploads\/2016\/07\/Fluks-i-madh-turist\u00ebsh-n\u00eb-plazhin-e-Ulqinit-Muriqan-.jpg\"><img loading=\"lazy\" class=\"alignleft wp-image-98798\" src=\"http:\/\/www.visit-ulcinj.com\/blog\/wp-content\/uploads\/2016\/07\/Fluks-i-madh-turist\u00ebsh-n\u00eb-plazhin-e-Ulqinit-Muriqan-.jpg\" alt=\"Fluks i madh turist\u00ebsh n\u00eb plazhin e Ulqinit-Muriqan-\" width=\"508\" height=\"330\" srcset=\"https:\/\/www.visit-ulcinj.com\/blog\/wp-content\/uploads\/2016\/07\/Fluks-i-madh-turist\u00ebsh-n\u00eb-plazhin-e-Ulqinit-Muriqan-.jpg 1059w, https:\/\/www.visit-ulcinj.com\/blog\/wp-content\/uploads\/2016\/07\/Fluks-i-madh-turist\u00ebsh-n\u00eb-plazhin-e-Ulqinit-Muriqan--300x195.jpg 300w, https:\/\/www.visit-ulcinj.com\/blog\/wp-content\/uploads\/2016\/07\/Fluks-i-madh-turist\u00ebsh-n\u00eb-plazhin-e-Ulqinit-Muriqan--768x498.jpg 768w, https:\/\/www.visit-ulcinj.com\/blog\/wp-content\/uploads\/2016\/07\/Fluks-i-madh-turist\u00ebsh-n\u00eb-plazhin-e-Ulqinit-Muriqan--1024x664.jpg 1024w\" sizes=\"(max-width: 508px) 100vw, 508px\" \/><\/a><\/p>\n<p class=\"entry-title post-title\"><strong>Fluks i jasht\u00ebzakonsh\u00ebm udh\u00ebtar\u00ebsh n\u00eb dogan\u00ebn e Muriqanit. Radh\u00eb kilometrike<\/strong><\/p>\n<p>Qytetar\u00ebt q\u00eb kan\u00eb kaluar sot n\u00eb pik\u00ebn kufitare t\u00eb Muriqanit ve\u00e7 temperaturave t\u00eb larta u duhet t\u00eb p\u00ebrballojn\u00eb edhe radh\u00ebt e gjata. Fluksi i madh i l\u00ebvizjeve n\u00eb k\u00ebt\u00eb pik\u00eb kufitare me Malin e Zi ka b\u00ebr\u00eb q\u00eb radha e automjeteve t\u00eb arrij\u00eb deri n\u00eb pes\u00eb kilometra, si\u00e7 tregojn\u00eb dhe fotot dhe video ekskluzive q\u00eb sjell\u00eb \u201cKoha Jon\u00eb\u201d.<\/p>\n<p>Turist\u00ebt dhe emigrant\u00ebt q\u00eb kalojn\u00eb n\u00eb k\u00ebt\u00eb pik\u00eb q\u00ebndrojn\u00eb 2-3 or\u00eb n\u00eb radh\u00eb.<\/p>\n<p><a href=\"http:\/\/www.visit-ulcinj.com\/blog\/wp-content\/uploads\/2016\/07\/Fluks-i-madh-turist\u00ebsh-n\u00eb-plazhin-e-Ulqinit-Muriqan-1.jpg\"><img loading=\"lazy\" class=\"alignleft wp-image-98801\" src=\"http:\/\/www.visit-ulcinj.com\/blog\/wp-content\/uploads\/2016\/07\/Fluks-i-madh-turist\u00ebsh-n\u00eb-plazhin-e-Ulqinit-Muriqan-1.jpg\" alt=\"Fluks i madh turist\u00ebsh n\u00eb plazhin e Ulqinit-Muriqan-1\" width=\"508\" height=\"311\" srcset=\"https:\/\/www.visit-ulcinj.com\/blog\/wp-content\/uploads\/2016\/07\/Fluks-i-madh-turist\u00ebsh-n\u00eb-plazhin-e-Ulqinit-Muriqan-1.jpg 1024w, https:\/\/www.visit-ulcinj.com\/blog\/wp-content\/uploads\/2016\/07\/Fluks-i-madh-turist\u00ebsh-n\u00eb-plazhin-e-Ulqinit-Muriqan-1-300x183.jpg 300w, https:\/\/www.visit-ulcinj.com\/blog\/wp-content\/uploads\/2016\/07\/Fluks-i-madh-turist\u00ebsh-n\u00eb-plazhin-e-Ulqinit-Muriqan-1-768x470.jpg 768w\" sizes=\"(max-width: 508px) 100vw, 508px\" \/><\/a><\/p>\n<p>Sportelet n\u00eb k\u00ebt\u00eb dogan\u00eb punojn\u00eb me intensitet t\u00eb plot\u00eb, por fluksi i hyrjes s\u00eb makinave \u00ebsht\u00eb jasht\u00ebzakonisht i madh. Institucionet nuk kan\u00eb dh\u00ebn\u00eb shifra t\u00eb sakta p\u00ebr hyrjet e dit\u00ebve t\u00eb fundit, por p\u00ebr nj\u00eb pik\u00eb u kalojn\u00eb mij\u00ebra qytetar\u00eb n\u00eb dit\u00eb \u00ebsht\u00eb nevoja q\u00eb t\u00eb shtohet personeli dhe numri i sporteleve.<\/p>\n<p>Shumica e mjeteve jan\u00eb me targa t\u00eb huaja, gj\u00eb q\u00eb tregon p\u00ebr turist\u00eb q\u00eb vijn\u00eb drejt Shqip\u00ebris\u00eb. Kontakti i tyre i par\u00eb me Shqip\u00ebrin\u00eb \u00ebsht\u00eb radha e gjat\u00eb dhe e lodhshme n\u00eb Muriqan. Derisa themi se Shqip\u00ebria e ka prioritet turizmin, institucionet duhet t\u00eb kujdesen q\u00eb vizitor\u00ebt t\u00eb mos vuajn\u00eb q\u00eb sa hyjn\u00eb n\u00eb tok\u00ebn shqiptare.<\/p>\n<p><strong>Koha Jon\u00eb<\/strong><\/p>\n<!--YouTube Error: bad URL entered-->\n<p><a href=\"http:\/\/www.visit-ulcinj.com\/blog\/wp-content\/uploads\/2016\/07\/Pika-kufitare-Morine-Kukes_.jpg\"><img loading=\"lazy\" class=\"alignleft wp-image-98795\" src=\"http:\/\/www.visit-ulcinj.com\/blog\/wp-content\/uploads\/2016\/07\/Pika-kufitare-Morine-Kukes_.jpg\" alt=\"Pika-kufitare-Morine-Kukes_\" width=\"508\" height=\"270\" \/><\/a><\/p>\n<p class=\"article-title\"><strong>Fluks kosovar\u00ebsh n\u00eb dogan\u00ebn e Morin\u00ebs<\/strong><\/p>\n<p>30 mij\u00eb shtetas t\u00eb Kosov\u00ebs qe ne oret e para te m\u00ebngjesit t\u00eb s\u00eb shtun\u00ebs kaluan dogan\u00ebn e Morin\u00ebs ne rrug\u00ebtimin e tyre drejt brigjeve shqiptare, por dhe drejt Ulqinit, duke sh\u00ebnuar dhe rekordin ne kete sezon turistik. <span id=\"more-186891\"><\/span> Megjith\u00ebse fluksi ishte mjaft i madh nuk pati radhe te gjata. Statistikat e muajit korrik flasin p\u00ebr shifra rekord t\u00eb hyrjeve krahasuar me t\u00eb t\u00eb nj\u00ebjtin muaj t\u00eb vitit t\u00eb kaluar.<\/p>\n<p>Gjat\u00eb korrikut kan\u00eb hyr\u00eb n\u00eb Shqip\u00ebri rreth 450 mij\u00eb shtetas nga Kosova, ndryshe nga nj\u00eb vit m\u00eb par\u00eb kur jan\u00eb regjistruar rreth 300 mij\u00eb. Vet\u00ebm fundjav\u00ebn e kaluar kan\u00eb hyr\u00eb n\u00eb Shqip\u00ebri rreth 20 mij\u00eb persona nga Kosova, nd\u00ebrsa mesatarja ditore p\u00ebr datat e tjera t\u00eb muajit korrik, sipas policis\u00eb kufitare \u00ebsht\u00eb rreth 17 mij\u00eb vizitor\u00eb n\u00eb dit\u00eb. Ky fluks pritet t\u00eb rritet edhe m\u00eb shum\u00eb gjat\u00eb gushtit.<\/p>\n<p>Vizion Plus<\/p>\n<!--YouTube Error: bad URL entered-->\n","protected":false},"excerpt":{"rendered":"<p>Fluks i jasht\u00ebzakonsh\u00ebm udh\u00ebtar\u00ebsh n\u00eb dogan\u00ebn e Muriqanit. Radh\u00eb kilometrike Qytetar\u00ebt q\u00eb kan\u00eb kaluar sot n\u00eb pik\u00ebn kufitare t\u00eb Muriqanit ve\u00e7 temperaturave t\u00eb larta u duhet t\u00eb p\u00ebrballojn\u00eb edhe radh\u00ebt e gjata. Fluksi i madh i l\u00ebvizjeve n\u00eb k\u00ebt\u00eb pik\u00eb kufitare me Malin e Zi ka b\u00ebr\u00eb q\u00eb radha e automjeteve t\u00eb arrij\u00eb deri n\u00eb [&hellip;]<\/p>\n","protected":false},"author":1,"featured_media":0,"comment_status":"closed","ping_status":"closed","sticky":false,"template":"","format":"standard","meta":{"spay_email":"","jetpack_publicize_message":"","jetpack_is_tweetstorm":false,"jetpack_publicize_feature_enabled":true},"categories":[15],"tags":[],"jetpack_publicize_connections":[],"yoast_head":"<!-- This site is optimized with the Yoast SEO plugin v19.1 - https:\/\/yoast.com\/wordpress\/plugins\/seo\/ -->\n<title>Fluks i madh turist\u00ebsh n\u00eb plazhin e Ulqinit - Video - Lajme nga Ulqini<\/title>\n<meta name=\"description\" content=\"Fluks i jasht\u00ebzakonsh\u00ebm udh\u00ebtar\u00ebsh n\u00eb dogan\u00ebn e Muriqanit. Radh\u00eb kilometrike Qytetar\u00ebt q\u00eb kan\u00eb kaluar sot n\u00eb pik\u00ebn kufitare t\u00eb Muriqanit ve\u00e7 temperaturave\" \/>\n<meta name=\"robots\" content=\"index, follow, max-snippet:-1, max-image-preview:large, max-video-preview:-1\" \/>\n<link rel=\"canonical\" href=\"https:\/\/www.visit-ulcinj.com\/blog\/2016\/07\/30\/fluks-madh-turistesh-ne-plazhin-e-ulqinit-video\/\" \/>\n<meta property=\"og:locale\" content=\"en_US\" \/>\n<meta property=\"og:type\" content=\"article\" \/>\n<meta property=\"og:title\" content=\"Fluks i madh turist\u00ebsh n\u00eb plazhin e Ulqinit - Video - Lajme nga Ulqini\" \/>\n<meta property=\"og:description\" content=\"Fluks i jasht\u00ebzakonsh\u00ebm udh\u00ebtar\u00ebsh n\u00eb dogan\u00ebn e Muriqanit. Radh\u00eb kilometrike Qytetar\u00ebt q\u00eb kan\u00eb kaluar sot n\u00eb pik\u00ebn kufitare t\u00eb Muriqanit ve\u00e7 temperaturave\" \/>\n<meta property=\"og:url\" content=\"https:\/\/www.visit-ulcinj.com\/blog\/2016\/07\/30\/fluks-madh-turistesh-ne-plazhin-e-ulqinit-video\/\" \/>\n<meta property=\"og:site_name\" content=\"Lajme nga Ulqini\" \/>\n<meta property=\"article:published_time\" content=\"2016-07-30T16:36:12+00:00\" \/>\n<meta property=\"article:modified_time\" content=\"2016-07-30T16:44:09+00:00\" \/>\n<meta property=\"og:image\" content=\"http:\/\/www.visit-ulcinj.com\/blog\/wp-content\/uploads\/2016\/07\/Pika-kufitare-Morine-Kukes_.jpg\" \/>\n<meta name=\"twitter:label1\" content=\"Written by\" \/>\n\t<meta name=\"twitter:data1\" content=\"ulqini\" \/>\n\t<meta name=\"twitter:label2\" content=\"Est. reading time\" \/>\n\t<meta name=\"twitter:data2\" content=\"2 minutes\" \/>\n<script type=\"application\/ld+json\" class=\"yoast-schema-graph\">{\"@context\":\"https:\/\/schema.org\",\"@graph\":[{\"@type\":\"WebSite\",\"@id\":\"https:\/\/www.visit-ulcinj.com\/blog\/#website\",\"url\":\"https:\/\/www.visit-ulcinj.com\/blog\/\",\"name\":\"Lajme nga Ulqini\",\"description\":\"Lajme,Vijesti,Ulqini,Ulqin,Crna Gora,Mali i Zi\",\"potentialAction\":[{\"@type\":\"SearchAction\",\"target\":{\"@type\":\"EntryPoint\",\"urlTemplate\":\"https:\/\/www.visit-ulcinj.com\/blog\/?s={search_term_string}\"},\"query-input\":\"required name=search_term_string\"}],\"inLanguage\":\"en-US\"},{\"@type\":\"ImageObject\",\"inLanguage\":\"en-US\",\"@id\":\"https:\/\/www.visit-ulcinj.com\/blog\/2016\/07\/30\/fluks-madh-turistesh-ne-plazhin-e-ulqinit-video\/#primaryimage\",\"url\":\"http:\/\/www.visit-ulcinj.com\/blog\/wp-content\/uploads\/2016\/07\/Pika-kufitare-Morine-Kukes_.jpg\",\"contentUrl\":\"http:\/\/www.visit-ulcinj.com\/blog\/wp-content\/uploads\/2016\/07\/Pika-kufitare-Morine-Kukes_.jpg\"},{\"@type\":\"WebPage\",\"@id\":\"https:\/\/www.visit-ulcinj.com\/blog\/2016\/07\/30\/fluks-madh-turistesh-ne-plazhin-e-ulqinit-video\/#webpage\",\"url\":\"https:\/\/www.visit-ulcinj.com\/blog\/2016\/07\/30\/fluks-madh-turistesh-ne-plazhin-e-ulqinit-video\/\",\"name\":\"Fluks i madh turist\u00ebsh n\u00eb plazhin e Ulqinit - Video - Lajme nga Ulqini\",\"isPartOf\":{\"@id\":\"https:\/\/www.visit-ulcinj.com\/blog\/#website\"},\"primaryImageOfPage\":{\"@id\":\"https:\/\/www.visit-ulcinj.com\/blog\/2016\/07\/30\/fluks-madh-turistesh-ne-plazhin-e-ulqinit-video\/#primaryimage\"},\"datePublished\":\"2016-07-30T16:36:12+00:00\",\"dateModified\":\"2016-07-30T16:44:09+00:00\",\"author\":{\"@id\":\"https:\/\/www.visit-ulcinj.com\/blog\/#\/schema\/person\/dcab619c614d3038751c63bc2aadc06d\"},\"description\":\"Fluks i jasht\u00ebzakonsh\u00ebm udh\u00ebtar\u00ebsh n\u00eb dogan\u00ebn e Muriqanit. Radh\u00eb kilometrike Qytetar\u00ebt q\u00eb kan\u00eb kaluar sot n\u00eb pik\u00ebn kufitare t\u00eb Muriqanit ve\u00e7 temperaturave\",\"breadcrumb\":{\"@id\":\"https:\/\/www.visit-ulcinj.com\/blog\/2016\/07\/30\/fluks-madh-turistesh-ne-plazhin-e-ulqinit-video\/#breadcrumb\"},\"inLanguage\":\"en-US\",\"potentialAction\":[{\"@type\":\"ReadAction\",\"target\":[\"https:\/\/www.visit-ulcinj.com\/blog\/2016\/07\/30\/fluks-madh-turistesh-ne-plazhin-e-ulqinit-video\/\"]}]},{\"@type\":\"BreadcrumbList\",\"@id\":\"https:\/\/www.visit-ulcinj.com\/blog\/2016\/07\/30\/fluks-madh-turistesh-ne-plazhin-e-ulqinit-video\/#breadcrumb\",\"itemListElement\":[{\"@type\":\"ListItem\",\"position\":1,\"name\":\"Fluks i madh turist\u00ebsh n\u00eb plazhin e Ulqinit &#8211; Video\"}]},{\"@type\":\"Person\",\"@id\":\"https:\/\/www.visit-ulcinj.com\/blog\/#\/schema\/person\/dcab619c614d3038751c63bc2aadc06d\",\"name\":\"ulqini\",\"sameAs\":[\"http:\/\/www.visit-ulcinj.com\"],\"url\":\"https:\/\/www.visit-ulcinj.com\/blog\/author\/admin\/\"}]}<\/script>\n<!-- \/ Yoast SEO plugin. -->","yoast_head_json":{"title":"Fluks i madh turist\u00ebsh n\u00eb plazhin e Ulqinit - Video - Lajme nga Ulqini","description":"Fluks i jasht\u00ebzakonsh\u00ebm udh\u00ebtar\u00ebsh n\u00eb dogan\u00ebn e Muriqanit. Radh\u00eb kilometrike Qytetar\u00ebt q\u00eb kan\u00eb kaluar sot n\u00eb pik\u00ebn kufitare t\u00eb Muriqanit ve\u00e7 temperaturave","robots":{"index":"index","follow":"follow","max-snippet":"max-snippet:-1","max-image-preview":"max-image-preview:large","max-video-preview":"max-video-preview:-1"},"canonical":"https:\/\/www.visit-ulcinj.com\/blog\/2016\/07\/30\/fluks-madh-turistesh-ne-plazhin-e-ulqinit-video\/","og_locale":"en_US","og_type":"article","og_title":"Fluks i madh turist\u00ebsh n\u00eb plazhin e Ulqinit - Video - Lajme nga Ulqini","og_description":"Fluks i jasht\u00ebzakonsh\u00ebm udh\u00ebtar\u00ebsh n\u00eb dogan\u00ebn e Muriqanit. Radh\u00eb kilometrike Qytetar\u00ebt q\u00eb kan\u00eb kaluar sot n\u00eb pik\u00ebn kufitare t\u00eb Muriqanit ve\u00e7 temperaturave","og_url":"https:\/\/www.visit-ulcinj.com\/blog\/2016\/07\/30\/fluks-madh-turistesh-ne-plazhin-e-ulqinit-video\/","og_site_name":"Lajme nga Ulqini","article_published_time":"2016-07-30T16:36:12+00:00","article_modified_time":"2016-07-30T16:44:09+00:00","og_image":[{"url":"http:\/\/www.visit-ulcinj.com\/blog\/wp-content\/uploads\/2016\/07\/Pika-kufitare-Morine-Kukes_.jpg"}],"twitter_misc":{"Written by":"ulqini","Est. reading time":"2 minutes"},"schema":{"@context":"https:\/\/schema.org","@graph":[{"@type":"WebSite","@id":"https:\/\/www.visit-ulcinj.com\/blog\/#website","url":"https:\/\/www.visit-ulcinj.com\/blog\/","name":"Lajme nga Ulqini","description":"Lajme,Vijesti,Ulqini,Ulqin,Crna Gora,Mali i Zi","potentialAction":[{"@type":"SearchAction","target":{"@type":"EntryPoint","urlTemplate":"https:\/\/www.visit-ulcinj.com\/blog\/?s={search_term_string}"},"query-input":"required name=search_term_string"}],"inLanguage":"en-US"},{"@type":"ImageObject","inLanguage":"en-US","@id":"https:\/\/www.visit-ulcinj.com\/blog\/2016\/07\/30\/fluks-madh-turistesh-ne-plazhin-e-ulqinit-video\/#primaryimage","url":"http:\/\/www.visit-ulcinj.com\/blog\/wp-content\/uploads\/2016\/07\/Pika-kufitare-Morine-Kukes_.jpg","contentUrl":"http:\/\/www.visit-ulcinj.com\/blog\/wp-content\/uploads\/2016\/07\/Pika-kufitare-Morine-Kukes_.jpg"},{"@type":"WebPage","@id":"https:\/\/www.visit-ulcinj.com\/blog\/2016\/07\/30\/fluks-madh-turistesh-ne-plazhin-e-ulqinit-video\/#webpage","url":"https:\/\/www.visit-ulcinj.com\/blog\/2016\/07\/30\/fluks-madh-turistesh-ne-plazhin-e-ulqinit-video\/","name":"Fluks i madh turist\u00ebsh n\u00eb plazhin e Ulqinit - Video - Lajme nga Ulqini","isPartOf":{"@id":"https:\/\/www.visit-ulcinj.com\/blog\/#website"},"primaryImageOfPage":{"@id":"https:\/\/www.visit-ulcinj.com\/blog\/2016\/07\/30\/fluks-madh-turistesh-ne-plazhin-e-ulqinit-video\/#primaryimage"},"datePublished":"2016-07-30T16:36:12+00:00","dateModified":"2016-07-30T16:44:09+00:00","author":{"@id":"https:\/\/www.visit-ulcinj.com\/blog\/#\/schema\/person\/dcab619c614d3038751c63bc2aadc06d"},"description":"Fluks i jasht\u00ebzakonsh\u00ebm udh\u00ebtar\u00ebsh n\u00eb dogan\u00ebn e Muriqanit. Radh\u00eb kilometrike Qytetar\u00ebt q\u00eb kan\u00eb kaluar sot n\u00eb pik\u00ebn kufitare t\u00eb Muriqanit ve\u00e7 temperaturave","breadcrumb":{"@id":"https:\/\/www.visit-ulcinj.com\/blog\/2016\/07\/30\/fluks-madh-turistesh-ne-plazhin-e-ulqinit-video\/#breadcrumb"},"inLanguage":"en-US","potentialAction":[{"@type":"ReadAction","target":["https:\/\/www.visit-ulcinj.com\/blog\/2016\/07\/30\/fluks-madh-turistesh-ne-plazhin-e-ulqinit-video\/"]}]},{"@type":"BreadcrumbList","@id":"https:\/\/www.visit-ulcinj.com\/blog\/2016\/07\/30\/fluks-madh-turistesh-ne-plazhin-e-ulqinit-video\/#breadcrumb","itemListElement":[{"@type":"ListItem","position":1,"name":"Fluks i madh turist\u00ebsh n\u00eb plazhin e Ulqinit &#8211; Video"}]},{"@type":"Person","@id":"https:\/\/www.visit-ulcinj.com\/blog\/#\/schema\/person\/dcab619c614d3038751c63bc2aadc06d","name":"ulqini","sameAs":["http:\/\/www.visit-ulcinj.com"],"url":"https:\/\/www.visit-ulcinj.com\/blog\/author\/admin\/"}]}},"jetpack_featured_media_url":"","jetpack_sharing_enabled":true,"jetpack_shortlink":"https:\/\/wp.me\/pe6lTn-pHs","_links":{"self":[{"href":"https:\/\/www.visit-ulcinj.com\/blog\/wp-json\/wp\/v2\/posts\/98794"}],"collection":[{"href":"https:\/\/www.visit-ulcinj.com\/blog\/wp-json\/wp\/v2\/posts"}],"about":[{"href":"https:\/\/www.visit-ulcinj.com\/blog\/wp-json\/wp\/v2\/types\/post"}],"author":[{"embeddable":true,"href":"https:\/\/www.visit-ulcinj.com\/blog\/wp-json\/wp\/v2\/users\/1"}],"replies":[{"embeddable":true,"href":"https:\/\/www.visit-ulcinj.com\/blog\/wp-json\/wp\/v2\/comments?post=98794"}],"version-history":[{"count":5,"href":"https:\/\/www.visit-ulcinj.com\/blog\/wp-json\/wp\/v2\/posts\/98794\/revisions"}],"predecessor-version":[{"id":98802,"href":"https:\/\/www.visit-ulcinj.com\/blog\/wp-json\/wp\/v2\/posts\/98794\/revisions\/98802"}],"wp:attachment":[{"href":"https:\/\/www.visit-ulcinj.com\/blog\/wp-json\/wp\/v2\/media?parent=98794"}],"wp:term":[{"taxonomy":"category","embeddable":true,"href":"https:\/\/www.visit-ulcinj.com\/blog\/wp-json\/wp\/v2\/categories?post=98794"},{"taxonomy":"post_tag","embeddable":true,"href":"https:\/\/www.visit-ulcinj.com\/blog\/wp-json\/wp\/v2\/tags?post=98794"}],"curies":[{"name":"wp","href":"https:\/\/api.w.org\/{rel}","templated":true}]}}