{"id":988,"date":"2008-03-21T07:50:26","date_gmt":"2008-03-21T12:50:26","guid":{"rendered":"http:\/\/www.visit-ulcinj.com\/blog\/2008\/03\/21\/kthimi-ne-scenen-e-muzikes-adelina-ismajli-trimit-tim-video\/"},"modified":"2008-03-31T23:31:42","modified_gmt":"2008-04-01T04:31:42","slug":"kthimi-ne-scenen-e-muzikes-adelina-ismajli-trimit-tim-video","status":"publish","type":"post","link":"https:\/\/www.visit-ulcinj.com\/blog\/2008\/03\/21\/kthimi-ne-scenen-e-muzikes-adelina-ismajli-trimit-tim-video\/","title":{"rendered":"Kthimi n\u00eb scen\u00ebn e muzik\u00ebs Adelina Ismajli &#8211; &#8216;Trimit tim&#8217; &#8211; (VIDEO)"},"content":{"rendered":"<p><img loading=\"lazy\" src=\"http:\/\/bp0.blogger.com\/_2htXsCQwIqo\/Rvrn765V7wI\/AAAAAAAAAAc\/TEkumxmIIvs\/s320\/Triumf_Riza_Adelina.JPG\" alt=\"\" width=\"252\" height=\"275\" align=\"left\" \/>Superylli, ose si\u00e7 e quajn\u00eb ndryshe \u2018mbret\u00ebresha e muzik\u00ebs shqipe\u2019, Adelina Ismajli, m\u00eb n\u00eb fund rishfaqet n\u00eb sken\u00eb me nj\u00eb elegji t\u00eb dhimbshme, kushtuar ish t\u00eb dashurit t\u00eb saj, Triumf Riz\u00ebs, i cili u vra muaj m\u00eb par\u00eb nga disa kriminel\u00eb.  Ai ka qen\u00eb pjes\u00ebtar i sh\u00ebrbimit policor t\u00eb Kosov\u00ebs. Vrasja e tij morri jehon\u00eb t\u00eb madhe, edhe p\u00ebr faktin se ai shquhej p\u00ebr trim\u00ebri t\u00eb rrall\u00eb, por edhe p\u00ebr faktin se kishte t\u00eb dashur, nj\u00ebr\u00ebn nga femrat m\u00eb t\u00eb p\u00eblqyera n\u00eb Kosov\u00eb e shqiptari, Adelina Ismajlin. D\u00ebgjoni t\u00eb rrahurat e zemr\u00ebs se Adelin\u00ebs, d\u00ebgjoni e shikoni videospotin n\u00eb vijim.  <!--YouTube Error: bad URL entered--><\/p>\n<table class=\"contentpaneopen\" style=\"height: 88px;\" border=\"0\" width=\"1\">\n<tbody>\n<tr>\n<td class=\"contentheading\" width=\"100%\"><strong> <\/strong><\/td>\n<td class=\"buttonheading\" width=\"100%\" align=\"right\"><a title=\"PDF\" onclick=\"window.open('http:\/\/albkafe.com\/news\/index2.php?option=com_content&amp;do_pdf=1&amp;id=1235','win2','status=no,toolbar=no,scrollbars=yes,titlebar=no,menubar=no,resizable=yes,width=640,height=480,directories=no,location=no'); return false;\" href=\"http:\/\/albkafe.com\/news\/index2.php?option=com_content&amp;do_pdf=1&amp;id=1235\" target=\"_blank\"> <\/a><\/td>\n<td class=\"buttonheading\" width=\"100%\" align=\"right\"><a title=\"Printoni\" onclick=\"window.open('http:\/\/albkafe.com\/news\/index2.php?option=com_content&amp;task=view&amp;id=1235&amp;pop=1&amp;page=0&amp;Itemid=46','win2','status=no,toolbar=no,scrollbars=yes,titlebar=no,menubar=no,resizable=yes,width=640,height=480,directories=no,location=no'); return false;\" href=\"http:\/\/albkafe.com\/news\/index2.php?option=com_content&amp;task=view&amp;id=1235&amp;pop=1&amp;page=0&amp;Itemid=46\" target=\"_blank\"> <\/a><\/td>\n<td class=\"buttonheading\" width=\"100%\" align=\"right\"><\/td>\n<\/tr>\n<\/tbody>\n<\/table>\n<table class=\"contentpaneopen\" border=\"0\">\n<tbody>\n<tr>\n<td class=\"createdate\" colspan=\"2\" valign=\"top\"><strong>Ju rr\u00ebfej dashurin\u00eb time me Triumfin, tani  q\u00eb nuk \u00ebsht\u00eb m\u00eb<\/strong><\/td>\n<\/tr>\n<tr>\n<td colspan=\"2\" valign=\"top\"><strong>Ajo  \u00ebsht\u00eb rikthyer s\u00ebrish n\u00eb banes\u00ebn e saj n\u00eb Prishtin\u00eb, rri vet\u00ebm me fotot e  njeriut q\u00eb e deshi shum\u00eb, madje edhe k\u00ebng\u00ebn e braktisi pik\u00ebrisht p\u00ebr t\u00eb. I la t\u00eb  gjitha m\u00ebnjan\u00eb dhe vendosi t\u00eb jetoj\u00eb n\u00eb Stogov\u00eb t\u00eb Ka\u00e7anikut bashk\u00eb me Triumfin,  i cili<\/strong>udh\u00ebtonte p\u00ebr pun\u00eb \u00e7do dit\u00eb, pasi dihet se ka kryer pun\u00ebn e policit n\u00eb  Prishtin\u00eb. Sot, kur kjo histori \u00ebsht\u00eb p\u00ebrmbyllur me fatkeq\u00ebsi, kur njeriu i  jet\u00ebs s\u00eb saj nuk gjendet nd\u00ebr t\u00eb gjall\u00ebt, Adelina shfryn mllefin ndaj ngjarjes  q\u00eb ia ndryshoi jet\u00ebn e saj, por flet edhe p\u00ebr rikthimin e saj.<strong>Adelina, urime p\u00ebr rikthimin, p\u00ebrse u kthyet?<\/strong> Aty ku e  kemi l\u00ebn\u00eb. T\u00eb flas pak popullor\u00e7e. Jam kthyer p\u00ebr hat\u00ebr t\u00eb atyre q\u00eb m\u00eb duan dhe  p\u00ebr inat t\u00eb hasm\u00ebve. Ndoshta mund t\u2019ju duket e v\u00ebshtir\u00eb, por ka edhe njer\u00ebz q\u00eb  nuk m\u00eb duan.<img loading=\"lazy\" src=\"http:\/\/albkafe.com\/news\/images\/fotolajme\/triumf%2526adelina.jpg\" alt=\" \" width=\"443\" height=\"311\" align=\"left\" \/><strong>Mund t\u00eb na tregosh se me se po merresh s\u00eb fundmi?<\/strong> M\u00eb  b\u00ebhet qejfi q\u00eb publiku m\u00eb ka pritur. Sinqerisht m\u00eb ka p\u00eblqyer reagimi i tyre dhe  jam g\u00ebzuar. Mendoja se isha harruar, fundja konkurrenca mund t\u00eb t\u00eb harroj\u00eb, kam  22 vjet n\u00eb sken\u00eb dhe kjo m\u00eb b\u00ebri q\u00eb t\u00eb rikthehesha.  <strong>Ke deklaruar q\u00eb nuk do kthehesh n\u00eb sken\u00eb?<\/strong> Kam dh\u00ebn\u00eb  prononcim q\u00eb nuk do t\u00eb kthehem n\u00eb vitin 2007. Kam pasur nj\u00eb ftohje n\u00eb mushk\u00ebri.  \u00c7do k\u00ebng\u00ebtar e ka, jo t\u00eb gjith\u00eb e tregojn\u00eb, un\u00eb e kam pasur urdh\u00ebr nga doktori  q\u00eb p\u00ebr 6 muaj t\u00eb kisha nj\u00eb t\u00ebrheqje nga koncerte. Duhet t\u00eb shkoja n\u00eb vende  malore dhe t\u00eb konsumoja ushqim sa m\u00eb natyral. Edhe n\u00eb vende ku ka pasur  televizor jam larguar, pothuajse nga t\u00eb gjitha mediumet. Edhe aty ku ka pasur  transistor jam larguar, p\u00ebr t\u00eb qen\u00eb nj\u00eb njeri i zakonsh\u00ebm dhe kam jetuar aty m\u00eb  s\u00eb miri, kam par\u00eb se realiteti nuk \u00ebsht\u00eb ai q\u00eb shfaqet para kamerave.  <strong>Pra, nuk keni pasur asnj\u00eb lloj kanceri? <\/strong>Si\u00e7 po e shihni,  nuk ka. Sinqerisht kam pasur vet\u00ebm nj\u00eb ftohje, kjo ka qen\u00eb e gjitha.  <strong>A keni dh\u00ebn\u00eb intervista? <\/strong>Asnj\u00ebher\u00eb nuk kam dh\u00ebn\u00eb  intervista q\u00eb nga fundi i vitit 2006 dhe fillimi i 2007, dhe t\u00eb gjitha gj\u00ebrat q\u00eb  jan\u00eb folur ndaj meje, ve\u00e7an\u00ebrisht n\u00eb median e Tiran\u00ebs kan\u00eb qen\u00eb g\u00ebnjeshtra. Nuk  di p\u00ebr \u00e7far\u00eb arsye.  <strong>Sa vjet po b\u00ebni n\u00eb sken\u00eb?<\/strong> Plot 22 vjet, q\u00eb nga mosha  6-vje\u00e7are kam qen\u00eb n\u00eb sken\u00eb deri m\u00eb sot, me nj\u00eb shk\u00ebputje t\u00eb vog\u00ebl q\u00eb e thash\u00eb  pak m\u00eb lart. Pra, un\u00eb jam plot 29 vje\u00e7.  <strong>Triumfi ka qen\u00eb i dashuri yt, keni bashk\u00ebjetuar? <\/strong>Normalisht q\u00eb po, kemi bashk\u00ebjetuar.  <strong>Mund t\u00eb na rr\u00ebfesh di\u00e7ka rreth dashuris\u00eb t\u00ebnde me Triumfin?<\/strong> \u00c7do minut\u00eb, or\u00eb dit\u00eb e jav\u00eb q\u00eb kam jetuar me t\u00eb kan\u00eb qen\u00eb minuta, or\u00eb e jav\u00eb  t\u00eb Adelin\u00ebs, t\u00eb shpirtit tim e jet\u00ebs sime. Asnj\u00ebher\u00eb kurr\u00eb nuk jemi ndar\u00eb, ju e  dini, un\u00eb isha n\u00eb sken\u00eb me publikun m\u00eb se 21 vjet, e kam k\u00ebnaqur publikun kudo  dhe ngado q\u00eb jan\u00eb shqiptar\u00ebt e mi, kam k\u00ebnduar, vall\u00ebzuar p\u00ebr qejfin dhe zemr\u00ebn  e tyre, por p\u00ebr vetveten! \u00c7far\u00eb!!! E v\u00ebrteta p\u00ebr k\u00ebto vjet q\u00eb b\u00ebra em\u00ebr, fitova  dhe p\u00ebrfitova materialisht, por p\u00ebr shpirtin tim, asgj\u00eb! Zura t\u00eb fitoj, ta  pasuroj, ta k\u00ebnaq shpirtin tim, por motivin e jet\u00ebs time, ma vran\u00eb, u dashurova  e dashurin\u00eb, ma vran\u00eb, fillova ta dua jet\u00ebn ashtu si\u00e7 me m\u00ebsoi ai, ma than\u00eb  lotin. E di q\u00eb jo vet\u00ebm se \u00ebsht\u00eb p\u00ebrfolur, por edhe shkruar gjith\u00e7ka. E v\u00ebrtet\u00eb  \u00ebsht\u00eb se un\u00eb kam qen\u00eb e s\u00ebmur\u00eb nga mushk\u00ebrit\u00eb dhe organizmi i Adelin\u00ebs, \u00e7far\u00eb ia  ka dh\u00ebn\u00eb Zoti, e p\u00ebrballoi dhe e tejkaloi p\u00ebr nj\u00eb koh\u00eb t\u00eb shkurt\u00ebr. Kam jetuar  n\u00eb katund dhe v\u00ebrtet kam jetuar. \u00c7do minut\u00eb t\u00eb jet\u00ebs e kam p\u00ebrjetuar si  asnj\u00ebher\u00eb, atje e kam p\u00ebrjetuar dhe kam m\u00ebsuar kuptimin e m\u00ebngjesit, t\u00eb dit\u00ebs e  nat\u00ebs&#8230;.Disa her\u00eb, pasi vinim n\u00eb hyrje t\u00eb Prishtin\u00ebs, e lusja dhe qortoja  Triumfin; m\u00eb kthe n\u00eb Stogov\u00eb, t\u00eb lutem!&#8230;  <strong>Jeni larguar nga Kosova?<\/strong> Jemi larguar p\u00ebrkoh\u00ebsisht n\u00eb  fshatin e prind\u00ebrve t\u00eb Triumfit, por vet\u00ebm kemi ndenjur pushim dhe m\u00eb pas jemi  kthyer n\u00eb sht\u00ebpi.  <img loading=\"lazy\" src=\"http:\/\/albkafe.com\/news\/images\/fotolajme\/triumf_riza%2526adelina.jpg\" alt=\" \" width=\"438\" height=\"527\" align=\"left\" \/> <strong>Rasti i Triumfit \u00ebsht\u00eb akoma n\u00eb hetim? <\/strong> Po, \u00ebsht\u00eb n\u00ebn  hetim dhe nuk e di se sa do t\u00eb vazhdoj\u00eb, por nuk dua t\u00eb flas, pasi mund t\u00eb b\u00ebhem  precedent p\u00ebr t\u00eb penguar hetimet, k\u00ebshtu q\u00eb un\u00eb mendoj se jam e gatshme t\u00eb  ndihmoj, por them se tentativat p\u00ebr t\u00eb folur mund t\u00eb pengojn\u00eb, pasi shfaqet edhe  ana tjet\u00ebr e medaljes. Jemi ime private mbetet e imja, ajo q\u00eb jam n\u00eb sken\u00eb nuk  ka lidhje me dhimbjen time.  <strong>Si e ke pritur pavar\u00ebsin\u00eb?<\/strong> Po t\u00eb tregoj me sinqeritet,  kam qen\u00eb tep\u00ebr e lumtur si gjith\u00eb t\u00eb tjet\u00ebr, por edhe kam pas ndjenja t\u00eb  p\u00ebrziera, pasi ka pasur shum\u00eb njer\u00ebz q\u00eb e meritonin t\u00eb ishin n\u00eb k\u00ebt\u00eb dit\u00eb. Ka  qen\u00eb nj\u00eb g\u00ebzim q\u00eb nuk mund t\u00eb tregohet, jo si p\u00ebr Bajram apo p\u00ebr Krishtlindje.  Ka qen\u00eb nj\u00eb dhimbje dhe krenari q\u00eb e p\u00ebrcjellin shqiptar\u00ebt q\u00eb nga krijimi. Sepse  ka edhe njer\u00ebz t\u00eb gjall\u00eb q\u00eb \u00ebsht\u00eb turp q\u00eb jan\u00eb me ne dhe k\u00ebt\u00eb e konsideroj  padrejt\u00ebsi t\u00eb jet\u00ebs.  <strong>T\u00eb urojm\u00eb p\u00ebr vidoeklipin, mir\u00ebserdhe. Na trego pak p\u00ebr t\u00eb? <\/strong>Skenarin e kam shkruar vet\u00eb. Videoklipin doja t\u00eb realizoja n\u00eb  Kosov\u00eb, por p\u00ebr t\u00eb qen\u00eb e sinqert\u00eb, ka qen\u00eb frika nga elemente t\u00eb caktuar  realizimi i videoklipit. Sipas planit duhej t\u00eb realizohej n\u00eb Kosov\u00eb, p\u00ebr shkak  t\u00eb adoptimit me ngjarjen dhe skenarin. M\u00eb pas tentova ta realizoja n\u00eb Turqi, por  ishte shum\u00eb shtrenjt\u00eb dhe opsioni i fundit ishte Maqedonia. Ishte nj\u00eb k\u00ebng\u00eb q\u00eb  p\u00ebrfshin nj\u00eb person t\u00eb dashur dhe un\u00eb e di q\u00eb ka keq e m\u00eb keq, por t\u00eb gjith\u00eb e  din\u00eb se n\u00eb gjenerat\u00ebn e \u00e7do shqiptari ka pasur gjithmon\u00eb dhimbje.  <strong>Cili \u00ebsht\u00eb mesazhi q\u00eb u jepni sot fansave tuaj?<\/strong> Mashtrohen ata q\u00eb thon\u00eb se heshtja e Adelin\u00ebs paraqet nj\u00eb fund. Adelina nuk  per\u00ebndoi. Adelina po lind, dhe k\u00ebt\u00eb do t\u00eb d\u00ebshmoj\u00eb e sotmja dhe e nes\u00ebrmja.  Adelina \u00ebsht\u00eb Adelin\u00eb. I dua ata q\u00eb m\u00eb duan, t\u00eb tjer\u00ebt nuk ekzistojn\u00eb. Kam  lindur p\u00ebr t\u2019u k\u00ebnaqur dhe do t\u00eb vdes e k\u00ebnaqur me k\u00ebt\u00eb q\u00eb arrita. Jam dhe do  jem e vetmja revolucionare. Un\u00eb jam ajo q\u00eb jam. Zoti m\u00eb ka krijuar k\u00ebshtu.  Tjet\u00ebr s\u2019mund t\u00eb b\u00ebhem. Dhe e di q\u00eb do t\u00eb imitohem, por kjo m\u00eb b\u00ebn t\u00eb ndjehem  mbret\u00ebresh\u00eb.  <span style=\"text-decoration: underline;\"><em><strong>ValaMala SHOW &#8211; emisioni 69<\/strong><\/em><\/span> <span style=\"text-decoration: underline;\"><em><strong>Mysafire: Adelina Ismajli<\/strong><\/em><\/span> [googlevideo]http:\/\/video.google.com\/videoplay?docid=3013041166983757407&amp;hl=en[\/googlevideo]<\/td>\n<\/tr>\n<\/tbody>\n<\/table>\n","protected":false},"excerpt":{"rendered":"<p><img loading=\"lazy\" src=\"http:\/\/bp0.blogger.com\/_2htXsCQwIqo\/Rvrn765V7wI\/AAAAAAAAAAc\/TEkumxmIIvs\/s320\/Triumf_Riza_Adelina.JPG\" align=\"left\" height=\"140\" width=\"140\" \/><\/p>\n","protected":false},"author":1,"featured_media":0,"comment_status":"open","ping_status":"closed","sticky":false,"template":"","format":"standard","meta":{"spay_email":"","jetpack_publicize_message":"","jetpack_is_tweetstorm":false,"jetpack_publicize_feature_enabled":true},"categories":[1],"tags":[2362,2364,2288,2289,2357,2290,2291,2326,2319,2343,2322,2293,2338,2294,2295,2328,2296,2321,2323,2297,2344,2318,2324,2325,2299,2298,2346,2300,2327,2345,2329,2356,2347,2330,2301,2302,2331,2348,2355,2303,2332,2333,2359,2349,2304,2360,2305,2361,2354,2306,2334,2335,2307,2308,2320,2309,2350,2311,2336,2310,2312,2351,2352,2313,2337,2363,2353,2339,2314,2340,2315,2341,2316,2342,2317],"jetpack_publicize_connections":[],"yoast_head":"<!-- This site is optimized with the Yoast SEO plugin v19.1 - https:\/\/yoast.com\/wordpress\/plugins\/seo\/ -->\n<title>Kthimi n\u00eb scen\u00ebn e muzik\u00ebs Adelina Ismajli - &#039;Trimit tim&#039; - (VIDEO) - Lajme nga Ulqini<\/title>\n<meta name=\"robots\" content=\"index, follow, max-snippet:-1, max-image-preview:large, max-video-preview:-1\" \/>\n<link rel=\"canonical\" href=\"https:\/\/www.visit-ulcinj.com\/blog\/2008\/03\/21\/kthimi-ne-scenen-e-muzikes-adelina-ismajli-trimit-tim-video\/\" \/>\n<meta property=\"og:locale\" content=\"en_US\" \/>\n<meta property=\"og:type\" content=\"article\" \/>\n<meta property=\"og:title\" content=\"Kthimi n\u00eb scen\u00ebn e muzik\u00ebs Adelina Ismajli - &#039;Trimit tim&#039; - (VIDEO) - Lajme nga Ulqini\" \/>\n<meta property=\"og:url\" content=\"https:\/\/www.visit-ulcinj.com\/blog\/2008\/03\/21\/kthimi-ne-scenen-e-muzikes-adelina-ismajli-trimit-tim-video\/\" \/>\n<meta property=\"og:site_name\" content=\"Lajme nga Ulqini\" \/>\n<meta property=\"article:published_time\" content=\"2008-03-21T12:50:26+00:00\" \/>\n<meta property=\"article:modified_time\" content=\"2008-04-01T04:31:42+00:00\" \/>\n<meta property=\"og:image\" content=\"http:\/\/bp0.blogger.com\/_2htXsCQwIqo\/Rvrn765V7wI\/AAAAAAAAAAc\/TEkumxmIIvs\/s320\/Triumf_Riza_Adelina.JPG\" \/>\n<meta name=\"twitter:label1\" content=\"Written by\" \/>\n\t<meta name=\"twitter:data1\" content=\"ulqini\" \/>\n\t<meta name=\"twitter:label2\" content=\"Est. reading time\" \/>\n\t<meta name=\"twitter:data2\" content=\"7 minutes\" \/>\n<script type=\"application\/ld+json\" class=\"yoast-schema-graph\">{\"@context\":\"https:\/\/schema.org\",\"@graph\":[{\"@type\":\"WebSite\",\"@id\":\"https:\/\/www.visit-ulcinj.com\/blog\/#website\",\"url\":\"https:\/\/www.visit-ulcinj.com\/blog\/\",\"name\":\"Lajme nga Ulqini\",\"description\":\"Lajme,Vijesti,Ulqini,Ulqin,Crna Gora,Mali i Zi\",\"potentialAction\":[{\"@type\":\"SearchAction\",\"target\":{\"@type\":\"EntryPoint\",\"urlTemplate\":\"https:\/\/www.visit-ulcinj.com\/blog\/?s={search_term_string}\"},\"query-input\":\"required name=search_term_string\"}],\"inLanguage\":\"en-US\"},{\"@type\":\"ImageObject\",\"inLanguage\":\"en-US\",\"@id\":\"https:\/\/www.visit-ulcinj.com\/blog\/2008\/03\/21\/kthimi-ne-scenen-e-muzikes-adelina-ismajli-trimit-tim-video\/#primaryimage\",\"url\":\"http:\/\/bp0.blogger.com\/_2htXsCQwIqo\/Rvrn765V7wI\/AAAAAAAAAAc\/TEkumxmIIvs\/s320\/Triumf_Riza_Adelina.JPG\",\"contentUrl\":\"http:\/\/bp0.blogger.com\/_2htXsCQwIqo\/Rvrn765V7wI\/AAAAAAAAAAc\/TEkumxmIIvs\/s320\/Triumf_Riza_Adelina.JPG\"},{\"@type\":\"WebPage\",\"@id\":\"https:\/\/www.visit-ulcinj.com\/blog\/2008\/03\/21\/kthimi-ne-scenen-e-muzikes-adelina-ismajli-trimit-tim-video\/#webpage\",\"url\":\"https:\/\/www.visit-ulcinj.com\/blog\/2008\/03\/21\/kthimi-ne-scenen-e-muzikes-adelina-ismajli-trimit-tim-video\/\",\"name\":\"Kthimi n\u00eb scen\u00ebn e muzik\u00ebs Adelina Ismajli - 'Trimit tim' - (VIDEO) - Lajme nga Ulqini\",\"isPartOf\":{\"@id\":\"https:\/\/www.visit-ulcinj.com\/blog\/#website\"},\"primaryImageOfPage\":{\"@id\":\"https:\/\/www.visit-ulcinj.com\/blog\/2008\/03\/21\/kthimi-ne-scenen-e-muzikes-adelina-ismajli-trimit-tim-video\/#primaryimage\"},\"datePublished\":\"2008-03-21T12:50:26+00:00\",\"dateModified\":\"2008-04-01T04:31:42+00:00\",\"author\":{\"@id\":\"https:\/\/www.visit-ulcinj.com\/blog\/#\/schema\/person\/dcab619c614d3038751c63bc2aadc06d\"},\"breadcrumb\":{\"@id\":\"https:\/\/www.visit-ulcinj.com\/blog\/2008\/03\/21\/kthimi-ne-scenen-e-muzikes-adelina-ismajli-trimit-tim-video\/#breadcrumb\"},\"inLanguage\":\"en-US\",\"potentialAction\":[{\"@type\":\"ReadAction\",\"target\":[\"https:\/\/www.visit-ulcinj.com\/blog\/2008\/03\/21\/kthimi-ne-scenen-e-muzikes-adelina-ismajli-trimit-tim-video\/\"]}]},{\"@type\":\"BreadcrumbList\",\"@id\":\"https:\/\/www.visit-ulcinj.com\/blog\/2008\/03\/21\/kthimi-ne-scenen-e-muzikes-adelina-ismajli-trimit-tim-video\/#breadcrumb\",\"itemListElement\":[{\"@type\":\"ListItem\",\"position\":1,\"name\":\"Kthimi n\u00eb scen\u00ebn e muzik\u00ebs Adelina Ismajli &#8211; &#8216;Trimit tim&#8217; &#8211; (VIDEO)\"}]},{\"@type\":\"Person\",\"@id\":\"https:\/\/www.visit-ulcinj.com\/blog\/#\/schema\/person\/dcab619c614d3038751c63bc2aadc06d\",\"name\":\"ulqini\",\"sameAs\":[\"http:\/\/www.visit-ulcinj.com\"],\"url\":\"https:\/\/www.visit-ulcinj.com\/blog\/author\/admin\/\"}]}<\/script>\n<!-- \/ Yoast SEO plugin. -->","yoast_head_json":{"title":"Kthimi n\u00eb scen\u00ebn e muzik\u00ebs Adelina Ismajli - 'Trimit tim' - (VIDEO) - Lajme nga Ulqini","robots":{"index":"index","follow":"follow","max-snippet":"max-snippet:-1","max-image-preview":"max-image-preview:large","max-video-preview":"max-video-preview:-1"},"canonical":"https:\/\/www.visit-ulcinj.com\/blog\/2008\/03\/21\/kthimi-ne-scenen-e-muzikes-adelina-ismajli-trimit-tim-video\/","og_locale":"en_US","og_type":"article","og_title":"Kthimi n\u00eb scen\u00ebn e muzik\u00ebs Adelina Ismajli - 'Trimit tim' - (VIDEO) - Lajme nga Ulqini","og_url":"https:\/\/www.visit-ulcinj.com\/blog\/2008\/03\/21\/kthimi-ne-scenen-e-muzikes-adelina-ismajli-trimit-tim-video\/","og_site_name":"Lajme nga Ulqini","article_published_time":"2008-03-21T12:50:26+00:00","article_modified_time":"2008-04-01T04:31:42+00:00","og_image":[{"url":"http:\/\/bp0.blogger.com\/_2htXsCQwIqo\/Rvrn765V7wI\/AAAAAAAAAAc\/TEkumxmIIvs\/s320\/Triumf_Riza_Adelina.JPG"}],"twitter_misc":{"Written by":"ulqini","Est. reading time":"7 minutes"},"schema":{"@context":"https:\/\/schema.org","@graph":[{"@type":"WebSite","@id":"https:\/\/www.visit-ulcinj.com\/blog\/#website","url":"https:\/\/www.visit-ulcinj.com\/blog\/","name":"Lajme nga Ulqini","description":"Lajme,Vijesti,Ulqini,Ulqin,Crna Gora,Mali i Zi","potentialAction":[{"@type":"SearchAction","target":{"@type":"EntryPoint","urlTemplate":"https:\/\/www.visit-ulcinj.com\/blog\/?s={search_term_string}"},"query-input":"required name=search_term_string"}],"inLanguage":"en-US"},{"@type":"ImageObject","inLanguage":"en-US","@id":"https:\/\/www.visit-ulcinj.com\/blog\/2008\/03\/21\/kthimi-ne-scenen-e-muzikes-adelina-ismajli-trimit-tim-video\/#primaryimage","url":"http:\/\/bp0.blogger.com\/_2htXsCQwIqo\/Rvrn765V7wI\/AAAAAAAAAAc\/TEkumxmIIvs\/s320\/Triumf_Riza_Adelina.JPG","contentUrl":"http:\/\/bp0.blogger.com\/_2htXsCQwIqo\/Rvrn765V7wI\/AAAAAAAAAAc\/TEkumxmIIvs\/s320\/Triumf_Riza_Adelina.JPG"},{"@type":"WebPage","@id":"https:\/\/www.visit-ulcinj.com\/blog\/2008\/03\/21\/kthimi-ne-scenen-e-muzikes-adelina-ismajli-trimit-tim-video\/#webpage","url":"https:\/\/www.visit-ulcinj.com\/blog\/2008\/03\/21\/kthimi-ne-scenen-e-muzikes-adelina-ismajli-trimit-tim-video\/","name":"Kthimi n\u00eb scen\u00ebn e muzik\u00ebs Adelina Ismajli - 'Trimit tim' - (VIDEO) - Lajme nga Ulqini","isPartOf":{"@id":"https:\/\/www.visit-ulcinj.com\/blog\/#website"},"primaryImageOfPage":{"@id":"https:\/\/www.visit-ulcinj.com\/blog\/2008\/03\/21\/kthimi-ne-scenen-e-muzikes-adelina-ismajli-trimit-tim-video\/#primaryimage"},"datePublished":"2008-03-21T12:50:26+00:00","dateModified":"2008-04-01T04:31:42+00:00","author":{"@id":"https:\/\/www.visit-ulcinj.com\/blog\/#\/schema\/person\/dcab619c614d3038751c63bc2aadc06d"},"breadcrumb":{"@id":"https:\/\/www.visit-ulcinj.com\/blog\/2008\/03\/21\/kthimi-ne-scenen-e-muzikes-adelina-ismajli-trimit-tim-video\/#breadcrumb"},"inLanguage":"en-US","potentialAction":[{"@type":"ReadAction","target":["https:\/\/www.visit-ulcinj.com\/blog\/2008\/03\/21\/kthimi-ne-scenen-e-muzikes-adelina-ismajli-trimit-tim-video\/"]}]},{"@type":"BreadcrumbList","@id":"https:\/\/www.visit-ulcinj.com\/blog\/2008\/03\/21\/kthimi-ne-scenen-e-muzikes-adelina-ismajli-trimit-tim-video\/#breadcrumb","itemListElement":[{"@type":"ListItem","position":1,"name":"Kthimi n\u00eb scen\u00ebn e muzik\u00ebs Adelina Ismajli &#8211; &#8216;Trimit tim&#8217; &#8211; (VIDEO)"}]},{"@type":"Person","@id":"https:\/\/www.visit-ulcinj.com\/blog\/#\/schema\/person\/dcab619c614d3038751c63bc2aadc06d","name":"ulqini","sameAs":["http:\/\/www.visit-ulcinj.com"],"url":"https:\/\/www.visit-ulcinj.com\/blog\/author\/admin\/"}]}},"jetpack_featured_media_url":"","jetpack_sharing_enabled":true,"jetpack_shortlink":"https:\/\/wp.me\/pe6lTn-fW","_links":{"self":[{"href":"https:\/\/www.visit-ulcinj.com\/blog\/wp-json\/wp\/v2\/posts\/988"}],"collection":[{"href":"https:\/\/www.visit-ulcinj.com\/blog\/wp-json\/wp\/v2\/posts"}],"about":[{"href":"https:\/\/www.visit-ulcinj.com\/blog\/wp-json\/wp\/v2\/types\/post"}],"author":[{"embeddable":true,"href":"https:\/\/www.visit-ulcinj.com\/blog\/wp-json\/wp\/v2\/users\/1"}],"replies":[{"embeddable":true,"href":"https:\/\/www.visit-ulcinj.com\/blog\/wp-json\/wp\/v2\/comments?post=988"}],"version-history":[{"count":0,"href":"https:\/\/www.visit-ulcinj.com\/blog\/wp-json\/wp\/v2\/posts\/988\/revisions"}],"wp:attachment":[{"href":"https:\/\/www.visit-ulcinj.com\/blog\/wp-json\/wp\/v2\/media?parent=988"}],"wp:term":[{"taxonomy":"category","embeddable":true,"href":"https:\/\/www.visit-ulcinj.com\/blog\/wp-json\/wp\/v2\/categories?post=988"},{"taxonomy":"post_tag","embeddable":true,"href":"https:\/\/www.visit-ulcinj.com\/blog\/wp-json\/wp\/v2\/tags?post=988"}],"curies":[{"name":"wp","href":"https:\/\/api.w.org\/{rel}","templated":true}]}}