{"id":98809,"date":"2016-07-31T14:36:15","date_gmt":"2016-07-31T13:36:15","guid":{"rendered":"http:\/\/www.visit-ulcinj.com\/blog\/?p=98809"},"modified":"2016-07-31T14:36:15","modified_gmt":"2016-07-31T13:36:15","slug":"deka-vraca-gzima-hajdinagu-u-igru","status":"publish","type":"post","link":"https:\/\/www.visit-ulcinj.com\/blog\/2016\/07\/31\/deka-vraca-gzima-hajdinagu-u-igru\/","title":{"rendered":"\u0110eka vra\u0107a Gzima Hajdinagu u igru"},"content":{"rendered":"<p><strong><a href=\"http:\/\/www.visit-ulcinj.com\/blog\/wp-content\/uploads\/2011\/06\/Delegacioni-nga-Ulqini-ne-Kosove.1.jpg\"><img loading=\"lazy\" class=\"alignleft wp-image-47523\" src=\"http:\/\/www.visit-ulcinj.com\/blog\/wp-content\/uploads\/2011\/06\/Delegacioni-nga-Ulqini-ne-Kosove.1.jpg\" alt=\"Delegacioni nga Ulqini ne Kosove.1\" width=\"508\" height=\"381\" srcset=\"https:\/\/www.visit-ulcinj.com\/blog\/wp-content\/uploads\/2011\/06\/Delegacioni-nga-Ulqini-ne-Kosove.1.jpg 720w, https:\/\/www.visit-ulcinj.com\/blog\/wp-content\/uploads\/2011\/06\/Delegacioni-nga-Ulqini-ne-Kosove.1-300x225.jpg 300w\" sizes=\"(max-width: 508px) 100vw, 508px\" \/><\/a>Modalitet saradnje, koja bi mogla prerasti u dominantnu albansku snagu na politi\u010dkoj pozornici Crne Gore, jo\u0161 nije kona\u010dno utana\u010den ali sagovornik \u201cVijesti\u201d iz vrha \u0110ekine partije, kazao je da je biv\u0161em ministru manjina data ponuda koju je te\u0161ko mogao da odbije &#8211; vode\u0107e potpredsjedni\u010dko mjesto u DP i da bude nosilac liste za oktobarske izbore<\/strong><\/p>\n<p><strong><span class=\"credits__author\"> Autor: Samir Adrovi\u0107 <\/span><\/strong><\/p>\n<p>Biv\u0161i predsjednici ulcinjske Op\u0161tine i nekada\u0161nji partijski saborci iz doba mo\u0107ne Demokratske unije Albanaca, Fatmir \u0110eka i Gzim Hajdinaga, ponovo su istom stroju, saznaju \u201cVijesti\u201d iz vi\u0161e izvora.<\/p>\n<p>Modalitet saradnje, koja bi mogla prerasti u dominantnu albansku snagu na politi\u010dkoj pozornici Crne Gore, jo\u0161 nije kona\u010dno utana\u010den ali sagovornik \u201cVijesti\u201d iz vrha \u0110ekine partije, kazao je da je biv\u0161em ministru manjina data ponuda koju je te\u0161ko mogao da odbije &#8211; vode\u0107e potpredsjedni\u010dko mjesto u DP i \u00a0da bude nosilac liste za oktobarske izbore.<\/p>\n<p>Ni \u0110eka ni Hajdinaga ju\u010de nijesu htjeli da komentari\u0161u navode i saznanja \u201cVijesti\u201d.<\/p>\n<p>\u0110eka je bio potpredsjednik DUA, ali nezadovoljan tretmanom u stranci, osnovao je DP i u\u0161ao u republi\u010dki parlament gdje je bio poslanik nekoliko godina. Potom je na lokalnim izborima prije dvije i po godine, sa svojom koalicijom osvojio sedam mandata i postao predsjednik Op\u0161tine. Smijenjen je nakon nedavne prekompozicije vlasti kada ga je zamijenio lider Force Nazif Cungu.<\/p>\n<p>Hajdinaga se nakon raskola u partiji i odlaska sa ministarske funkcije povukao iz politike. Spekulisalo se da je u sva\u0111i sa aktuelnim predsjednikom DUA Mehmetom Zenkom, \u00a0ali oni su negirali neslogu.<\/p>\n<p>\u201cOd Hajdinage se o\u010dekuje da privu\u010de pristalice iz grada i Malesije, ali i iz Plava, Gusinja i Ro\u017eaja, gdje je tako\u0111e uticajan\u201d, \u00a0kazao je sagovornik \u201cVijesti\u201d.<\/p>\n<p><strong>Izvor: Vijesti Online<\/strong><\/p>\n","protected":false},"excerpt":{"rendered":"<p>Modalitet saradnje, koja bi mogla prerasti u dominantnu albansku snagu na politi\u010dkoj pozornici Crne Gore, jo\u0161 nije kona\u010dno utana\u010den ali sagovornik \u201cVijesti\u201d iz vrha \u0110ekine partije, kazao je da je biv\u0161em ministru manjina data ponuda koju je te\u0161ko mogao da odbije &#8211; vode\u0107e potpredsjedni\u010dko mjesto u DP i da bude nosilac liste za oktobarske izbore [&hellip;]<\/p>\n","protected":false},"author":1,"featured_media":0,"comment_status":"closed","ping_status":"closed","sticky":false,"template":"","format":"standard","meta":{"spay_email":"","jetpack_publicize_message":"","jetpack_is_tweetstorm":false,"jetpack_publicize_feature_enabled":true},"categories":[8337],"tags":[],"jetpack_publicize_connections":[],"yoast_head":"<!-- This site is optimized with the Yoast SEO plugin v19.1 - https:\/\/yoast.com\/wordpress\/plugins\/seo\/ -->\n<title>\u0110eka vra\u0107a Gzima Hajdinagu u igru - Lajme nga Ulqini<\/title>\n<meta name=\"description\" content=\"Modalitet saradnje, koja bi mogla prerasti u dominantnu albansku snagu na politi\u010dkoj pozornici Crne Gore, jo\u0161 nije kona\u010dno utana\u010den ali sagovornik\" \/>\n<meta name=\"robots\" content=\"index, follow, max-snippet:-1, max-image-preview:large, max-video-preview:-1\" \/>\n<link rel=\"canonical\" href=\"https:\/\/www.visit-ulcinj.com\/blog\/2016\/07\/31\/deka-vraca-gzima-hajdinagu-u-igru\/\" \/>\n<meta property=\"og:locale\" content=\"en_US\" \/>\n<meta property=\"og:type\" content=\"article\" \/>\n<meta property=\"og:title\" content=\"\u0110eka vra\u0107a Gzima Hajdinagu u igru - Lajme nga Ulqini\" \/>\n<meta property=\"og:description\" content=\"Modalitet saradnje, koja bi mogla prerasti u dominantnu albansku snagu na politi\u010dkoj pozornici Crne Gore, jo\u0161 nije kona\u010dno utana\u010den ali sagovornik\" \/>\n<meta property=\"og:url\" content=\"https:\/\/www.visit-ulcinj.com\/blog\/2016\/07\/31\/deka-vraca-gzima-hajdinagu-u-igru\/\" \/>\n<meta property=\"og:site_name\" content=\"Lajme nga Ulqini\" \/>\n<meta property=\"article:published_time\" content=\"2016-07-31T13:36:15+00:00\" \/>\n<meta property=\"og:image\" content=\"http:\/\/www.visit-ulcinj.com\/blog\/wp-content\/uploads\/2011\/06\/Delegacioni-nga-Ulqini-ne-Kosove.1.jpg\" \/>\n<meta name=\"twitter:label1\" content=\"Written by\" \/>\n\t<meta name=\"twitter:data1\" content=\"ulqini\" \/>\n\t<meta name=\"twitter:label2\" content=\"Est. reading time\" \/>\n\t<meta name=\"twitter:data2\" content=\"2 minutes\" \/>\n<script type=\"application\/ld+json\" class=\"yoast-schema-graph\">{\"@context\":\"https:\/\/schema.org\",\"@graph\":[{\"@type\":\"WebSite\",\"@id\":\"https:\/\/www.visit-ulcinj.com\/blog\/#website\",\"url\":\"https:\/\/www.visit-ulcinj.com\/blog\/\",\"name\":\"Lajme nga Ulqini\",\"description\":\"Lajme,Vijesti,Ulqini,Ulqin,Crna Gora,Mali i Zi\",\"potentialAction\":[{\"@type\":\"SearchAction\",\"target\":{\"@type\":\"EntryPoint\",\"urlTemplate\":\"https:\/\/www.visit-ulcinj.com\/blog\/?s={search_term_string}\"},\"query-input\":\"required name=search_term_string\"}],\"inLanguage\":\"en-US\"},{\"@type\":\"ImageObject\",\"inLanguage\":\"en-US\",\"@id\":\"https:\/\/www.visit-ulcinj.com\/blog\/2016\/07\/31\/deka-vraca-gzima-hajdinagu-u-igru\/#primaryimage\",\"url\":\"https:\/\/www.visit-ulcinj.com\/blog\/wp-content\/uploads\/2011\/06\/Delegacioni-nga-Ulqini-ne-Kosove.1.jpg\",\"contentUrl\":\"https:\/\/www.visit-ulcinj.com\/blog\/wp-content\/uploads\/2011\/06\/Delegacioni-nga-Ulqini-ne-Kosove.1.jpg\",\"width\":\"720\",\"height\":\"540\"},{\"@type\":\"WebPage\",\"@id\":\"https:\/\/www.visit-ulcinj.com\/blog\/2016\/07\/31\/deka-vraca-gzima-hajdinagu-u-igru\/#webpage\",\"url\":\"https:\/\/www.visit-ulcinj.com\/blog\/2016\/07\/31\/deka-vraca-gzima-hajdinagu-u-igru\/\",\"name\":\"\u0110eka vra\u0107a Gzima Hajdinagu u igru - Lajme nga Ulqini\",\"isPartOf\":{\"@id\":\"https:\/\/www.visit-ulcinj.com\/blog\/#website\"},\"primaryImageOfPage\":{\"@id\":\"https:\/\/www.visit-ulcinj.com\/blog\/2016\/07\/31\/deka-vraca-gzima-hajdinagu-u-igru\/#primaryimage\"},\"datePublished\":\"2016-07-31T13:36:15+00:00\",\"dateModified\":\"2016-07-31T13:36:15+00:00\",\"author\":{\"@id\":\"https:\/\/www.visit-ulcinj.com\/blog\/#\/schema\/person\/dcab619c614d3038751c63bc2aadc06d\"},\"description\":\"Modalitet saradnje, koja bi mogla prerasti u dominantnu albansku snagu na politi\u010dkoj pozornici Crne Gore, jo\u0161 nije kona\u010dno utana\u010den ali sagovornik\",\"breadcrumb\":{\"@id\":\"https:\/\/www.visit-ulcinj.com\/blog\/2016\/07\/31\/deka-vraca-gzima-hajdinagu-u-igru\/#breadcrumb\"},\"inLanguage\":\"en-US\",\"potentialAction\":[{\"@type\":\"ReadAction\",\"target\":[\"https:\/\/www.visit-ulcinj.com\/blog\/2016\/07\/31\/deka-vraca-gzima-hajdinagu-u-igru\/\"]}]},{\"@type\":\"BreadcrumbList\",\"@id\":\"https:\/\/www.visit-ulcinj.com\/blog\/2016\/07\/31\/deka-vraca-gzima-hajdinagu-u-igru\/#breadcrumb\",\"itemListElement\":[{\"@type\":\"ListItem\",\"position\":1,\"name\":\"\u0110eka vra\u0107a Gzima Hajdinagu u igru\"}]},{\"@type\":\"Person\",\"@id\":\"https:\/\/www.visit-ulcinj.com\/blog\/#\/schema\/person\/dcab619c614d3038751c63bc2aadc06d\",\"name\":\"ulqini\",\"sameAs\":[\"http:\/\/www.visit-ulcinj.com\"],\"url\":\"https:\/\/www.visit-ulcinj.com\/blog\/author\/admin\/\"}]}<\/script>\n<!-- \/ Yoast SEO plugin. -->","yoast_head_json":{"title":"\u0110eka vra\u0107a Gzima Hajdinagu u igru - Lajme nga Ulqini","description":"Modalitet saradnje, koja bi mogla prerasti u dominantnu albansku snagu na politi\u010dkoj pozornici Crne Gore, jo\u0161 nije kona\u010dno utana\u010den ali sagovornik","robots":{"index":"index","follow":"follow","max-snippet":"max-snippet:-1","max-image-preview":"max-image-preview:large","max-video-preview":"max-video-preview:-1"},"canonical":"https:\/\/www.visit-ulcinj.com\/blog\/2016\/07\/31\/deka-vraca-gzima-hajdinagu-u-igru\/","og_locale":"en_US","og_type":"article","og_title":"\u0110eka vra\u0107a Gzima Hajdinagu u igru - Lajme nga Ulqini","og_description":"Modalitet saradnje, koja bi mogla prerasti u dominantnu albansku snagu na politi\u010dkoj pozornici Crne Gore, jo\u0161 nije kona\u010dno utana\u010den ali sagovornik","og_url":"https:\/\/www.visit-ulcinj.com\/blog\/2016\/07\/31\/deka-vraca-gzima-hajdinagu-u-igru\/","og_site_name":"Lajme nga Ulqini","article_published_time":"2016-07-31T13:36:15+00:00","og_image":[{"url":"http:\/\/www.visit-ulcinj.com\/blog\/wp-content\/uploads\/2011\/06\/Delegacioni-nga-Ulqini-ne-Kosove.1.jpg"}],"twitter_misc":{"Written by":"ulqini","Est. reading time":"2 minutes"},"schema":{"@context":"https:\/\/schema.org","@graph":[{"@type":"WebSite","@id":"https:\/\/www.visit-ulcinj.com\/blog\/#website","url":"https:\/\/www.visit-ulcinj.com\/blog\/","name":"Lajme nga Ulqini","description":"Lajme,Vijesti,Ulqini,Ulqin,Crna Gora,Mali i Zi","potentialAction":[{"@type":"SearchAction","target":{"@type":"EntryPoint","urlTemplate":"https:\/\/www.visit-ulcinj.com\/blog\/?s={search_term_string}"},"query-input":"required name=search_term_string"}],"inLanguage":"en-US"},{"@type":"ImageObject","inLanguage":"en-US","@id":"https:\/\/www.visit-ulcinj.com\/blog\/2016\/07\/31\/deka-vraca-gzima-hajdinagu-u-igru\/#primaryimage","url":"https:\/\/www.visit-ulcinj.com\/blog\/wp-content\/uploads\/2011\/06\/Delegacioni-nga-Ulqini-ne-Kosove.1.jpg","contentUrl":"https:\/\/www.visit-ulcinj.com\/blog\/wp-content\/uploads\/2011\/06\/Delegacioni-nga-Ulqini-ne-Kosove.1.jpg","width":"720","height":"540"},{"@type":"WebPage","@id":"https:\/\/www.visit-ulcinj.com\/blog\/2016\/07\/31\/deka-vraca-gzima-hajdinagu-u-igru\/#webpage","url":"https:\/\/www.visit-ulcinj.com\/blog\/2016\/07\/31\/deka-vraca-gzima-hajdinagu-u-igru\/","name":"\u0110eka vra\u0107a Gzima Hajdinagu u igru - Lajme nga Ulqini","isPartOf":{"@id":"https:\/\/www.visit-ulcinj.com\/blog\/#website"},"primaryImageOfPage":{"@id":"https:\/\/www.visit-ulcinj.com\/blog\/2016\/07\/31\/deka-vraca-gzima-hajdinagu-u-igru\/#primaryimage"},"datePublished":"2016-07-31T13:36:15+00:00","dateModified":"2016-07-31T13:36:15+00:00","author":{"@id":"https:\/\/www.visit-ulcinj.com\/blog\/#\/schema\/person\/dcab619c614d3038751c63bc2aadc06d"},"description":"Modalitet saradnje, koja bi mogla prerasti u dominantnu albansku snagu na politi\u010dkoj pozornici Crne Gore, jo\u0161 nije kona\u010dno utana\u010den ali sagovornik","breadcrumb":{"@id":"https:\/\/www.visit-ulcinj.com\/blog\/2016\/07\/31\/deka-vraca-gzima-hajdinagu-u-igru\/#breadcrumb"},"inLanguage":"en-US","potentialAction":[{"@type":"ReadAction","target":["https:\/\/www.visit-ulcinj.com\/blog\/2016\/07\/31\/deka-vraca-gzima-hajdinagu-u-igru\/"]}]},{"@type":"BreadcrumbList","@id":"https:\/\/www.visit-ulcinj.com\/blog\/2016\/07\/31\/deka-vraca-gzima-hajdinagu-u-igru\/#breadcrumb","itemListElement":[{"@type":"ListItem","position":1,"name":"\u0110eka vra\u0107a Gzima Hajdinagu u igru"}]},{"@type":"Person","@id":"https:\/\/www.visit-ulcinj.com\/blog\/#\/schema\/person\/dcab619c614d3038751c63bc2aadc06d","name":"ulqini","sameAs":["http:\/\/www.visit-ulcinj.com"],"url":"https:\/\/www.visit-ulcinj.com\/blog\/author\/admin\/"}]}},"jetpack_featured_media_url":"","jetpack_sharing_enabled":true,"jetpack_shortlink":"https:\/\/wp.me\/pe6lTn-pHH","_links":{"self":[{"href":"https:\/\/www.visit-ulcinj.com\/blog\/wp-json\/wp\/v2\/posts\/98809"}],"collection":[{"href":"https:\/\/www.visit-ulcinj.com\/blog\/wp-json\/wp\/v2\/posts"}],"about":[{"href":"https:\/\/www.visit-ulcinj.com\/blog\/wp-json\/wp\/v2\/types\/post"}],"author":[{"embeddable":true,"href":"https:\/\/www.visit-ulcinj.com\/blog\/wp-json\/wp\/v2\/users\/1"}],"replies":[{"embeddable":true,"href":"https:\/\/www.visit-ulcinj.com\/blog\/wp-json\/wp\/v2\/comments?post=98809"}],"version-history":[{"count":1,"href":"https:\/\/www.visit-ulcinj.com\/blog\/wp-json\/wp\/v2\/posts\/98809\/revisions"}],"predecessor-version":[{"id":98810,"href":"https:\/\/www.visit-ulcinj.com\/blog\/wp-json\/wp\/v2\/posts\/98809\/revisions\/98810"}],"wp:attachment":[{"href":"https:\/\/www.visit-ulcinj.com\/blog\/wp-json\/wp\/v2\/media?parent=98809"}],"wp:term":[{"taxonomy":"category","embeddable":true,"href":"https:\/\/www.visit-ulcinj.com\/blog\/wp-json\/wp\/v2\/categories?post=98809"},{"taxonomy":"post_tag","embeddable":true,"href":"https:\/\/www.visit-ulcinj.com\/blog\/wp-json\/wp\/v2\/tags?post=98809"}],"curies":[{"name":"wp","href":"https:\/\/api.w.org\/{rel}","templated":true}]}}