{"id":98811,"date":"2016-07-31T14:43:02","date_gmt":"2016-07-31T13:43:02","guid":{"rendered":"http:\/\/www.visit-ulcinj.com\/blog\/?p=98811"},"modified":"2016-07-31T14:43:02","modified_gmt":"2016-07-31T13:43:02","slug":"nazif-cungu-na-celu-partije-jos-cetiri-godine","status":"publish","type":"post","link":"https:\/\/www.visit-ulcinj.com\/blog\/2016\/07\/31\/nazif-cungu-na-celu-partije-jos-cetiri-godine\/","title":{"rendered":"Nazif Cungu na \u010delu partije jo\u0161 \u010detiri godine"},"content":{"rendered":"<p><strong><a href=\"http:\/\/www.visit-ulcinj.com\/blog\/wp-content\/uploads\/2016\/07\/Kuvendi-zgjedhor-i-Forc\u00ebs-s\u00eb-Re-Demokratike-Kongresi-Ulqin.jpg\"><img loading=\"lazy\" class=\"alignleft wp-image-98804\" src=\"http:\/\/www.visit-ulcinj.com\/blog\/wp-content\/uploads\/2016\/07\/Kuvendi-zgjedhor-i-Forc\u00ebs-s\u00eb-Re-Demokratike-Kongresi-Ulqin.jpg\" alt=\"Kuvendi zgjedhor i Forc\u00ebs s\u00eb Re Demokratike-Kongresi-Ulqin\" width=\"508\" height=\"243\" srcset=\"https:\/\/www.visit-ulcinj.com\/blog\/wp-content\/uploads\/2016\/07\/Kuvendi-zgjedhor-i-Forc\u00ebs-s\u00eb-Re-Demokratike-Kongresi-Ulqin.jpg 702w, https:\/\/www.visit-ulcinj.com\/blog\/wp-content\/uploads\/2016\/07\/Kuvendi-zgjedhor-i-Forc\u00ebs-s\u00eb-Re-Demokratike-Kongresi-Ulqin-300x144.jpg 300w\" sizes=\"(max-width: 508px) 100vw, 508px\" \/><\/a>&#8220;U Crnoj Gori nas je malo, ali nas je mnogo ako se ujedinimo. Kao manjinski narod, svjesni smo da imamo te\u017ei put ka razvoju te ne treba isklju\u010diti saradnju sa ve\u0107im partijama&#8221;<\/strong><\/p>\n<p><strong><span class=\"credits__author\"> Autor: Samir Adrovi\u0107 <\/span><\/strong><\/p>\n<p>Dosada\u0161nji predsjednik Force Nazif Cungu bi\u0107e na \u010delu te partije i u narednom \u010detvorogodi\u0161njem mandatu- jednoglasno je odlu\u010deno je na kongresu Force koji je odr\u017ean danas u hotelu Mediteran u Ulcinju. Na kongresu su izabrani i \u010dlanovi Glavnog odbora me\u0111u kojima je mnogo novih lica, posebno mladih poniklih u partiji.<\/p>\n<p>U sve\u010danom dijelu kongresa, tre\u0107eg po redu, Cungu je kazao da Albanci moraju prona\u0107i zajedni\u010dki jezik u politi\u010dkom djelovanju.<\/p>\n<p>&#8220;U Crnoj Gori nas je malo, ali nas je mnogo ako se ujedinimo. Kao manjinski narod, svjesni smo da imamo te\u017ei put ka razvoju te ne treba isklju\u010diti saradnju sa ve\u0107im partijama&#8221;\u00a0kazao je Cungu.<\/p>\n<p>On se zahvalio koalicionim partnerima na lokalnom i dr\u017eavnom nivou.<\/p>\n<p>&#8220;Posebno po\u0161tovanje djelimo sa Bo\u0161njackom strankom i Hrvatskom gra\u0111anskom inicijativom. Mi Albanci, sa ostalim manjinskim zajednicama u Crnoj Gori, garant smo stabilnosti&#8221;\u00a0\u00a0kazao je Cungu.<\/p>\n<p><a href=\"http:\/\/www.visit-ulcinj.com\/blog\/wp-content\/uploads\/2016\/07\/Kuvendi-zgjedhor-i-Forc\u00ebs-s\u00eb-Re-Demokratike-Kongresi-Ulqin-1.jpg\"><img loading=\"lazy\" class=\"alignleft wp-image-98806\" src=\"http:\/\/www.visit-ulcinj.com\/blog\/wp-content\/uploads\/2016\/07\/Kuvendi-zgjedhor-i-Forc\u00ebs-s\u00eb-Re-Demokratike-Kongresi-Ulqin-1.jpg\" alt=\"Kuvendi zgjedhor i Forc\u00ebs s\u00eb Re Demokratike-Kongresi-Ulqin-1\" width=\"508\" height=\"262\" srcset=\"https:\/\/www.visit-ulcinj.com\/blog\/wp-content\/uploads\/2016\/07\/Kuvendi-zgjedhor-i-Forc\u00ebs-s\u00eb-Re-Demokratike-Kongresi-Ulqin-1.jpg 999w, https:\/\/www.visit-ulcinj.com\/blog\/wp-content\/uploads\/2016\/07\/Kuvendi-zgjedhor-i-Forc\u00ebs-s\u00eb-Re-Demokratike-Kongresi-Ulqin-1-300x155.jpg 300w, https:\/\/www.visit-ulcinj.com\/blog\/wp-content\/uploads\/2016\/07\/Kuvendi-zgjedhor-i-Forc\u00ebs-s\u00eb-Re-Demokratike-Kongresi-Ulqin-1-768x397.jpg 768w\" sizes=\"(max-width: 508px) 100vw, 508px\" \/><\/a><\/p>\n<p>Podsjetio je da je Forca bila dio izvr\u0161ne vlasti u Ulcinju u najte\u017eem periodu, \u201ekada je svako djelovanje bilo gotovo onemogu\u0107eno, kao \u0161to je i sada slu\u010daj.\u201c<\/p>\n<p>&#8220;Drugi su gomilali dugove, koje mi sada pla\u0107amo. Ali va\u017eno je da smo uvijek dobro vladali situacijom i donosili prave odluke&#8221;\u00a0kazao je on.<\/p>\n<p>Osvrnuo se i na situaciju u regionu.<\/p>\n<p>&#8220;Sa nestrpljenjem smo \u010dekali demokratizaciju Albanije, oslobo\u0111enje Kosova, osamostaljenje Crne Gore i stabilizaciju regiona, te sada sigurnim koracima o\u010dekujemo put ka Evropskoj uniji&#8221;\u00a0kazao je Cungu.<\/p>\n<p>Kongresu Force, pored ostralih, prisustvovali su i podpredsjednik Vlade Du\u0161ko Markovi\u0107, lider Socijademokrata Ivan Brajovi\u0107, Suljo Mustafi\u0107(BS), Marija Vu\u010dinovi\u0107(HGI), Ljoro Nreki\u0107(DPS), Fatmir \u0110eka(DP), Skender Elezagi\u0107(SDP), Andrija \u0106etkovi\u0107(SNP), Mehmet Bardhi(DS), Mehmed Zenka(DUA), Amir Holaj(Perspektiva), predsatvnici Liberalne partije, zatim ambasador Alabinje Ernal Fino i predstavnici turske ambasade.<\/p>\n","protected":false},"excerpt":{"rendered":"<p>&#8220;U Crnoj Gori nas je malo, ali nas je mnogo ako se ujedinimo. Kao manjinski narod, svjesni smo da imamo te\u017ei put ka razvoju te ne treba isklju\u010diti saradnju sa ve\u0107im partijama&#8221; Autor: Samir Adrovi\u0107 Dosada\u0161nji predsjednik Force Nazif Cungu bi\u0107e na \u010delu te partije i u narednom \u010detvorogodi\u0161njem mandatu- jednoglasno je odlu\u010deno je na [&hellip;]<\/p>\n","protected":false},"author":1,"featured_media":0,"comment_status":"closed","ping_status":"closed","sticky":false,"template":"","format":"standard","meta":{"spay_email":"","jetpack_publicize_message":"","jetpack_is_tweetstorm":false,"jetpack_publicize_feature_enabled":true},"categories":[6950],"tags":[],"jetpack_publicize_connections":[],"yoast_head":"<!-- This site is optimized with the Yoast SEO plugin v19.1 - https:\/\/yoast.com\/wordpress\/plugins\/seo\/ -->\n<title>Nazif Cungu na \u010delu partije jo\u0161 \u010detiri godine - Lajme nga Ulqini<\/title>\n<meta name=\"description\" content=\"&quot;U Crnoj Gori nas je malo, ali nas je mnogo ako se ujedinimo. Kao manjinski narod, svjesni smo da imamo te\u017ei put ka razvoju te ne treba isklju\u010diti\" \/>\n<meta name=\"robots\" content=\"index, follow, max-snippet:-1, max-image-preview:large, max-video-preview:-1\" \/>\n<link rel=\"canonical\" href=\"https:\/\/www.visit-ulcinj.com\/blog\/2016\/07\/31\/nazif-cungu-na-celu-partije-jos-cetiri-godine\/\" \/>\n<meta property=\"og:locale\" content=\"en_US\" \/>\n<meta property=\"og:type\" content=\"article\" \/>\n<meta property=\"og:title\" content=\"Nazif Cungu na \u010delu partije jo\u0161 \u010detiri godine - Lajme nga Ulqini\" \/>\n<meta property=\"og:description\" content=\"&quot;U Crnoj Gori nas je malo, ali nas je mnogo ako se ujedinimo. Kao manjinski narod, svjesni smo da imamo te\u017ei put ka razvoju te ne treba isklju\u010diti\" \/>\n<meta property=\"og:url\" content=\"https:\/\/www.visit-ulcinj.com\/blog\/2016\/07\/31\/nazif-cungu-na-celu-partije-jos-cetiri-godine\/\" \/>\n<meta property=\"og:site_name\" content=\"Lajme nga Ulqini\" \/>\n<meta property=\"article:published_time\" content=\"2016-07-31T13:43:02+00:00\" \/>\n<meta name=\"twitter:label1\" content=\"Written by\" \/>\n\t<meta name=\"twitter:data1\" content=\"ulqini\" \/>\n\t<meta name=\"twitter:label2\" content=\"Est. reading time\" \/>\n\t<meta name=\"twitter:data2\" content=\"2 minutes\" \/>\n<script type=\"application\/ld+json\" class=\"yoast-schema-graph\">{\"@context\":\"https:\/\/schema.org\",\"@graph\":[{\"@type\":\"WebSite\",\"@id\":\"https:\/\/www.visit-ulcinj.com\/blog\/#website\",\"url\":\"https:\/\/www.visit-ulcinj.com\/blog\/\",\"name\":\"Lajme nga Ulqini\",\"description\":\"Lajme,Vijesti,Ulqini,Ulqin,Crna Gora,Mali i Zi\",\"potentialAction\":[{\"@type\":\"SearchAction\",\"target\":{\"@type\":\"EntryPoint\",\"urlTemplate\":\"https:\/\/www.visit-ulcinj.com\/blog\/?s={search_term_string}\"},\"query-input\":\"required name=search_term_string\"}],\"inLanguage\":\"en-US\"},{\"@type\":\"WebPage\",\"@id\":\"https:\/\/www.visit-ulcinj.com\/blog\/2016\/07\/31\/nazif-cungu-na-celu-partije-jos-cetiri-godine\/#webpage\",\"url\":\"https:\/\/www.visit-ulcinj.com\/blog\/2016\/07\/31\/nazif-cungu-na-celu-partije-jos-cetiri-godine\/\",\"name\":\"Nazif Cungu na \u010delu partije jo\u0161 \u010detiri godine - Lajme nga Ulqini\",\"isPartOf\":{\"@id\":\"https:\/\/www.visit-ulcinj.com\/blog\/#website\"},\"datePublished\":\"2016-07-31T13:43:02+00:00\",\"dateModified\":\"2016-07-31T13:43:02+00:00\",\"author\":{\"@id\":\"https:\/\/www.visit-ulcinj.com\/blog\/#\/schema\/person\/dcab619c614d3038751c63bc2aadc06d\"},\"description\":\"\\\"U Crnoj Gori nas je malo, ali nas je mnogo ako se ujedinimo. Kao manjinski narod, svjesni smo da imamo te\u017ei put ka razvoju te ne treba isklju\u010diti\",\"breadcrumb\":{\"@id\":\"https:\/\/www.visit-ulcinj.com\/blog\/2016\/07\/31\/nazif-cungu-na-celu-partije-jos-cetiri-godine\/#breadcrumb\"},\"inLanguage\":\"en-US\",\"potentialAction\":[{\"@type\":\"ReadAction\",\"target\":[\"https:\/\/www.visit-ulcinj.com\/blog\/2016\/07\/31\/nazif-cungu-na-celu-partije-jos-cetiri-godine\/\"]}]},{\"@type\":\"BreadcrumbList\",\"@id\":\"https:\/\/www.visit-ulcinj.com\/blog\/2016\/07\/31\/nazif-cungu-na-celu-partije-jos-cetiri-godine\/#breadcrumb\",\"itemListElement\":[{\"@type\":\"ListItem\",\"position\":1,\"name\":\"Nazif Cungu na \u010delu partije jo\u0161 \u010detiri godine\"}]},{\"@type\":\"Person\",\"@id\":\"https:\/\/www.visit-ulcinj.com\/blog\/#\/schema\/person\/dcab619c614d3038751c63bc2aadc06d\",\"name\":\"ulqini\",\"sameAs\":[\"http:\/\/www.visit-ulcinj.com\"],\"url\":\"https:\/\/www.visit-ulcinj.com\/blog\/author\/admin\/\"}]}<\/script>\n<!-- \/ Yoast SEO plugin. -->","yoast_head_json":{"title":"Nazif Cungu na \u010delu partije jo\u0161 \u010detiri godine - Lajme nga Ulqini","description":"\"U Crnoj Gori nas je malo, ali nas je mnogo ako se ujedinimo. Kao manjinski narod, svjesni smo da imamo te\u017ei put ka razvoju te ne treba isklju\u010diti","robots":{"index":"index","follow":"follow","max-snippet":"max-snippet:-1","max-image-preview":"max-image-preview:large","max-video-preview":"max-video-preview:-1"},"canonical":"https:\/\/www.visit-ulcinj.com\/blog\/2016\/07\/31\/nazif-cungu-na-celu-partije-jos-cetiri-godine\/","og_locale":"en_US","og_type":"article","og_title":"Nazif Cungu na \u010delu partije jo\u0161 \u010detiri godine - Lajme nga Ulqini","og_description":"\"U Crnoj Gori nas je malo, ali nas je mnogo ako se ujedinimo. Kao manjinski narod, svjesni smo da imamo te\u017ei put ka razvoju te ne treba isklju\u010diti","og_url":"https:\/\/www.visit-ulcinj.com\/blog\/2016\/07\/31\/nazif-cungu-na-celu-partije-jos-cetiri-godine\/","og_site_name":"Lajme nga Ulqini","article_published_time":"2016-07-31T13:43:02+00:00","twitter_misc":{"Written by":"ulqini","Est. reading time":"2 minutes"},"schema":{"@context":"https:\/\/schema.org","@graph":[{"@type":"WebSite","@id":"https:\/\/www.visit-ulcinj.com\/blog\/#website","url":"https:\/\/www.visit-ulcinj.com\/blog\/","name":"Lajme nga Ulqini","description":"Lajme,Vijesti,Ulqini,Ulqin,Crna Gora,Mali i Zi","potentialAction":[{"@type":"SearchAction","target":{"@type":"EntryPoint","urlTemplate":"https:\/\/www.visit-ulcinj.com\/blog\/?s={search_term_string}"},"query-input":"required name=search_term_string"}],"inLanguage":"en-US"},{"@type":"WebPage","@id":"https:\/\/www.visit-ulcinj.com\/blog\/2016\/07\/31\/nazif-cungu-na-celu-partije-jos-cetiri-godine\/#webpage","url":"https:\/\/www.visit-ulcinj.com\/blog\/2016\/07\/31\/nazif-cungu-na-celu-partije-jos-cetiri-godine\/","name":"Nazif Cungu na \u010delu partije jo\u0161 \u010detiri godine - Lajme nga Ulqini","isPartOf":{"@id":"https:\/\/www.visit-ulcinj.com\/blog\/#website"},"datePublished":"2016-07-31T13:43:02+00:00","dateModified":"2016-07-31T13:43:02+00:00","author":{"@id":"https:\/\/www.visit-ulcinj.com\/blog\/#\/schema\/person\/dcab619c614d3038751c63bc2aadc06d"},"description":"\"U Crnoj Gori nas je malo, ali nas je mnogo ako se ujedinimo. Kao manjinski narod, svjesni smo da imamo te\u017ei put ka razvoju te ne treba isklju\u010diti","breadcrumb":{"@id":"https:\/\/www.visit-ulcinj.com\/blog\/2016\/07\/31\/nazif-cungu-na-celu-partije-jos-cetiri-godine\/#breadcrumb"},"inLanguage":"en-US","potentialAction":[{"@type":"ReadAction","target":["https:\/\/www.visit-ulcinj.com\/blog\/2016\/07\/31\/nazif-cungu-na-celu-partije-jos-cetiri-godine\/"]}]},{"@type":"BreadcrumbList","@id":"https:\/\/www.visit-ulcinj.com\/blog\/2016\/07\/31\/nazif-cungu-na-celu-partije-jos-cetiri-godine\/#breadcrumb","itemListElement":[{"@type":"ListItem","position":1,"name":"Nazif Cungu na \u010delu partije jo\u0161 \u010detiri godine"}]},{"@type":"Person","@id":"https:\/\/www.visit-ulcinj.com\/blog\/#\/schema\/person\/dcab619c614d3038751c63bc2aadc06d","name":"ulqini","sameAs":["http:\/\/www.visit-ulcinj.com"],"url":"https:\/\/www.visit-ulcinj.com\/blog\/author\/admin\/"}]}},"jetpack_featured_media_url":"","jetpack_sharing_enabled":true,"jetpack_shortlink":"https:\/\/wp.me\/pe6lTn-pHJ","_links":{"self":[{"href":"https:\/\/www.visit-ulcinj.com\/blog\/wp-json\/wp\/v2\/posts\/98811"}],"collection":[{"href":"https:\/\/www.visit-ulcinj.com\/blog\/wp-json\/wp\/v2\/posts"}],"about":[{"href":"https:\/\/www.visit-ulcinj.com\/blog\/wp-json\/wp\/v2\/types\/post"}],"author":[{"embeddable":true,"href":"https:\/\/www.visit-ulcinj.com\/blog\/wp-json\/wp\/v2\/users\/1"}],"replies":[{"embeddable":true,"href":"https:\/\/www.visit-ulcinj.com\/blog\/wp-json\/wp\/v2\/comments?post=98811"}],"version-history":[{"count":1,"href":"https:\/\/www.visit-ulcinj.com\/blog\/wp-json\/wp\/v2\/posts\/98811\/revisions"}],"predecessor-version":[{"id":98812,"href":"https:\/\/www.visit-ulcinj.com\/blog\/wp-json\/wp\/v2\/posts\/98811\/revisions\/98812"}],"wp:attachment":[{"href":"https:\/\/www.visit-ulcinj.com\/blog\/wp-json\/wp\/v2\/media?parent=98811"}],"wp:term":[{"taxonomy":"category","embeddable":true,"href":"https:\/\/www.visit-ulcinj.com\/blog\/wp-json\/wp\/v2\/categories?post=98811"},{"taxonomy":"post_tag","embeddable":true,"href":"https:\/\/www.visit-ulcinj.com\/blog\/wp-json\/wp\/v2\/tags?post=98811"}],"curies":[{"name":"wp","href":"https:\/\/api.w.org\/{rel}","templated":true}]}}