{"id":98813,"date":"2016-07-31T17:16:50","date_gmt":"2016-07-31T16:16:50","guid":{"rendered":"http:\/\/www.visit-ulcinj.com\/blog\/?p=98813"},"modified":"2016-08-02T10:30:25","modified_gmt":"2016-08-02T09:30:25","slug":"nika-zgjedhjet-parlamentare-2016-te-anulojme-voten","status":"publish","type":"post","link":"https:\/\/www.visit-ulcinj.com\/blog\/2016\/07\/31\/nika-zgjedhjet-parlamentare-2016-te-anulojme-voten\/","title":{"rendered":"Nika: Zgjedhjet parlamentare 2016: T\u00eb anulojm\u00eb  vot\u00ebn \u2026?!!!"},"content":{"rendered":"<p><em><strong>Shkruan Muhamet Nika<\/strong><\/em><\/p>\n<ol start=\"4\">\n<li><strong><em> NA ISHIN DO SHOK\u00cb- EDHE UN\u00cb DO\u00a0 T\u00cb BASHKOHEM ME BARDHIN- HA-HA-HA\u2026?!!<\/em><\/strong><\/li>\n<\/ol>\n<p><strong><em>&#8211; \u00a0\u00a0MBASE NDOKUSH EDHE NA BESON\u2026..?!!<\/em><\/strong><\/p>\n<p><strong><em>\u00a0&#8211; PANTA REI- \u00c7DO GJ\u00cb\u00a0 RRJEDH..\/ n\u00eb kuptimin q\u00eb asnj\u00ebher\u00eb n\u00eb burim nuk shohim t\u00eb nj\u00ebjtin uj\u00eb edhe pse mund t\u00eb na duket&#8230;?! N\u00eb se \u00ebsht\u00eb k\u00ebshtu \u2013 Edhe\u00a0 un\u00eb \u2013 po pajtohem me Bardhin( dhe \u00a0pse jo &#8211; nuk jemi , m\u00eb pak SOKOLA\u00a0 se\u00a0 k\u00ebta&#8230;?!!!<\/em><\/strong><\/p>\n<p><em><strong>\u00a0<a href=\"http:\/\/www.visit-ulcinj.com\/blog\/wp-content\/uploads\/2011\/06\/Delegacioni-nga-Ulqini-ne-Kosove.1.jpg\"><img loading=\"lazy\" class=\"alignleft wp-image-47523\" src=\"http:\/\/www.visit-ulcinj.com\/blog\/wp-content\/uploads\/2011\/06\/Delegacioni-nga-Ulqini-ne-Kosove.1.jpg\" alt=\"Delegacioni nga Ulqini ne Kosove.1\" width=\"508\" height=\"381\" srcset=\"https:\/\/www.visit-ulcinj.com\/blog\/wp-content\/uploads\/2011\/06\/Delegacioni-nga-Ulqini-ne-Kosove.1.jpg 720w, https:\/\/www.visit-ulcinj.com\/blog\/wp-content\/uploads\/2011\/06\/Delegacioni-nga-Ulqini-ne-Kosove.1-300x225.jpg 300w\" sizes=\"(max-width: 508px) 100vw, 508px\" \/><\/a><\/strong><\/em><\/p>\n<p><strong><em>\u00a0<\/em><\/strong><strong><em>\u00a0 Shpallja e zgjedhjeve\u00a0 nga Vujanoviq \u2013 sipas ligjit\u00a0 aktual zgjedhor\u00a0 , nuk \u00ebsht\u00eb se e b\u00ebn\u00eb at\u00eb fajtorin kryesor p\u00ebr mos p\u00ebrfaq\u00ebsim autentik\u00a0 nes\u00ebr\u00a0 n\u00eb parlament&#8230;.faji n\u00eb radh\u00eb t\u00eb par\u00eb \u00ebsht\u00eb i deputet\u00ebve shqiptar\u00eb\u00a0 n\u00eb koh\u00ebn e miratimit t\u00eb k\u00ebtij ligji&#8230;, por edhe i k\u00ebtyre aktual\u00eb?! Prandaj t\u00eb anulojm\u00eb vot\u00ebn me nj\u00eb guxim qytetar dhe ja pse:<\/em><\/strong><\/p>\n<p>Pas viteve -90 , e k\u00ebtej shohim t\u00eb\u00a0\u00a0 ken\u00eb ekzistuar faza t\u00eb ndryshme t\u00eb\u00a0 ekzistimit t\u00eb\u00a0 ligjit zgjedhor- dhe\u00a0 nd\u00ebrrimet e plot\u00ebsimet e tij, nuk u b\u00ebn\u00eb\u00a0 sipas procedur\u00ebs\u00a0 ligjore \u2013 me nd\u00ebrrime dhe plot\u00ebsime n\u00eb parlament- q\u00eb po t\u00eb ishin b\u00ebr\u00eb , do t\u00eb kishin statusin e t\u00eb drejtave t\u00eb arritura&#8230;,<\/p>\n<p>por u b\u00ebn\u00eb, p\u00ebrmes dispozitave t\u00eb ndryshme kalimtare , e\u00a0 p\u00ebr t\u00eb cilat kemi folur shpesh. <em>Andaj ka shum\u00eb\u00a0 mund\u00ebsi q\u00eb Gjeloshaj, p\u00ebr at\u00eb q\u00eb thot\u00eb, se\u00a0 fajin\u00a0 e ka Vujanoviqi,\u00a0 nuk \u00ebsht\u00eb e v\u00ebrtet\u00eb&#8230;..\u00a0\u00a0 Nika\u00a0 \u00ebsht\u00eb i pa informuar&#8230;?!<\/em><\/p>\n<p><em>P\u00ebr t\u00eb informuar drejt\u00eb opinionin \u2013shqiptar\u00ebt k\u00ebsaj radhe\u00a0 ka mund\u00ebsi\u00a0\u00a0 t\u00eb mbesin\u00a0 pa\u00a0 deputet\u00eb t\u00eb partive nacionale \u2013 q\u00eb u d\u00ebgjua\u00a0 n\u00eb parlament edhe\u00a0 nga opozita .Sipas neve , fjala\u00a0 k\u00ebtu \u00ebsht\u00eb p\u00ebr\u00a0 nj\u00eb vet\u00ebmashtrim\u00a0 tonin \u2013 nga deputet\u00ebt \u00a0e cekur <\/em><em><strong>&#8230;, \u00a0m\u00eb shum\u00eb se sa\u00a0 nj\u00eb mashtrim nga Filipi<\/strong><\/em><em> &#8230;?!\u00a0 <\/em><\/p>\n<p><em><strong>\u00a0SHQIPTAR\u00cbT NUK I DEPONUAN VL\u00cbREJTJET- \u00a0P\u00cbR LIGJIN ZGJEDHOR\u00a0 VUJANOVIQIT&#8230;?!<\/strong><\/em><\/p>\n<p><em>P\u00ebr dallim prej opozit\u00ebs malazeze- deputet\u00ebt shqiptar\u00eb t\u00eb koh\u00ebs\u00a0 nuk\u00a0 p\u00ebrgatiten\u00a0 kurrfar\u00eb k\u00ebrkesash e v\u00ebrejtjesh n\u00eb ligj \u2013 q\u00eb kan\u00eb mundur ta b\u00ebjn\u00eb para Komisionit Nd\u00ebrkomb\u00ebtar\u00a0 t\u00eb Venecias. Dhe kuptohet se\u00a0 kur\u00a0 nuk\u00a0 i deponuan\u00a0 ata &#8211; Vujanoviq, nuk kish \u00e7far\u00eb t\u2019i d\u00ebrgonte\u00a0\u00a0 komisionit\u00a0 t\u00eb Venecias , dhe k\u00ebshtu , nuk na ka kurrfar\u00eb faji. ..!!! <\/em><\/p>\n<p><em>Sipas evropian\u00ebve- ligji\u00a0 i k\u00ebtill\u00eb , i \u00a0plot\u00ebson t\u00eb gjitha standardet andaj edhe kot mund t\u00eb pritet q\u00eb t\u00eb ndryshoj\u00eb. Kjo \u00ebsht\u00eb e v\u00ebrteta , dhe se me\u00a0 k\u00ebt\u00eb ligj , pranuam\u00a0 dhe dol\u00ebm\u00a0 n\u00eb zgjedhje. <\/em><\/p>\n<p><em>Tjet\u00ebr duhet t\u00eb shtohet edhe kjo , se\u00a0\u00a0 n\u00eb zgjedhjet e fundit, vota e p\u00ebrfaq\u00ebsuesit t\u00eb Forc\u00ebs-\u00a0 n\u00eb komisionin republikan, ishte ajo q\u00eb b\u00ebri t\u00eb mundur q\u00eb\u00a0 mandati i Zenk\u00ebs- Udsh-s\u00eb,\u00a0 t\u2019i jepej Frontit \u2013 bllokut pro serb-\u00a0 p\u00ebr inat , ose mendonin \u2013 llogarisnin, q\u00eb votat e Mehmet\u00a0 Zenk\u00ebs do t<\/em><em>\u2019<\/em><em>i shkonin Forc\u00ebs- me vendim t\u00eb komisionit , duke fituar ajo t\u00eb dytin &#8230;.<\/em><\/p>\n<p><em>\u2013 kjo \u00ebsht\u00eb e t\u00ebr\u00eb historia&#8230;.?!<\/em><\/p>\n<p><em><strong>P\u00cbR\u00c7ARJET SHQIPTARE JAN\u00cb T\u00cb M\u00cbDHA-\u00a0 ANDAJ EDHE NUK DUHEN T\u00cb VOTOHEN DHE K\u00cbSHTU T\u00cb P\u00cbRS\u00cbRISIM GABIMIN ?!<\/strong><\/em><\/p>\n<p><em><strong>\u00a0<\/strong><\/em><\/p>\n<p><em>Kurse marrja e mandatit\u00a0 nuk ishte i vetmi l\u00ebmsh \u00a0i shqiptar\u00ebve. Kur\u00a0 Nik\u00eb Gjeloshaj \u2013 u b\u00eb deputet sipas nj\u00eb marr\u00ebveshje\u00a0 brenda grupimit\u00a0 tjet\u00ebr\u00a0\u00a0 politik&#8230;,\u00a0 shohim se ky , si i pa vota q\u00eb \u00ebsht\u00eb, \u00a0e mashtroi \u00a0edhe Bardhin, t\u00eb cilit nuk ia l\u00ebshoi vendin- duke arsyetuar\u00a0 me fjal\u00ebt, se : m\u00eb ke mashtruar m\u00eb her\u00ebt\u00a0 dhe tashti e kam radh\u00ebn un\u00eb t\u00eb te mashtroj\u00eb?! Edhe kjo u b\u00eb&#8230;.?!<\/em><\/p>\n<p><em>\u00a0POR NUK KALUAN SHUM\u00cb KOH\u00cb DHE\u00a0 HARROI E MASHTROI EDHE\u00a0 GJEK\u00cbN- I CILI , IA KISH FAL\u00cb MANDATIN ASHTU SI MENDON TIA FAL\u00cb NES\u00cbR P\u00cbRS\u00cbRI HAJDINAG\u00cbS&#8230;.?! KURSE GJEKA &#8211; TASHTI NGA FUNDI&#8230; , IU LUT\u00a0 T\u2019IA\u00a0 KTHEJ\u00cb MANDATIN- POR KY I THA SE M\u00cb P\u00cbLQEN TA MBAJ P\u00cbR VETE EDHE NDONJ\u00cb DIT\u00cb&#8230;., \u00a0KUPTOHET \u2013VET\u00cbM ME \u00a0\u00a0NJA\u00a0 400 VOTAT E MAL\u00cbSIS\u00cb Q\u00cb KISH&#8230; , PO KUPTOHET EDHE T\u00cb FAMILJES SIME , SI LIST\u00cb&#8230;..?!!<\/em><\/p>\n<p><em><strong>NDAJ\u00a0 P\u00cbR GJITH\u00cb\u00a0 K\u00cbTA\u00a0 TRADH\u00cbTI E VET\u00cbTRADH\u00cbTI, Q\u00cb P\u00cbRMEND\u00cbM, E P\u00cbR\u00a0 ATA Q\u00cb PRITEN&#8230;. JEMI T\u00cb\u00a0 BINDUR\u00a0 SE \u2013 DO TU THYHET P\u00cbR KOK\u00cb N\u00cb ZGJEDHJET E RADH\u00cbS VET\u00cbM DUKE E ANULUAR\u00a0 VOT\u00cbN &#8230;.?! <\/strong><\/em><\/p>\n<p><a href=\"http:\/\/www.visit-ulcinj.com\/blog\/wp-content\/uploads\/2016\/07\/PPD-ULQIN-KONTRATA.jpg\"><img loading=\"lazy\" class=\"alignleft wp-image-98814\" src=\"http:\/\/www.visit-ulcinj.com\/blog\/wp-content\/uploads\/2016\/07\/PPD-ULQIN-KONTRATA.jpg\" alt=\"PPD-ULQIN-KONTRATA\" width=\"508\" height=\"707\" srcset=\"https:\/\/www.visit-ulcinj.com\/blog\/wp-content\/uploads\/2016\/07\/PPD-ULQIN-KONTRATA.jpg 621w, https:\/\/www.visit-ulcinj.com\/blog\/wp-content\/uploads\/2016\/07\/PPD-ULQIN-KONTRATA-216x300.jpg 216w\" sizes=\"(max-width: 508px) 100vw, 508px\" \/><\/a><br \/>\n<strong><br \/>\nSHIH- AKTI I THEMELIMIT T\u00cb PPD-s\u00eb &#8211; KUSH E THEMELOI AT\u00cb (Muhamet Nika )dhe e p\u00ebrfaq\u00ebsoi (Osman Rexha) si dhe PROGRAMI i partis\u00eb, p\u00ebr Mal t\u00eb Zi t\u00eb pavarur , n\u00eb vitin 2001&#8230;?!!! Q\u00eb n\u00eb k\u00ebt\u00eb koh\u00eb nuk e kishin si vizion as partit\u00eb nacionale \u2013 dhe as DPS-i&#8230;?!!<\/strong><\/p>\n<p><strong>(vazhdon)- ZGJEDHJET 2016:<\/strong><br \/>\n<strong> 5. T\u00cb ANULOJM\u00cb VOT\u00cbN- REZULTATI \u00cbSHT\u00cb I SHITUR&#8230;.?!<\/strong><\/p>\n<p>&nbsp;<\/p>\n<p><strong>Pik\u00ebpamjet e shprehura n\u00eb faqen \u201cOPINIONE\u201d nuk p\u00ebrfaq\u00ebsojn\u00eb domosdoshm\u00ebrisht politik\u00ebn redaksionale t\u00eb \u201eLajmeve nga Ulqini\u201e<\/strong><\/p>\n","protected":false},"excerpt":{"rendered":"<p>Shkruan Muhamet Nika NA ISHIN DO SHOK\u00cb- EDHE UN\u00cb DO\u00a0 T\u00cb BASHKOHEM ME BARDHIN- HA-HA-HA\u2026?!! &#8211; \u00a0\u00a0MBASE NDOKUSH EDHE NA BESON\u2026..?!! \u00a0&#8211; PANTA REI- \u00c7DO GJ\u00cb\u00a0 RRJEDH..\/ n\u00eb kuptimin q\u00eb asnj\u00ebher\u00eb n\u00eb burim nuk shohim t\u00eb nj\u00ebjtin uj\u00eb edhe pse mund t\u00eb na duket&#8230;?! N\u00eb se \u00ebsht\u00eb k\u00ebshtu \u2013 Edhe\u00a0 un\u00eb \u2013 po pajtohem me [&hellip;]<\/p>\n","protected":false},"author":1,"featured_media":0,"comment_status":"closed","ping_status":"closed","sticky":false,"template":"","format":"standard","meta":{"spay_email":"","jetpack_publicize_message":"","jetpack_is_tweetstorm":false,"jetpack_publicize_feature_enabled":true},"categories":[1,14249],"tags":[],"jetpack_publicize_connections":[],"yoast_head":"<!-- This site is optimized with the Yoast SEO plugin v19.1 - https:\/\/yoast.com\/wordpress\/plugins\/seo\/ -->\n<title>Nika: Zgjedhjet parlamentare 2016: T\u00eb anulojm\u00eb vot\u00ebn \u2026?!!! - Lajme nga Ulqini<\/title>\n<meta name=\"description\" content=\"Shkruan Muhamet Nika NA ISHIN DO SHOK\u00cb- EDHE UN\u00cb DO\u00a0 T\u00cb BASHKOHEM ME BARDHIN- HA-HA-HA\u2026?!! - \u00a0\u00a0MBASE NDOKUSH EDHE NA BESON\u2026..?!! \u00a0- PANTA REI- \u00c7DO GJ\u00cb\u00a0\" \/>\n<meta name=\"robots\" content=\"index, follow, max-snippet:-1, max-image-preview:large, max-video-preview:-1\" \/>\n<link rel=\"canonical\" href=\"https:\/\/www.visit-ulcinj.com\/blog\/2016\/07\/31\/nika-zgjedhjet-parlamentare-2016-te-anulojme-voten\/\" \/>\n<meta property=\"og:locale\" content=\"en_US\" \/>\n<meta property=\"og:type\" content=\"article\" \/>\n<meta property=\"og:title\" content=\"Nika: Zgjedhjet parlamentare 2016: T\u00eb anulojm\u00eb vot\u00ebn \u2026?!!! - Lajme nga Ulqini\" \/>\n<meta property=\"og:description\" content=\"Shkruan Muhamet Nika NA ISHIN DO SHOK\u00cb- EDHE UN\u00cb DO\u00a0 T\u00cb BASHKOHEM ME BARDHIN- HA-HA-HA\u2026?!! - \u00a0\u00a0MBASE NDOKUSH EDHE NA BESON\u2026..?!! \u00a0- PANTA REI- \u00c7DO GJ\u00cb\u00a0\" \/>\n<meta property=\"og:url\" content=\"https:\/\/www.visit-ulcinj.com\/blog\/2016\/07\/31\/nika-zgjedhjet-parlamentare-2016-te-anulojme-voten\/\" \/>\n<meta property=\"og:site_name\" content=\"Lajme nga Ulqini\" \/>\n<meta property=\"article:published_time\" content=\"2016-07-31T16:16:50+00:00\" \/>\n<meta property=\"article:modified_time\" content=\"2016-08-02T09:30:25+00:00\" \/>\n<meta property=\"og:image\" content=\"http:\/\/www.visit-ulcinj.com\/blog\/wp-content\/uploads\/2011\/06\/Delegacioni-nga-Ulqini-ne-Kosove.1.jpg\" \/>\n<meta name=\"twitter:label1\" content=\"Written by\" \/>\n\t<meta name=\"twitter:data1\" content=\"ulqini\" \/>\n\t<meta name=\"twitter:label2\" content=\"Est. reading time\" \/>\n\t<meta name=\"twitter:data2\" content=\"4 minutes\" \/>\n<script type=\"application\/ld+json\" class=\"yoast-schema-graph\">{\"@context\":\"https:\/\/schema.org\",\"@graph\":[{\"@type\":\"WebSite\",\"@id\":\"https:\/\/www.visit-ulcinj.com\/blog\/#website\",\"url\":\"https:\/\/www.visit-ulcinj.com\/blog\/\",\"name\":\"Lajme nga Ulqini\",\"description\":\"Lajme,Vijesti,Ulqini,Ulqin,Crna Gora,Mali i Zi\",\"potentialAction\":[{\"@type\":\"SearchAction\",\"target\":{\"@type\":\"EntryPoint\",\"urlTemplate\":\"https:\/\/www.visit-ulcinj.com\/blog\/?s={search_term_string}\"},\"query-input\":\"required name=search_term_string\"}],\"inLanguage\":\"en-US\"},{\"@type\":\"ImageObject\",\"inLanguage\":\"en-US\",\"@id\":\"https:\/\/www.visit-ulcinj.com\/blog\/2016\/07\/31\/nika-zgjedhjet-parlamentare-2016-te-anulojme-voten\/#primaryimage\",\"url\":\"https:\/\/www.visit-ulcinj.com\/blog\/wp-content\/uploads\/2011\/06\/Delegacioni-nga-Ulqini-ne-Kosove.1.jpg\",\"contentUrl\":\"https:\/\/www.visit-ulcinj.com\/blog\/wp-content\/uploads\/2011\/06\/Delegacioni-nga-Ulqini-ne-Kosove.1.jpg\",\"width\":\"720\",\"height\":\"540\"},{\"@type\":\"WebPage\",\"@id\":\"https:\/\/www.visit-ulcinj.com\/blog\/2016\/07\/31\/nika-zgjedhjet-parlamentare-2016-te-anulojme-voten\/#webpage\",\"url\":\"https:\/\/www.visit-ulcinj.com\/blog\/2016\/07\/31\/nika-zgjedhjet-parlamentare-2016-te-anulojme-voten\/\",\"name\":\"Nika: Zgjedhjet parlamentare 2016: T\u00eb anulojm\u00eb vot\u00ebn \u2026?!!! - Lajme nga Ulqini\",\"isPartOf\":{\"@id\":\"https:\/\/www.visit-ulcinj.com\/blog\/#website\"},\"primaryImageOfPage\":{\"@id\":\"https:\/\/www.visit-ulcinj.com\/blog\/2016\/07\/31\/nika-zgjedhjet-parlamentare-2016-te-anulojme-voten\/#primaryimage\"},\"datePublished\":\"2016-07-31T16:16:50+00:00\",\"dateModified\":\"2016-08-02T09:30:25+00:00\",\"author\":{\"@id\":\"https:\/\/www.visit-ulcinj.com\/blog\/#\/schema\/person\/dcab619c614d3038751c63bc2aadc06d\"},\"description\":\"Shkruan Muhamet Nika NA ISHIN DO SHOK\u00cb- EDHE UN\u00cb DO\u00a0 T\u00cb BASHKOHEM ME BARDHIN- HA-HA-HA\u2026?!! - \u00a0\u00a0MBASE NDOKUSH EDHE NA BESON\u2026..?!! \u00a0- PANTA REI- \u00c7DO GJ\u00cb\u00a0\",\"breadcrumb\":{\"@id\":\"https:\/\/www.visit-ulcinj.com\/blog\/2016\/07\/31\/nika-zgjedhjet-parlamentare-2016-te-anulojme-voten\/#breadcrumb\"},\"inLanguage\":\"en-US\",\"potentialAction\":[{\"@type\":\"ReadAction\",\"target\":[\"https:\/\/www.visit-ulcinj.com\/blog\/2016\/07\/31\/nika-zgjedhjet-parlamentare-2016-te-anulojme-voten\/\"]}]},{\"@type\":\"BreadcrumbList\",\"@id\":\"https:\/\/www.visit-ulcinj.com\/blog\/2016\/07\/31\/nika-zgjedhjet-parlamentare-2016-te-anulojme-voten\/#breadcrumb\",\"itemListElement\":[{\"@type\":\"ListItem\",\"position\":1,\"name\":\"Nika: Zgjedhjet parlamentare 2016: T\u00eb anulojm\u00eb vot\u00ebn \u2026?!!!\"}]},{\"@type\":\"Person\",\"@id\":\"https:\/\/www.visit-ulcinj.com\/blog\/#\/schema\/person\/dcab619c614d3038751c63bc2aadc06d\",\"name\":\"ulqini\",\"sameAs\":[\"http:\/\/www.visit-ulcinj.com\"],\"url\":\"https:\/\/www.visit-ulcinj.com\/blog\/author\/admin\/\"}]}<\/script>\n<!-- \/ Yoast SEO plugin. -->","yoast_head_json":{"title":"Nika: Zgjedhjet parlamentare 2016: T\u00eb anulojm\u00eb vot\u00ebn \u2026?!!! - Lajme nga Ulqini","description":"Shkruan Muhamet Nika NA ISHIN DO SHOK\u00cb- EDHE UN\u00cb DO\u00a0 T\u00cb BASHKOHEM ME BARDHIN- HA-HA-HA\u2026?!! - \u00a0\u00a0MBASE NDOKUSH EDHE NA BESON\u2026..?!! \u00a0- PANTA REI- \u00c7DO GJ\u00cb\u00a0","robots":{"index":"index","follow":"follow","max-snippet":"max-snippet:-1","max-image-preview":"max-image-preview:large","max-video-preview":"max-video-preview:-1"},"canonical":"https:\/\/www.visit-ulcinj.com\/blog\/2016\/07\/31\/nika-zgjedhjet-parlamentare-2016-te-anulojme-voten\/","og_locale":"en_US","og_type":"article","og_title":"Nika: Zgjedhjet parlamentare 2016: T\u00eb anulojm\u00eb vot\u00ebn \u2026?!!! - Lajme nga Ulqini","og_description":"Shkruan Muhamet Nika NA ISHIN DO SHOK\u00cb- EDHE UN\u00cb DO\u00a0 T\u00cb BASHKOHEM ME BARDHIN- HA-HA-HA\u2026?!! - \u00a0\u00a0MBASE NDOKUSH EDHE NA BESON\u2026..?!! \u00a0- PANTA REI- \u00c7DO GJ\u00cb\u00a0","og_url":"https:\/\/www.visit-ulcinj.com\/blog\/2016\/07\/31\/nika-zgjedhjet-parlamentare-2016-te-anulojme-voten\/","og_site_name":"Lajme nga Ulqini","article_published_time":"2016-07-31T16:16:50+00:00","article_modified_time":"2016-08-02T09:30:25+00:00","og_image":[{"url":"http:\/\/www.visit-ulcinj.com\/blog\/wp-content\/uploads\/2011\/06\/Delegacioni-nga-Ulqini-ne-Kosove.1.jpg"}],"twitter_misc":{"Written by":"ulqini","Est. reading time":"4 minutes"},"schema":{"@context":"https:\/\/schema.org","@graph":[{"@type":"WebSite","@id":"https:\/\/www.visit-ulcinj.com\/blog\/#website","url":"https:\/\/www.visit-ulcinj.com\/blog\/","name":"Lajme nga Ulqini","description":"Lajme,Vijesti,Ulqini,Ulqin,Crna Gora,Mali i Zi","potentialAction":[{"@type":"SearchAction","target":{"@type":"EntryPoint","urlTemplate":"https:\/\/www.visit-ulcinj.com\/blog\/?s={search_term_string}"},"query-input":"required name=search_term_string"}],"inLanguage":"en-US"},{"@type":"ImageObject","inLanguage":"en-US","@id":"https:\/\/www.visit-ulcinj.com\/blog\/2016\/07\/31\/nika-zgjedhjet-parlamentare-2016-te-anulojme-voten\/#primaryimage","url":"https:\/\/www.visit-ulcinj.com\/blog\/wp-content\/uploads\/2011\/06\/Delegacioni-nga-Ulqini-ne-Kosove.1.jpg","contentUrl":"https:\/\/www.visit-ulcinj.com\/blog\/wp-content\/uploads\/2011\/06\/Delegacioni-nga-Ulqini-ne-Kosove.1.jpg","width":"720","height":"540"},{"@type":"WebPage","@id":"https:\/\/www.visit-ulcinj.com\/blog\/2016\/07\/31\/nika-zgjedhjet-parlamentare-2016-te-anulojme-voten\/#webpage","url":"https:\/\/www.visit-ulcinj.com\/blog\/2016\/07\/31\/nika-zgjedhjet-parlamentare-2016-te-anulojme-voten\/","name":"Nika: Zgjedhjet parlamentare 2016: T\u00eb anulojm\u00eb vot\u00ebn \u2026?!!! - Lajme nga Ulqini","isPartOf":{"@id":"https:\/\/www.visit-ulcinj.com\/blog\/#website"},"primaryImageOfPage":{"@id":"https:\/\/www.visit-ulcinj.com\/blog\/2016\/07\/31\/nika-zgjedhjet-parlamentare-2016-te-anulojme-voten\/#primaryimage"},"datePublished":"2016-07-31T16:16:50+00:00","dateModified":"2016-08-02T09:30:25+00:00","author":{"@id":"https:\/\/www.visit-ulcinj.com\/blog\/#\/schema\/person\/dcab619c614d3038751c63bc2aadc06d"},"description":"Shkruan Muhamet Nika NA ISHIN DO SHOK\u00cb- EDHE UN\u00cb DO\u00a0 T\u00cb BASHKOHEM ME BARDHIN- HA-HA-HA\u2026?!! - \u00a0\u00a0MBASE NDOKUSH EDHE NA BESON\u2026..?!! \u00a0- PANTA REI- \u00c7DO GJ\u00cb\u00a0","breadcrumb":{"@id":"https:\/\/www.visit-ulcinj.com\/blog\/2016\/07\/31\/nika-zgjedhjet-parlamentare-2016-te-anulojme-voten\/#breadcrumb"},"inLanguage":"en-US","potentialAction":[{"@type":"ReadAction","target":["https:\/\/www.visit-ulcinj.com\/blog\/2016\/07\/31\/nika-zgjedhjet-parlamentare-2016-te-anulojme-voten\/"]}]},{"@type":"BreadcrumbList","@id":"https:\/\/www.visit-ulcinj.com\/blog\/2016\/07\/31\/nika-zgjedhjet-parlamentare-2016-te-anulojme-voten\/#breadcrumb","itemListElement":[{"@type":"ListItem","position":1,"name":"Nika: Zgjedhjet parlamentare 2016: T\u00eb anulojm\u00eb vot\u00ebn \u2026?!!!"}]},{"@type":"Person","@id":"https:\/\/www.visit-ulcinj.com\/blog\/#\/schema\/person\/dcab619c614d3038751c63bc2aadc06d","name":"ulqini","sameAs":["http:\/\/www.visit-ulcinj.com"],"url":"https:\/\/www.visit-ulcinj.com\/blog\/author\/admin\/"}]}},"jetpack_featured_media_url":"","jetpack_sharing_enabled":true,"jetpack_shortlink":"https:\/\/wp.me\/pe6lTn-pHL","_links":{"self":[{"href":"https:\/\/www.visit-ulcinj.com\/blog\/wp-json\/wp\/v2\/posts\/98813"}],"collection":[{"href":"https:\/\/www.visit-ulcinj.com\/blog\/wp-json\/wp\/v2\/posts"}],"about":[{"href":"https:\/\/www.visit-ulcinj.com\/blog\/wp-json\/wp\/v2\/types\/post"}],"author":[{"embeddable":true,"href":"https:\/\/www.visit-ulcinj.com\/blog\/wp-json\/wp\/v2\/users\/1"}],"replies":[{"embeddable":true,"href":"https:\/\/www.visit-ulcinj.com\/blog\/wp-json\/wp\/v2\/comments?post=98813"}],"version-history":[{"count":1,"href":"https:\/\/www.visit-ulcinj.com\/blog\/wp-json\/wp\/v2\/posts\/98813\/revisions"}],"predecessor-version":[{"id":98815,"href":"https:\/\/www.visit-ulcinj.com\/blog\/wp-json\/wp\/v2\/posts\/98813\/revisions\/98815"}],"wp:attachment":[{"href":"https:\/\/www.visit-ulcinj.com\/blog\/wp-json\/wp\/v2\/media?parent=98813"}],"wp:term":[{"taxonomy":"category","embeddable":true,"href":"https:\/\/www.visit-ulcinj.com\/blog\/wp-json\/wp\/v2\/categories?post=98813"},{"taxonomy":"post_tag","embeddable":true,"href":"https:\/\/www.visit-ulcinj.com\/blog\/wp-json\/wp\/v2\/tags?post=98813"}],"curies":[{"name":"wp","href":"https:\/\/api.w.org\/{rel}","templated":true}]}}