{"id":98835,"date":"2016-08-02T15:01:09","date_gmt":"2016-08-02T14:01:09","guid":{"rendered":"http:\/\/www.visit-ulcinj.com\/blog\/?p=98835"},"modified":"2016-08-02T15:01:09","modified_gmt":"2016-08-02T14:01:09","slug":"kksh-ne-shkoder-fillon-seminari-per-mesim-plotesues-te-gjuhes-shqipe-ne-diaspore","status":"publish","type":"post","link":"https:\/\/www.visit-ulcinj.com\/blog\/2016\/08\/02\/kksh-ne-shkoder-fillon-seminari-per-mesim-plotesues-te-gjuhes-shqipe-ne-diaspore\/","title":{"rendered":"KKSH: N\u00eb Shkoder fillon Seminari p\u00ebr m\u00ebsim plot\u00ebsues t\u00eb gjuh\u00ebs shqipe n\u00eb diaspor\u00eb"},"content":{"rendered":"<p><strong><a href=\"http:\/\/www.visit-ulcinj.com\/blog\/wp-content\/uploads\/2016\/08\/N\u00eb-Shkoder-fillon-Seminari-p\u00ebr-m\u00ebsim-plot\u00ebsues-t\u00eb-gjuh\u00ebs-shqipe-1.jpg\"><img loading=\"lazy\" class=\"alignleft wp-image-98836\" src=\"http:\/\/www.visit-ulcinj.com\/blog\/wp-content\/uploads\/2016\/08\/N\u00eb-Shkoder-fillon-Seminari-p\u00ebr-m\u00ebsim-plot\u00ebsues-t\u00eb-gjuh\u00ebs-shqipe-1.jpg\" alt=\"N\u00eb Shkoder fillon Seminari p\u00ebr m\u00ebsim plot\u00ebsues t\u00eb gjuh\u00ebs shqipe-1\" width=\"508\" height=\"381\" srcset=\"https:\/\/www.visit-ulcinj.com\/blog\/wp-content\/uploads\/2016\/08\/N\u00eb-Shkoder-fillon-Seminari-p\u00ebr-m\u00ebsim-plot\u00ebsues-t\u00eb-gjuh\u00ebs-shqipe-1.jpg 664w, https:\/\/www.visit-ulcinj.com\/blog\/wp-content\/uploads\/2016\/08\/N\u00eb-Shkoder-fillon-Seminari-p\u00ebr-m\u00ebsim-plot\u00ebsues-t\u00eb-gjuh\u00ebs-shqipe-1-300x225.jpg 300w\" sizes=\"(max-width: 508px) 100vw, 508px\" \/><\/a>K\u00cbSHILLI NACIONAL I SHQIPTAR\u00cbVE N\u00cb MALIN E ZI<\/strong><\/p>\n<p><strong>\u00a0NACIONALNI SAVJET ALBANACA U CRNOJ GORI<\/strong><\/p>\n<p><strong>ALBANIAN\u00a0 NATIONAL COUNCIL IN MONTENEGRO<\/strong><\/p>\n<p><strong>\u00a0\u00a0\u00a0 Nr. 150 \/ 2016<\/strong><\/p>\n<p><strong>\u00a0\u00a0\u00a0 Ulqin, 02.08.2016<\/strong><\/p>\n<p>&nbsp;<\/p>\n<p style=\"text-align: center;\">\n<p style=\"text-align: center;\"><strong>Kumtes\u00eb p\u00ebr Opinion<\/strong><\/p>\n<p>&nbsp;<\/p>\n<p>&nbsp;<\/p>\n<p>Me 01 gusht 2016 n\u00eb Shkod\u00ebr hapi punimet seminari XII mbar\u00ebkomb\u00ebtar &#8220;P\u00ebr m\u00ebsimin plot\u00ebsues t\u00eb gjuh\u00ebs shqipe n\u00eb diaspor\u00eb&#8221;.<\/p>\n<p>N\u00eb hapjen solemne t\u00eb seminarit ishte i ftuar kryetari i K\u00ebshillit Komb\u00ebtar t\u00eb Shqiptar\u00ebve n\u00eb Mali e Zi, nj\u00ebherit edhe deputet z. Genci Nimanbegu.<\/p>\n<p>N\u00eb fillim t\u00eb punimeve t\u00eb seminarit t\u00eb pranishm\u00ebve Ju drejtuan Ministri i Arsimit, Shkenc\u00ebs dhe Teknologjis\u00eb t\u00eb Republik\u00ebs s\u00eb Kosov\u00ebs Prof.Dr. Arsim Bajrami, kryetarja e Bashkis\u00eb s\u00eb Shkodr\u00ebs znj. Voltana Ademi dhe kryetari i Komun\u00ebs s\u00eb Ulqinit z. Nazif Cungu.<\/p>\n<p>Seminari do t\u00eb zhvilloj punimet nga data 01 deri me 04. 08.2016. N\u00eb seminar marrin pjes\u00eb 130 m\u00ebsimdh\u00ebn\u00ebs shqiptar q\u00eb japin m\u00ebsimin e gjuh\u00ebs shqipe n\u00eb diaspor\u00eb.<\/p>\n<p>N\u00eb p\u00ebrfundim t\u00eb pjes\u00ebs solemne, p\u00ebrfaq\u00ebsuesit e institucioneve dhan\u00eb deklarata t\u00eb p\u00ebrbashk\u00ebta p\u00ebr shtyp n\u00eb lidhje me aktivitetin.<\/p>\n<p>Sh\u00ebrbimi p\u00ebr informim i KKSH-s\u00eb<\/p>\n<p><a href=\"http:\/\/www.visit-ulcinj.com\/blog\/wp-content\/uploads\/2016\/08\/N\u00eb-Shkoder-fillon-Seminari-p\u00ebr-m\u00ebsim-plot\u00ebsues-t\u00eb-gjuh\u00ebs-shqipe-2.jpg\"><img loading=\"lazy\" class=\"alignleft wp-image-98839\" src=\"http:\/\/www.visit-ulcinj.com\/blog\/wp-content\/uploads\/2016\/08\/N\u00eb-Shkoder-fillon-Seminari-p\u00ebr-m\u00ebsim-plot\u00ebsues-t\u00eb-gjuh\u00ebs-shqipe-2.jpg\" alt=\"N\u00eb Shkoder fillon Seminari p\u00ebr m\u00ebsim plot\u00ebsues t\u00eb gjuh\u00ebs shqipe-2\" width=\"508\" height=\"381\" srcset=\"https:\/\/www.visit-ulcinj.com\/blog\/wp-content\/uploads\/2016\/08\/N\u00eb-Shkoder-fillon-Seminari-p\u00ebr-m\u00ebsim-plot\u00ebsues-t\u00eb-gjuh\u00ebs-shqipe-2.jpg 664w, https:\/\/www.visit-ulcinj.com\/blog\/wp-content\/uploads\/2016\/08\/N\u00eb-Shkoder-fillon-Seminari-p\u00ebr-m\u00ebsim-plot\u00ebsues-t\u00eb-gjuh\u00ebs-shqipe-2-300x225.jpg 300w\" sizes=\"(max-width: 508px) 100vw, 508px\" \/><\/a><\/p>\n<p><a href=\"http:\/\/www.visit-ulcinj.com\/blog\/wp-content\/uploads\/2016\/08\/N\u00eb-Shkoder-fillon-Seminari-p\u00ebr-m\u00ebsim-plot\u00ebsues-t\u00eb-gjuh\u00ebs-shqipe-3.jpg\"><img loading=\"lazy\" class=\"alignleft wp-image-98840\" src=\"http:\/\/www.visit-ulcinj.com\/blog\/wp-content\/uploads\/2016\/08\/N\u00eb-Shkoder-fillon-Seminari-p\u00ebr-m\u00ebsim-plot\u00ebsues-t\u00eb-gjuh\u00ebs-shqipe-3.jpg\" alt=\"N\u00eb Shkoder fillon Seminari p\u00ebr m\u00ebsim plot\u00ebsues t\u00eb gjuh\u00ebs shqipe-3\" width=\"508\" height=\"381\" srcset=\"https:\/\/www.visit-ulcinj.com\/blog\/wp-content\/uploads\/2016\/08\/N\u00eb-Shkoder-fillon-Seminari-p\u00ebr-m\u00ebsim-plot\u00ebsues-t\u00eb-gjuh\u00ebs-shqipe-3.jpg 664w, https:\/\/www.visit-ulcinj.com\/blog\/wp-content\/uploads\/2016\/08\/N\u00eb-Shkoder-fillon-Seminari-p\u00ebr-m\u00ebsim-plot\u00ebsues-t\u00eb-gjuh\u00ebs-shqipe-3-300x225.jpg 300w\" sizes=\"(max-width: 508px) 100vw, 508px\" \/><\/a><\/p>\n<p>&nbsp;<\/p>\n<p><a href=\"http:\/\/www.visit-ulcinj.com\/blog\/wp-content\/uploads\/2016\/08\/N\u00eb-Shkoder-fillon-Seminari-p\u00ebr-m\u00ebsim-plot\u00ebsues-t\u00eb-gjuh\u00ebs-shqipe-.jpg\"><img loading=\"lazy\" class=\"alignleft wp-image-98837\" src=\"http:\/\/www.visit-ulcinj.com\/blog\/wp-content\/uploads\/2016\/08\/N\u00eb-Shkoder-fillon-Seminari-p\u00ebr-m\u00ebsim-plot\u00ebsues-t\u00eb-gjuh\u00ebs-shqipe-.jpg\" alt=\"N\u00eb Shkoder fillon Seminari p\u00ebr m\u00ebsim plot\u00ebsues t\u00eb gjuh\u00ebs shqipe-\" width=\"508\" height=\"676\" srcset=\"https:\/\/www.visit-ulcinj.com\/blog\/wp-content\/uploads\/2016\/08\/N\u00eb-Shkoder-fillon-Seminari-p\u00ebr-m\u00ebsim-plot\u00ebsues-t\u00eb-gjuh\u00ebs-shqipe-.jpg 374w, https:\/\/www.visit-ulcinj.com\/blog\/wp-content\/uploads\/2016\/08\/N\u00eb-Shkoder-fillon-Seminari-p\u00ebr-m\u00ebsim-plot\u00ebsues-t\u00eb-gjuh\u00ebs-shqipe--225x300.jpg 225w\" sizes=\"(max-width: 508px) 100vw, 508px\" \/><\/a><\/p>\n","protected":false},"excerpt":{"rendered":"<p>K\u00cbSHILLI NACIONAL I SHQIPTAR\u00cbVE N\u00cb MALIN E ZI \u00a0NACIONALNI SAVJET ALBANACA U CRNOJ GORI ALBANIAN\u00a0 NATIONAL COUNCIL IN MONTENEGRO \u00a0\u00a0\u00a0 Nr. 150 \/ 2016 \u00a0\u00a0\u00a0 Ulqin, 02.08.2016 &nbsp; Kumtes\u00eb p\u00ebr Opinion &nbsp; &nbsp; Me 01 gusht 2016 n\u00eb Shkod\u00ebr hapi punimet seminari XII mbar\u00ebkomb\u00ebtar &#8220;P\u00ebr m\u00ebsimin plot\u00ebsues t\u00eb gjuh\u00ebs shqipe n\u00eb diaspor\u00eb&#8221;. N\u00eb hapjen solemne [&hellip;]<\/p>\n","protected":false},"author":1,"featured_media":0,"comment_status":"closed","ping_status":"closed","sticky":false,"template":"","format":"standard","meta":{"spay_email":"","jetpack_publicize_message":"","jetpack_is_tweetstorm":false,"jetpack_publicize_feature_enabled":true},"categories":[14],"tags":[],"jetpack_publicize_connections":[],"yoast_head":"<!-- This site is optimized with the Yoast SEO plugin v19.1 - https:\/\/yoast.com\/wordpress\/plugins\/seo\/ -->\n<title>KKSH: N\u00eb Shkoder fillon Seminari p\u00ebr m\u00ebsim plot\u00ebsues t\u00eb gjuh\u00ebs shqipe n\u00eb diaspor\u00eb - Lajme nga Ulqini<\/title>\n<meta name=\"description\" content=\"K\u00cbSHILLI NACIONAL I SHQIPTAR\u00cbVE N\u00cb MALIN E ZI \u00a0NACIONALNI SAVJET ALBANACA U CRNOJ GORI ALBANIAN\u00a0 NATIONAL COUNCIL IN MONTENEGRO \u00a0\u00a0\u00a0 Nr. 150 \/ 2016 \u00a0\u00a0\u00a0\" \/>\n<meta name=\"robots\" content=\"index, follow, max-snippet:-1, max-image-preview:large, max-video-preview:-1\" \/>\n<link rel=\"canonical\" href=\"https:\/\/www.visit-ulcinj.com\/blog\/2016\/08\/02\/kksh-ne-shkoder-fillon-seminari-per-mesim-plotesues-te-gjuhes-shqipe-ne-diaspore\/\" \/>\n<meta property=\"og:locale\" content=\"en_US\" \/>\n<meta property=\"og:type\" content=\"article\" \/>\n<meta property=\"og:title\" content=\"KKSH: N\u00eb Shkoder fillon Seminari p\u00ebr m\u00ebsim plot\u00ebsues t\u00eb gjuh\u00ebs shqipe n\u00eb diaspor\u00eb - Lajme nga Ulqini\" \/>\n<meta property=\"og:description\" content=\"K\u00cbSHILLI NACIONAL I SHQIPTAR\u00cbVE N\u00cb MALIN E ZI \u00a0NACIONALNI SAVJET ALBANACA U CRNOJ GORI ALBANIAN\u00a0 NATIONAL COUNCIL IN MONTENEGRO \u00a0\u00a0\u00a0 Nr. 150 \/ 2016 \u00a0\u00a0\u00a0\" \/>\n<meta property=\"og:url\" content=\"https:\/\/www.visit-ulcinj.com\/blog\/2016\/08\/02\/kksh-ne-shkoder-fillon-seminari-per-mesim-plotesues-te-gjuhes-shqipe-ne-diaspore\/\" \/>\n<meta property=\"og:site_name\" content=\"Lajme nga Ulqini\" \/>\n<meta property=\"article:published_time\" content=\"2016-08-02T14:01:09+00:00\" \/>\n<meta name=\"twitter:label1\" content=\"Written by\" \/>\n\t<meta name=\"twitter:data1\" content=\"ulqini\" \/>\n\t<meta name=\"twitter:label2\" content=\"Est. reading time\" \/>\n\t<meta name=\"twitter:data2\" content=\"1 minute\" \/>\n<script type=\"application\/ld+json\" class=\"yoast-schema-graph\">{\"@context\":\"https:\/\/schema.org\",\"@graph\":[{\"@type\":\"WebSite\",\"@id\":\"https:\/\/www.visit-ulcinj.com\/blog\/#website\",\"url\":\"https:\/\/www.visit-ulcinj.com\/blog\/\",\"name\":\"Lajme nga Ulqini\",\"description\":\"Lajme,Vijesti,Ulqini,Ulqin,Crna Gora,Mali i Zi\",\"potentialAction\":[{\"@type\":\"SearchAction\",\"target\":{\"@type\":\"EntryPoint\",\"urlTemplate\":\"https:\/\/www.visit-ulcinj.com\/blog\/?s={search_term_string}\"},\"query-input\":\"required name=search_term_string\"}],\"inLanguage\":\"en-US\"},{\"@type\":\"WebPage\",\"@id\":\"https:\/\/www.visit-ulcinj.com\/blog\/2016\/08\/02\/kksh-ne-shkoder-fillon-seminari-per-mesim-plotesues-te-gjuhes-shqipe-ne-diaspore\/#webpage\",\"url\":\"https:\/\/www.visit-ulcinj.com\/blog\/2016\/08\/02\/kksh-ne-shkoder-fillon-seminari-per-mesim-plotesues-te-gjuhes-shqipe-ne-diaspore\/\",\"name\":\"KKSH: N\u00eb Shkoder fillon Seminari p\u00ebr m\u00ebsim plot\u00ebsues t\u00eb gjuh\u00ebs shqipe n\u00eb diaspor\u00eb - Lajme nga Ulqini\",\"isPartOf\":{\"@id\":\"https:\/\/www.visit-ulcinj.com\/blog\/#website\"},\"datePublished\":\"2016-08-02T14:01:09+00:00\",\"dateModified\":\"2016-08-02T14:01:09+00:00\",\"author\":{\"@id\":\"https:\/\/www.visit-ulcinj.com\/blog\/#\/schema\/person\/dcab619c614d3038751c63bc2aadc06d\"},\"description\":\"K\u00cbSHILLI NACIONAL I SHQIPTAR\u00cbVE N\u00cb MALIN E ZI \u00a0NACIONALNI SAVJET ALBANACA U CRNOJ GORI ALBANIAN\u00a0 NATIONAL COUNCIL IN MONTENEGRO \u00a0\u00a0\u00a0 Nr. 150 \/ 2016 \u00a0\u00a0\u00a0\",\"breadcrumb\":{\"@id\":\"https:\/\/www.visit-ulcinj.com\/blog\/2016\/08\/02\/kksh-ne-shkoder-fillon-seminari-per-mesim-plotesues-te-gjuhes-shqipe-ne-diaspore\/#breadcrumb\"},\"inLanguage\":\"en-US\",\"potentialAction\":[{\"@type\":\"ReadAction\",\"target\":[\"https:\/\/www.visit-ulcinj.com\/blog\/2016\/08\/02\/kksh-ne-shkoder-fillon-seminari-per-mesim-plotesues-te-gjuhes-shqipe-ne-diaspore\/\"]}]},{\"@type\":\"BreadcrumbList\",\"@id\":\"https:\/\/www.visit-ulcinj.com\/blog\/2016\/08\/02\/kksh-ne-shkoder-fillon-seminari-per-mesim-plotesues-te-gjuhes-shqipe-ne-diaspore\/#breadcrumb\",\"itemListElement\":[{\"@type\":\"ListItem\",\"position\":1,\"name\":\"KKSH: N\u00eb Shkoder fillon Seminari p\u00ebr m\u00ebsim plot\u00ebsues t\u00eb gjuh\u00ebs shqipe n\u00eb diaspor\u00eb\"}]},{\"@type\":\"Person\",\"@id\":\"https:\/\/www.visit-ulcinj.com\/blog\/#\/schema\/person\/dcab619c614d3038751c63bc2aadc06d\",\"name\":\"ulqini\",\"sameAs\":[\"http:\/\/www.visit-ulcinj.com\"],\"url\":\"https:\/\/www.visit-ulcinj.com\/blog\/author\/admin\/\"}]}<\/script>\n<!-- \/ Yoast SEO plugin. -->","yoast_head_json":{"title":"KKSH: N\u00eb Shkoder fillon Seminari p\u00ebr m\u00ebsim plot\u00ebsues t\u00eb gjuh\u00ebs shqipe n\u00eb diaspor\u00eb - Lajme nga Ulqini","description":"K\u00cbSHILLI NACIONAL I SHQIPTAR\u00cbVE N\u00cb MALIN E ZI \u00a0NACIONALNI SAVJET ALBANACA U CRNOJ GORI ALBANIAN\u00a0 NATIONAL COUNCIL IN MONTENEGRO \u00a0\u00a0\u00a0 Nr. 150 \/ 2016 \u00a0\u00a0\u00a0","robots":{"index":"index","follow":"follow","max-snippet":"max-snippet:-1","max-image-preview":"max-image-preview:large","max-video-preview":"max-video-preview:-1"},"canonical":"https:\/\/www.visit-ulcinj.com\/blog\/2016\/08\/02\/kksh-ne-shkoder-fillon-seminari-per-mesim-plotesues-te-gjuhes-shqipe-ne-diaspore\/","og_locale":"en_US","og_type":"article","og_title":"KKSH: N\u00eb Shkoder fillon Seminari p\u00ebr m\u00ebsim plot\u00ebsues t\u00eb gjuh\u00ebs shqipe n\u00eb diaspor\u00eb - Lajme nga Ulqini","og_description":"K\u00cbSHILLI NACIONAL I SHQIPTAR\u00cbVE N\u00cb MALIN E ZI \u00a0NACIONALNI SAVJET ALBANACA U CRNOJ GORI ALBANIAN\u00a0 NATIONAL COUNCIL IN MONTENEGRO \u00a0\u00a0\u00a0 Nr. 150 \/ 2016 \u00a0\u00a0\u00a0","og_url":"https:\/\/www.visit-ulcinj.com\/blog\/2016\/08\/02\/kksh-ne-shkoder-fillon-seminari-per-mesim-plotesues-te-gjuhes-shqipe-ne-diaspore\/","og_site_name":"Lajme nga Ulqini","article_published_time":"2016-08-02T14:01:09+00:00","twitter_misc":{"Written by":"ulqini","Est. reading time":"1 minute"},"schema":{"@context":"https:\/\/schema.org","@graph":[{"@type":"WebSite","@id":"https:\/\/www.visit-ulcinj.com\/blog\/#website","url":"https:\/\/www.visit-ulcinj.com\/blog\/","name":"Lajme nga Ulqini","description":"Lajme,Vijesti,Ulqini,Ulqin,Crna Gora,Mali i Zi","potentialAction":[{"@type":"SearchAction","target":{"@type":"EntryPoint","urlTemplate":"https:\/\/www.visit-ulcinj.com\/blog\/?s={search_term_string}"},"query-input":"required name=search_term_string"}],"inLanguage":"en-US"},{"@type":"WebPage","@id":"https:\/\/www.visit-ulcinj.com\/blog\/2016\/08\/02\/kksh-ne-shkoder-fillon-seminari-per-mesim-plotesues-te-gjuhes-shqipe-ne-diaspore\/#webpage","url":"https:\/\/www.visit-ulcinj.com\/blog\/2016\/08\/02\/kksh-ne-shkoder-fillon-seminari-per-mesim-plotesues-te-gjuhes-shqipe-ne-diaspore\/","name":"KKSH: N\u00eb Shkoder fillon Seminari p\u00ebr m\u00ebsim plot\u00ebsues t\u00eb gjuh\u00ebs shqipe n\u00eb diaspor\u00eb - Lajme nga Ulqini","isPartOf":{"@id":"https:\/\/www.visit-ulcinj.com\/blog\/#website"},"datePublished":"2016-08-02T14:01:09+00:00","dateModified":"2016-08-02T14:01:09+00:00","author":{"@id":"https:\/\/www.visit-ulcinj.com\/blog\/#\/schema\/person\/dcab619c614d3038751c63bc2aadc06d"},"description":"K\u00cbSHILLI NACIONAL I SHQIPTAR\u00cbVE N\u00cb MALIN E ZI \u00a0NACIONALNI SAVJET ALBANACA U CRNOJ GORI ALBANIAN\u00a0 NATIONAL COUNCIL IN MONTENEGRO \u00a0\u00a0\u00a0 Nr. 150 \/ 2016 \u00a0\u00a0\u00a0","breadcrumb":{"@id":"https:\/\/www.visit-ulcinj.com\/blog\/2016\/08\/02\/kksh-ne-shkoder-fillon-seminari-per-mesim-plotesues-te-gjuhes-shqipe-ne-diaspore\/#breadcrumb"},"inLanguage":"en-US","potentialAction":[{"@type":"ReadAction","target":["https:\/\/www.visit-ulcinj.com\/blog\/2016\/08\/02\/kksh-ne-shkoder-fillon-seminari-per-mesim-plotesues-te-gjuhes-shqipe-ne-diaspore\/"]}]},{"@type":"BreadcrumbList","@id":"https:\/\/www.visit-ulcinj.com\/blog\/2016\/08\/02\/kksh-ne-shkoder-fillon-seminari-per-mesim-plotesues-te-gjuhes-shqipe-ne-diaspore\/#breadcrumb","itemListElement":[{"@type":"ListItem","position":1,"name":"KKSH: N\u00eb Shkoder fillon Seminari p\u00ebr m\u00ebsim plot\u00ebsues t\u00eb gjuh\u00ebs shqipe n\u00eb diaspor\u00eb"}]},{"@type":"Person","@id":"https:\/\/www.visit-ulcinj.com\/blog\/#\/schema\/person\/dcab619c614d3038751c63bc2aadc06d","name":"ulqini","sameAs":["http:\/\/www.visit-ulcinj.com"],"url":"https:\/\/www.visit-ulcinj.com\/blog\/author\/admin\/"}]}},"jetpack_featured_media_url":"","jetpack_sharing_enabled":true,"jetpack_shortlink":"https:\/\/wp.me\/pe6lTn-pI7","_links":{"self":[{"href":"https:\/\/www.visit-ulcinj.com\/blog\/wp-json\/wp\/v2\/posts\/98835"}],"collection":[{"href":"https:\/\/www.visit-ulcinj.com\/blog\/wp-json\/wp\/v2\/posts"}],"about":[{"href":"https:\/\/www.visit-ulcinj.com\/blog\/wp-json\/wp\/v2\/types\/post"}],"author":[{"embeddable":true,"href":"https:\/\/www.visit-ulcinj.com\/blog\/wp-json\/wp\/v2\/users\/1"}],"replies":[{"embeddable":true,"href":"https:\/\/www.visit-ulcinj.com\/blog\/wp-json\/wp\/v2\/comments?post=98835"}],"version-history":[{"count":1,"href":"https:\/\/www.visit-ulcinj.com\/blog\/wp-json\/wp\/v2\/posts\/98835\/revisions"}],"predecessor-version":[{"id":98841,"href":"https:\/\/www.visit-ulcinj.com\/blog\/wp-json\/wp\/v2\/posts\/98835\/revisions\/98841"}],"wp:attachment":[{"href":"https:\/\/www.visit-ulcinj.com\/blog\/wp-json\/wp\/v2\/media?parent=98835"}],"wp:term":[{"taxonomy":"category","embeddable":true,"href":"https:\/\/www.visit-ulcinj.com\/blog\/wp-json\/wp\/v2\/categories?post=98835"},{"taxonomy":"post_tag","embeddable":true,"href":"https:\/\/www.visit-ulcinj.com\/blog\/wp-json\/wp\/v2\/tags?post=98835"}],"curies":[{"name":"wp","href":"https:\/\/api.w.org\/{rel}","templated":true}]}}