{"id":98842,"date":"2016-08-02T15:24:33","date_gmt":"2016-08-02T14:24:33","guid":{"rendered":"http:\/\/www.visit-ulcinj.com\/blog\/?p=98842"},"modified":"2016-08-02T15:24:33","modified_gmt":"2016-08-02T14:24:33","slug":"keshtu-duket-nga-brenda-kalaja-e-ulqinit-foto","status":"publish","type":"post","link":"https:\/\/www.visit-ulcinj.com\/blog\/2016\/08\/02\/keshtu-duket-nga-brenda-kalaja-e-ulqinit-foto\/","title":{"rendered":"K\u00ebshtu duket nga brenda Kalaja e Ulqinit + Foto"},"content":{"rendered":"<p><span id=\"ContentPane6ArticlesDetails_lblContent\" class=\"content\"><strong> <a href=\"http:\/\/www.visit-ulcinj.com\/blog\/wp-content\/uploads\/2016\/08\/K\u00ebshtu-duket-nga-brenda-Kalaja-e-Ulqinit-ndrcimi-ne-kala-1.jpg\"><img loading=\"lazy\" class=\"alignleft wp-image-98843\" src=\"http:\/\/www.visit-ulcinj.com\/blog\/wp-content\/uploads\/2016\/08\/K\u00ebshtu-duket-nga-brenda-Kalaja-e-Ulqinit-ndrcimi-ne-kala-1.jpg\" alt=\"K\u00ebshtu duket nga brenda Kalaja e Ulqinit-ndrcimi ne kala-1\" width=\"508\" height=\"623\" srcset=\"https:\/\/www.visit-ulcinj.com\/blog\/wp-content\/uploads\/2016\/08\/K\u00ebshtu-duket-nga-brenda-Kalaja-e-Ulqinit-ndrcimi-ne-kala-1.jpg 719w, https:\/\/www.visit-ulcinj.com\/blog\/wp-content\/uploads\/2016\/08\/K\u00ebshtu-duket-nga-brenda-Kalaja-e-Ulqinit-ndrcimi-ne-kala-1-245x300.jpg 245w\" sizes=\"(max-width: 508px) 100vw, 508px\" \/><\/a>Nd\u00ebrtuar shum\u00eb shekuj m\u00eb par\u00eb, Kalaja \u00ebsht\u00eb objekti me t\u00eb cilin identifikohet qyteti i Ulqinit<\/strong><br \/>\n<\/span><\/p>\n<p>Me rastin e reagimit mediatik t\u00eb qytetar\u00ebve t\u00eb Kalas\u00eb, ekipi i sektorit \u201cKomunalit\u00eb tjera\u201d, gjegj\u00ebsisht ekipi p\u00ebr mir\u00ebmbajtjen e ndri\u00e7imit publik reagoi n\u00eb eliminimin e prishjeve n\u00eb k\u00ebt\u00eb lokalitet atraktiv, raporton portali Ul.info.<\/p>\n<p>Me gjith\u00eb p\u00ebrpjekjet disa ditore gjat\u00eb t\u00ebr\u00eb k\u00ebtij vit n\u00eb p\u00ebrmir\u00ebsimin e gjendjes n\u00eb ndri\u00e7imin publik, n\u00eb terren kemi hasur n\u00eb num\u00ebr t\u00eb madh t\u00eb parregullsive t\u00eb cilat nuk jan\u00eb t\u00eb hijshme, ve\u00e7an\u00ebrisht jo n\u00eb vendin q\u00eb pretendon t\u00eb jet\u00eb pjes\u00eb e UNESCO-s.<\/p>\n<p>Edhe pse infrastruktura \u00ebsht\u00eb e dob\u00ebt n\u00eb Kala, ekipi n\u00eb terren gjeti shum\u00eb parregullsi si: thyerjen e po\u00e7ave elektrik, xhamave t\u00eb trupave ndri\u00e7ues, heqjen (marrjen) e reflektor\u00ebve, nd\u00ebrhyrjeve ilegale n\u00eb ndri\u00e7im publik, betonimin e kutive shp\u00ebrndar\u00ebse, nd\u00ebrprerjen e kabllove dhe t\u00eb tjera.<br \/>\nP\u00ebr shkak t\u00eb sulmeve mediatike ndaj nd\u00ebrmarrjes ton\u00eb rreth mir\u00ebmbajtjes s\u00eb keqe t\u00eb ndri\u00e7imit publik, ishim t\u00eb detyruar t\u00eb reagojm\u00eb me fotografi t\u00eb cilat pun\u00ebtor\u00ebt i fotografuan gjat\u00eb eliminimit t\u00eb prishjeve.<br \/>\nMe k\u00ebt\u00eb d\u00ebshirojm\u00eb t\u00eb ruajm\u00eb pun\u00ebn dhe mundin e pun\u00ebtor\u00ebve ton\u00eb t\u00eb cil\u00ebt punuan n\u00eb mir\u00ebmbajtjen e ndri\u00e7imit publik.<br \/>\nLusim t\u00eb gjith\u00eb qytetar\u00ebt p\u00ebr partneritet n\u00eb t\u00eb mir\u00eb t\u00eb t\u00eb gjith\u00ebve, p\u00ebrfundojn\u00eb nga NP \u201cVeprimtarit\u00eb komunale\u201d.<\/p>\n<p><a href=\"http:\/\/www.visit-ulcinj.com\/blog\/wp-content\/uploads\/2016\/08\/K\u00ebshtu-duket-nga-brenda-Kalaja-e-Ulqinit-ndrcimi-ne-kala.jpg\"><img loading=\"lazy\" class=\"alignleft wp-image-98844\" src=\"http:\/\/www.visit-ulcinj.com\/blog\/wp-content\/uploads\/2016\/08\/K\u00ebshtu-duket-nga-brenda-Kalaja-e-Ulqinit-ndrcimi-ne-kala.jpg\" alt=\"K\u00ebshtu duket nga brenda Kalaja e Ulqinit-ndrcimi ne kala\" width=\"508\" height=\"677\" srcset=\"https:\/\/www.visit-ulcinj.com\/blog\/wp-content\/uploads\/2016\/08\/K\u00ebshtu-duket-nga-brenda-Kalaja-e-Ulqinit-ndrcimi-ne-kala.jpg 720w, https:\/\/www.visit-ulcinj.com\/blog\/wp-content\/uploads\/2016\/08\/K\u00ebshtu-duket-nga-brenda-Kalaja-e-Ulqinit-ndrcimi-ne-kala-225x300.jpg 225w\" sizes=\"(max-width: 508px) 100vw, 508px\" \/><\/a> <a href=\"http:\/\/www.visit-ulcinj.com\/blog\/wp-content\/uploads\/2016\/08\/K\u00ebshtu-duket-nga-brenda-Kalaja-e-Ulqinit-ndrcimi-ne-kala-2.jpg\"><img loading=\"lazy\" class=\"alignleft wp-image-98845\" src=\"http:\/\/www.visit-ulcinj.com\/blog\/wp-content\/uploads\/2016\/08\/K\u00ebshtu-duket-nga-brenda-Kalaja-e-Ulqinit-ndrcimi-ne-kala-2.jpg\" alt=\"K\u00ebshtu duket nga brenda Kalaja e Ulqinit-ndrcimi ne kala-2\" width=\"508\" height=\"622\" srcset=\"https:\/\/www.visit-ulcinj.com\/blog\/wp-content\/uploads\/2016\/08\/K\u00ebshtu-duket-nga-brenda-Kalaja-e-Ulqinit-ndrcimi-ne-kala-2.jpg 720w, https:\/\/www.visit-ulcinj.com\/blog\/wp-content\/uploads\/2016\/08\/K\u00ebshtu-duket-nga-brenda-Kalaja-e-Ulqinit-ndrcimi-ne-kala-2-245x300.jpg 245w\" sizes=\"(max-width: 508px) 100vw, 508px\" \/><\/a> <a href=\"http:\/\/www.visit-ulcinj.com\/blog\/wp-content\/uploads\/2016\/08\/K\u00ebshtu-duket-nga-brenda-Kalaja-e-Ulqinit-ndrcimi-ne-kala-3.jpg\"><img loading=\"lazy\" class=\"alignleft wp-image-98846\" src=\"http:\/\/www.visit-ulcinj.com\/blog\/wp-content\/uploads\/2016\/08\/K\u00ebshtu-duket-nga-brenda-Kalaja-e-Ulqinit-ndrcimi-ne-kala-3.jpg\" alt=\"K\u00ebshtu duket nga brenda Kalaja e Ulqinit-ndrcimi ne kala-3\" width=\"508\" height=\"677\" srcset=\"https:\/\/www.visit-ulcinj.com\/blog\/wp-content\/uploads\/2016\/08\/K\u00ebshtu-duket-nga-brenda-Kalaja-e-Ulqinit-ndrcimi-ne-kala-3.jpg 720w, https:\/\/www.visit-ulcinj.com\/blog\/wp-content\/uploads\/2016\/08\/K\u00ebshtu-duket-nga-brenda-Kalaja-e-Ulqinit-ndrcimi-ne-kala-3-225x300.jpg 225w\" sizes=\"(max-width: 508px) 100vw, 508px\" \/><\/a> <a href=\"http:\/\/www.visit-ulcinj.com\/blog\/wp-content\/uploads\/2016\/08\/K\u00ebshtu-duket-nga-brenda-Kalaja-e-Ulqinit-ndrcimi-ne-kala-4.jpg\"><img loading=\"lazy\" class=\"alignleft wp-image-98847\" src=\"http:\/\/www.visit-ulcinj.com\/blog\/wp-content\/uploads\/2016\/08\/K\u00ebshtu-duket-nga-brenda-Kalaja-e-Ulqinit-ndrcimi-ne-kala-4.jpg\" alt=\"K\u00ebshtu duket nga brenda Kalaja e Ulqinit-ndrcimi ne kala-4\" width=\"508\" height=\"677\" srcset=\"https:\/\/www.visit-ulcinj.com\/blog\/wp-content\/uploads\/2016\/08\/K\u00ebshtu-duket-nga-brenda-Kalaja-e-Ulqinit-ndrcimi-ne-kala-4.jpg 720w, https:\/\/www.visit-ulcinj.com\/blog\/wp-content\/uploads\/2016\/08\/K\u00ebshtu-duket-nga-brenda-Kalaja-e-Ulqinit-ndrcimi-ne-kala-4-225x300.jpg 225w\" sizes=\"(max-width: 508px) 100vw, 508px\" \/><\/a><\/p>\n<div id=\"gallery-1\" class=\" gallery galleryid-22858\"><\/div>\n","protected":false},"excerpt":{"rendered":"<p>Nd\u00ebrtuar shum\u00eb shekuj m\u00eb par\u00eb, Kalaja \u00ebsht\u00eb objekti me t\u00eb cilin identifikohet qyteti i Ulqinit Me rastin e reagimit mediatik t\u00eb qytetar\u00ebve t\u00eb Kalas\u00eb, ekipi i sektorit \u201cKomunalit\u00eb tjera\u201d, gjegj\u00ebsisht ekipi p\u00ebr mir\u00ebmbajtjen e ndri\u00e7imit publik reagoi n\u00eb eliminimin e prishjeve n\u00eb k\u00ebt\u00eb lokalitet atraktiv, raporton portali Ul.info. Me gjith\u00eb p\u00ebrpjekjet disa ditore gjat\u00eb t\u00ebr\u00eb [&hellip;]<\/p>\n","protected":false},"author":1,"featured_media":0,"comment_status":"closed","ping_status":"closed","sticky":false,"template":"","format":"standard","meta":{"spay_email":"","jetpack_publicize_message":"","jetpack_is_tweetstorm":false,"jetpack_publicize_feature_enabled":true},"categories":[11],"tags":[],"jetpack_publicize_connections":[],"yoast_head":"<!-- This site is optimized with the Yoast SEO plugin v19.1 - https:\/\/yoast.com\/wordpress\/plugins\/seo\/ -->\n<title>K\u00ebshtu duket nga brenda Kalaja e Ulqinit + Foto - Lajme nga Ulqini<\/title>\n<meta name=\"description\" content=\"Nd\u00ebrtuar shum\u00eb shekuj m\u00eb par\u00eb, Kalaja \u00ebsht\u00eb objekti me t\u00eb cilin identifikohet qyteti i Ulqinit Me rastin e reagimit mediatik t\u00eb qytetar\u00ebve t\u00eb Kalas\u00eb,\" \/>\n<meta name=\"robots\" content=\"index, follow, max-snippet:-1, max-image-preview:large, max-video-preview:-1\" \/>\n<link rel=\"canonical\" href=\"https:\/\/www.visit-ulcinj.com\/blog\/2016\/08\/02\/keshtu-duket-nga-brenda-kalaja-e-ulqinit-foto\/\" \/>\n<meta property=\"og:locale\" content=\"en_US\" \/>\n<meta property=\"og:type\" content=\"article\" \/>\n<meta property=\"og:title\" content=\"K\u00ebshtu duket nga brenda Kalaja e Ulqinit + Foto - Lajme nga Ulqini\" \/>\n<meta property=\"og:description\" content=\"Nd\u00ebrtuar shum\u00eb shekuj m\u00eb par\u00eb, Kalaja \u00ebsht\u00eb objekti me t\u00eb cilin identifikohet qyteti i Ulqinit Me rastin e reagimit mediatik t\u00eb qytetar\u00ebve t\u00eb Kalas\u00eb,\" \/>\n<meta property=\"og:url\" content=\"https:\/\/www.visit-ulcinj.com\/blog\/2016\/08\/02\/keshtu-duket-nga-brenda-kalaja-e-ulqinit-foto\/\" \/>\n<meta property=\"og:site_name\" content=\"Lajme nga Ulqini\" \/>\n<meta property=\"article:published_time\" content=\"2016-08-02T14:24:33+00:00\" \/>\n<meta name=\"twitter:label1\" content=\"Written by\" \/>\n\t<meta name=\"twitter:data1\" content=\"ulqini\" \/>\n\t<meta name=\"twitter:label2\" content=\"Est. reading time\" \/>\n\t<meta name=\"twitter:data2\" content=\"1 minute\" \/>\n<script type=\"application\/ld+json\" class=\"yoast-schema-graph\">{\"@context\":\"https:\/\/schema.org\",\"@graph\":[{\"@type\":\"WebSite\",\"@id\":\"https:\/\/www.visit-ulcinj.com\/blog\/#website\",\"url\":\"https:\/\/www.visit-ulcinj.com\/blog\/\",\"name\":\"Lajme nga Ulqini\",\"description\":\"Lajme,Vijesti,Ulqini,Ulqin,Crna Gora,Mali i Zi\",\"potentialAction\":[{\"@type\":\"SearchAction\",\"target\":{\"@type\":\"EntryPoint\",\"urlTemplate\":\"https:\/\/www.visit-ulcinj.com\/blog\/?s={search_term_string}\"},\"query-input\":\"required name=search_term_string\"}],\"inLanguage\":\"en-US\"},{\"@type\":\"WebPage\",\"@id\":\"https:\/\/www.visit-ulcinj.com\/blog\/2016\/08\/02\/keshtu-duket-nga-brenda-kalaja-e-ulqinit-foto\/#webpage\",\"url\":\"https:\/\/www.visit-ulcinj.com\/blog\/2016\/08\/02\/keshtu-duket-nga-brenda-kalaja-e-ulqinit-foto\/\",\"name\":\"K\u00ebshtu duket nga brenda Kalaja e Ulqinit + Foto - Lajme nga Ulqini\",\"isPartOf\":{\"@id\":\"https:\/\/www.visit-ulcinj.com\/blog\/#website\"},\"datePublished\":\"2016-08-02T14:24:33+00:00\",\"dateModified\":\"2016-08-02T14:24:33+00:00\",\"author\":{\"@id\":\"https:\/\/www.visit-ulcinj.com\/blog\/#\/schema\/person\/dcab619c614d3038751c63bc2aadc06d\"},\"description\":\"Nd\u00ebrtuar shum\u00eb shekuj m\u00eb par\u00eb, Kalaja \u00ebsht\u00eb objekti me t\u00eb cilin identifikohet qyteti i Ulqinit Me rastin e reagimit mediatik t\u00eb qytetar\u00ebve t\u00eb Kalas\u00eb,\",\"breadcrumb\":{\"@id\":\"https:\/\/www.visit-ulcinj.com\/blog\/2016\/08\/02\/keshtu-duket-nga-brenda-kalaja-e-ulqinit-foto\/#breadcrumb\"},\"inLanguage\":\"en-US\",\"potentialAction\":[{\"@type\":\"ReadAction\",\"target\":[\"https:\/\/www.visit-ulcinj.com\/blog\/2016\/08\/02\/keshtu-duket-nga-brenda-kalaja-e-ulqinit-foto\/\"]}]},{\"@type\":\"BreadcrumbList\",\"@id\":\"https:\/\/www.visit-ulcinj.com\/blog\/2016\/08\/02\/keshtu-duket-nga-brenda-kalaja-e-ulqinit-foto\/#breadcrumb\",\"itemListElement\":[{\"@type\":\"ListItem\",\"position\":1,\"name\":\"K\u00ebshtu duket nga brenda Kalaja e Ulqinit + Foto\"}]},{\"@type\":\"Person\",\"@id\":\"https:\/\/www.visit-ulcinj.com\/blog\/#\/schema\/person\/dcab619c614d3038751c63bc2aadc06d\",\"name\":\"ulqini\",\"sameAs\":[\"http:\/\/www.visit-ulcinj.com\"],\"url\":\"https:\/\/www.visit-ulcinj.com\/blog\/author\/admin\/\"}]}<\/script>\n<!-- \/ Yoast SEO plugin. -->","yoast_head_json":{"title":"K\u00ebshtu duket nga brenda Kalaja e Ulqinit + Foto - Lajme nga Ulqini","description":"Nd\u00ebrtuar shum\u00eb shekuj m\u00eb par\u00eb, Kalaja \u00ebsht\u00eb objekti me t\u00eb cilin identifikohet qyteti i Ulqinit Me rastin e reagimit mediatik t\u00eb qytetar\u00ebve t\u00eb Kalas\u00eb,","robots":{"index":"index","follow":"follow","max-snippet":"max-snippet:-1","max-image-preview":"max-image-preview:large","max-video-preview":"max-video-preview:-1"},"canonical":"https:\/\/www.visit-ulcinj.com\/blog\/2016\/08\/02\/keshtu-duket-nga-brenda-kalaja-e-ulqinit-foto\/","og_locale":"en_US","og_type":"article","og_title":"K\u00ebshtu duket nga brenda Kalaja e Ulqinit + Foto - Lajme nga Ulqini","og_description":"Nd\u00ebrtuar shum\u00eb shekuj m\u00eb par\u00eb, Kalaja \u00ebsht\u00eb objekti me t\u00eb cilin identifikohet qyteti i Ulqinit Me rastin e reagimit mediatik t\u00eb qytetar\u00ebve t\u00eb Kalas\u00eb,","og_url":"https:\/\/www.visit-ulcinj.com\/blog\/2016\/08\/02\/keshtu-duket-nga-brenda-kalaja-e-ulqinit-foto\/","og_site_name":"Lajme nga Ulqini","article_published_time":"2016-08-02T14:24:33+00:00","twitter_misc":{"Written by":"ulqini","Est. reading time":"1 minute"},"schema":{"@context":"https:\/\/schema.org","@graph":[{"@type":"WebSite","@id":"https:\/\/www.visit-ulcinj.com\/blog\/#website","url":"https:\/\/www.visit-ulcinj.com\/blog\/","name":"Lajme nga Ulqini","description":"Lajme,Vijesti,Ulqini,Ulqin,Crna Gora,Mali i Zi","potentialAction":[{"@type":"SearchAction","target":{"@type":"EntryPoint","urlTemplate":"https:\/\/www.visit-ulcinj.com\/blog\/?s={search_term_string}"},"query-input":"required name=search_term_string"}],"inLanguage":"en-US"},{"@type":"WebPage","@id":"https:\/\/www.visit-ulcinj.com\/blog\/2016\/08\/02\/keshtu-duket-nga-brenda-kalaja-e-ulqinit-foto\/#webpage","url":"https:\/\/www.visit-ulcinj.com\/blog\/2016\/08\/02\/keshtu-duket-nga-brenda-kalaja-e-ulqinit-foto\/","name":"K\u00ebshtu duket nga brenda Kalaja e Ulqinit + Foto - Lajme nga Ulqini","isPartOf":{"@id":"https:\/\/www.visit-ulcinj.com\/blog\/#website"},"datePublished":"2016-08-02T14:24:33+00:00","dateModified":"2016-08-02T14:24:33+00:00","author":{"@id":"https:\/\/www.visit-ulcinj.com\/blog\/#\/schema\/person\/dcab619c614d3038751c63bc2aadc06d"},"description":"Nd\u00ebrtuar shum\u00eb shekuj m\u00eb par\u00eb, Kalaja \u00ebsht\u00eb objekti me t\u00eb cilin identifikohet qyteti i Ulqinit Me rastin e reagimit mediatik t\u00eb qytetar\u00ebve t\u00eb Kalas\u00eb,","breadcrumb":{"@id":"https:\/\/www.visit-ulcinj.com\/blog\/2016\/08\/02\/keshtu-duket-nga-brenda-kalaja-e-ulqinit-foto\/#breadcrumb"},"inLanguage":"en-US","potentialAction":[{"@type":"ReadAction","target":["https:\/\/www.visit-ulcinj.com\/blog\/2016\/08\/02\/keshtu-duket-nga-brenda-kalaja-e-ulqinit-foto\/"]}]},{"@type":"BreadcrumbList","@id":"https:\/\/www.visit-ulcinj.com\/blog\/2016\/08\/02\/keshtu-duket-nga-brenda-kalaja-e-ulqinit-foto\/#breadcrumb","itemListElement":[{"@type":"ListItem","position":1,"name":"K\u00ebshtu duket nga brenda Kalaja e Ulqinit + Foto"}]},{"@type":"Person","@id":"https:\/\/www.visit-ulcinj.com\/blog\/#\/schema\/person\/dcab619c614d3038751c63bc2aadc06d","name":"ulqini","sameAs":["http:\/\/www.visit-ulcinj.com"],"url":"https:\/\/www.visit-ulcinj.com\/blog\/author\/admin\/"}]}},"jetpack_featured_media_url":"","jetpack_sharing_enabled":true,"jetpack_shortlink":"https:\/\/wp.me\/pe6lTn-pIe","_links":{"self":[{"href":"https:\/\/www.visit-ulcinj.com\/blog\/wp-json\/wp\/v2\/posts\/98842"}],"collection":[{"href":"https:\/\/www.visit-ulcinj.com\/blog\/wp-json\/wp\/v2\/posts"}],"about":[{"href":"https:\/\/www.visit-ulcinj.com\/blog\/wp-json\/wp\/v2\/types\/post"}],"author":[{"embeddable":true,"href":"https:\/\/www.visit-ulcinj.com\/blog\/wp-json\/wp\/v2\/users\/1"}],"replies":[{"embeddable":true,"href":"https:\/\/www.visit-ulcinj.com\/blog\/wp-json\/wp\/v2\/comments?post=98842"}],"version-history":[{"count":1,"href":"https:\/\/www.visit-ulcinj.com\/blog\/wp-json\/wp\/v2\/posts\/98842\/revisions"}],"predecessor-version":[{"id":98848,"href":"https:\/\/www.visit-ulcinj.com\/blog\/wp-json\/wp\/v2\/posts\/98842\/revisions\/98848"}],"wp:attachment":[{"href":"https:\/\/www.visit-ulcinj.com\/blog\/wp-json\/wp\/v2\/media?parent=98842"}],"wp:term":[{"taxonomy":"category","embeddable":true,"href":"https:\/\/www.visit-ulcinj.com\/blog\/wp-json\/wp\/v2\/categories?post=98842"},{"taxonomy":"post_tag","embeddable":true,"href":"https:\/\/www.visit-ulcinj.com\/blog\/wp-json\/wp\/v2\/tags?post=98842"}],"curies":[{"name":"wp","href":"https:\/\/api.w.org\/{rel}","templated":true}]}}