{"id":98849,"date":"2016-08-02T15:34:08","date_gmt":"2016-08-02T14:34:08","guid":{"rendered":"http:\/\/www.visit-ulcinj.com\/blog\/?p=98849"},"modified":"2016-08-02T15:34:41","modified_gmt":"2016-08-02T14:34:41","slug":"deputetet-shqiptare-te-pds-se-kercenohen-jete","status":"publish","type":"post","link":"https:\/\/www.visit-ulcinj.com\/blog\/2016\/08\/02\/deputetet-shqiptare-te-pds-se-kercenohen-jete\/","title":{"rendered":"Deputet\u00ebt shqiptar\u00eb t\u00eb PDS-s\u00eb k\u00ebrc\u00ebnohen me jet\u00eb"},"content":{"rendered":"<p><strong><a href=\"http:\/\/www.visit-ulcinj.com\/blog\/wp-content\/uploads\/2016\/08\/K\u00ebrc\u00ebnohen-me-jet\u00eb-Gegaj-Dukaj-Shkrela.jpg\"><img loading=\"lazy\" class=\"alignleft wp-image-98850\" src=\"http:\/\/www.visit-ulcinj.com\/blog\/wp-content\/uploads\/2016\/08\/K\u00ebrc\u00ebnohen-me-jet\u00eb-Gegaj-Dukaj-Shkrela.jpg\" alt=\"K\u00ebrc\u00ebnohen me jet\u00eb-Gegaj-Dukaj-Shkrela\" width=\"508\" height=\"267\" srcset=\"https:\/\/www.visit-ulcinj.com\/blog\/wp-content\/uploads\/2016\/08\/K\u00ebrc\u00ebnohen-me-jet\u00eb-Gegaj-Dukaj-Shkrela.jpg 640w, https:\/\/www.visit-ulcinj.com\/blog\/wp-content\/uploads\/2016\/08\/K\u00ebrc\u00ebnohen-me-jet\u00eb-Gegaj-Dukaj-Shkrela-300x158.jpg 300w\" sizes=\"(max-width: 508px) 100vw, 508px\" \/><\/a>Tre deputet\u00eb me origjin\u00eb\u00a0shqiptare jan\u00eb k\u00ebrc\u00ebnuar me jet\u00eb<\/strong><\/p>\n<p>Deputet\u00ebt shqiptar\u00eb t\u00eb Partis\u00eb Demokratike t\u00eb Socialist\u00ebve , Halil Dukoviq, Luigj Shkrela, dhe Nikoll\u00eb Gegaj , kan\u00eb qen\u00eb pre e k\u00ebrc\u00ebnimeve dhe fjalorit fyes n\u00eb rrjetet sociale, p\u00ebr shkak t\u00eb votimit t\u00eb tyre kund\u00ebr ndryshimeve t\u00eb ligjit p\u00ebr organizim territorial i cili do ta b\u00ebnte Tuzin komun\u00eb t\u00eb plot\u00eb, raporton portali TV Teuta.<\/p>\n<p>N\u00eb nj\u00ebrin nga profilet n\u00eb facebook, t\u00eb\u00a0 tre deputet\u00ebt jan\u00eb n\u00eb foto t\u00eb varur n\u00eb litar t\u00eb shoq\u00ebruar me komentin se ata tashm\u00eb kan\u00eb vdekur dhe se vorrimi do t\u00eb b\u00ebhet n\u00eb varrezat e Podgoric\u00ebs.<\/p>\n<p>Poashtu edhe n\u00eb profile t\u00eb tjera k\u00ebto tre deputet\u00eb jan\u00eb cil\u00ebsuar si tradh\u00ebtar t\u00eb popullit me thirrjen q\u00eb t\u00eb d\u00ebbohen nga Mal\u00ebsia dhe Ulqini. Gegaj i ka cil\u00ebsuar k\u00ebrc\u00ebnimet si serioze dhe shqet\u00ebsuese, duke arsyetuar se ato me siguri vijn\u00eb nga njer\u00ebz me probbleme mendore, pasi si\u00e7 thot\u00eb ai, aktiviteti i tij ka qen\u00eb gjithmon\u00eb n\u00eb mbrojtje t\u00eb interesave t\u00eb vendit dhe popullit t\u00eb tij.<\/p>\n","protected":false},"excerpt":{"rendered":"<p>Tre deputet\u00eb me origjin\u00eb\u00a0shqiptare jan\u00eb k\u00ebrc\u00ebnuar me jet\u00eb Deputet\u00ebt shqiptar\u00eb t\u00eb Partis\u00eb Demokratike t\u00eb Socialist\u00ebve , Halil Dukoviq, Luigj Shkrela, dhe Nikoll\u00eb Gegaj , kan\u00eb qen\u00eb pre e k\u00ebrc\u00ebnimeve dhe fjalorit fyes n\u00eb rrjetet sociale, p\u00ebr shkak t\u00eb votimit t\u00eb tyre kund\u00ebr ndryshimeve t\u00eb ligjit p\u00ebr organizim territorial i cili do ta b\u00ebnte Tuzin komun\u00eb [&hellip;]<\/p>\n","protected":false},"author":1,"featured_media":0,"comment_status":"closed","ping_status":"closed","sticky":false,"template":"","format":"standard","meta":{"spay_email":"","jetpack_publicize_message":"","jetpack_is_tweetstorm":false,"jetpack_publicize_feature_enabled":true},"categories":[6],"tags":[],"jetpack_publicize_connections":[],"yoast_head":"<!-- This site is optimized with the Yoast SEO plugin v19.1 - https:\/\/yoast.com\/wordpress\/plugins\/seo\/ -->\n<title>Deputet\u00ebt shqiptar\u00eb t\u00eb PDS-s\u00eb k\u00ebrc\u00ebnohen me jet\u00eb - Lajme nga Ulqini<\/title>\n<meta name=\"description\" content=\"Tre deputet\u00eb me origjin\u00eb\u00a0shqiptare jan\u00eb k\u00ebrc\u00ebnuar me jet\u00eb Deputet\u00ebt shqiptar\u00eb t\u00eb Partis\u00eb Demokratike t\u00eb Socialist\u00ebve , Halil Dukoviq, Luigj Shkrela, dhe\" \/>\n<meta name=\"robots\" content=\"index, follow, max-snippet:-1, max-image-preview:large, max-video-preview:-1\" \/>\n<link rel=\"canonical\" href=\"https:\/\/www.visit-ulcinj.com\/blog\/2016\/08\/02\/deputetet-shqiptare-te-pds-se-kercenohen-jete\/\" \/>\n<meta property=\"og:locale\" content=\"en_US\" \/>\n<meta property=\"og:type\" content=\"article\" \/>\n<meta property=\"og:title\" content=\"Deputet\u00ebt shqiptar\u00eb t\u00eb PDS-s\u00eb k\u00ebrc\u00ebnohen me jet\u00eb - Lajme nga Ulqini\" \/>\n<meta property=\"og:description\" content=\"Tre deputet\u00eb me origjin\u00eb\u00a0shqiptare jan\u00eb k\u00ebrc\u00ebnuar me jet\u00eb Deputet\u00ebt shqiptar\u00eb t\u00eb Partis\u00eb Demokratike t\u00eb Socialist\u00ebve , Halil Dukoviq, Luigj Shkrela, dhe\" \/>\n<meta property=\"og:url\" content=\"https:\/\/www.visit-ulcinj.com\/blog\/2016\/08\/02\/deputetet-shqiptare-te-pds-se-kercenohen-jete\/\" \/>\n<meta property=\"og:site_name\" content=\"Lajme nga Ulqini\" \/>\n<meta property=\"article:published_time\" content=\"2016-08-02T14:34:08+00:00\" \/>\n<meta property=\"article:modified_time\" content=\"2016-08-02T14:34:41+00:00\" \/>\n<meta name=\"twitter:label1\" content=\"Written by\" \/>\n\t<meta name=\"twitter:data1\" content=\"ulqini\" \/>\n\t<meta name=\"twitter:label2\" content=\"Est. reading time\" \/>\n\t<meta name=\"twitter:data2\" content=\"1 minute\" \/>\n<script type=\"application\/ld+json\" class=\"yoast-schema-graph\">{\"@context\":\"https:\/\/schema.org\",\"@graph\":[{\"@type\":\"WebSite\",\"@id\":\"https:\/\/www.visit-ulcinj.com\/blog\/#website\",\"url\":\"https:\/\/www.visit-ulcinj.com\/blog\/\",\"name\":\"Lajme nga Ulqini\",\"description\":\"Lajme,Vijesti,Ulqini,Ulqin,Crna Gora,Mali i Zi\",\"potentialAction\":[{\"@type\":\"SearchAction\",\"target\":{\"@type\":\"EntryPoint\",\"urlTemplate\":\"https:\/\/www.visit-ulcinj.com\/blog\/?s={search_term_string}\"},\"query-input\":\"required name=search_term_string\"}],\"inLanguage\":\"en-US\"},{\"@type\":\"WebPage\",\"@id\":\"https:\/\/www.visit-ulcinj.com\/blog\/2016\/08\/02\/deputetet-shqiptare-te-pds-se-kercenohen-jete\/#webpage\",\"url\":\"https:\/\/www.visit-ulcinj.com\/blog\/2016\/08\/02\/deputetet-shqiptare-te-pds-se-kercenohen-jete\/\",\"name\":\"Deputet\u00ebt shqiptar\u00eb t\u00eb PDS-s\u00eb k\u00ebrc\u00ebnohen me jet\u00eb - Lajme nga Ulqini\",\"isPartOf\":{\"@id\":\"https:\/\/www.visit-ulcinj.com\/blog\/#website\"},\"datePublished\":\"2016-08-02T14:34:08+00:00\",\"dateModified\":\"2016-08-02T14:34:41+00:00\",\"author\":{\"@id\":\"https:\/\/www.visit-ulcinj.com\/blog\/#\/schema\/person\/dcab619c614d3038751c63bc2aadc06d\"},\"description\":\"Tre deputet\u00eb me origjin\u00eb\u00a0shqiptare jan\u00eb k\u00ebrc\u00ebnuar me jet\u00eb Deputet\u00ebt shqiptar\u00eb t\u00eb Partis\u00eb Demokratike t\u00eb Socialist\u00ebve , Halil Dukoviq, Luigj Shkrela, dhe\",\"breadcrumb\":{\"@id\":\"https:\/\/www.visit-ulcinj.com\/blog\/2016\/08\/02\/deputetet-shqiptare-te-pds-se-kercenohen-jete\/#breadcrumb\"},\"inLanguage\":\"en-US\",\"potentialAction\":[{\"@type\":\"ReadAction\",\"target\":[\"https:\/\/www.visit-ulcinj.com\/blog\/2016\/08\/02\/deputetet-shqiptare-te-pds-se-kercenohen-jete\/\"]}]},{\"@type\":\"BreadcrumbList\",\"@id\":\"https:\/\/www.visit-ulcinj.com\/blog\/2016\/08\/02\/deputetet-shqiptare-te-pds-se-kercenohen-jete\/#breadcrumb\",\"itemListElement\":[{\"@type\":\"ListItem\",\"position\":1,\"name\":\"Deputet\u00ebt shqiptar\u00eb t\u00eb PDS-s\u00eb k\u00ebrc\u00ebnohen me jet\u00eb\"}]},{\"@type\":\"Person\",\"@id\":\"https:\/\/www.visit-ulcinj.com\/blog\/#\/schema\/person\/dcab619c614d3038751c63bc2aadc06d\",\"name\":\"ulqini\",\"sameAs\":[\"http:\/\/www.visit-ulcinj.com\"],\"url\":\"https:\/\/www.visit-ulcinj.com\/blog\/author\/admin\/\"}]}<\/script>\n<!-- \/ Yoast SEO plugin. -->","yoast_head_json":{"title":"Deputet\u00ebt shqiptar\u00eb t\u00eb PDS-s\u00eb k\u00ebrc\u00ebnohen me jet\u00eb - Lajme nga Ulqini","description":"Tre deputet\u00eb me origjin\u00eb\u00a0shqiptare jan\u00eb k\u00ebrc\u00ebnuar me jet\u00eb Deputet\u00ebt shqiptar\u00eb t\u00eb Partis\u00eb Demokratike t\u00eb Socialist\u00ebve , Halil Dukoviq, Luigj Shkrela, dhe","robots":{"index":"index","follow":"follow","max-snippet":"max-snippet:-1","max-image-preview":"max-image-preview:large","max-video-preview":"max-video-preview:-1"},"canonical":"https:\/\/www.visit-ulcinj.com\/blog\/2016\/08\/02\/deputetet-shqiptare-te-pds-se-kercenohen-jete\/","og_locale":"en_US","og_type":"article","og_title":"Deputet\u00ebt shqiptar\u00eb t\u00eb PDS-s\u00eb k\u00ebrc\u00ebnohen me jet\u00eb - Lajme nga Ulqini","og_description":"Tre deputet\u00eb me origjin\u00eb\u00a0shqiptare jan\u00eb k\u00ebrc\u00ebnuar me jet\u00eb Deputet\u00ebt shqiptar\u00eb t\u00eb Partis\u00eb Demokratike t\u00eb Socialist\u00ebve , Halil Dukoviq, Luigj Shkrela, dhe","og_url":"https:\/\/www.visit-ulcinj.com\/blog\/2016\/08\/02\/deputetet-shqiptare-te-pds-se-kercenohen-jete\/","og_site_name":"Lajme nga Ulqini","article_published_time":"2016-08-02T14:34:08+00:00","article_modified_time":"2016-08-02T14:34:41+00:00","twitter_misc":{"Written by":"ulqini","Est. reading time":"1 minute"},"schema":{"@context":"https:\/\/schema.org","@graph":[{"@type":"WebSite","@id":"https:\/\/www.visit-ulcinj.com\/blog\/#website","url":"https:\/\/www.visit-ulcinj.com\/blog\/","name":"Lajme nga Ulqini","description":"Lajme,Vijesti,Ulqini,Ulqin,Crna Gora,Mali i Zi","potentialAction":[{"@type":"SearchAction","target":{"@type":"EntryPoint","urlTemplate":"https:\/\/www.visit-ulcinj.com\/blog\/?s={search_term_string}"},"query-input":"required name=search_term_string"}],"inLanguage":"en-US"},{"@type":"WebPage","@id":"https:\/\/www.visit-ulcinj.com\/blog\/2016\/08\/02\/deputetet-shqiptare-te-pds-se-kercenohen-jete\/#webpage","url":"https:\/\/www.visit-ulcinj.com\/blog\/2016\/08\/02\/deputetet-shqiptare-te-pds-se-kercenohen-jete\/","name":"Deputet\u00ebt shqiptar\u00eb t\u00eb PDS-s\u00eb k\u00ebrc\u00ebnohen me jet\u00eb - Lajme nga Ulqini","isPartOf":{"@id":"https:\/\/www.visit-ulcinj.com\/blog\/#website"},"datePublished":"2016-08-02T14:34:08+00:00","dateModified":"2016-08-02T14:34:41+00:00","author":{"@id":"https:\/\/www.visit-ulcinj.com\/blog\/#\/schema\/person\/dcab619c614d3038751c63bc2aadc06d"},"description":"Tre deputet\u00eb me origjin\u00eb\u00a0shqiptare jan\u00eb k\u00ebrc\u00ebnuar me jet\u00eb Deputet\u00ebt shqiptar\u00eb t\u00eb Partis\u00eb Demokratike t\u00eb Socialist\u00ebve , Halil Dukoviq, Luigj Shkrela, dhe","breadcrumb":{"@id":"https:\/\/www.visit-ulcinj.com\/blog\/2016\/08\/02\/deputetet-shqiptare-te-pds-se-kercenohen-jete\/#breadcrumb"},"inLanguage":"en-US","potentialAction":[{"@type":"ReadAction","target":["https:\/\/www.visit-ulcinj.com\/blog\/2016\/08\/02\/deputetet-shqiptare-te-pds-se-kercenohen-jete\/"]}]},{"@type":"BreadcrumbList","@id":"https:\/\/www.visit-ulcinj.com\/blog\/2016\/08\/02\/deputetet-shqiptare-te-pds-se-kercenohen-jete\/#breadcrumb","itemListElement":[{"@type":"ListItem","position":1,"name":"Deputet\u00ebt shqiptar\u00eb t\u00eb PDS-s\u00eb k\u00ebrc\u00ebnohen me jet\u00eb"}]},{"@type":"Person","@id":"https:\/\/www.visit-ulcinj.com\/blog\/#\/schema\/person\/dcab619c614d3038751c63bc2aadc06d","name":"ulqini","sameAs":["http:\/\/www.visit-ulcinj.com"],"url":"https:\/\/www.visit-ulcinj.com\/blog\/author\/admin\/"}]}},"jetpack_featured_media_url":"","jetpack_sharing_enabled":true,"jetpack_shortlink":"https:\/\/wp.me\/pe6lTn-pIl","_links":{"self":[{"href":"https:\/\/www.visit-ulcinj.com\/blog\/wp-json\/wp\/v2\/posts\/98849"}],"collection":[{"href":"https:\/\/www.visit-ulcinj.com\/blog\/wp-json\/wp\/v2\/posts"}],"about":[{"href":"https:\/\/www.visit-ulcinj.com\/blog\/wp-json\/wp\/v2\/types\/post"}],"author":[{"embeddable":true,"href":"https:\/\/www.visit-ulcinj.com\/blog\/wp-json\/wp\/v2\/users\/1"}],"replies":[{"embeddable":true,"href":"https:\/\/www.visit-ulcinj.com\/blog\/wp-json\/wp\/v2\/comments?post=98849"}],"version-history":[{"count":1,"href":"https:\/\/www.visit-ulcinj.com\/blog\/wp-json\/wp\/v2\/posts\/98849\/revisions"}],"predecessor-version":[{"id":98851,"href":"https:\/\/www.visit-ulcinj.com\/blog\/wp-json\/wp\/v2\/posts\/98849\/revisions\/98851"}],"wp:attachment":[{"href":"https:\/\/www.visit-ulcinj.com\/blog\/wp-json\/wp\/v2\/media?parent=98849"}],"wp:term":[{"taxonomy":"category","embeddable":true,"href":"https:\/\/www.visit-ulcinj.com\/blog\/wp-json\/wp\/v2\/categories?post=98849"},{"taxonomy":"post_tag","embeddable":true,"href":"https:\/\/www.visit-ulcinj.com\/blog\/wp-json\/wp\/v2\/tags?post=98849"}],"curies":[{"name":"wp","href":"https:\/\/api.w.org\/{rel}","templated":true}]}}