{"id":98852,"date":"2016-08-02T15:57:42","date_gmt":"2016-08-02T14:57:42","guid":{"rendered":"http:\/\/www.visit-ulcinj.com\/blog\/?p=98852"},"modified":"2016-08-02T15:57:42","modified_gmt":"2016-08-02T14:57:42","slug":"opasne-pretnje-skrelji-dukovicu-gegaju","status":"publish","type":"post","link":"https:\/\/www.visit-ulcinj.com\/blog\/2016\/08\/02\/opasne-pretnje-skrelji-dukovicu-gegaju\/","title":{"rendered":"Opasne pretnje Skrelji, Dukovicu i Gegaju"},"content":{"rendered":"<p><strong><a href=\"http:\/\/www.visit-ulcinj.com\/blog\/wp-content\/uploads\/2016\/08\/K\u00ebrc\u00ebnohen-me-jet\u00eb-Gegaj-Dukaj-Shkrela.jpg\"><img loading=\"lazy\" class=\"alignleft wp-image-98850\" src=\"http:\/\/www.visit-ulcinj.com\/blog\/wp-content\/uploads\/2016\/08\/K\u00ebrc\u00ebnohen-me-jet\u00eb-Gegaj-Dukaj-Shkrela.jpg\" alt=\"K\u00ebrc\u00ebnohen me jet\u00eb-Gegaj-Dukaj-Shkrela\" width=\"508\" height=\"267\" srcset=\"https:\/\/www.visit-ulcinj.com\/blog\/wp-content\/uploads\/2016\/08\/K\u00ebrc\u00ebnohen-me-jet\u00eb-Gegaj-Dukaj-Shkrela.jpg 640w, https:\/\/www.visit-ulcinj.com\/blog\/wp-content\/uploads\/2016\/08\/K\u00ebrc\u00ebnohen-me-jet\u00eb-Gegaj-Dukaj-Shkrela-300x158.jpg 300w\" sizes=\"(max-width: 508px) 100vw, 508px\" \/><\/a>Za\u0161titnik ljudskih prava i sloboda \u0160u\u0107ko Bakovi\u0107 smatra zabrinjavaju\u0107im \u0161to, zbog izra\u017eenih politi\u010dkih stavova, pojedinci ili grupe sve \u010de\u0161\u0107e bivaju izlo\u017eeni uvredama, poni\u017eavanju pa \u010dak i prijetnjama, a \u0161to se, kako je kazao, nerijetko iz virtuelnog prenosi i u stvarni \u017eivot. <\/strong><\/p>\n<p>Bakovi\u0107 je osudio prijete\u0107e poruke koje su sa pojedinih profila dru\u0161tvenih mre\u017ea upu\u0107ene<\/p>\n<p>\u201ePodsje\u0107amo da smo sna\u017eno osudili i ranije primjere primitivne, uvredljive kampanje i prijetnji pojedinim predstavnicima politi\u010dkih partija, koji su se tako\u0111e pojavili na dru\u0161tvenim mre\u017eama, a koji su do\u0161li do \u0161ire javnosti putem medija. I tada smo ukazali na nu\u017enost tolerancije u isticanju i saop\u0161tavanju razli\u010ditih mi\u0161ljenja \u0161to podrazumijeva i pravo na uvjeravanje drugih o ispravnosti li\u010dnih i kolektivnih stavova, sve dok se spolja\u0161na manifestacija takvog pona\u0161anja kre\u0107e u granicama za\u0161tite prava drugih osoba\u201c, saop\u0161teno je iz kancelarije Za\u0161titnika ljudskih prava i sloboda.<\/p>\n<p>Ombudsman je apelovao na gra\u0111ane, simpatizere i \u010dlanove politi\u010dkih partija i grupacija, zagovornike razli\u010ditih politi\u010dkih stavova i interesa, da se suzdr\u017ee od takvog pona\u0161anja i da po\u0161tuju standarde garantovanih ljudskih prava i sloboda.<\/p>\n<p>Za\u0161titnik o\u010dekuje da \u0107e nadle\u017eni dr\u017eavni organi efikasno procesuirati odgovorne za ovakvo pona\u0161anje kako bi time uticatli na smanjenje i eliminisanje takvih pona\u0161anja ubudu\u0107e.<\/p>\n<p>\u201eTo bi bilo dodatno va\u017eno imaju\u0107i u vidu da se na jesen odr\u017eavaju parlamentarni izbori i da su u izbornim godinama, po prirodi stvari, politi\u010dke kampanje izra\u017eenije i zao\u0161trenije. S tim u vezi Za\u0161tinik o\u010dekuje da \u0107e u predstoje\u0107em periodu zaintresovani pojedinci i\/ili grupacije svoje politi\u010dko djelovanje prilagoditi demokratskim vrijednostima, kulturi dijalogai nenasilnoj komunikaciji i da \u0107e pribje\u0107i izra\u017eavanju mi\u0161ljenja na na\u010din kojim ne ugro\u017eavaju bilo \u010dije i bilo koje zagarantovano pravo, a ponajprije fizi\u010dku i psihi\u010dku bezbjednost gra\u0111ana\u201c, navodi se u saop\u0161tenju.<\/p>\n<p>Za\u0161titnik ljudskih prava i sloboda vjeruje da su demokratski kapaciteti crnogorskog dru\u0161tva ja\u010di i ve\u0107i od dnevnih politi\u010dkih nadgornjavanja i apeluje na najbr\u017ee mogu\u0107e smirivanje tenzija.<\/p>\n<p>\u201eZa\u0161tinik jo\u0161 jednom poziva, prvenstveno gra\u0111anke i gra\u0111ane u Crnoj Gori, da ne podlije\u017eu politi\u010dkoj napetosti i na taj na\u010din daju doprinos o\u010duvanju i izgradnji dijaloga i tolerancije u dru\u0161tvu, a nadle\u017ene organe da sva odstupanja od zakonom dozvoljenih pona\u0161anja adekvatno i blagovremeno sankcioni\u0161u\u201c, dodaje se u saop\u0161tenju.<\/p>\n<p><strong>Izvor:RTCG<\/strong><\/p>\n","protected":false},"excerpt":{"rendered":"<p>Za\u0161titnik ljudskih prava i sloboda \u0160u\u0107ko Bakovi\u0107 smatra zabrinjavaju\u0107im \u0161to, zbog izra\u017eenih politi\u010dkih stavova, pojedinci ili grupe sve \u010de\u0161\u0107e bivaju izlo\u017eeni uvredama, poni\u017eavanju pa \u010dak i prijetnjama, a \u0161to se, kako je kazao, nerijetko iz virtuelnog prenosi i u stvarni \u017eivot. Bakovi\u0107 je osudio prijete\u0107e poruke koje su sa pojedinih profila dru\u0161tvenih mre\u017ea upu\u0107ene \u201ePodsje\u0107amo [&hellip;]<\/p>\n","protected":false},"author":1,"featured_media":0,"comment_status":"closed","ping_status":"closed","sticky":false,"template":"","format":"standard","meta":{"spay_email":"","jetpack_publicize_message":"","jetpack_is_tweetstorm":false,"jetpack_publicize_feature_enabled":true},"categories":[8337],"tags":[],"jetpack_publicize_connections":[],"yoast_head":"<!-- This site is optimized with the Yoast SEO plugin v19.1 - https:\/\/yoast.com\/wordpress\/plugins\/seo\/ -->\n<title>Opasne pretnje Skrelji, Dukovicu i Gegaju - Lajme nga Ulqini<\/title>\n<meta name=\"description\" content=\"Za\u0161titnik ljudskih prava i sloboda \u0160u\u0107ko Bakovi\u0107 smatra zabrinjavaju\u0107im \u0161to, zbog izra\u017eenih politi\u010dkih stavova, pojedinci ili grupe sve \u010de\u0161\u0107e bivaju\" \/>\n<meta name=\"robots\" content=\"index, follow, max-snippet:-1, max-image-preview:large, max-video-preview:-1\" \/>\n<link rel=\"canonical\" href=\"https:\/\/www.visit-ulcinj.com\/blog\/2016\/08\/02\/opasne-pretnje-skrelji-dukovicu-gegaju\/\" \/>\n<meta property=\"og:locale\" content=\"en_US\" \/>\n<meta property=\"og:type\" content=\"article\" \/>\n<meta property=\"og:title\" content=\"Opasne pretnje Skrelji, Dukovicu i Gegaju - Lajme nga Ulqini\" \/>\n<meta property=\"og:description\" content=\"Za\u0161titnik ljudskih prava i sloboda \u0160u\u0107ko Bakovi\u0107 smatra zabrinjavaju\u0107im \u0161to, zbog izra\u017eenih politi\u010dkih stavova, pojedinci ili grupe sve \u010de\u0161\u0107e bivaju\" \/>\n<meta property=\"og:url\" content=\"https:\/\/www.visit-ulcinj.com\/blog\/2016\/08\/02\/opasne-pretnje-skrelji-dukovicu-gegaju\/\" \/>\n<meta property=\"og:site_name\" content=\"Lajme nga Ulqini\" \/>\n<meta property=\"article:published_time\" content=\"2016-08-02T14:57:42+00:00\" \/>\n<meta name=\"twitter:label1\" content=\"Written by\" \/>\n\t<meta name=\"twitter:data1\" content=\"ulqini\" \/>\n\t<meta name=\"twitter:label2\" content=\"Est. reading time\" \/>\n\t<meta name=\"twitter:data2\" content=\"2 minutes\" \/>\n<script type=\"application\/ld+json\" class=\"yoast-schema-graph\">{\"@context\":\"https:\/\/schema.org\",\"@graph\":[{\"@type\":\"WebSite\",\"@id\":\"https:\/\/www.visit-ulcinj.com\/blog\/#website\",\"url\":\"https:\/\/www.visit-ulcinj.com\/blog\/\",\"name\":\"Lajme nga Ulqini\",\"description\":\"Lajme,Vijesti,Ulqini,Ulqin,Crna Gora,Mali i Zi\",\"potentialAction\":[{\"@type\":\"SearchAction\",\"target\":{\"@type\":\"EntryPoint\",\"urlTemplate\":\"https:\/\/www.visit-ulcinj.com\/blog\/?s={search_term_string}\"},\"query-input\":\"required name=search_term_string\"}],\"inLanguage\":\"en-US\"},{\"@type\":\"WebPage\",\"@id\":\"https:\/\/www.visit-ulcinj.com\/blog\/2016\/08\/02\/opasne-pretnje-skrelji-dukovicu-gegaju\/#webpage\",\"url\":\"https:\/\/www.visit-ulcinj.com\/blog\/2016\/08\/02\/opasne-pretnje-skrelji-dukovicu-gegaju\/\",\"name\":\"Opasne pretnje Skrelji, Dukovicu i Gegaju - Lajme nga Ulqini\",\"isPartOf\":{\"@id\":\"https:\/\/www.visit-ulcinj.com\/blog\/#website\"},\"datePublished\":\"2016-08-02T14:57:42+00:00\",\"dateModified\":\"2016-08-02T14:57:42+00:00\",\"author\":{\"@id\":\"https:\/\/www.visit-ulcinj.com\/blog\/#\/schema\/person\/dcab619c614d3038751c63bc2aadc06d\"},\"description\":\"Za\u0161titnik ljudskih prava i sloboda \u0160u\u0107ko Bakovi\u0107 smatra zabrinjavaju\u0107im \u0161to, zbog izra\u017eenih politi\u010dkih stavova, pojedinci ili grupe sve \u010de\u0161\u0107e bivaju\",\"breadcrumb\":{\"@id\":\"https:\/\/www.visit-ulcinj.com\/blog\/2016\/08\/02\/opasne-pretnje-skrelji-dukovicu-gegaju\/#breadcrumb\"},\"inLanguage\":\"en-US\",\"potentialAction\":[{\"@type\":\"ReadAction\",\"target\":[\"https:\/\/www.visit-ulcinj.com\/blog\/2016\/08\/02\/opasne-pretnje-skrelji-dukovicu-gegaju\/\"]}]},{\"@type\":\"BreadcrumbList\",\"@id\":\"https:\/\/www.visit-ulcinj.com\/blog\/2016\/08\/02\/opasne-pretnje-skrelji-dukovicu-gegaju\/#breadcrumb\",\"itemListElement\":[{\"@type\":\"ListItem\",\"position\":1,\"name\":\"Opasne pretnje Skrelji, Dukovicu i Gegaju\"}]},{\"@type\":\"Person\",\"@id\":\"https:\/\/www.visit-ulcinj.com\/blog\/#\/schema\/person\/dcab619c614d3038751c63bc2aadc06d\",\"name\":\"ulqini\",\"sameAs\":[\"http:\/\/www.visit-ulcinj.com\"],\"url\":\"https:\/\/www.visit-ulcinj.com\/blog\/author\/admin\/\"}]}<\/script>\n<!-- \/ Yoast SEO plugin. -->","yoast_head_json":{"title":"Opasne pretnje Skrelji, Dukovicu i Gegaju - Lajme nga Ulqini","description":"Za\u0161titnik ljudskih prava i sloboda \u0160u\u0107ko Bakovi\u0107 smatra zabrinjavaju\u0107im \u0161to, zbog izra\u017eenih politi\u010dkih stavova, pojedinci ili grupe sve \u010de\u0161\u0107e bivaju","robots":{"index":"index","follow":"follow","max-snippet":"max-snippet:-1","max-image-preview":"max-image-preview:large","max-video-preview":"max-video-preview:-1"},"canonical":"https:\/\/www.visit-ulcinj.com\/blog\/2016\/08\/02\/opasne-pretnje-skrelji-dukovicu-gegaju\/","og_locale":"en_US","og_type":"article","og_title":"Opasne pretnje Skrelji, Dukovicu i Gegaju - Lajme nga Ulqini","og_description":"Za\u0161titnik ljudskih prava i sloboda \u0160u\u0107ko Bakovi\u0107 smatra zabrinjavaju\u0107im \u0161to, zbog izra\u017eenih politi\u010dkih stavova, pojedinci ili grupe sve \u010de\u0161\u0107e bivaju","og_url":"https:\/\/www.visit-ulcinj.com\/blog\/2016\/08\/02\/opasne-pretnje-skrelji-dukovicu-gegaju\/","og_site_name":"Lajme nga Ulqini","article_published_time":"2016-08-02T14:57:42+00:00","twitter_misc":{"Written by":"ulqini","Est. reading time":"2 minutes"},"schema":{"@context":"https:\/\/schema.org","@graph":[{"@type":"WebSite","@id":"https:\/\/www.visit-ulcinj.com\/blog\/#website","url":"https:\/\/www.visit-ulcinj.com\/blog\/","name":"Lajme nga Ulqini","description":"Lajme,Vijesti,Ulqini,Ulqin,Crna Gora,Mali i Zi","potentialAction":[{"@type":"SearchAction","target":{"@type":"EntryPoint","urlTemplate":"https:\/\/www.visit-ulcinj.com\/blog\/?s={search_term_string}"},"query-input":"required name=search_term_string"}],"inLanguage":"en-US"},{"@type":"WebPage","@id":"https:\/\/www.visit-ulcinj.com\/blog\/2016\/08\/02\/opasne-pretnje-skrelji-dukovicu-gegaju\/#webpage","url":"https:\/\/www.visit-ulcinj.com\/blog\/2016\/08\/02\/opasne-pretnje-skrelji-dukovicu-gegaju\/","name":"Opasne pretnje Skrelji, Dukovicu i Gegaju - Lajme nga Ulqini","isPartOf":{"@id":"https:\/\/www.visit-ulcinj.com\/blog\/#website"},"datePublished":"2016-08-02T14:57:42+00:00","dateModified":"2016-08-02T14:57:42+00:00","author":{"@id":"https:\/\/www.visit-ulcinj.com\/blog\/#\/schema\/person\/dcab619c614d3038751c63bc2aadc06d"},"description":"Za\u0161titnik ljudskih prava i sloboda \u0160u\u0107ko Bakovi\u0107 smatra zabrinjavaju\u0107im \u0161to, zbog izra\u017eenih politi\u010dkih stavova, pojedinci ili grupe sve \u010de\u0161\u0107e bivaju","breadcrumb":{"@id":"https:\/\/www.visit-ulcinj.com\/blog\/2016\/08\/02\/opasne-pretnje-skrelji-dukovicu-gegaju\/#breadcrumb"},"inLanguage":"en-US","potentialAction":[{"@type":"ReadAction","target":["https:\/\/www.visit-ulcinj.com\/blog\/2016\/08\/02\/opasne-pretnje-skrelji-dukovicu-gegaju\/"]}]},{"@type":"BreadcrumbList","@id":"https:\/\/www.visit-ulcinj.com\/blog\/2016\/08\/02\/opasne-pretnje-skrelji-dukovicu-gegaju\/#breadcrumb","itemListElement":[{"@type":"ListItem","position":1,"name":"Opasne pretnje Skrelji, Dukovicu i Gegaju"}]},{"@type":"Person","@id":"https:\/\/www.visit-ulcinj.com\/blog\/#\/schema\/person\/dcab619c614d3038751c63bc2aadc06d","name":"ulqini","sameAs":["http:\/\/www.visit-ulcinj.com"],"url":"https:\/\/www.visit-ulcinj.com\/blog\/author\/admin\/"}]}},"jetpack_featured_media_url":"","jetpack_sharing_enabled":true,"jetpack_shortlink":"https:\/\/wp.me\/pe6lTn-pIo","_links":{"self":[{"href":"https:\/\/www.visit-ulcinj.com\/blog\/wp-json\/wp\/v2\/posts\/98852"}],"collection":[{"href":"https:\/\/www.visit-ulcinj.com\/blog\/wp-json\/wp\/v2\/posts"}],"about":[{"href":"https:\/\/www.visit-ulcinj.com\/blog\/wp-json\/wp\/v2\/types\/post"}],"author":[{"embeddable":true,"href":"https:\/\/www.visit-ulcinj.com\/blog\/wp-json\/wp\/v2\/users\/1"}],"replies":[{"embeddable":true,"href":"https:\/\/www.visit-ulcinj.com\/blog\/wp-json\/wp\/v2\/comments?post=98852"}],"version-history":[{"count":1,"href":"https:\/\/www.visit-ulcinj.com\/blog\/wp-json\/wp\/v2\/posts\/98852\/revisions"}],"predecessor-version":[{"id":98853,"href":"https:\/\/www.visit-ulcinj.com\/blog\/wp-json\/wp\/v2\/posts\/98852\/revisions\/98853"}],"wp:attachment":[{"href":"https:\/\/www.visit-ulcinj.com\/blog\/wp-json\/wp\/v2\/media?parent=98852"}],"wp:term":[{"taxonomy":"category","embeddable":true,"href":"https:\/\/www.visit-ulcinj.com\/blog\/wp-json\/wp\/v2\/categories?post=98852"},{"taxonomy":"post_tag","embeddable":true,"href":"https:\/\/www.visit-ulcinj.com\/blog\/wp-json\/wp\/v2\/tags?post=98852"}],"curies":[{"name":"wp","href":"https:\/\/api.w.org\/{rel}","templated":true}]}}