{"id":98862,"date":"2016-08-02T16:36:13","date_gmt":"2016-08-02T15:36:13","guid":{"rendered":"http:\/\/www.visit-ulcinj.com\/blog\/?p=98862"},"modified":"2016-08-02T16:36:13","modified_gmt":"2016-08-02T15:36:13","slug":"za-samostalnu-opstinu-tuzi-skrelji-pretnje-na-zivot","status":"publish","type":"post","link":"https:\/\/www.visit-ulcinj.com\/blog\/2016\/08\/02\/za-samostalnu-opstinu-tuzi-skrelji-pretnje-na-zivot\/","title":{"rendered":"Za samostalnu Op\u0161tinu Tuzi, \u0160krelji pretnje na \u017eivot"},"content":{"rendered":"<p><strong><a href=\"http:\/\/www.visit-ulcinj.com\/blog\/wp-content\/uploads\/2016\/08\/Luigj-Lui-Shkrela-Tuzi.jpg\"><img loading=\"lazy\" class=\"alignleft wp-image-98863\" src=\"http:\/\/www.visit-ulcinj.com\/blog\/wp-content\/uploads\/2016\/08\/Luigj-Lui-Shkrela-Tuzi.jpg\" alt=\"Luigj Lui Shkrela-Tuzi\" width=\"508\" height=\"677\" srcset=\"https:\/\/www.visit-ulcinj.com\/blog\/wp-content\/uploads\/2016\/08\/Luigj-Lui-Shkrela-Tuzi.jpg 720w, https:\/\/www.visit-ulcinj.com\/blog\/wp-content\/uploads\/2016\/08\/Luigj-Lui-Shkrela-Tuzi-225x300.jpg 225w\" sizes=\"(max-width: 508px) 100vw, 508px\" \/><\/a>&#8220;Iskreno da vam ka\u017eem fali mi rije\u010di da opi\u0161em to. U ponedjeljak uve\u010de sam bio na svadbi sa porodicom u Tuzima u Malesiji i odmah su na\u0161li za shodno da mi prijete i da prakti\u010dno pozovu Malesiju da krene na mene&#8221;, ka\u017ee \u0160krelja<\/strong><\/p>\n<p><strong><span class=\"credits__author\"> Autor: <a href=\"http:\/\/www.vijesti.me\/autori\/vijesti-online-1\/profil\">Vijesti online<\/a> <\/span><\/strong><\/p>\n<p>Poslanicima vladaju\u0107e Demokratske partije socijalista (DPS)\u00a0Nikoli Gegaju,\u00a0Halilu Dukovi\u0107u\u00a0i\u00a0Ljui\u0111u \u0160krelji\u00a0u ponedjeljak su upu\u0107ene prijetnje na dru\u0161tvenim mre\u017eama jer u Skup\u0161tini nijesu glasali za izmjene Zakona o teritorijalnoj organizaciji, kojim se otvara put da Tuzi dobiju status punopravne op\u0161tine.<\/p>\n<p>Na Facebook profilu &#8220;Mal\u00ebsia Tuz&#8221; bila je postavljena zajedni\u010dka fotografija trojice poslanika uz poruku na albanskom jeziku da su &#8220;izdajnici albanskog naroda, te da bi ih trebalo protjerati iz zemlje&#8221;, a na pojedinim profilima osvanule su i osmrtnice za trojicu poslanika uz uznemiravaju\u0107i sadr\u017eaj. Poruka i fotografija su uklonjene danas u prijepodnevnim satima.<\/p>\n<p>Komentari\u0161u\u0107i prijetnje upu\u0107ene njegovim kolegama i njemu, poslanik Ljui\u0111 \u0160krelja za Radio Slobodna Evropa ka\u017ee da zbog svega osje\u0107a neprijatnost, a posebno \u0161to prijetnje dolaze, kako je kazao, od svog naroda.<\/p>\n<p>&#8220;Kad prijetnje dolaze od svojih prijatelja koji se kriju iza nekih profila, sa ljudima sa kojima si do ju\u010de sjeo, \u0161to se ka\u017ee, i popio pi\u0107e i nazdravio, a sada si nepo\u017eeljan u nekim stvarima. Ne osje\u0107am se ugro\u017eeno, nimalo, jer meni se to ne de\u0161ava prvi put. Desilo mi se i 2006. i 2007. evo sad i 2016. godine. Me\u0111utim, moje politi\u010dko i razmi\u0161ljanje o gra\u0111anskoj dr\u017eavi, izgra\u0111ivanje jedne takve dr\u017eave \u2013 ne\u0107e me ni te prijetnje sada na\u0107erati da promijenim mi\u0161ljenje o tome&#8221;, ka\u017ee \u0160krelja.<\/p>\n<p>Na pitanje da li na nekog konkretno misli, odgovara:\u00a0&#8220;Pa konkretno ne\u0107u jo\u0161. Ali, u svakom slu\u010daju, ja \u0107u to da procesuiram jer \u0161to je mnogo, mnogo je. Ja sam porodi\u010dan \u010dovjek&#8221;.<\/p>\n<p>Zahtjevi albanskih nacionalnih partija da Malesija sa sjedi\u0161tem Tuzi bude samostalna op\u0161tina datiraju jo\u0161 od sredine devedesetih godina. Mnogim politi\u010dkim sporazumima vlast se obavezivala da \u0107e stvoriti uslove za formiranje samostalne op\u0161tine, a sada\u0161nji status je da su Tuzi gradska op\u0161tina u okviru Podgorice.<\/p>\n<p>Tokom pro\u0161lonedjeljnog zasijedanja Skup\u0161tine, jedna od ta\u010daka dnevnog reda bila je formiranje samostalne Op\u0161tine Tuzi.<\/p>\n<p>Prijedlog dvojice opozicionih albanskih poslanika\u00a0Nika \u0110eljo\u0161aja\u00a0i\u00a0Gencija Nimanbegua\u00a0nije dobio dovoljnu ve\u0107inu jer su poslanici vladaju\u0107e DPS bili uzdr\u017eani ili glasali protiv, tvrde\u0107i da je neophodno da se prije odluke o statusu Malesije gra\u0111ani o tom pitanju izjasne na referendumu.<\/p>\n<p>Poslanik Force Genci Nimanbegu, kao jedan od podnosilaca prijedloga, osu\u0111uje prijetnje koje su upu\u0107ene kolegama iz DPS-a i ka\u017ee da se &#8220;\u010duo sa kolegom \u0160kreljom&#8221; da mu na neki na\u010din pru\u017ei podr\u0161ku.<\/p>\n<p>&#8220;Meni je \u017eao \u0161to se to de\u0161ava mojim kolegama i sigurno da je to za svaku osudu. Ali, u svakom slu\u010daju, taj dio socijalnih medija se mora urediti da se takve stvari ne de\u0161avaju. Drugo je ako se neko imenom i prezimenom potpi\u0161e i ako stoji iza toga, ali ako niko ne zna ni ko su ni \u0161to su, ni zbog \u010dega to rade, onda je to neprihvatljivo i osu\u0111uju\u0107e&#8221;,\u00a0ocjenjuje Nimangbegu.<\/p>\n<p>Obja\u0161njavaju\u0107i da se ishod glasanja u Skup\u0161tini o pomenutom prijedlogu unaprijed znao, Ljui\u0111 \u0160krelja ka\u017ee da je nedopustivo da se na takav na\u010din progone poslanici u 21. vijeku zbog politi\u010dkog mi\u0161ljenja i djelovanja u zemlji koja ide ka Evropskoj uniji (EU) i prakti\u010dno je u NATO. \u0160krelja ocjenjuje da se i prije samog glasanja u Skup\u0161tini albanskim poslanicima iz DPS-a ve\u0107 crtala meta na raznim portalima Malesije.<\/p>\n<p>&#8220;Iskreno da vam ka\u017eem fali mi rije\u010di da opi\u0161em to. U ponedjeljak uve\u010de sam bio na svadbi sa porodicom u Tuzima u Malesiji i odmah su na\u0161li za shodno da mi prijete i da prakti\u010dno pozovu Malesiju da krene na mene&#8221;,\u00a0ka\u017ee \u0160krelja.<\/p>\n<p>Na konstataciju Radija Slobodna Evropa da su se prijetnje ponovile, odgovorio je potvrdno, ali je dodao da ne zna ko to radi.<\/p>\n<p>&#8220;Ne znam o kome se radi, ali problem je u tome \u0161to i prije glasanja u Skup\u0161tini Crne Gore o prijedlogu opozicije, prosrpskih stranaka i Nika \u0110jeljo\u0161aja, nama je ucrtana meta na raznoraznim portalima na podru\u010dju Malesije. Sve je bilo fokusirano kako \u0107e se pona\u0161ati poslanici Albanci iz redova DPS-a. Nakon toga je krenula bujica prijetnji sa umrlicama, sa om\u010dama oko vrata, k&#8217;o za vrijeme sultana Sulejmana&#8230;&#8221;,\u00a0navodi.<\/p>\n<p>Na pitanje da li je napustio svadbu \u0160krelja odgovara: &#8220;Ne, ne nijesam ja \u010dovjek koji tako lako napu\u0161ta mjesto, \u010dak sam ostao i vi\u0161e nego \u0161to sam planirao&#8221;.<\/p>\n<p>Predsjednik Skup\u0161tine Crne Gore\u00a0Darko Pajovi\u0107\u00a0je nazvao prijetnje albanskim poslanicima iz DPS-a kukavi\u010dkim \u010dinom ocjenjuju\u0107i da je to ne\u0161to \u0161to je ve\u0107 vi\u0111eno na crnogorskoj dru\u0161tvenoj sceni i pozvao dr\u017eavne institucije da reaguju.<\/p>\n<p>I DPS se oglasila saop\u0161tenjem u kojem osu\u0111uje monstruozne prijetnje njihovim poslanicima i poziva nadle\u017ene da \u0161to prije otkriju ko stoji iza ovakvih radnji.<\/p>\n<p>Za\u0161titnik ljudskih prava i sloboda Crne Gore osudio je prijete\u0107e poruke koje su upu\u0107ene poslanicima DPS-a albanske nacionalnosti i izra\u017eava ozbiljnu zabrinutost zbog neprimjerenog izra\u017eavanja politi\u010dkog mi\u0161ljenja i vrije\u0111anja ljudi po tom osnovu.<\/p>\n<p>&#8220;Za\u0161titnik o\u010dekuje da \u0107e nadle\u017eni dr\u017eavni organi efikasno procesuirati odgovorne za ovakvo pona\u0161anje kako bi time uticatli na smanjenje i eliminisanje takvih pona\u0161anja ubudu\u0107e. To bi bilo dodatno va\u017eno imaju\u0107i u vidu da se na jesen odr\u017eavaju parlamentarni izbori i da su u izbornim godinama, po prirodi stvari, politi\u010dke kampanje izra\u017eenije i zao\u0161trenije&#8221;, navodi se izme\u0111u ostalog u saop\u0161tenju Za\u0161titnika ljudskih prava i sloboda.<\/p>\n<p>Pozitivna Crna Gora osudila je prijetnje upu\u0107ene poslanicima DPS-a.<\/p>\n<p><strong>Izvor: Vijesti Online<\/strong><\/p>\n","protected":false},"excerpt":{"rendered":"<p>&#8220;Iskreno da vam ka\u017eem fali mi rije\u010di da opi\u0161em to. U ponedjeljak uve\u010de sam bio na svadbi sa porodicom u Tuzima u Malesiji i odmah su na\u0161li za shodno da mi prijete i da prakti\u010dno pozovu Malesiju da krene na mene&#8221;, ka\u017ee \u0160krelja Autor: Vijesti online Poslanicima vladaju\u0107e Demokratske partije socijalista (DPS)\u00a0Nikoli Gegaju,\u00a0Halilu Dukovi\u0107u\u00a0i\u00a0Ljui\u0111u \u0160krelji\u00a0u [&hellip;]<\/p>\n","protected":false},"author":1,"featured_media":0,"comment_status":"closed","ping_status":"closed","sticky":false,"template":"","format":"standard","meta":{"spay_email":"","jetpack_publicize_message":"","jetpack_is_tweetstorm":false,"jetpack_publicize_feature_enabled":true},"categories":[6950],"tags":[],"jetpack_publicize_connections":[],"yoast_head":"<!-- This site is optimized with the Yoast SEO plugin v19.1 - https:\/\/yoast.com\/wordpress\/plugins\/seo\/ -->\n<title>Za samostalnu Op\u0161tinu Tuzi, \u0160krelji pretnje na \u017eivot - Lajme nga Ulqini<\/title>\n<meta name=\"description\" content=\"&quot;Iskreno da vam ka\u017eem fali mi rije\u010di da opi\u0161em to. U ponedjeljak uve\u010de sam bio na svadbi sa porodicom u Tuzima u Malesiji i odmah su na\u0161li za shodno da mi\" \/>\n<meta name=\"robots\" content=\"index, follow, max-snippet:-1, max-image-preview:large, max-video-preview:-1\" \/>\n<link rel=\"canonical\" href=\"https:\/\/www.visit-ulcinj.com\/blog\/2016\/08\/02\/za-samostalnu-opstinu-tuzi-skrelji-pretnje-na-zivot\/\" \/>\n<meta property=\"og:locale\" content=\"en_US\" \/>\n<meta property=\"og:type\" content=\"article\" \/>\n<meta property=\"og:title\" content=\"Za samostalnu Op\u0161tinu Tuzi, \u0160krelji pretnje na \u017eivot - Lajme nga Ulqini\" \/>\n<meta property=\"og:description\" content=\"&quot;Iskreno da vam ka\u017eem fali mi rije\u010di da opi\u0161em to. U ponedjeljak uve\u010de sam bio na svadbi sa porodicom u Tuzima u Malesiji i odmah su na\u0161li za shodno da mi\" \/>\n<meta property=\"og:url\" content=\"https:\/\/www.visit-ulcinj.com\/blog\/2016\/08\/02\/za-samostalnu-opstinu-tuzi-skrelji-pretnje-na-zivot\/\" \/>\n<meta property=\"og:site_name\" content=\"Lajme nga Ulqini\" \/>\n<meta property=\"article:published_time\" content=\"2016-08-02T15:36:13+00:00\" \/>\n<meta property=\"og:image\" content=\"http:\/\/www.visit-ulcinj.com\/blog\/wp-content\/uploads\/2016\/08\/Luigj-Lui-Shkrela-Tuzi.jpg\" \/>\n<meta name=\"twitter:label1\" content=\"Written by\" \/>\n\t<meta name=\"twitter:data1\" content=\"ulqini\" \/>\n\t<meta name=\"twitter:label2\" content=\"Est. reading time\" \/>\n\t<meta name=\"twitter:data2\" content=\"5 minutes\" \/>\n<script type=\"application\/ld+json\" class=\"yoast-schema-graph\">{\"@context\":\"https:\/\/schema.org\",\"@graph\":[{\"@type\":\"WebSite\",\"@id\":\"https:\/\/www.visit-ulcinj.com\/blog\/#website\",\"url\":\"https:\/\/www.visit-ulcinj.com\/blog\/\",\"name\":\"Lajme nga Ulqini\",\"description\":\"Lajme,Vijesti,Ulqini,Ulqin,Crna Gora,Mali i Zi\",\"potentialAction\":[{\"@type\":\"SearchAction\",\"target\":{\"@type\":\"EntryPoint\",\"urlTemplate\":\"https:\/\/www.visit-ulcinj.com\/blog\/?s={search_term_string}\"},\"query-input\":\"required name=search_term_string\"}],\"inLanguage\":\"en-US\"},{\"@type\":\"ImageObject\",\"inLanguage\":\"en-US\",\"@id\":\"https:\/\/www.visit-ulcinj.com\/blog\/2016\/08\/02\/za-samostalnu-opstinu-tuzi-skrelji-pretnje-na-zivot\/#primaryimage\",\"url\":\"https:\/\/www.visit-ulcinj.com\/blog\/wp-content\/uploads\/2016\/08\/Luigj-Lui-Shkrela-Tuzi.jpg\",\"contentUrl\":\"https:\/\/www.visit-ulcinj.com\/blog\/wp-content\/uploads\/2016\/08\/Luigj-Lui-Shkrela-Tuzi.jpg\",\"width\":720,\"height\":960},{\"@type\":\"WebPage\",\"@id\":\"https:\/\/www.visit-ulcinj.com\/blog\/2016\/08\/02\/za-samostalnu-opstinu-tuzi-skrelji-pretnje-na-zivot\/#webpage\",\"url\":\"https:\/\/www.visit-ulcinj.com\/blog\/2016\/08\/02\/za-samostalnu-opstinu-tuzi-skrelji-pretnje-na-zivot\/\",\"name\":\"Za samostalnu Op\u0161tinu Tuzi, \u0160krelji pretnje na \u017eivot - Lajme nga Ulqini\",\"isPartOf\":{\"@id\":\"https:\/\/www.visit-ulcinj.com\/blog\/#website\"},\"primaryImageOfPage\":{\"@id\":\"https:\/\/www.visit-ulcinj.com\/blog\/2016\/08\/02\/za-samostalnu-opstinu-tuzi-skrelji-pretnje-na-zivot\/#primaryimage\"},\"datePublished\":\"2016-08-02T15:36:13+00:00\",\"dateModified\":\"2016-08-02T15:36:13+00:00\",\"author\":{\"@id\":\"https:\/\/www.visit-ulcinj.com\/blog\/#\/schema\/person\/dcab619c614d3038751c63bc2aadc06d\"},\"description\":\"\\\"Iskreno da vam ka\u017eem fali mi rije\u010di da opi\u0161em to. U ponedjeljak uve\u010de sam bio na svadbi sa porodicom u Tuzima u Malesiji i odmah su na\u0161li za shodno da mi\",\"breadcrumb\":{\"@id\":\"https:\/\/www.visit-ulcinj.com\/blog\/2016\/08\/02\/za-samostalnu-opstinu-tuzi-skrelji-pretnje-na-zivot\/#breadcrumb\"},\"inLanguage\":\"en-US\",\"potentialAction\":[{\"@type\":\"ReadAction\",\"target\":[\"https:\/\/www.visit-ulcinj.com\/blog\/2016\/08\/02\/za-samostalnu-opstinu-tuzi-skrelji-pretnje-na-zivot\/\"]}]},{\"@type\":\"BreadcrumbList\",\"@id\":\"https:\/\/www.visit-ulcinj.com\/blog\/2016\/08\/02\/za-samostalnu-opstinu-tuzi-skrelji-pretnje-na-zivot\/#breadcrumb\",\"itemListElement\":[{\"@type\":\"ListItem\",\"position\":1,\"name\":\"Za samostalnu Op\u0161tinu Tuzi, \u0160krelji pretnje na \u017eivot\"}]},{\"@type\":\"Person\",\"@id\":\"https:\/\/www.visit-ulcinj.com\/blog\/#\/schema\/person\/dcab619c614d3038751c63bc2aadc06d\",\"name\":\"ulqini\",\"sameAs\":[\"http:\/\/www.visit-ulcinj.com\"],\"url\":\"https:\/\/www.visit-ulcinj.com\/blog\/author\/admin\/\"}]}<\/script>\n<!-- \/ Yoast SEO plugin. -->","yoast_head_json":{"title":"Za samostalnu Op\u0161tinu Tuzi, \u0160krelji pretnje na \u017eivot - Lajme nga Ulqini","description":"\"Iskreno da vam ka\u017eem fali mi rije\u010di da opi\u0161em to. U ponedjeljak uve\u010de sam bio na svadbi sa porodicom u Tuzima u Malesiji i odmah su na\u0161li za shodno da mi","robots":{"index":"index","follow":"follow","max-snippet":"max-snippet:-1","max-image-preview":"max-image-preview:large","max-video-preview":"max-video-preview:-1"},"canonical":"https:\/\/www.visit-ulcinj.com\/blog\/2016\/08\/02\/za-samostalnu-opstinu-tuzi-skrelji-pretnje-na-zivot\/","og_locale":"en_US","og_type":"article","og_title":"Za samostalnu Op\u0161tinu Tuzi, \u0160krelji pretnje na \u017eivot - Lajme nga Ulqini","og_description":"\"Iskreno da vam ka\u017eem fali mi rije\u010di da opi\u0161em to. U ponedjeljak uve\u010de sam bio na svadbi sa porodicom u Tuzima u Malesiji i odmah su na\u0161li za shodno da mi","og_url":"https:\/\/www.visit-ulcinj.com\/blog\/2016\/08\/02\/za-samostalnu-opstinu-tuzi-skrelji-pretnje-na-zivot\/","og_site_name":"Lajme nga Ulqini","article_published_time":"2016-08-02T15:36:13+00:00","og_image":[{"url":"http:\/\/www.visit-ulcinj.com\/blog\/wp-content\/uploads\/2016\/08\/Luigj-Lui-Shkrela-Tuzi.jpg"}],"twitter_misc":{"Written by":"ulqini","Est. reading time":"5 minutes"},"schema":{"@context":"https:\/\/schema.org","@graph":[{"@type":"WebSite","@id":"https:\/\/www.visit-ulcinj.com\/blog\/#website","url":"https:\/\/www.visit-ulcinj.com\/blog\/","name":"Lajme nga Ulqini","description":"Lajme,Vijesti,Ulqini,Ulqin,Crna Gora,Mali i Zi","potentialAction":[{"@type":"SearchAction","target":{"@type":"EntryPoint","urlTemplate":"https:\/\/www.visit-ulcinj.com\/blog\/?s={search_term_string}"},"query-input":"required name=search_term_string"}],"inLanguage":"en-US"},{"@type":"ImageObject","inLanguage":"en-US","@id":"https:\/\/www.visit-ulcinj.com\/blog\/2016\/08\/02\/za-samostalnu-opstinu-tuzi-skrelji-pretnje-na-zivot\/#primaryimage","url":"https:\/\/www.visit-ulcinj.com\/blog\/wp-content\/uploads\/2016\/08\/Luigj-Lui-Shkrela-Tuzi.jpg","contentUrl":"https:\/\/www.visit-ulcinj.com\/blog\/wp-content\/uploads\/2016\/08\/Luigj-Lui-Shkrela-Tuzi.jpg","width":720,"height":960},{"@type":"WebPage","@id":"https:\/\/www.visit-ulcinj.com\/blog\/2016\/08\/02\/za-samostalnu-opstinu-tuzi-skrelji-pretnje-na-zivot\/#webpage","url":"https:\/\/www.visit-ulcinj.com\/blog\/2016\/08\/02\/za-samostalnu-opstinu-tuzi-skrelji-pretnje-na-zivot\/","name":"Za samostalnu Op\u0161tinu Tuzi, \u0160krelji pretnje na \u017eivot - Lajme nga Ulqini","isPartOf":{"@id":"https:\/\/www.visit-ulcinj.com\/blog\/#website"},"primaryImageOfPage":{"@id":"https:\/\/www.visit-ulcinj.com\/blog\/2016\/08\/02\/za-samostalnu-opstinu-tuzi-skrelji-pretnje-na-zivot\/#primaryimage"},"datePublished":"2016-08-02T15:36:13+00:00","dateModified":"2016-08-02T15:36:13+00:00","author":{"@id":"https:\/\/www.visit-ulcinj.com\/blog\/#\/schema\/person\/dcab619c614d3038751c63bc2aadc06d"},"description":"\"Iskreno da vam ka\u017eem fali mi rije\u010di da opi\u0161em to. U ponedjeljak uve\u010de sam bio na svadbi sa porodicom u Tuzima u Malesiji i odmah su na\u0161li za shodno da mi","breadcrumb":{"@id":"https:\/\/www.visit-ulcinj.com\/blog\/2016\/08\/02\/za-samostalnu-opstinu-tuzi-skrelji-pretnje-na-zivot\/#breadcrumb"},"inLanguage":"en-US","potentialAction":[{"@type":"ReadAction","target":["https:\/\/www.visit-ulcinj.com\/blog\/2016\/08\/02\/za-samostalnu-opstinu-tuzi-skrelji-pretnje-na-zivot\/"]}]},{"@type":"BreadcrumbList","@id":"https:\/\/www.visit-ulcinj.com\/blog\/2016\/08\/02\/za-samostalnu-opstinu-tuzi-skrelji-pretnje-na-zivot\/#breadcrumb","itemListElement":[{"@type":"ListItem","position":1,"name":"Za samostalnu Op\u0161tinu Tuzi, \u0160krelji pretnje na \u017eivot"}]},{"@type":"Person","@id":"https:\/\/www.visit-ulcinj.com\/blog\/#\/schema\/person\/dcab619c614d3038751c63bc2aadc06d","name":"ulqini","sameAs":["http:\/\/www.visit-ulcinj.com"],"url":"https:\/\/www.visit-ulcinj.com\/blog\/author\/admin\/"}]}},"jetpack_featured_media_url":"","jetpack_sharing_enabled":true,"jetpack_shortlink":"https:\/\/wp.me\/pe6lTn-pIy","_links":{"self":[{"href":"https:\/\/www.visit-ulcinj.com\/blog\/wp-json\/wp\/v2\/posts\/98862"}],"collection":[{"href":"https:\/\/www.visit-ulcinj.com\/blog\/wp-json\/wp\/v2\/posts"}],"about":[{"href":"https:\/\/www.visit-ulcinj.com\/blog\/wp-json\/wp\/v2\/types\/post"}],"author":[{"embeddable":true,"href":"https:\/\/www.visit-ulcinj.com\/blog\/wp-json\/wp\/v2\/users\/1"}],"replies":[{"embeddable":true,"href":"https:\/\/www.visit-ulcinj.com\/blog\/wp-json\/wp\/v2\/comments?post=98862"}],"version-history":[{"count":1,"href":"https:\/\/www.visit-ulcinj.com\/blog\/wp-json\/wp\/v2\/posts\/98862\/revisions"}],"predecessor-version":[{"id":98864,"href":"https:\/\/www.visit-ulcinj.com\/blog\/wp-json\/wp\/v2\/posts\/98862\/revisions\/98864"}],"wp:attachment":[{"href":"https:\/\/www.visit-ulcinj.com\/blog\/wp-json\/wp\/v2\/media?parent=98862"}],"wp:term":[{"taxonomy":"category","embeddable":true,"href":"https:\/\/www.visit-ulcinj.com\/blog\/wp-json\/wp\/v2\/categories?post=98862"},{"taxonomy":"post_tag","embeddable":true,"href":"https:\/\/www.visit-ulcinj.com\/blog\/wp-json\/wp\/v2\/tags?post=98862"}],"curies":[{"name":"wp","href":"https:\/\/api.w.org\/{rel}","templated":true}]}}