{"id":98865,"date":"2016-08-02T18:45:26","date_gmt":"2016-08-02T17:45:26","guid":{"rendered":"http:\/\/www.visit-ulcinj.com\/blog\/?p=98865"},"modified":"2016-08-02T18:45:26","modified_gmt":"2016-08-02T17:45:26","slug":"flaka-krelani-xhiron-klipin-e-ri-ne-bune-te-ulqinit-video","status":"publish","type":"post","link":"https:\/\/www.visit-ulcinj.com\/blog\/2016\/08\/02\/flaka-krelani-xhiron-klipin-e-ri-ne-bune-te-ulqinit-video\/","title":{"rendered":"Flaka Krelani xhiron klipin e ri n\u00eb Bun\u00eb t\u00eb Ulqinit &#8211; Video"},"content":{"rendered":"<p><a href=\"http:\/\/www.visit-ulcinj.com\/blog\/wp-content\/uploads\/2016\/08\/Flaka-Krelani-Instagram-Ulqin.jpg\"><img loading=\"lazy\" class=\"alignleft wp-image-98866\" src=\"http:\/\/www.visit-ulcinj.com\/blog\/wp-content\/uploads\/2016\/08\/Flaka-Krelani-Instagram-Ulqin.jpg\" alt=\"Flaka Krelani - Instagram -Ulqin\" width=\"508\" height=\"508\" \/><\/a>Si\u00e7 m\u00ebson Lajme nga Ulqini nga burime t\u00eb sigurta, k\u00ebng\u00ebtarja shum\u00eb i dashur p\u00ebr publikun,\u00a0Flaka Krelani xhiron klipin e saj\u00eb m\u00eb t\u00eb ri n\u00eb lumin Buna t\u00eb Ulqinit.<\/p>\n<p>Ja nj\u00eb insert nga videoja e paraqitur vet\u00eb nga Flaka ne rjetin social Instagram.<\/p>\n<blockquote class=\"instagram-media\" style=\"background: #FFF; border: 0; border-radius: 3px; box-shadow: 0 0 1px 0 rgba(0,0,0,0.5),0 1px 10px 0 rgba(0,0,0,0.15); margin: 1px; max-width: 658px; padding: 0; width: calc(100% - 2px);\" data-instgrm-captioned=\"\" data-instgrm-version=\"7\">\n<div style=\"padding: 8px;\">\n<div style=\"background: #F8F8F8; line-height: 0; margin-top: 40px; padding: 28.1045751634% 0; text-align: center; width: 100%;\"><\/div>\n<p style=\"margin: 8px 0 0 0; padding: 0 4px;\"><a style=\"color: #000; font-family: Arial,sans-serif; font-size: 14px; font-style: normal; font-weight: normal; line-height: 17px; text-decoration: none; word-wrap: break-word;\" href=\"https:\/\/www.instagram.com\/p\/BH4SGGhA9tQ\/\" target=\"_blank\">\u00c7ka po doni ma coming soon &#8230; Made by @blerdi_malushi &#x1f64c;&#x1f3fe; #Fresh #AdaBojana #MissZjam<\/a><\/p>\n<p style=\"color: #c9c8cd; font-family: Arial,sans-serif; font-size: 14px; line-height: 17px; margin-bottom: 0; margin-top: 8px; overflow: hidden; padding: 8px 0 7px; text-align: center; text-overflow: ellipsis; white-space: nowrap;\">A video posted by Ms Zjam (@flakakrelani) on <time style=\"font-family: Arial,sans-serif; font-size: 14px; line-height: 17px;\" datetime=\"2016-07-15T10:51:36+00:00\">Jul 15, 2016 at 3:51am PDT<\/time><\/p>\n<\/div>\n<\/blockquote>\n<p><script src=\"\/\/platform.instagram.com\/en_US\/embeds.js\" async=\"\" defer=\"defer\"><\/script><\/p>\n","protected":false},"excerpt":{"rendered":"<p>Si\u00e7 m\u00ebson Lajme nga Ulqini nga burime t\u00eb sigurta, k\u00ebng\u00ebtarja shum\u00eb i dashur p\u00ebr publikun,\u00a0Flaka Krelani xhiron klipin e saj\u00eb m\u00eb t\u00eb ri n\u00eb lumin Buna t\u00eb Ulqinit. Ja nj\u00eb insert nga videoja e paraqitur vet\u00eb nga Flaka ne rjetin social Instagram. \u00c7ka po doni ma coming soon &#8230; Made by @blerdi_malushi &#x1f64c;&#x1f3fe; #Fresh #AdaBojana [&hellip;]<\/p>\n","protected":false},"author":1,"featured_media":0,"comment_status":"closed","ping_status":"closed","sticky":false,"template":"","format":"standard","meta":{"spay_email":"","jetpack_publicize_message":"","jetpack_is_tweetstorm":false,"jetpack_publicize_feature_enabled":true},"categories":[1],"tags":[],"jetpack_publicize_connections":[],"yoast_head":"<!-- This site is optimized with the Yoast SEO plugin v19.1 - https:\/\/yoast.com\/wordpress\/plugins\/seo\/ -->\n<title>Flaka Krelani xhiron klipin e ri n\u00eb Bun\u00eb t\u00eb Ulqinit - Video - Lajme nga Ulqini<\/title>\n<meta name=\"description\" content=\"Si\u00e7 m\u00ebson Lajme nga Ulqini nga burime t\u00eb sigurta, k\u00ebng\u00ebtarja shum\u00eb i dashur p\u00ebr publikun,\u00a0Flaka Krelani xhiron klipin e saj\u00eb m\u00eb t\u00eb ri n\u00eb lumin Buna t\u00eb\" \/>\n<meta name=\"robots\" content=\"index, follow, max-snippet:-1, max-image-preview:large, max-video-preview:-1\" \/>\n<link rel=\"canonical\" href=\"https:\/\/www.visit-ulcinj.com\/blog\/2016\/08\/02\/flaka-krelani-xhiron-klipin-e-ri-ne-bune-te-ulqinit-video\/\" \/>\n<meta property=\"og:locale\" content=\"en_US\" \/>\n<meta property=\"og:type\" content=\"article\" \/>\n<meta property=\"og:title\" content=\"Flaka Krelani xhiron klipin e ri n\u00eb Bun\u00eb t\u00eb Ulqinit - Video - Lajme nga Ulqini\" \/>\n<meta property=\"og:description\" content=\"Si\u00e7 m\u00ebson Lajme nga Ulqini nga burime t\u00eb sigurta, k\u00ebng\u00ebtarja shum\u00eb i dashur p\u00ebr publikun,\u00a0Flaka Krelani xhiron klipin e saj\u00eb m\u00eb t\u00eb ri n\u00eb lumin Buna t\u00eb\" \/>\n<meta property=\"og:url\" content=\"https:\/\/www.visit-ulcinj.com\/blog\/2016\/08\/02\/flaka-krelani-xhiron-klipin-e-ri-ne-bune-te-ulqinit-video\/\" \/>\n<meta property=\"og:site_name\" content=\"Lajme nga Ulqini\" \/>\n<meta property=\"article:published_time\" content=\"2016-08-02T17:45:26+00:00\" \/>\n<meta property=\"og:image\" content=\"http:\/\/www.visit-ulcinj.com\/blog\/wp-content\/uploads\/2016\/08\/Flaka-Krelani-Instagram-Ulqin.jpg\" \/>\n<meta name=\"twitter:label1\" content=\"Written by\" \/>\n\t<meta name=\"twitter:data1\" content=\"ulqini\" \/>\n<script type=\"application\/ld+json\" class=\"yoast-schema-graph\">{\"@context\":\"https:\/\/schema.org\",\"@graph\":[{\"@type\":\"WebSite\",\"@id\":\"https:\/\/www.visit-ulcinj.com\/blog\/#website\",\"url\":\"https:\/\/www.visit-ulcinj.com\/blog\/\",\"name\":\"Lajme nga Ulqini\",\"description\":\"Lajme,Vijesti,Ulqini,Ulqin,Crna Gora,Mali i Zi\",\"potentialAction\":[{\"@type\":\"SearchAction\",\"target\":{\"@type\":\"EntryPoint\",\"urlTemplate\":\"https:\/\/www.visit-ulcinj.com\/blog\/?s={search_term_string}\"},\"query-input\":\"required name=search_term_string\"}],\"inLanguage\":\"en-US\"},{\"@type\":\"ImageObject\",\"inLanguage\":\"en-US\",\"@id\":\"https:\/\/www.visit-ulcinj.com\/blog\/2016\/08\/02\/flaka-krelani-xhiron-klipin-e-ri-ne-bune-te-ulqinit-video\/#primaryimage\",\"url\":\"http:\/\/www.visit-ulcinj.com\/blog\/wp-content\/uploads\/2016\/08\/Flaka-Krelani-Instagram-Ulqin.jpg\",\"contentUrl\":\"http:\/\/www.visit-ulcinj.com\/blog\/wp-content\/uploads\/2016\/08\/Flaka-Krelani-Instagram-Ulqin.jpg\"},{\"@type\":\"WebPage\",\"@id\":\"https:\/\/www.visit-ulcinj.com\/blog\/2016\/08\/02\/flaka-krelani-xhiron-klipin-e-ri-ne-bune-te-ulqinit-video\/#webpage\",\"url\":\"https:\/\/www.visit-ulcinj.com\/blog\/2016\/08\/02\/flaka-krelani-xhiron-klipin-e-ri-ne-bune-te-ulqinit-video\/\",\"name\":\"Flaka Krelani xhiron klipin e ri n\u00eb Bun\u00eb t\u00eb Ulqinit - Video - Lajme nga Ulqini\",\"isPartOf\":{\"@id\":\"https:\/\/www.visit-ulcinj.com\/blog\/#website\"},\"primaryImageOfPage\":{\"@id\":\"https:\/\/www.visit-ulcinj.com\/blog\/2016\/08\/02\/flaka-krelani-xhiron-klipin-e-ri-ne-bune-te-ulqinit-video\/#primaryimage\"},\"datePublished\":\"2016-08-02T17:45:26+00:00\",\"dateModified\":\"2016-08-02T17:45:26+00:00\",\"author\":{\"@id\":\"https:\/\/www.visit-ulcinj.com\/blog\/#\/schema\/person\/dcab619c614d3038751c63bc2aadc06d\"},\"description\":\"Si\u00e7 m\u00ebson Lajme nga Ulqini nga burime t\u00eb sigurta, k\u00ebng\u00ebtarja shum\u00eb i dashur p\u00ebr publikun,\u00a0Flaka Krelani xhiron klipin e saj\u00eb m\u00eb t\u00eb ri n\u00eb lumin Buna t\u00eb\",\"breadcrumb\":{\"@id\":\"https:\/\/www.visit-ulcinj.com\/blog\/2016\/08\/02\/flaka-krelani-xhiron-klipin-e-ri-ne-bune-te-ulqinit-video\/#breadcrumb\"},\"inLanguage\":\"en-US\",\"potentialAction\":[{\"@type\":\"ReadAction\",\"target\":[\"https:\/\/www.visit-ulcinj.com\/blog\/2016\/08\/02\/flaka-krelani-xhiron-klipin-e-ri-ne-bune-te-ulqinit-video\/\"]}]},{\"@type\":\"BreadcrumbList\",\"@id\":\"https:\/\/www.visit-ulcinj.com\/blog\/2016\/08\/02\/flaka-krelani-xhiron-klipin-e-ri-ne-bune-te-ulqinit-video\/#breadcrumb\",\"itemListElement\":[{\"@type\":\"ListItem\",\"position\":1,\"name\":\"Flaka Krelani xhiron klipin e ri n\u00eb Bun\u00eb t\u00eb Ulqinit &#8211; Video\"}]},{\"@type\":\"Person\",\"@id\":\"https:\/\/www.visit-ulcinj.com\/blog\/#\/schema\/person\/dcab619c614d3038751c63bc2aadc06d\",\"name\":\"ulqini\",\"sameAs\":[\"http:\/\/www.visit-ulcinj.com\"],\"url\":\"https:\/\/www.visit-ulcinj.com\/blog\/author\/admin\/\"}]}<\/script>\n<!-- \/ Yoast SEO plugin. -->","yoast_head_json":{"title":"Flaka Krelani xhiron klipin e ri n\u00eb Bun\u00eb t\u00eb Ulqinit - Video - Lajme nga Ulqini","description":"Si\u00e7 m\u00ebson Lajme nga Ulqini nga burime t\u00eb sigurta, k\u00ebng\u00ebtarja shum\u00eb i dashur p\u00ebr publikun,\u00a0Flaka Krelani xhiron klipin e saj\u00eb m\u00eb t\u00eb ri n\u00eb lumin Buna t\u00eb","robots":{"index":"index","follow":"follow","max-snippet":"max-snippet:-1","max-image-preview":"max-image-preview:large","max-video-preview":"max-video-preview:-1"},"canonical":"https:\/\/www.visit-ulcinj.com\/blog\/2016\/08\/02\/flaka-krelani-xhiron-klipin-e-ri-ne-bune-te-ulqinit-video\/","og_locale":"en_US","og_type":"article","og_title":"Flaka Krelani xhiron klipin e ri n\u00eb Bun\u00eb t\u00eb Ulqinit - Video - Lajme nga Ulqini","og_description":"Si\u00e7 m\u00ebson Lajme nga Ulqini nga burime t\u00eb sigurta, k\u00ebng\u00ebtarja shum\u00eb i dashur p\u00ebr publikun,\u00a0Flaka Krelani xhiron klipin e saj\u00eb m\u00eb t\u00eb ri n\u00eb lumin Buna t\u00eb","og_url":"https:\/\/www.visit-ulcinj.com\/blog\/2016\/08\/02\/flaka-krelani-xhiron-klipin-e-ri-ne-bune-te-ulqinit-video\/","og_site_name":"Lajme nga Ulqini","article_published_time":"2016-08-02T17:45:26+00:00","og_image":[{"url":"http:\/\/www.visit-ulcinj.com\/blog\/wp-content\/uploads\/2016\/08\/Flaka-Krelani-Instagram-Ulqin.jpg"}],"twitter_misc":{"Written by":"ulqini"},"schema":{"@context":"https:\/\/schema.org","@graph":[{"@type":"WebSite","@id":"https:\/\/www.visit-ulcinj.com\/blog\/#website","url":"https:\/\/www.visit-ulcinj.com\/blog\/","name":"Lajme nga Ulqini","description":"Lajme,Vijesti,Ulqini,Ulqin,Crna Gora,Mali i Zi","potentialAction":[{"@type":"SearchAction","target":{"@type":"EntryPoint","urlTemplate":"https:\/\/www.visit-ulcinj.com\/blog\/?s={search_term_string}"},"query-input":"required name=search_term_string"}],"inLanguage":"en-US"},{"@type":"ImageObject","inLanguage":"en-US","@id":"https:\/\/www.visit-ulcinj.com\/blog\/2016\/08\/02\/flaka-krelani-xhiron-klipin-e-ri-ne-bune-te-ulqinit-video\/#primaryimage","url":"http:\/\/www.visit-ulcinj.com\/blog\/wp-content\/uploads\/2016\/08\/Flaka-Krelani-Instagram-Ulqin.jpg","contentUrl":"http:\/\/www.visit-ulcinj.com\/blog\/wp-content\/uploads\/2016\/08\/Flaka-Krelani-Instagram-Ulqin.jpg"},{"@type":"WebPage","@id":"https:\/\/www.visit-ulcinj.com\/blog\/2016\/08\/02\/flaka-krelani-xhiron-klipin-e-ri-ne-bune-te-ulqinit-video\/#webpage","url":"https:\/\/www.visit-ulcinj.com\/blog\/2016\/08\/02\/flaka-krelani-xhiron-klipin-e-ri-ne-bune-te-ulqinit-video\/","name":"Flaka Krelani xhiron klipin e ri n\u00eb Bun\u00eb t\u00eb Ulqinit - Video - Lajme nga Ulqini","isPartOf":{"@id":"https:\/\/www.visit-ulcinj.com\/blog\/#website"},"primaryImageOfPage":{"@id":"https:\/\/www.visit-ulcinj.com\/blog\/2016\/08\/02\/flaka-krelani-xhiron-klipin-e-ri-ne-bune-te-ulqinit-video\/#primaryimage"},"datePublished":"2016-08-02T17:45:26+00:00","dateModified":"2016-08-02T17:45:26+00:00","author":{"@id":"https:\/\/www.visit-ulcinj.com\/blog\/#\/schema\/person\/dcab619c614d3038751c63bc2aadc06d"},"description":"Si\u00e7 m\u00ebson Lajme nga Ulqini nga burime t\u00eb sigurta, k\u00ebng\u00ebtarja shum\u00eb i dashur p\u00ebr publikun,\u00a0Flaka Krelani xhiron klipin e saj\u00eb m\u00eb t\u00eb ri n\u00eb lumin Buna t\u00eb","breadcrumb":{"@id":"https:\/\/www.visit-ulcinj.com\/blog\/2016\/08\/02\/flaka-krelani-xhiron-klipin-e-ri-ne-bune-te-ulqinit-video\/#breadcrumb"},"inLanguage":"en-US","potentialAction":[{"@type":"ReadAction","target":["https:\/\/www.visit-ulcinj.com\/blog\/2016\/08\/02\/flaka-krelani-xhiron-klipin-e-ri-ne-bune-te-ulqinit-video\/"]}]},{"@type":"BreadcrumbList","@id":"https:\/\/www.visit-ulcinj.com\/blog\/2016\/08\/02\/flaka-krelani-xhiron-klipin-e-ri-ne-bune-te-ulqinit-video\/#breadcrumb","itemListElement":[{"@type":"ListItem","position":1,"name":"Flaka Krelani xhiron klipin e ri n\u00eb Bun\u00eb t\u00eb Ulqinit &#8211; Video"}]},{"@type":"Person","@id":"https:\/\/www.visit-ulcinj.com\/blog\/#\/schema\/person\/dcab619c614d3038751c63bc2aadc06d","name":"ulqini","sameAs":["http:\/\/www.visit-ulcinj.com"],"url":"https:\/\/www.visit-ulcinj.com\/blog\/author\/admin\/"}]}},"jetpack_featured_media_url":"","jetpack_sharing_enabled":true,"jetpack_shortlink":"https:\/\/wp.me\/pe6lTn-pIB","_links":{"self":[{"href":"https:\/\/www.visit-ulcinj.com\/blog\/wp-json\/wp\/v2\/posts\/98865"}],"collection":[{"href":"https:\/\/www.visit-ulcinj.com\/blog\/wp-json\/wp\/v2\/posts"}],"about":[{"href":"https:\/\/www.visit-ulcinj.com\/blog\/wp-json\/wp\/v2\/types\/post"}],"author":[{"embeddable":true,"href":"https:\/\/www.visit-ulcinj.com\/blog\/wp-json\/wp\/v2\/users\/1"}],"replies":[{"embeddable":true,"href":"https:\/\/www.visit-ulcinj.com\/blog\/wp-json\/wp\/v2\/comments?post=98865"}],"version-history":[{"count":1,"href":"https:\/\/www.visit-ulcinj.com\/blog\/wp-json\/wp\/v2\/posts\/98865\/revisions"}],"predecessor-version":[{"id":98867,"href":"https:\/\/www.visit-ulcinj.com\/blog\/wp-json\/wp\/v2\/posts\/98865\/revisions\/98867"}],"wp:attachment":[{"href":"https:\/\/www.visit-ulcinj.com\/blog\/wp-json\/wp\/v2\/media?parent=98865"}],"wp:term":[{"taxonomy":"category","embeddable":true,"href":"https:\/\/www.visit-ulcinj.com\/blog\/wp-json\/wp\/v2\/categories?post=98865"},{"taxonomy":"post_tag","embeddable":true,"href":"https:\/\/www.visit-ulcinj.com\/blog\/wp-json\/wp\/v2\/tags?post=98865"}],"curies":[{"name":"wp","href":"https:\/\/api.w.org\/{rel}","templated":true}]}}