{"id":98877,"date":"2016-08-03T18:17:32","date_gmt":"2016-08-03T17:17:32","guid":{"rendered":"http:\/\/www.visit-ulcinj.com\/blog\/?p=98877"},"modified":"2016-08-03T18:17:32","modified_gmt":"2016-08-03T17:17:32","slug":"ne-komunen-e-ulqinit-u-nenshkrua-kontrata-kompanine-hydrophilgmbh-nga-austria","status":"publish","type":"post","link":"https:\/\/www.visit-ulcinj.com\/blog\/2016\/08\/03\/ne-komunen-e-ulqinit-u-nenshkrua-kontrata-kompanine-hydrophilgmbh-nga-austria\/","title":{"rendered":"N\u00eb Komun\u00ebn e Ulqinit u n\u00ebnshkrua kontrata me kompanin\u00eb HydrophilGmbH nga Austria"},"content":{"rendered":"<p><strong><a href=\"http:\/\/www.visit-ulcinj.com\/blog\/wp-content\/uploads\/2016\/08\/Nazif-Cungu-Boris-Vukovic-Gerald-Eder-.jpg\"><img loading=\"lazy\" class=\"alignleft wp-image-98878\" src=\"http:\/\/www.visit-ulcinj.com\/blog\/wp-content\/uploads\/2016\/08\/Nazif-Cungu-Boris-Vukovic-Gerald-Eder-.jpg\" alt=\"Nazif-Cungu-Boris Vukovic-Gerald Eder-\" width=\"508\" height=\"336\" srcset=\"https:\/\/www.visit-ulcinj.com\/blog\/wp-content\/uploads\/2016\/08\/Nazif-Cungu-Boris-Vukovic-Gerald-Eder-.jpg 752w, https:\/\/www.visit-ulcinj.com\/blog\/wp-content\/uploads\/2016\/08\/Nazif-Cungu-Boris-Vukovic-Gerald-Eder--300x199.jpg 300w\" sizes=\"(max-width: 508px) 100vw, 508px\" \/><\/a>N\u00ebnshkruhet\u00a0 mar\u00ebveshtja\u00a0 me ofertuesin\u00a0 e par\u00eb t\u00eb renditur n\u00eb tenderin,,Sherbime konsultative\u00a0 p\u00ebr p\u00ebrmir\u00ebsimin e furnizimit me uj dhe grumbullimin\u00a0 e ujrave t\u00eb\u00a0 zeza n\u00eb Ulqin,, <\/strong><\/p>\n<p>Sot n\u00eb Komun\u00ebn e Ulqinit\u00a0 u n\u00ebnshkrua\u00a0 kontrata\u00a0 me kompanin\u00eb HydrophilGmbH nga Austria , kompani e renditur e para\u00a0 n\u00eb\u00a0 tenderiimin\u00a0 p\u00ebr zgjedhjen\u00a0 e konsultantit\u00a0 p\u00ebr implementimin\u00a0 e masave\u00a0 investuese n\u00eb Ulqin.<\/p>\n<p>Mar\u00ebveshtja u nenshkrua\u00a0 nga\u00a0 kryetari i Ulqinit Nazif Cungu,Drejtori ekzekutiv i Vodacomit \u00a0Boris Vukoviq dhe Presidenti\u00a0 i kompanis\u00eb Hydrophil GmbH\u00a0 Gerald Eder.<\/p>\n<p><a href=\"http:\/\/www.visit-ulcinj.com\/blog\/wp-content\/uploads\/2016\/08\/Nazif-Cungu-Boris-Vukovic-Gerald-Eder-1.jpg\"><img loading=\"lazy\" class=\"alignleft wp-image-98879\" src=\"http:\/\/www.visit-ulcinj.com\/blog\/wp-content\/uploads\/2016\/08\/Nazif-Cungu-Boris-Vukovic-Gerald-Eder-1.jpg\" alt=\"Nazif-Cungu-Boris Vukovic-Gerald Eder-1\" width=\"508\" height=\"336\" srcset=\"https:\/\/www.visit-ulcinj.com\/blog\/wp-content\/uploads\/2016\/08\/Nazif-Cungu-Boris-Vukovic-Gerald-Eder-1.jpg 752w, https:\/\/www.visit-ulcinj.com\/blog\/wp-content\/uploads\/2016\/08\/Nazif-Cungu-Boris-Vukovic-Gerald-Eder-1-300x199.jpg 300w\" sizes=\"(max-width: 508px) 100vw, 508px\" \/><\/a><\/p>\n<p>Kryetari\u00a0 Cungu dhe nenshkruesit e tjer\u00eb, vler\u00ebsuan lart\u00eb nenshkrimin e mareveshtjes.<\/p>\n<p>Me p\u00ebrfundimin\u00a0 e procedur\u00ebs s\u00eb tenderimit\u00a0 dhe nenshkrimit t\u00eb mar\u00ebveshtjes\u00a0 me vler\u00eb 1.538.426,97Euro krijohen kushtet e domosdoshme\u00a0 per vazhdimin e aktiviteteve\u00a0 per avansimin e\u00a0 furnizimit\u00a0 me uj\u00a0 dhe ifrastruktur\u00ebs\u00a0 se kanaliyimit\u00a0 ne Komun\u00ebn e Ulqinit.<\/p>\n","protected":false},"excerpt":{"rendered":"<p>N\u00ebnshkruhet\u00a0 mar\u00ebveshtja\u00a0 me ofertuesin\u00a0 e par\u00eb t\u00eb renditur n\u00eb tenderin,,Sherbime konsultative\u00a0 p\u00ebr p\u00ebrmir\u00ebsimin e furnizimit me uj dhe grumbullimin\u00a0 e ujrave t\u00eb\u00a0 zeza n\u00eb Ulqin,, Sot n\u00eb Komun\u00ebn e Ulqinit\u00a0 u n\u00ebnshkrua\u00a0 kontrata\u00a0 me kompanin\u00eb HydrophilGmbH nga Austria , kompani e renditur e para\u00a0 n\u00eb\u00a0 tenderiimin\u00a0 p\u00ebr zgjedhjen\u00a0 e konsultantit\u00a0 p\u00ebr implementimin\u00a0 e masave\u00a0 investuese [&hellip;]<\/p>\n","protected":false},"author":1,"featured_media":0,"comment_status":"closed","ping_status":"closed","sticky":false,"template":"","format":"standard","meta":{"spay_email":"","jetpack_publicize_message":"","jetpack_is_tweetstorm":false,"jetpack_publicize_feature_enabled":true},"categories":[10],"tags":[],"jetpack_publicize_connections":[],"yoast_head":"<!-- This site is optimized with the Yoast SEO plugin v19.1 - https:\/\/yoast.com\/wordpress\/plugins\/seo\/ -->\n<title>N\u00eb Komun\u00ebn e Ulqinit u n\u00ebnshkrua kontrata me kompanin\u00eb HydrophilGmbH nga Austria - Lajme nga Ulqini<\/title>\n<meta name=\"description\" content=\"N\u00ebnshkruhet\u00a0 mar\u00ebveshtja\u00a0 me ofertuesin\u00a0 e par\u00eb t\u00eb renditur n\u00eb tenderin,,Sherbime konsultative\u00a0 p\u00ebr p\u00ebrmir\u00ebsimin e furnizimit me uj dhe grumbullimin\u00a0 e\" \/>\n<meta name=\"robots\" content=\"index, follow, max-snippet:-1, max-image-preview:large, max-video-preview:-1\" \/>\n<link rel=\"canonical\" href=\"https:\/\/www.visit-ulcinj.com\/blog\/2016\/08\/03\/ne-komunen-e-ulqinit-u-nenshkrua-kontrata-kompanine-hydrophilgmbh-nga-austria\/\" \/>\n<meta property=\"og:locale\" content=\"en_US\" \/>\n<meta property=\"og:type\" content=\"article\" \/>\n<meta property=\"og:title\" content=\"N\u00eb Komun\u00ebn e Ulqinit u n\u00ebnshkrua kontrata me kompanin\u00eb HydrophilGmbH nga Austria - Lajme nga Ulqini\" \/>\n<meta property=\"og:description\" content=\"N\u00ebnshkruhet\u00a0 mar\u00ebveshtja\u00a0 me ofertuesin\u00a0 e par\u00eb t\u00eb renditur n\u00eb tenderin,,Sherbime konsultative\u00a0 p\u00ebr p\u00ebrmir\u00ebsimin e furnizimit me uj dhe grumbullimin\u00a0 e\" \/>\n<meta property=\"og:url\" content=\"https:\/\/www.visit-ulcinj.com\/blog\/2016\/08\/03\/ne-komunen-e-ulqinit-u-nenshkrua-kontrata-kompanine-hydrophilgmbh-nga-austria\/\" \/>\n<meta property=\"og:site_name\" content=\"Lajme nga Ulqini\" \/>\n<meta property=\"article:published_time\" content=\"2016-08-03T17:17:32+00:00\" \/>\n<meta property=\"og:image\" content=\"http:\/\/www.visit-ulcinj.com\/blog\/wp-content\/uploads\/2016\/08\/Nazif-Cungu-Boris-Vukovic-Gerald-Eder-.jpg\" \/>\n<meta name=\"twitter:label1\" content=\"Written by\" \/>\n\t<meta name=\"twitter:data1\" content=\"ulqini\" \/>\n\t<meta name=\"twitter:label2\" content=\"Est. reading time\" \/>\n\t<meta name=\"twitter:data2\" content=\"1 minute\" \/>\n<script type=\"application\/ld+json\" class=\"yoast-schema-graph\">{\"@context\":\"https:\/\/schema.org\",\"@graph\":[{\"@type\":\"WebSite\",\"@id\":\"https:\/\/www.visit-ulcinj.com\/blog\/#website\",\"url\":\"https:\/\/www.visit-ulcinj.com\/blog\/\",\"name\":\"Lajme nga Ulqini\",\"description\":\"Lajme,Vijesti,Ulqini,Ulqin,Crna Gora,Mali i Zi\",\"potentialAction\":[{\"@type\":\"SearchAction\",\"target\":{\"@type\":\"EntryPoint\",\"urlTemplate\":\"https:\/\/www.visit-ulcinj.com\/blog\/?s={search_term_string}\"},\"query-input\":\"required name=search_term_string\"}],\"inLanguage\":\"en-US\"},{\"@type\":\"ImageObject\",\"inLanguage\":\"en-US\",\"@id\":\"https:\/\/www.visit-ulcinj.com\/blog\/2016\/08\/03\/ne-komunen-e-ulqinit-u-nenshkrua-kontrata-kompanine-hydrophilgmbh-nga-austria\/#primaryimage\",\"url\":\"https:\/\/www.visit-ulcinj.com\/blog\/wp-content\/uploads\/2016\/08\/Nazif-Cungu-Boris-Vukovic-Gerald-Eder-.jpg\",\"contentUrl\":\"https:\/\/www.visit-ulcinj.com\/blog\/wp-content\/uploads\/2016\/08\/Nazif-Cungu-Boris-Vukovic-Gerald-Eder-.jpg\",\"width\":752,\"height\":498},{\"@type\":\"WebPage\",\"@id\":\"https:\/\/www.visit-ulcinj.com\/blog\/2016\/08\/03\/ne-komunen-e-ulqinit-u-nenshkrua-kontrata-kompanine-hydrophilgmbh-nga-austria\/#webpage\",\"url\":\"https:\/\/www.visit-ulcinj.com\/blog\/2016\/08\/03\/ne-komunen-e-ulqinit-u-nenshkrua-kontrata-kompanine-hydrophilgmbh-nga-austria\/\",\"name\":\"N\u00eb Komun\u00ebn e Ulqinit u n\u00ebnshkrua kontrata me kompanin\u00eb HydrophilGmbH nga Austria - Lajme nga Ulqini\",\"isPartOf\":{\"@id\":\"https:\/\/www.visit-ulcinj.com\/blog\/#website\"},\"primaryImageOfPage\":{\"@id\":\"https:\/\/www.visit-ulcinj.com\/blog\/2016\/08\/03\/ne-komunen-e-ulqinit-u-nenshkrua-kontrata-kompanine-hydrophilgmbh-nga-austria\/#primaryimage\"},\"datePublished\":\"2016-08-03T17:17:32+00:00\",\"dateModified\":\"2016-08-03T17:17:32+00:00\",\"author\":{\"@id\":\"https:\/\/www.visit-ulcinj.com\/blog\/#\/schema\/person\/dcab619c614d3038751c63bc2aadc06d\"},\"description\":\"N\u00ebnshkruhet\u00a0 mar\u00ebveshtja\u00a0 me ofertuesin\u00a0 e par\u00eb t\u00eb renditur n\u00eb tenderin,,Sherbime konsultative\u00a0 p\u00ebr p\u00ebrmir\u00ebsimin e furnizimit me uj dhe grumbullimin\u00a0 e\",\"breadcrumb\":{\"@id\":\"https:\/\/www.visit-ulcinj.com\/blog\/2016\/08\/03\/ne-komunen-e-ulqinit-u-nenshkrua-kontrata-kompanine-hydrophilgmbh-nga-austria\/#breadcrumb\"},\"inLanguage\":\"en-US\",\"potentialAction\":[{\"@type\":\"ReadAction\",\"target\":[\"https:\/\/www.visit-ulcinj.com\/blog\/2016\/08\/03\/ne-komunen-e-ulqinit-u-nenshkrua-kontrata-kompanine-hydrophilgmbh-nga-austria\/\"]}]},{\"@type\":\"BreadcrumbList\",\"@id\":\"https:\/\/www.visit-ulcinj.com\/blog\/2016\/08\/03\/ne-komunen-e-ulqinit-u-nenshkrua-kontrata-kompanine-hydrophilgmbh-nga-austria\/#breadcrumb\",\"itemListElement\":[{\"@type\":\"ListItem\",\"position\":1,\"name\":\"N\u00eb Komun\u00ebn e Ulqinit u n\u00ebnshkrua kontrata me kompanin\u00eb HydrophilGmbH nga Austria\"}]},{\"@type\":\"Person\",\"@id\":\"https:\/\/www.visit-ulcinj.com\/blog\/#\/schema\/person\/dcab619c614d3038751c63bc2aadc06d\",\"name\":\"ulqini\",\"sameAs\":[\"http:\/\/www.visit-ulcinj.com\"],\"url\":\"https:\/\/www.visit-ulcinj.com\/blog\/author\/admin\/\"}]}<\/script>\n<!-- \/ Yoast SEO plugin. -->","yoast_head_json":{"title":"N\u00eb Komun\u00ebn e Ulqinit u n\u00ebnshkrua kontrata me kompanin\u00eb HydrophilGmbH nga Austria - Lajme nga Ulqini","description":"N\u00ebnshkruhet\u00a0 mar\u00ebveshtja\u00a0 me ofertuesin\u00a0 e par\u00eb t\u00eb renditur n\u00eb tenderin,,Sherbime konsultative\u00a0 p\u00ebr p\u00ebrmir\u00ebsimin e furnizimit me uj dhe grumbullimin\u00a0 e","robots":{"index":"index","follow":"follow","max-snippet":"max-snippet:-1","max-image-preview":"max-image-preview:large","max-video-preview":"max-video-preview:-1"},"canonical":"https:\/\/www.visit-ulcinj.com\/blog\/2016\/08\/03\/ne-komunen-e-ulqinit-u-nenshkrua-kontrata-kompanine-hydrophilgmbh-nga-austria\/","og_locale":"en_US","og_type":"article","og_title":"N\u00eb Komun\u00ebn e Ulqinit u n\u00ebnshkrua kontrata me kompanin\u00eb HydrophilGmbH nga Austria - Lajme nga Ulqini","og_description":"N\u00ebnshkruhet\u00a0 mar\u00ebveshtja\u00a0 me ofertuesin\u00a0 e par\u00eb t\u00eb renditur n\u00eb tenderin,,Sherbime konsultative\u00a0 p\u00ebr p\u00ebrmir\u00ebsimin e furnizimit me uj dhe grumbullimin\u00a0 e","og_url":"https:\/\/www.visit-ulcinj.com\/blog\/2016\/08\/03\/ne-komunen-e-ulqinit-u-nenshkrua-kontrata-kompanine-hydrophilgmbh-nga-austria\/","og_site_name":"Lajme nga Ulqini","article_published_time":"2016-08-03T17:17:32+00:00","og_image":[{"url":"http:\/\/www.visit-ulcinj.com\/blog\/wp-content\/uploads\/2016\/08\/Nazif-Cungu-Boris-Vukovic-Gerald-Eder-.jpg"}],"twitter_misc":{"Written by":"ulqini","Est. reading time":"1 minute"},"schema":{"@context":"https:\/\/schema.org","@graph":[{"@type":"WebSite","@id":"https:\/\/www.visit-ulcinj.com\/blog\/#website","url":"https:\/\/www.visit-ulcinj.com\/blog\/","name":"Lajme nga Ulqini","description":"Lajme,Vijesti,Ulqini,Ulqin,Crna Gora,Mali i Zi","potentialAction":[{"@type":"SearchAction","target":{"@type":"EntryPoint","urlTemplate":"https:\/\/www.visit-ulcinj.com\/blog\/?s={search_term_string}"},"query-input":"required name=search_term_string"}],"inLanguage":"en-US"},{"@type":"ImageObject","inLanguage":"en-US","@id":"https:\/\/www.visit-ulcinj.com\/blog\/2016\/08\/03\/ne-komunen-e-ulqinit-u-nenshkrua-kontrata-kompanine-hydrophilgmbh-nga-austria\/#primaryimage","url":"https:\/\/www.visit-ulcinj.com\/blog\/wp-content\/uploads\/2016\/08\/Nazif-Cungu-Boris-Vukovic-Gerald-Eder-.jpg","contentUrl":"https:\/\/www.visit-ulcinj.com\/blog\/wp-content\/uploads\/2016\/08\/Nazif-Cungu-Boris-Vukovic-Gerald-Eder-.jpg","width":752,"height":498},{"@type":"WebPage","@id":"https:\/\/www.visit-ulcinj.com\/blog\/2016\/08\/03\/ne-komunen-e-ulqinit-u-nenshkrua-kontrata-kompanine-hydrophilgmbh-nga-austria\/#webpage","url":"https:\/\/www.visit-ulcinj.com\/blog\/2016\/08\/03\/ne-komunen-e-ulqinit-u-nenshkrua-kontrata-kompanine-hydrophilgmbh-nga-austria\/","name":"N\u00eb Komun\u00ebn e Ulqinit u n\u00ebnshkrua kontrata me kompanin\u00eb HydrophilGmbH nga Austria - Lajme nga Ulqini","isPartOf":{"@id":"https:\/\/www.visit-ulcinj.com\/blog\/#website"},"primaryImageOfPage":{"@id":"https:\/\/www.visit-ulcinj.com\/blog\/2016\/08\/03\/ne-komunen-e-ulqinit-u-nenshkrua-kontrata-kompanine-hydrophilgmbh-nga-austria\/#primaryimage"},"datePublished":"2016-08-03T17:17:32+00:00","dateModified":"2016-08-03T17:17:32+00:00","author":{"@id":"https:\/\/www.visit-ulcinj.com\/blog\/#\/schema\/person\/dcab619c614d3038751c63bc2aadc06d"},"description":"N\u00ebnshkruhet\u00a0 mar\u00ebveshtja\u00a0 me ofertuesin\u00a0 e par\u00eb t\u00eb renditur n\u00eb tenderin,,Sherbime konsultative\u00a0 p\u00ebr p\u00ebrmir\u00ebsimin e furnizimit me uj dhe grumbullimin\u00a0 e","breadcrumb":{"@id":"https:\/\/www.visit-ulcinj.com\/blog\/2016\/08\/03\/ne-komunen-e-ulqinit-u-nenshkrua-kontrata-kompanine-hydrophilgmbh-nga-austria\/#breadcrumb"},"inLanguage":"en-US","potentialAction":[{"@type":"ReadAction","target":["https:\/\/www.visit-ulcinj.com\/blog\/2016\/08\/03\/ne-komunen-e-ulqinit-u-nenshkrua-kontrata-kompanine-hydrophilgmbh-nga-austria\/"]}]},{"@type":"BreadcrumbList","@id":"https:\/\/www.visit-ulcinj.com\/blog\/2016\/08\/03\/ne-komunen-e-ulqinit-u-nenshkrua-kontrata-kompanine-hydrophilgmbh-nga-austria\/#breadcrumb","itemListElement":[{"@type":"ListItem","position":1,"name":"N\u00eb Komun\u00ebn e Ulqinit u n\u00ebnshkrua kontrata me kompanin\u00eb HydrophilGmbH nga Austria"}]},{"@type":"Person","@id":"https:\/\/www.visit-ulcinj.com\/blog\/#\/schema\/person\/dcab619c614d3038751c63bc2aadc06d","name":"ulqini","sameAs":["http:\/\/www.visit-ulcinj.com"],"url":"https:\/\/www.visit-ulcinj.com\/blog\/author\/admin\/"}]}},"jetpack_featured_media_url":"","jetpack_sharing_enabled":true,"jetpack_shortlink":"https:\/\/wp.me\/pe6lTn-pIN","_links":{"self":[{"href":"https:\/\/www.visit-ulcinj.com\/blog\/wp-json\/wp\/v2\/posts\/98877"}],"collection":[{"href":"https:\/\/www.visit-ulcinj.com\/blog\/wp-json\/wp\/v2\/posts"}],"about":[{"href":"https:\/\/www.visit-ulcinj.com\/blog\/wp-json\/wp\/v2\/types\/post"}],"author":[{"embeddable":true,"href":"https:\/\/www.visit-ulcinj.com\/blog\/wp-json\/wp\/v2\/users\/1"}],"replies":[{"embeddable":true,"href":"https:\/\/www.visit-ulcinj.com\/blog\/wp-json\/wp\/v2\/comments?post=98877"}],"version-history":[{"count":1,"href":"https:\/\/www.visit-ulcinj.com\/blog\/wp-json\/wp\/v2\/posts\/98877\/revisions"}],"predecessor-version":[{"id":98880,"href":"https:\/\/www.visit-ulcinj.com\/blog\/wp-json\/wp\/v2\/posts\/98877\/revisions\/98880"}],"wp:attachment":[{"href":"https:\/\/www.visit-ulcinj.com\/blog\/wp-json\/wp\/v2\/media?parent=98877"}],"wp:term":[{"taxonomy":"category","embeddable":true,"href":"https:\/\/www.visit-ulcinj.com\/blog\/wp-json\/wp\/v2\/categories?post=98877"},{"taxonomy":"post_tag","embeddable":true,"href":"https:\/\/www.visit-ulcinj.com\/blog\/wp-json\/wp\/v2\/tags?post=98877"}],"curies":[{"name":"wp","href":"https:\/\/api.w.org\/{rel}","templated":true}]}}