{"id":98884,"date":"2016-08-04T06:12:51","date_gmt":"2016-08-04T05:12:51","guid":{"rendered":"http:\/\/www.visit-ulcinj.com\/blog\/?p=98884"},"modified":"2016-08-04T12:30:47","modified_gmt":"2016-08-04T11:30:47","slug":"nika-jam-ne-pritje-te-arrestit","status":"publish","type":"post","link":"https:\/\/www.visit-ulcinj.com\/blog\/2016\/08\/04\/nika-jam-ne-pritje-te-arrestit\/","title":{"rendered":"Nika: Jam n\u00eb pritje t\u00eb arrestit&#8230;. ?!"},"content":{"rendered":"<p><strong><em><a href=\"http:\/\/www.visit-ulcinj.com\/blog\/wp-content\/uploads\/2014\/11\/Muhamet-Nika.jpg\"><img loading=\"lazy\" class=\"alignleft wp-image-86143 size-full\" src=\"http:\/\/www.visit-ulcinj.com\/blog\/wp-content\/uploads\/2014\/11\/Muhamet-Nika.jpg\" alt=\"Muhamet Nika\" width=\"256\" height=\"319\" srcset=\"https:\/\/www.visit-ulcinj.com\/blog\/wp-content\/uploads\/2014\/11\/Muhamet-Nika.jpg 256w, https:\/\/www.visit-ulcinj.com\/blog\/wp-content\/uploads\/2014\/11\/Muhamet-Nika-240x300.jpg 240w\" sizes=\"(max-width: 256px) 100vw, 256px\" \/><\/a>Shkruan \u00a0Muhamet Nika<\/em><\/strong><\/p>\n<p>Tash dy her\u00eb brenda disa dit\u00ebve, policia po vjen p\u00ebr t\u00eb m\u00eb shoq\u00ebruar te gjykat\u00ebsi p\u00ebr kund\u00ebrvajtje \u00a0i cili , si\u00e7 po m\u00eb thuhet , paska l\u00ebshuar nj\u00eb urdh\u00ebr arresti, pasi nuk kam shlyer nj\u00eb d\u00ebnim prej 300 eurosh + 50 e. d\u00ebnim p\u00ebr shpenzimet\u00a0 gjyq\u00ebsore.<\/p>\n<p>D\u00ebnimi u shqiptua , nga ai, p\u00ebr mos deponim te t\u00eb dh\u00ebnave , p\u00ebr pasurin\u00eb time , si n\u00ebnkryetar komune (konfliktit t\u00eb interesit)?!<\/p>\n<p>N\u00eb fakt e kisha dor\u00ebzuar raportin , por me 2- 3 muaj vones\u00eb- p\u00ebr shkak t\u00eb harres\u00ebs dhe \u00e7\u2019 \u00ebsht\u00eb\u00a0 e v\u00ebrteta deri te kjo erdhi, pasi q\u00eb t\u00ebr\u00eb jet\u00ebn ushtrova funksione \u00a0t\u00eb shumta shtet\u00ebrore dhe partiake, si : deputet, drejtor, kryetar parlamenti, n\u00ebnkryetar komune , krye shef etj., dhe\u00a0 nuk pash\u00eb t\u00eb m\u00eb ishte \u00a0shtuar pasuria- \u00a0duke p\u00ebrjashtuar at\u00eb q\u00eb m\u00eb la prindi n\u00eb flet\u00ebn poseduese \u00a0\u00a0n\u00eb pron\u00ebsi t\u00eb p\u00ebrbashk\u00ebt me v\u00ebllez\u00ebrit. Bile nuk kisha as automjet sht\u00ebpiak- \u00a0mbase nd\u00ebr t\u00eb rrall\u00ebt&#8230;?!<\/p>\n<p>Por d\u00ebnimi u b\u00eb,\u00a0 k\u00ebtu tek ne \u2013 nuk vlen\u00a0 p\u00ebrmbajtja \u2013 por vet\u00ebm forma. Ani se vjedh\u2014por ama dor\u00ebzo raportin &#8230;?! Por edhe n\u00ebse shihet se nuk ke vjedh(p\u00ebrmbajtja n\u00eb rregull)-\u00a0 ti shkon n\u00eb burg sepse nuk e \u00a0ke plot\u00ebsuar form\u00ebn?! Thjesht\u00eb , nj\u00eb got\u00eb uji(raporti..), mund t\u00eb jet\u00eb e mbushur\u00a0 edhe me urin\u00eb , dhe n\u00eb se e \u00a0\u00a0pi , je n\u00eb rregull &#8211; deri sa \u00a0t\u00eb \u00ebsht\u00eb servuar n\u00eb got\u00eb \u2013 \u00a0n\u00eb form\u00ebn e duhur?!!!<\/p>\n<p>N\u00eb fakt\u00a0 un\u00eb edhe pse isha ankuar \u00a0k\u00ebsaj radhe \u00a0&#8230;, nuk ma \u00a0vari kush?! Po duket ma gjeten \u00a0edhe mu\u201d \u00a0nji grem\u00e7\u201d- ha-ha-ha..?!! Mir\u00eb po dhe kjo, \u00a0\u00a0pak ka r\u00ebnd\u00ebsi, ose aspak.<\/p>\n<p>Pasi \u00a0q\u00eb gjykat\u00ebsi e \u00a0kish anuluar ankes\u00ebn time\u00a0 dhe kish v\u00ebrtetuar\u00a0 d\u00ebnimin-\u00a0 me arsyetimin se, \u00a0n\u00ebse un\u00eb nuk e paguaj d\u00ebnimin- ai do t\u00eb\u00a0 m\u00eb hiqet n\u00eb m\u00ebnyr\u00eb t\u00eb dhunshme nga rroga ?!\u00a0 Disi u pajtova me fatin q\u00eb t\u00eb ndodh\u00eb k\u00ebshtu- \u00a0p\u00ebr realizim t\u00eb \u00a0vendimit \u00a0p\u00ebr marrje t\u00eb mjeteve me dhun\u00eb &#8230;?!<\/p>\n<p>E pasi\u00a0 deri te kjo nuk erdhi, tashti m\u00eb k\u00ebrc\u00ebnohen\u00a0 me shnd\u00ebrrimin e tij n\u00eb burg dhe vet\u00eb deklarova \u201c\u00a0 okej- \u00a0un\u00eb nuk jam dele&#8230;,por p\u00ebr k\u00ebt\u00eb mendoj se gjykat\u00ebsi duhet t\u00eb nxjerr\u00eb nj\u00eb akt t\u00eb dyt\u00eb duke m\u00eb paralajm\u00ebruar q\u00eb gjykata \u2013 ka vendosur t\u00eb m\u00eb fus n\u00eb burg- pasi\u00a0 komuna , nuk po e realizon urdh\u00ebres\u00ebn p\u00ebr bllokim t\u00eb rrog\u00ebs&#8230;?!<\/p>\n<p>E jo t\u00eb m\u00eb nisni direkt- k\u00ebshtu, \u00a0p\u00ebr Spuzh &#8230;.\u201d?!<\/p>\n<p>Dhe q\u00eb \u00a0k\u00ebsaj nuk i trembem, pasi ve\u00e7\u00a0 m\u00eb fut\u00ebn\u00a0 nj\u00eb her\u00eb brenda- p\u00ebr politik\u00eb , pas ngjarjeve t\u00eb 81-shit,\u00a0 2 vjet brenda\u00a0 ( i pari nga Ulqini, bashk\u00eb me Hajredin Kova\u00e7in), duke e mbajtur d\u00ebnimin \u00a0t\u00eb plot\u00eb , e jo si disa&#8230;(ose tjer\u00ebt) &#8211; bile un\u00eb mbajta 2 vjet\u00a0 e \u00a0dy dit\u00eb&#8230;.?!<\/p>\n<p>Thjesht\u00eb nuk iu ndinte , q\u00eb po rrija edhe nja dy dit\u00eb &#8230;., ashtu kot- pa vendim gjykate<\/p>\n<p><strong><em>A \u00a0mos kemi k\u00ebtu \u2013 dyshim p\u00ebr nj\u00eb hakmarrje politike nga gjykata &#8211; ne themi se po?! Dhe ja d\u00ebshmit\u00eb?!<\/em><\/strong><\/p>\n<p>Kemi t\u00eb dh\u00ebna materiale se ky person deri te k\u00ebto masa ekstreme arriti, pasi pat\u00ebm sukses t\u00eb d\u00ebshmojm\u00eb p\u00ebr mes hetuesis\u00eb dhe inspeksionit administrativ\u00eb , se ky \u00a0me\u00a0 dokumente t\u00eb falsifikuara\u00a0 , kish dashur t\u00eb marr\u00eb mandatin e nj\u00eb k\u00ebshilltari t\u00eb Prosperiteti \u2013 \u00a0kryetar i kuvendit themelues t\u00eb \u00a0s\u00eb cil\u00ebs\u00a0 isha vet\u00eb &#8211; \u00a0p\u00ebr t\u2019ia dh\u00ebn\u00eb\u00a0 nj\u00eb tjetrit, \u00a0q\u00eb mbase \u00a0ish i preferuari tij \u2013 me rekomand\u00eb ..?!!<\/p>\n<p>Pasi ishim t\u00eb paditur \u00a0p\u00ebr k\u00ebt\u00eb \u00e7\u00ebshtje &#8211; \u00a0q\u00eb nuk po ia l\u00ebshonim mandatin dhe materialin p\u00ebr kuvend po vazhdonte ta merrte i pari, kur u ngrit \u00e7\u00ebshtja- Inspekcioni administrativ, hetoj q\u00eb p\u00ebrve\u00e7 se nuk dihej q\u00eb kush e kish dor\u00ebzuar k\u00ebrkes\u00ebn e dor\u00ebheqjes s\u00eb k\u00ebshilltarit \u2013 e cila mohohej t\u00eb ishte dh\u00ebn\u00eb nga ai &#8230;, u \u00a0konstatua se mungonte\u00a0 fare edhe procesverbali i komisionit zgjedhor komunal p\u00ebr mbledhjen e ngarkim shkarkimit?!!!\u00a0 Ku patjet\u00ebr\u00a0 \u00ebsht\u00eb \u00a0dashur t\u00eb konstatohej arsyet e marrjes s\u00eb mandati t\u00eb \u00a0\u00a0nj\u00ebrit\u00a0 dhe dh\u00ebnien e certifikat\u00ebs k\u00ebshilltarit tjet\u00ebr- pa p\u00eblqimin e t\u00eb parit dhe dijen e subjektit\u00a0 partiak&#8230;.?!!!<\/p>\n<p><strong><em>Duke mos dashur t\u00eb zgjat\u00ebm , edhe m\u00eb n\u00eb pun\u00ebn e k\u00ebtij komisioni, cek se \u00a0n\u00eb p\u00ebrb\u00ebrjen e komisionit zgjedhor aktual \u2013 t\u00eb zgjedhur nga Ndrekiq dhe Cungu , p\u00ebr seri rrin\u00eb disa nga ata\u00a0 , t\u00eb cil\u00ebt falsifikuan rezultatin zgjedhor \u00a0duke i ndihmuar gjykat\u00ebsit&#8230;.?!!<\/em><\/strong><\/p>\n<p><strong><em>Shih m\u00eb posht\u00eb -ankesa e ime e deponuar me shkrim&#8230;?!<\/em><\/strong><\/p>\n<p><strong><em>\u00a0\u00cbsht\u00eb interesant\u00eb t\u00eb cek\u00ebt , se po at\u00eb dit\u00eb kur un\u00eb e dor\u00ebzova me vones\u00eb raportin \u2013 bashk\u00eb me mua e dor\u00ebzoi edhe nj\u00eb funksionar tjet\u00ebr i komun\u00ebs q\u00eb mund t\u00eb konstatohet nga libri i evidenc\u00ebs s\u00eb arkivit\u00a0 p\u00ebr at\u00eb vit , por at\u00eb nuk e d\u00ebnuan dhe as ia t\u00ebrhoq\u00ebn v\u00ebrejtjen nga komisioni i konfliktit&#8230;?!!!<\/em><\/strong><\/p>\n<p><strong><em>E mbase p\u00ebr gjith\u00eb k\u00ebt\u00eb \u2013k\u00ebto, komisionit komunal zgjedhor&#8230;, do t\u00eb nisim nj\u00eb proces t\u00eb ri gjyq\u00ebsor &#8230;.?!!<\/em><\/strong><\/p>\n<p><a href=\"http:\/\/www.visit-ulcinj.com\/blog\/wp-content\/uploads\/2016\/08\/Dokument-Muhamet-Nika.jpg\"><img loading=\"lazy\" class=\"alignleft wp-image-98885\" src=\"http:\/\/www.visit-ulcinj.com\/blog\/wp-content\/uploads\/2016\/08\/Dokument-Muhamet-Nika.jpg\" alt=\"Dokument-Muhamet Nika\" width=\"508\" height=\"703\" srcset=\"https:\/\/www.visit-ulcinj.com\/blog\/wp-content\/uploads\/2016\/08\/Dokument-Muhamet-Nika.jpg 624w, https:\/\/www.visit-ulcinj.com\/blog\/wp-content\/uploads\/2016\/08\/Dokument-Muhamet-Nika-217x300.jpg 217w\" sizes=\"(max-width: 508px) 100vw, 508px\" \/><\/a><br \/>\n<a href=\"http:\/\/www.visit-ulcinj.com\/blog\/wp-content\/uploads\/2016\/08\/Dokument-Muhamet-Nika-1.jpg\"><img loading=\"lazy\" class=\"alignleft wp-image-98886\" src=\"http:\/\/www.visit-ulcinj.com\/blog\/wp-content\/uploads\/2016\/08\/Dokument-Muhamet-Nika-1.jpg\" alt=\"Dokument-Muhamet Nika-1\" width=\"508\" height=\"534\" srcset=\"https:\/\/www.visit-ulcinj.com\/blog\/wp-content\/uploads\/2016\/08\/Dokument-Muhamet-Nika-1.jpg 623w, https:\/\/www.visit-ulcinj.com\/blog\/wp-content\/uploads\/2016\/08\/Dokument-Muhamet-Nika-1-285x300.jpg 285w\" sizes=\"(max-width: 508px) 100vw, 508px\" \/><\/a><\/p>\n<p><strong>Pik\u00ebpamjet e shprehura n\u00eb faqen \u201cOPINIONE\u201d nuk p\u00ebrfaq\u00ebsojn\u00eb domosdoshm\u00ebrisht politik\u00ebn redaksionale t\u00eb \u201eLajmeve nga Ulqini\u201e<\/strong><\/p>\n","protected":false},"excerpt":{"rendered":"<p>Shkruan \u00a0Muhamet Nika Tash dy her\u00eb brenda disa dit\u00ebve, policia po vjen p\u00ebr t\u00eb m\u00eb shoq\u00ebruar te gjykat\u00ebsi p\u00ebr kund\u00ebrvajtje \u00a0i cili , si\u00e7 po m\u00eb thuhet , paska l\u00ebshuar nj\u00eb urdh\u00ebr arresti, pasi nuk kam shlyer nj\u00eb d\u00ebnim prej 300 eurosh + 50 e. d\u00ebnim p\u00ebr shpenzimet\u00a0 gjyq\u00ebsore. D\u00ebnimi u shqiptua , nga ai, [&hellip;]<\/p>\n","protected":false},"author":1,"featured_media":0,"comment_status":"closed","ping_status":"closed","sticky":false,"template":"","format":"standard","meta":{"spay_email":"","jetpack_publicize_message":"","jetpack_is_tweetstorm":false,"jetpack_publicize_feature_enabled":true},"categories":[14249],"tags":[],"jetpack_publicize_connections":[],"yoast_head":"<!-- This site is optimized with the Yoast SEO plugin v19.1 - https:\/\/yoast.com\/wordpress\/plugins\/seo\/ -->\n<title>Nika: Jam n\u00eb pritje t\u00eb arrestit.... ?! - Lajme nga Ulqini<\/title>\n<meta name=\"description\" content=\"Shkruan \u00a0Muhamet Nika Tash dy her\u00eb brenda disa dit\u00ebve, policia po vjen p\u00ebr t\u00eb m\u00eb shoq\u00ebruar te gjykat\u00ebsi p\u00ebr kund\u00ebrvajtje \u00a0i cili , si\u00e7 po m\u00eb thuhet ,\" \/>\n<meta name=\"robots\" content=\"index, follow, max-snippet:-1, max-image-preview:large, max-video-preview:-1\" \/>\n<link rel=\"canonical\" href=\"https:\/\/www.visit-ulcinj.com\/blog\/2016\/08\/04\/nika-jam-ne-pritje-te-arrestit\/\" \/>\n<meta property=\"og:locale\" content=\"en_US\" \/>\n<meta property=\"og:type\" content=\"article\" \/>\n<meta property=\"og:title\" content=\"Nika: Jam n\u00eb pritje t\u00eb arrestit.... ?! - Lajme nga Ulqini\" \/>\n<meta property=\"og:description\" content=\"Shkruan \u00a0Muhamet Nika Tash dy her\u00eb brenda disa dit\u00ebve, policia po vjen p\u00ebr t\u00eb m\u00eb shoq\u00ebruar te gjykat\u00ebsi p\u00ebr kund\u00ebrvajtje \u00a0i cili , si\u00e7 po m\u00eb thuhet ,\" \/>\n<meta property=\"og:url\" content=\"https:\/\/www.visit-ulcinj.com\/blog\/2016\/08\/04\/nika-jam-ne-pritje-te-arrestit\/\" \/>\n<meta property=\"og:site_name\" content=\"Lajme nga Ulqini\" \/>\n<meta property=\"article:published_time\" content=\"2016-08-04T05:12:51+00:00\" \/>\n<meta property=\"article:modified_time\" content=\"2016-08-04T11:30:47+00:00\" \/>\n<meta property=\"og:image\" content=\"http:\/\/www.visit-ulcinj.com\/blog\/wp-content\/uploads\/2014\/11\/Muhamet-Nika.jpg\" \/>\n<meta name=\"twitter:label1\" content=\"Written by\" \/>\n\t<meta name=\"twitter:data1\" content=\"ulqini\" \/>\n\t<meta name=\"twitter:label2\" content=\"Est. reading time\" \/>\n\t<meta name=\"twitter:data2\" content=\"4 minutes\" \/>\n<script type=\"application\/ld+json\" class=\"yoast-schema-graph\">{\"@context\":\"https:\/\/schema.org\",\"@graph\":[{\"@type\":\"WebSite\",\"@id\":\"https:\/\/www.visit-ulcinj.com\/blog\/#website\",\"url\":\"https:\/\/www.visit-ulcinj.com\/blog\/\",\"name\":\"Lajme nga Ulqini\",\"description\":\"Lajme,Vijesti,Ulqini,Ulqin,Crna Gora,Mali i Zi\",\"potentialAction\":[{\"@type\":\"SearchAction\",\"target\":{\"@type\":\"EntryPoint\",\"urlTemplate\":\"https:\/\/www.visit-ulcinj.com\/blog\/?s={search_term_string}\"},\"query-input\":\"required name=search_term_string\"}],\"inLanguage\":\"en-US\"},{\"@type\":\"ImageObject\",\"inLanguage\":\"en-US\",\"@id\":\"https:\/\/www.visit-ulcinj.com\/blog\/2016\/08\/04\/nika-jam-ne-pritje-te-arrestit\/#primaryimage\",\"url\":\"https:\/\/www.visit-ulcinj.com\/blog\/wp-content\/uploads\/2014\/11\/Muhamet-Nika.jpg\",\"contentUrl\":\"https:\/\/www.visit-ulcinj.com\/blog\/wp-content\/uploads\/2014\/11\/Muhamet-Nika.jpg\",\"width\":256,\"height\":319},{\"@type\":\"WebPage\",\"@id\":\"https:\/\/www.visit-ulcinj.com\/blog\/2016\/08\/04\/nika-jam-ne-pritje-te-arrestit\/#webpage\",\"url\":\"https:\/\/www.visit-ulcinj.com\/blog\/2016\/08\/04\/nika-jam-ne-pritje-te-arrestit\/\",\"name\":\"Nika: Jam n\u00eb pritje t\u00eb arrestit.... ?! - Lajme nga Ulqini\",\"isPartOf\":{\"@id\":\"https:\/\/www.visit-ulcinj.com\/blog\/#website\"},\"primaryImageOfPage\":{\"@id\":\"https:\/\/www.visit-ulcinj.com\/blog\/2016\/08\/04\/nika-jam-ne-pritje-te-arrestit\/#primaryimage\"},\"datePublished\":\"2016-08-04T05:12:51+00:00\",\"dateModified\":\"2016-08-04T11:30:47+00:00\",\"author\":{\"@id\":\"https:\/\/www.visit-ulcinj.com\/blog\/#\/schema\/person\/dcab619c614d3038751c63bc2aadc06d\"},\"description\":\"Shkruan \u00a0Muhamet Nika Tash dy her\u00eb brenda disa dit\u00ebve, policia po vjen p\u00ebr t\u00eb m\u00eb shoq\u00ebruar te gjykat\u00ebsi p\u00ebr kund\u00ebrvajtje \u00a0i cili , si\u00e7 po m\u00eb thuhet ,\",\"breadcrumb\":{\"@id\":\"https:\/\/www.visit-ulcinj.com\/blog\/2016\/08\/04\/nika-jam-ne-pritje-te-arrestit\/#breadcrumb\"},\"inLanguage\":\"en-US\",\"potentialAction\":[{\"@type\":\"ReadAction\",\"target\":[\"https:\/\/www.visit-ulcinj.com\/blog\/2016\/08\/04\/nika-jam-ne-pritje-te-arrestit\/\"]}]},{\"@type\":\"BreadcrumbList\",\"@id\":\"https:\/\/www.visit-ulcinj.com\/blog\/2016\/08\/04\/nika-jam-ne-pritje-te-arrestit\/#breadcrumb\",\"itemListElement\":[{\"@type\":\"ListItem\",\"position\":1,\"name\":\"Nika: Jam n\u00eb pritje t\u00eb arrestit&#8230;. ?!\"}]},{\"@type\":\"Person\",\"@id\":\"https:\/\/www.visit-ulcinj.com\/blog\/#\/schema\/person\/dcab619c614d3038751c63bc2aadc06d\",\"name\":\"ulqini\",\"sameAs\":[\"http:\/\/www.visit-ulcinj.com\"],\"url\":\"https:\/\/www.visit-ulcinj.com\/blog\/author\/admin\/\"}]}<\/script>\n<!-- \/ Yoast SEO plugin. -->","yoast_head_json":{"title":"Nika: Jam n\u00eb pritje t\u00eb arrestit.... ?! - Lajme nga Ulqini","description":"Shkruan \u00a0Muhamet Nika Tash dy her\u00eb brenda disa dit\u00ebve, policia po vjen p\u00ebr t\u00eb m\u00eb shoq\u00ebruar te gjykat\u00ebsi p\u00ebr kund\u00ebrvajtje \u00a0i cili , si\u00e7 po m\u00eb thuhet ,","robots":{"index":"index","follow":"follow","max-snippet":"max-snippet:-1","max-image-preview":"max-image-preview:large","max-video-preview":"max-video-preview:-1"},"canonical":"https:\/\/www.visit-ulcinj.com\/blog\/2016\/08\/04\/nika-jam-ne-pritje-te-arrestit\/","og_locale":"en_US","og_type":"article","og_title":"Nika: Jam n\u00eb pritje t\u00eb arrestit.... ?! - Lajme nga Ulqini","og_description":"Shkruan \u00a0Muhamet Nika Tash dy her\u00eb brenda disa dit\u00ebve, policia po vjen p\u00ebr t\u00eb m\u00eb shoq\u00ebruar te gjykat\u00ebsi p\u00ebr kund\u00ebrvajtje \u00a0i cili , si\u00e7 po m\u00eb thuhet ,","og_url":"https:\/\/www.visit-ulcinj.com\/blog\/2016\/08\/04\/nika-jam-ne-pritje-te-arrestit\/","og_site_name":"Lajme nga Ulqini","article_published_time":"2016-08-04T05:12:51+00:00","article_modified_time":"2016-08-04T11:30:47+00:00","og_image":[{"url":"http:\/\/www.visit-ulcinj.com\/blog\/wp-content\/uploads\/2014\/11\/Muhamet-Nika.jpg"}],"twitter_misc":{"Written by":"ulqini","Est. reading time":"4 minutes"},"schema":{"@context":"https:\/\/schema.org","@graph":[{"@type":"WebSite","@id":"https:\/\/www.visit-ulcinj.com\/blog\/#website","url":"https:\/\/www.visit-ulcinj.com\/blog\/","name":"Lajme nga Ulqini","description":"Lajme,Vijesti,Ulqini,Ulqin,Crna Gora,Mali i Zi","potentialAction":[{"@type":"SearchAction","target":{"@type":"EntryPoint","urlTemplate":"https:\/\/www.visit-ulcinj.com\/blog\/?s={search_term_string}"},"query-input":"required name=search_term_string"}],"inLanguage":"en-US"},{"@type":"ImageObject","inLanguage":"en-US","@id":"https:\/\/www.visit-ulcinj.com\/blog\/2016\/08\/04\/nika-jam-ne-pritje-te-arrestit\/#primaryimage","url":"https:\/\/www.visit-ulcinj.com\/blog\/wp-content\/uploads\/2014\/11\/Muhamet-Nika.jpg","contentUrl":"https:\/\/www.visit-ulcinj.com\/blog\/wp-content\/uploads\/2014\/11\/Muhamet-Nika.jpg","width":256,"height":319},{"@type":"WebPage","@id":"https:\/\/www.visit-ulcinj.com\/blog\/2016\/08\/04\/nika-jam-ne-pritje-te-arrestit\/#webpage","url":"https:\/\/www.visit-ulcinj.com\/blog\/2016\/08\/04\/nika-jam-ne-pritje-te-arrestit\/","name":"Nika: Jam n\u00eb pritje t\u00eb arrestit.... ?! - Lajme nga Ulqini","isPartOf":{"@id":"https:\/\/www.visit-ulcinj.com\/blog\/#website"},"primaryImageOfPage":{"@id":"https:\/\/www.visit-ulcinj.com\/blog\/2016\/08\/04\/nika-jam-ne-pritje-te-arrestit\/#primaryimage"},"datePublished":"2016-08-04T05:12:51+00:00","dateModified":"2016-08-04T11:30:47+00:00","author":{"@id":"https:\/\/www.visit-ulcinj.com\/blog\/#\/schema\/person\/dcab619c614d3038751c63bc2aadc06d"},"description":"Shkruan \u00a0Muhamet Nika Tash dy her\u00eb brenda disa dit\u00ebve, policia po vjen p\u00ebr t\u00eb m\u00eb shoq\u00ebruar te gjykat\u00ebsi p\u00ebr kund\u00ebrvajtje \u00a0i cili , si\u00e7 po m\u00eb thuhet ,","breadcrumb":{"@id":"https:\/\/www.visit-ulcinj.com\/blog\/2016\/08\/04\/nika-jam-ne-pritje-te-arrestit\/#breadcrumb"},"inLanguage":"en-US","potentialAction":[{"@type":"ReadAction","target":["https:\/\/www.visit-ulcinj.com\/blog\/2016\/08\/04\/nika-jam-ne-pritje-te-arrestit\/"]}]},{"@type":"BreadcrumbList","@id":"https:\/\/www.visit-ulcinj.com\/blog\/2016\/08\/04\/nika-jam-ne-pritje-te-arrestit\/#breadcrumb","itemListElement":[{"@type":"ListItem","position":1,"name":"Nika: Jam n\u00eb pritje t\u00eb arrestit&#8230;. ?!"}]},{"@type":"Person","@id":"https:\/\/www.visit-ulcinj.com\/blog\/#\/schema\/person\/dcab619c614d3038751c63bc2aadc06d","name":"ulqini","sameAs":["http:\/\/www.visit-ulcinj.com"],"url":"https:\/\/www.visit-ulcinj.com\/blog\/author\/admin\/"}]}},"jetpack_featured_media_url":"","jetpack_sharing_enabled":true,"jetpack_shortlink":"https:\/\/wp.me\/pe6lTn-pIU","_links":{"self":[{"href":"https:\/\/www.visit-ulcinj.com\/blog\/wp-json\/wp\/v2\/posts\/98884"}],"collection":[{"href":"https:\/\/www.visit-ulcinj.com\/blog\/wp-json\/wp\/v2\/posts"}],"about":[{"href":"https:\/\/www.visit-ulcinj.com\/blog\/wp-json\/wp\/v2\/types\/post"}],"author":[{"embeddable":true,"href":"https:\/\/www.visit-ulcinj.com\/blog\/wp-json\/wp\/v2\/users\/1"}],"replies":[{"embeddable":true,"href":"https:\/\/www.visit-ulcinj.com\/blog\/wp-json\/wp\/v2\/comments?post=98884"}],"version-history":[{"count":3,"href":"https:\/\/www.visit-ulcinj.com\/blog\/wp-json\/wp\/v2\/posts\/98884\/revisions"}],"predecessor-version":[{"id":98889,"href":"https:\/\/www.visit-ulcinj.com\/blog\/wp-json\/wp\/v2\/posts\/98884\/revisions\/98889"}],"wp:attachment":[{"href":"https:\/\/www.visit-ulcinj.com\/blog\/wp-json\/wp\/v2\/media?parent=98884"}],"wp:term":[{"taxonomy":"category","embeddable":true,"href":"https:\/\/www.visit-ulcinj.com\/blog\/wp-json\/wp\/v2\/categories?post=98884"},{"taxonomy":"post_tag","embeddable":true,"href":"https:\/\/www.visit-ulcinj.com\/blog\/wp-json\/wp\/v2\/tags?post=98884"}],"curies":[{"name":"wp","href":"https:\/\/api.w.org\/{rel}","templated":true}]}}