{"id":98890,"date":"2016-08-04T12:35:59","date_gmt":"2016-08-04T11:35:59","guid":{"rendered":"http:\/\/www.visit-ulcinj.com\/blog\/?p=98890"},"modified":"2016-08-04T12:35:59","modified_gmt":"2016-08-04T11:35:59","slug":"kryetari-cungu-pershendet-pjesemarresit-e-takimit-per-seminar-ne-shkoder","status":"publish","type":"post","link":"https:\/\/www.visit-ulcinj.com\/blog\/2016\/08\/04\/kryetari-cungu-pershendet-pjesemarresit-e-takimit-per-seminar-ne-shkoder\/","title":{"rendered":"Kryetari Cungu persh\u00ebndet pjes\u00ebmarr\u00ebsit e takimit p\u00ebr seminar n\u00eb Shkod\u00ebr"},"content":{"rendered":"<p><strong><a href=\"http:\/\/www.visit-ulcinj.com\/blog\/wp-content\/uploads\/2016\/08\/N\u00eb-Shkoder-fillon-Seminari-p\u00ebr-m\u00ebsim-plot\u00ebsues-t\u00eb-gjuh\u00ebs-shqipe-3.jpg\"><img loading=\"lazy\" class=\"alignleft wp-image-98840\" src=\"http:\/\/www.visit-ulcinj.com\/blog\/wp-content\/uploads\/2016\/08\/N\u00eb-Shkoder-fillon-Seminari-p\u00ebr-m\u00ebsim-plot\u00ebsues-t\u00eb-gjuh\u00ebs-shqipe-3.jpg\" alt=\"N\u00eb Shkoder fillon Seminari p\u00ebr m\u00ebsim plot\u00ebsues t\u00eb gjuh\u00ebs shqipe-3\" width=\"508\" height=\"381\" srcset=\"https:\/\/www.visit-ulcinj.com\/blog\/wp-content\/uploads\/2016\/08\/N\u00eb-Shkoder-fillon-Seminari-p\u00ebr-m\u00ebsim-plot\u00ebsues-t\u00eb-gjuh\u00ebs-shqipe-3.jpg 664w, https:\/\/www.visit-ulcinj.com\/blog\/wp-content\/uploads\/2016\/08\/N\u00eb-Shkoder-fillon-Seminari-p\u00ebr-m\u00ebsim-plot\u00ebsues-t\u00eb-gjuh\u00ebs-shqipe-3-300x225.jpg 300w\" sizes=\"(max-width: 508px) 100vw, 508px\" \/><\/a>N\u00eb Shkod\u00ebr po mbahet Seminari mbar\u00ebkomb\u00ebtar\u00eb p\u00ebr m\u00ebsimdh\u00ebn\u00ebsit e Gjuh\u00ebs shqipe n\u00eb diaspor\u00eb<\/strong><\/p>\n<p><strong>Kryetari Cungu persh\u00ebndet pjes\u00ebmarr\u00ebsit e takimit <\/strong><\/p>\n<p>Ministria e Arsimit, Shkenc\u00ebs dhe Teknologjis\u00eb (MASHT) e Kosov\u00ebs, n\u00eb bashk\u00ebpunim me Ministrin\u00eb e Arsimit dhe\u00a0 Sportit (MAS) t\u00eb Shqip\u00ebris\u00eb,\u00a0 organizoi\u00a0 seminarin XII mbar\u00ebkomb\u00ebtar p\u00ebr m\u00ebsimin plot\u00ebsues t\u00eb gjuh\u00ebs shqipe n\u00eb diaspor\u00eb \u201cShkodra 2016\u201d.<\/p>\n<p>N\u00eb seminar marrin pjes\u00eb ligj\u00ebrues shqiptar\u00eb, punonj\u00ebs shkencor\u00eb, specialist\u00eb dhe ekspert\u00eb t\u00eb arsimit, titullar\u00eb dhe zyrtar\u00eb shteti, si dhe nj\u00eb ligj\u00ebrues i huaj nga qarqet p\u00ebrkat\u00ebse profesionale t\u00eb ndonj\u00ebrit prej shteteve ku zhvillohet m\u00ebsimi shqip.<\/p>\n<p>Pjes\u00ebmarr\u00ebsit e seminarit\u00a0 I p\u00ebrsh\u00ebndet\u00ebn\u00a0 Ministri i Arsimit, Shkenc\u00ebs dhe Teknologjis\u00eb t\u00eb Republik\u00ebs s\u00eb Kosov\u00ebs Prof.Dr. Arsim Bajrami, kryetarja e Bashkis\u00eb s\u00eb Shkodr\u00ebs znj. Voltana Ademi\u00a0 kryetari i Komun\u00ebs s\u00eb Ulqinit z. Nazif Cungu dhe Kryetari I KkSh Genci Nimanbegu. Seminari I cili ka tubuar mbi 130 mesimdhenes te gjuhes shqipe ne diaspore perfundon punimet\u00a0 me kater gusht.<\/p>\n<p><a href=\"http:\/\/www.visit-ulcinj.com\/blog\/wp-content\/uploads\/2016\/08\/N\u00eb-Shkoder-fillon-Seminari-p\u00ebr-m\u00ebsim-plot\u00ebsues-t\u00eb-gjuh\u00ebs-shqipe-2.jpg\"><img loading=\"lazy\" class=\"alignleft wp-image-98839\" src=\"http:\/\/www.visit-ulcinj.com\/blog\/wp-content\/uploads\/2016\/08\/N\u00eb-Shkoder-fillon-Seminari-p\u00ebr-m\u00ebsim-plot\u00ebsues-t\u00eb-gjuh\u00ebs-shqipe-2.jpg\" alt=\"N\u00eb Shkoder fillon Seminari p\u00ebr m\u00ebsim plot\u00ebsues t\u00eb gjuh\u00ebs shqipe-2\" width=\"508\" height=\"381\" srcset=\"https:\/\/www.visit-ulcinj.com\/blog\/wp-content\/uploads\/2016\/08\/N\u00eb-Shkoder-fillon-Seminari-p\u00ebr-m\u00ebsim-plot\u00ebsues-t\u00eb-gjuh\u00ebs-shqipe-2.jpg 664w, https:\/\/www.visit-ulcinj.com\/blog\/wp-content\/uploads\/2016\/08\/N\u00eb-Shkoder-fillon-Seminari-p\u00ebr-m\u00ebsim-plot\u00ebsues-t\u00eb-gjuh\u00ebs-shqipe-2-300x225.jpg 300w\" sizes=\"(max-width: 508px) 100vw, 508px\" \/><\/a><\/p>\n","protected":false},"excerpt":{"rendered":"<p>N\u00eb Shkod\u00ebr po mbahet Seminari mbar\u00ebkomb\u00ebtar\u00eb p\u00ebr m\u00ebsimdh\u00ebn\u00ebsit e Gjuh\u00ebs shqipe n\u00eb diaspor\u00eb Kryetari Cungu persh\u00ebndet pjes\u00ebmarr\u00ebsit e takimit Ministria e Arsimit, Shkenc\u00ebs dhe Teknologjis\u00eb (MASHT) e Kosov\u00ebs, n\u00eb bashk\u00ebpunim me Ministrin\u00eb e Arsimit dhe\u00a0 Sportit (MAS) t\u00eb Shqip\u00ebris\u00eb,\u00a0 organizoi\u00a0 seminarin XII mbar\u00ebkomb\u00ebtar p\u00ebr m\u00ebsimin plot\u00ebsues t\u00eb gjuh\u00ebs shqipe n\u00eb diaspor\u00eb \u201cShkodra 2016\u201d. N\u00eb seminar [&hellip;]<\/p>\n","protected":false},"author":1,"featured_media":0,"comment_status":"closed","ping_status":"closed","sticky":false,"template":"","format":"standard","meta":{"spay_email":"","jetpack_publicize_message":"","jetpack_is_tweetstorm":false,"jetpack_publicize_feature_enabled":true},"categories":[6950],"tags":[],"jetpack_publicize_connections":[],"yoast_head":"<!-- This site is optimized with the Yoast SEO plugin v19.1 - https:\/\/yoast.com\/wordpress\/plugins\/seo\/ -->\n<title>Kryetari Cungu persh\u00ebndet pjes\u00ebmarr\u00ebsit e takimit p\u00ebr seminar n\u00eb Shkod\u00ebr - Lajme nga Ulqini<\/title>\n<meta name=\"description\" content=\"N\u00eb Shkod\u00ebr po mbahet Seminari mbar\u00ebkomb\u00ebtar\u00eb p\u00ebr m\u00ebsimdh\u00ebn\u00ebsit e Gjuh\u00ebs shqipe n\u00eb diaspor\u00eb Kryetari Cungu persh\u00ebndet pjes\u00ebmarr\u00ebsit e takimit Ministria e\" \/>\n<meta name=\"robots\" content=\"index, follow, max-snippet:-1, max-image-preview:large, max-video-preview:-1\" \/>\n<link rel=\"canonical\" href=\"https:\/\/www.visit-ulcinj.com\/blog\/2016\/08\/04\/kryetari-cungu-pershendet-pjesemarresit-e-takimit-per-seminar-ne-shkoder\/\" \/>\n<meta property=\"og:locale\" content=\"en_US\" \/>\n<meta property=\"og:type\" content=\"article\" \/>\n<meta property=\"og:title\" content=\"Kryetari Cungu persh\u00ebndet pjes\u00ebmarr\u00ebsit e takimit p\u00ebr seminar n\u00eb Shkod\u00ebr - Lajme nga Ulqini\" \/>\n<meta property=\"og:description\" content=\"N\u00eb Shkod\u00ebr po mbahet Seminari mbar\u00ebkomb\u00ebtar\u00eb p\u00ebr m\u00ebsimdh\u00ebn\u00ebsit e Gjuh\u00ebs shqipe n\u00eb diaspor\u00eb Kryetari Cungu persh\u00ebndet pjes\u00ebmarr\u00ebsit e takimit Ministria e\" \/>\n<meta property=\"og:url\" content=\"https:\/\/www.visit-ulcinj.com\/blog\/2016\/08\/04\/kryetari-cungu-pershendet-pjesemarresit-e-takimit-per-seminar-ne-shkoder\/\" \/>\n<meta property=\"og:site_name\" content=\"Lajme nga Ulqini\" \/>\n<meta property=\"article:published_time\" content=\"2016-08-04T11:35:59+00:00\" \/>\n<meta name=\"twitter:label1\" content=\"Written by\" \/>\n\t<meta name=\"twitter:data1\" content=\"ulqini\" \/>\n\t<meta name=\"twitter:label2\" content=\"Est. reading time\" \/>\n\t<meta name=\"twitter:data2\" content=\"1 minute\" \/>\n<script type=\"application\/ld+json\" class=\"yoast-schema-graph\">{\"@context\":\"https:\/\/schema.org\",\"@graph\":[{\"@type\":\"WebSite\",\"@id\":\"https:\/\/www.visit-ulcinj.com\/blog\/#website\",\"url\":\"https:\/\/www.visit-ulcinj.com\/blog\/\",\"name\":\"Lajme nga Ulqini\",\"description\":\"Lajme,Vijesti,Ulqini,Ulqin,Crna Gora,Mali i Zi\",\"potentialAction\":[{\"@type\":\"SearchAction\",\"target\":{\"@type\":\"EntryPoint\",\"urlTemplate\":\"https:\/\/www.visit-ulcinj.com\/blog\/?s={search_term_string}\"},\"query-input\":\"required name=search_term_string\"}],\"inLanguage\":\"en-US\"},{\"@type\":\"WebPage\",\"@id\":\"https:\/\/www.visit-ulcinj.com\/blog\/2016\/08\/04\/kryetari-cungu-pershendet-pjesemarresit-e-takimit-per-seminar-ne-shkoder\/#webpage\",\"url\":\"https:\/\/www.visit-ulcinj.com\/blog\/2016\/08\/04\/kryetari-cungu-pershendet-pjesemarresit-e-takimit-per-seminar-ne-shkoder\/\",\"name\":\"Kryetari Cungu persh\u00ebndet pjes\u00ebmarr\u00ebsit e takimit p\u00ebr seminar n\u00eb Shkod\u00ebr - Lajme nga Ulqini\",\"isPartOf\":{\"@id\":\"https:\/\/www.visit-ulcinj.com\/blog\/#website\"},\"datePublished\":\"2016-08-04T11:35:59+00:00\",\"dateModified\":\"2016-08-04T11:35:59+00:00\",\"author\":{\"@id\":\"https:\/\/www.visit-ulcinj.com\/blog\/#\/schema\/person\/dcab619c614d3038751c63bc2aadc06d\"},\"description\":\"N\u00eb Shkod\u00ebr po mbahet Seminari mbar\u00ebkomb\u00ebtar\u00eb p\u00ebr m\u00ebsimdh\u00ebn\u00ebsit e Gjuh\u00ebs shqipe n\u00eb diaspor\u00eb Kryetari Cungu persh\u00ebndet pjes\u00ebmarr\u00ebsit e takimit Ministria e\",\"breadcrumb\":{\"@id\":\"https:\/\/www.visit-ulcinj.com\/blog\/2016\/08\/04\/kryetari-cungu-pershendet-pjesemarresit-e-takimit-per-seminar-ne-shkoder\/#breadcrumb\"},\"inLanguage\":\"en-US\",\"potentialAction\":[{\"@type\":\"ReadAction\",\"target\":[\"https:\/\/www.visit-ulcinj.com\/blog\/2016\/08\/04\/kryetari-cungu-pershendet-pjesemarresit-e-takimit-per-seminar-ne-shkoder\/\"]}]},{\"@type\":\"BreadcrumbList\",\"@id\":\"https:\/\/www.visit-ulcinj.com\/blog\/2016\/08\/04\/kryetari-cungu-pershendet-pjesemarresit-e-takimit-per-seminar-ne-shkoder\/#breadcrumb\",\"itemListElement\":[{\"@type\":\"ListItem\",\"position\":1,\"name\":\"Kryetari Cungu persh\u00ebndet pjes\u00ebmarr\u00ebsit e takimit p\u00ebr seminar n\u00eb Shkod\u00ebr\"}]},{\"@type\":\"Person\",\"@id\":\"https:\/\/www.visit-ulcinj.com\/blog\/#\/schema\/person\/dcab619c614d3038751c63bc2aadc06d\",\"name\":\"ulqini\",\"sameAs\":[\"http:\/\/www.visit-ulcinj.com\"],\"url\":\"https:\/\/www.visit-ulcinj.com\/blog\/author\/admin\/\"}]}<\/script>\n<!-- \/ Yoast SEO plugin. -->","yoast_head_json":{"title":"Kryetari Cungu persh\u00ebndet pjes\u00ebmarr\u00ebsit e takimit p\u00ebr seminar n\u00eb Shkod\u00ebr - Lajme nga Ulqini","description":"N\u00eb Shkod\u00ebr po mbahet Seminari mbar\u00ebkomb\u00ebtar\u00eb p\u00ebr m\u00ebsimdh\u00ebn\u00ebsit e Gjuh\u00ebs shqipe n\u00eb diaspor\u00eb Kryetari Cungu persh\u00ebndet pjes\u00ebmarr\u00ebsit e takimit Ministria e","robots":{"index":"index","follow":"follow","max-snippet":"max-snippet:-1","max-image-preview":"max-image-preview:large","max-video-preview":"max-video-preview:-1"},"canonical":"https:\/\/www.visit-ulcinj.com\/blog\/2016\/08\/04\/kryetari-cungu-pershendet-pjesemarresit-e-takimit-per-seminar-ne-shkoder\/","og_locale":"en_US","og_type":"article","og_title":"Kryetari Cungu persh\u00ebndet pjes\u00ebmarr\u00ebsit e takimit p\u00ebr seminar n\u00eb Shkod\u00ebr - Lajme nga Ulqini","og_description":"N\u00eb Shkod\u00ebr po mbahet Seminari mbar\u00ebkomb\u00ebtar\u00eb p\u00ebr m\u00ebsimdh\u00ebn\u00ebsit e Gjuh\u00ebs shqipe n\u00eb diaspor\u00eb Kryetari Cungu persh\u00ebndet pjes\u00ebmarr\u00ebsit e takimit Ministria e","og_url":"https:\/\/www.visit-ulcinj.com\/blog\/2016\/08\/04\/kryetari-cungu-pershendet-pjesemarresit-e-takimit-per-seminar-ne-shkoder\/","og_site_name":"Lajme nga Ulqini","article_published_time":"2016-08-04T11:35:59+00:00","twitter_misc":{"Written by":"ulqini","Est. reading time":"1 minute"},"schema":{"@context":"https:\/\/schema.org","@graph":[{"@type":"WebSite","@id":"https:\/\/www.visit-ulcinj.com\/blog\/#website","url":"https:\/\/www.visit-ulcinj.com\/blog\/","name":"Lajme nga Ulqini","description":"Lajme,Vijesti,Ulqini,Ulqin,Crna Gora,Mali i Zi","potentialAction":[{"@type":"SearchAction","target":{"@type":"EntryPoint","urlTemplate":"https:\/\/www.visit-ulcinj.com\/blog\/?s={search_term_string}"},"query-input":"required name=search_term_string"}],"inLanguage":"en-US"},{"@type":"WebPage","@id":"https:\/\/www.visit-ulcinj.com\/blog\/2016\/08\/04\/kryetari-cungu-pershendet-pjesemarresit-e-takimit-per-seminar-ne-shkoder\/#webpage","url":"https:\/\/www.visit-ulcinj.com\/blog\/2016\/08\/04\/kryetari-cungu-pershendet-pjesemarresit-e-takimit-per-seminar-ne-shkoder\/","name":"Kryetari Cungu persh\u00ebndet pjes\u00ebmarr\u00ebsit e takimit p\u00ebr seminar n\u00eb Shkod\u00ebr - Lajme nga Ulqini","isPartOf":{"@id":"https:\/\/www.visit-ulcinj.com\/blog\/#website"},"datePublished":"2016-08-04T11:35:59+00:00","dateModified":"2016-08-04T11:35:59+00:00","author":{"@id":"https:\/\/www.visit-ulcinj.com\/blog\/#\/schema\/person\/dcab619c614d3038751c63bc2aadc06d"},"description":"N\u00eb Shkod\u00ebr po mbahet Seminari mbar\u00ebkomb\u00ebtar\u00eb p\u00ebr m\u00ebsimdh\u00ebn\u00ebsit e Gjuh\u00ebs shqipe n\u00eb diaspor\u00eb Kryetari Cungu persh\u00ebndet pjes\u00ebmarr\u00ebsit e takimit Ministria e","breadcrumb":{"@id":"https:\/\/www.visit-ulcinj.com\/blog\/2016\/08\/04\/kryetari-cungu-pershendet-pjesemarresit-e-takimit-per-seminar-ne-shkoder\/#breadcrumb"},"inLanguage":"en-US","potentialAction":[{"@type":"ReadAction","target":["https:\/\/www.visit-ulcinj.com\/blog\/2016\/08\/04\/kryetari-cungu-pershendet-pjesemarresit-e-takimit-per-seminar-ne-shkoder\/"]}]},{"@type":"BreadcrumbList","@id":"https:\/\/www.visit-ulcinj.com\/blog\/2016\/08\/04\/kryetari-cungu-pershendet-pjesemarresit-e-takimit-per-seminar-ne-shkoder\/#breadcrumb","itemListElement":[{"@type":"ListItem","position":1,"name":"Kryetari Cungu persh\u00ebndet pjes\u00ebmarr\u00ebsit e takimit p\u00ebr seminar n\u00eb Shkod\u00ebr"}]},{"@type":"Person","@id":"https:\/\/www.visit-ulcinj.com\/blog\/#\/schema\/person\/dcab619c614d3038751c63bc2aadc06d","name":"ulqini","sameAs":["http:\/\/www.visit-ulcinj.com"],"url":"https:\/\/www.visit-ulcinj.com\/blog\/author\/admin\/"}]}},"jetpack_featured_media_url":"","jetpack_sharing_enabled":true,"jetpack_shortlink":"https:\/\/wp.me\/pe6lTn-pJ0","_links":{"self":[{"href":"https:\/\/www.visit-ulcinj.com\/blog\/wp-json\/wp\/v2\/posts\/98890"}],"collection":[{"href":"https:\/\/www.visit-ulcinj.com\/blog\/wp-json\/wp\/v2\/posts"}],"about":[{"href":"https:\/\/www.visit-ulcinj.com\/blog\/wp-json\/wp\/v2\/types\/post"}],"author":[{"embeddable":true,"href":"https:\/\/www.visit-ulcinj.com\/blog\/wp-json\/wp\/v2\/users\/1"}],"replies":[{"embeddable":true,"href":"https:\/\/www.visit-ulcinj.com\/blog\/wp-json\/wp\/v2\/comments?post=98890"}],"version-history":[{"count":1,"href":"https:\/\/www.visit-ulcinj.com\/blog\/wp-json\/wp\/v2\/posts\/98890\/revisions"}],"predecessor-version":[{"id":98891,"href":"https:\/\/www.visit-ulcinj.com\/blog\/wp-json\/wp\/v2\/posts\/98890\/revisions\/98891"}],"wp:attachment":[{"href":"https:\/\/www.visit-ulcinj.com\/blog\/wp-json\/wp\/v2\/media?parent=98890"}],"wp:term":[{"taxonomy":"category","embeddable":true,"href":"https:\/\/www.visit-ulcinj.com\/blog\/wp-json\/wp\/v2\/categories?post=98890"},{"taxonomy":"post_tag","embeddable":true,"href":"https:\/\/www.visit-ulcinj.com\/blog\/wp-json\/wp\/v2\/tags?post=98890"}],"curies":[{"name":"wp","href":"https:\/\/api.w.org\/{rel}","templated":true}]}}