{"id":98892,"date":"2016-08-04T12:41:51","date_gmt":"2016-08-04T11:41:51","guid":{"rendered":"http:\/\/www.visit-ulcinj.com\/blog\/?p=98892"},"modified":"2016-08-04T12:41:51","modified_gmt":"2016-08-04T11:41:51","slug":"programi-skenes-verore-2016-program-ljetnje-scene-2016","status":"publish","type":"post","link":"https:\/\/www.visit-ulcinj.com\/blog\/2016\/08\/04\/programi-skenes-verore-2016-program-ljetnje-scene-2016\/","title":{"rendered":"Programi i Sken\u00ebs verore 2016 &#8211; Program Ljetnje scene 2016"},"content":{"rendered":"<p><a href=\"http:\/\/www.visit-ulcinj.com\/blog\/wp-content\/uploads\/2016\/07\/Skena-Verore-2016-Ulqin.jpg\"><img loading=\"lazy\" class=\"alignleft wp-image-98773\" src=\"http:\/\/www.visit-ulcinj.com\/blog\/wp-content\/uploads\/2016\/07\/Skena-Verore-2016-Ulqin.jpg\" alt=\"Skena Verore  2016-Ulqin\" width=\"508\" height=\"463\" srcset=\"https:\/\/www.visit-ulcinj.com\/blog\/wp-content\/uploads\/2016\/07\/Skena-Verore-2016-Ulqin.jpg 619w, https:\/\/www.visit-ulcinj.com\/blog\/wp-content\/uploads\/2016\/07\/Skena-Verore-2016-Ulqin-300x273.jpg 300w\" sizes=\"(max-width: 508px) 100vw, 508px\" \/><\/a>01.08.2016 Hapja Solemne \u2013 Sve\u010dano otvaranje<\/p>\n<p>Teatri Migjeni Shkoder, M.Gavran \u2013 DASHURIT\u00cb E XHORXH UASHINGTONIT, Regjia: S.Smaja \u2013 21.00h<\/p>\n<p>&nbsp;<\/p>\n<p>02.08.2016 &#8211; \u00a0Art Club, Kalimera Poetike, mysafire Flutur A\u00e7ka \u2013 21.00h<\/p>\n<p>&nbsp;<\/p>\n<p>03.08.2016 \u2013 Ekspozit\u00eb e Qazim Muj\u00ebs \u2013 21.00h<\/p>\n<p>Kalimera poetike, mysafire Ag Apolloni \u2013 21.30h<\/p>\n<p>&nbsp;<\/p>\n<p>04.08.2016 \u2013 Kalimera Poetike, mysafir \u00a0Enes Haliloviq \u2013 21.00h<\/p>\n<p>&nbsp;<\/p>\n<p>05.08.2016 \u2013 Muzik\u00eb serioze, Duo gitare: Prof.Elvis dhe Gjulijan Byty\u00e7i (Prizren) \u2013 21.30h<\/p>\n<p>&nbsp;<\/p>\n<p>06.08.2016 \u2013 Pozori\u0161te Prijepolje, Du\u0161an Jovanovi\u0107, KARAMAZOVI \u2013 21.00h<\/p>\n<p>&nbsp;<\/p>\n<p>07.08.2016 \u2013 Draft Teatar \u2013 Tuzla, \u0110E SAM JA TU JARANE, re\u017eija: Dragan Te\u0161i\u0107 \u2013 21.30h<\/p>\n<p>&nbsp;<\/p>\n<p>08.08.2016 \u2013 Teatri Podujev\u00eb, V.Havel, PROTESTA \u2013 21.00h<\/p>\n<p>&nbsp;<\/p>\n<p>09.08.2016 \u2013 Mbr\u00ebmje e muzik\u00ebs serioze Avni Krasniqi\u00a0 e grupi (Prishtin\u00eb) \u2013 21.00h<\/p>\n<p>&nbsp;<\/p>\n<p>10.08.2016 \u2013 Teatri Oda Prishtin\u00eb, Jems Johanson, AUDICIONI, regjia: Mentor Shala \u2013 22.00h<\/p>\n<p>&nbsp;<\/p>\n<p>11.08.2016 \u2013 Izlo\u017eba Majde Mucic \u2013 21.00h<\/p>\n<p>Pozori\u0161te Kola\u0161in, AVIONSPOTTING, re\u017eija: J Rakocevi\u0107 \u2013 21.30h<\/p>\n<p>&nbsp;<\/p>\n<p>12.08.2016 \u2013 CNP Podgorica, M.Sizgal, LJUBAF, Re\u017eija: Ferid Karajica \u2013 21.00h<\/p>\n<p>&nbsp;<\/p>\n<p>13.08.2016 \u2013 Autorsko ve\u010de, gost doajen CNP \u2013 Gojko Burzanovi\u0107 (Podgorica) \u2013 21.00h<\/p>\n<p>Pozori\u0161te \u0160areni suncokreti, Beograd, NA\u0160I \u0160ARENI SUNCOKRETI \u2013 22.00H<\/p>\n<p>&nbsp;<\/p>\n<p>14.08.2016 \u2013 ARS LONGA, Beograd, \u010cETIRI GODI\u0160NJA DOBA \u2013 21.00H<\/p>\n<p>&nbsp;<\/p>\n<p>15.08.2016 \u2013 Teatri nga Tirana, Viktor Ygo, KATEDRALJA E PARISIT, Regjia Sh.Bebeti<\/p>\n<p>&nbsp;<\/p>\n<p>16.08.2016 \u2013 Promovimi I librit te Dr.Gani Karamanages, RR\u00cbNJ\u00cbT \u2013 21.00H<\/p>\n<p>&nbsp;<\/p>\n<p>17.08.2016 \u2013 Teatri DODONA, Prishtin\u00eb, Philipe Cloudel, ME FOL P\u00cbR DASHURIN\u00cb,\u2013 21.00h<\/p>\n<p>&nbsp;<\/p>\n<p>18.08.2016 \u2013 Teatri nga Klina, V.Zhutaj, GJYSHI IM \u00cbSHT\u00cb KULLER, Regjia: A Gashi<\/p>\n<p>&nbsp;<\/p>\n<p>19.08.2016 \u2013 Teatri PASSION \u2013 Tirane, M\u00cb E V\u00cbRTET\u00cb SE E V\u00cbRTETA, Regjia: Gjergj Mena \u2013 21.00h<\/p>\n<p>&nbsp;<\/p>\n<p>20.08.2016 \u2013 Mbr\u00ebmje artistike me SHKA AGIMI, Prizren<\/p>\n<p>&nbsp;<\/p>\n<p>21.08.2016 \u2013 P\u00ebrurimi i librit t\u00eb Ismet Karamanages, ULQINI \u2013 Monumente, portrete, ngjarje \u2013 21.00h<\/p>\n<p>&nbsp;<\/p>\n<p>22.08.2016 \u2013 Muzik\u00eb serioze nga Tirana (R.Peku), mysafire Gj.Pelingu.<\/p>\n<p>&nbsp;<\/p>\n<p>Mir\u00eb se vini !!!<\/p>\n<p>Dobro do\u0161li !!!<\/p>\n<p>&nbsp;<\/p>\n","protected":false},"excerpt":{"rendered":"<p>01.08.2016 Hapja Solemne \u2013 Sve\u010dano otvaranje Teatri Migjeni Shkoder, M.Gavran \u2013 DASHURIT\u00cb E XHORXH UASHINGTONIT, Regjia: S.Smaja \u2013 21.00h &nbsp; 02.08.2016 &#8211; \u00a0Art Club, Kalimera Poetike, mysafire Flutur A\u00e7ka \u2013 21.00h &nbsp; 03.08.2016 \u2013 Ekspozit\u00eb e Qazim Muj\u00ebs \u2013 21.00h Kalimera poetike, mysafire Ag Apolloni \u2013 21.30h &nbsp; 04.08.2016 \u2013 Kalimera Poetike, mysafir \u00a0Enes Haliloviq [&hellip;]<\/p>\n","protected":false},"author":1,"featured_media":0,"comment_status":"closed","ping_status":"closed","sticky":false,"template":"","format":"standard","meta":{"spay_email":"","jetpack_publicize_message":"","jetpack_is_tweetstorm":false,"jetpack_publicize_feature_enabled":true},"categories":[6950],"tags":[],"jetpack_publicize_connections":[],"yoast_head":"<!-- This site is optimized with the Yoast SEO plugin v19.1 - https:\/\/yoast.com\/wordpress\/plugins\/seo\/ -->\n<title>Programi i Sken\u00ebs verore 2016 - Program Ljetnje scene 2016 - Lajme nga Ulqini<\/title>\n<meta name=\"description\" content=\"01.08.2016 Hapja Solemne \u2013 Sve\u010dano otvaranje Teatri Migjeni Shkoder, M.Gavran \u2013 DASHURIT\u00cb E XHORXH UASHINGTONIT, Regjia: S.Smaja \u2013 21.00h &nbsp;\" \/>\n<meta name=\"robots\" content=\"index, follow, max-snippet:-1, max-image-preview:large, max-video-preview:-1\" \/>\n<link rel=\"canonical\" href=\"https:\/\/www.visit-ulcinj.com\/blog\/2016\/08\/04\/programi-skenes-verore-2016-program-ljetnje-scene-2016\/\" \/>\n<meta property=\"og:locale\" content=\"en_US\" \/>\n<meta property=\"og:type\" content=\"article\" \/>\n<meta property=\"og:title\" content=\"Programi i Sken\u00ebs verore 2016 - Program Ljetnje scene 2016 - Lajme nga Ulqini\" \/>\n<meta property=\"og:description\" content=\"01.08.2016 Hapja Solemne \u2013 Sve\u010dano otvaranje Teatri Migjeni Shkoder, M.Gavran \u2013 DASHURIT\u00cb E XHORXH UASHINGTONIT, Regjia: S.Smaja \u2013 21.00h &nbsp;\" \/>\n<meta property=\"og:url\" content=\"https:\/\/www.visit-ulcinj.com\/blog\/2016\/08\/04\/programi-skenes-verore-2016-program-ljetnje-scene-2016\/\" \/>\n<meta property=\"og:site_name\" content=\"Lajme nga Ulqini\" \/>\n<meta property=\"article:published_time\" content=\"2016-08-04T11:41:51+00:00\" \/>\n<meta property=\"og:image\" content=\"http:\/\/www.visit-ulcinj.com\/blog\/wp-content\/uploads\/2016\/07\/Skena-Verore-2016-Ulqin.jpg\" \/>\n<meta name=\"twitter:label1\" content=\"Written by\" \/>\n\t<meta name=\"twitter:data1\" content=\"ulqini\" \/>\n\t<meta name=\"twitter:label2\" content=\"Est. reading time\" \/>\n\t<meta name=\"twitter:data2\" content=\"1 minute\" \/>\n<script type=\"application\/ld+json\" class=\"yoast-schema-graph\">{\"@context\":\"https:\/\/schema.org\",\"@graph\":[{\"@type\":\"WebSite\",\"@id\":\"https:\/\/www.visit-ulcinj.com\/blog\/#website\",\"url\":\"https:\/\/www.visit-ulcinj.com\/blog\/\",\"name\":\"Lajme nga Ulqini\",\"description\":\"Lajme,Vijesti,Ulqini,Ulqin,Crna Gora,Mali i Zi\",\"potentialAction\":[{\"@type\":\"SearchAction\",\"target\":{\"@type\":\"EntryPoint\",\"urlTemplate\":\"https:\/\/www.visit-ulcinj.com\/blog\/?s={search_term_string}\"},\"query-input\":\"required name=search_term_string\"}],\"inLanguage\":\"en-US\"},{\"@type\":\"ImageObject\",\"inLanguage\":\"en-US\",\"@id\":\"https:\/\/www.visit-ulcinj.com\/blog\/2016\/08\/04\/programi-skenes-verore-2016-program-ljetnje-scene-2016\/#primaryimage\",\"url\":\"https:\/\/www.visit-ulcinj.com\/blog\/wp-content\/uploads\/2016\/07\/Skena-Verore-2016-Ulqin.jpg\",\"contentUrl\":\"https:\/\/www.visit-ulcinj.com\/blog\/wp-content\/uploads\/2016\/07\/Skena-Verore-2016-Ulqin.jpg\",\"width\":619,\"height\":564},{\"@type\":\"WebPage\",\"@id\":\"https:\/\/www.visit-ulcinj.com\/blog\/2016\/08\/04\/programi-skenes-verore-2016-program-ljetnje-scene-2016\/#webpage\",\"url\":\"https:\/\/www.visit-ulcinj.com\/blog\/2016\/08\/04\/programi-skenes-verore-2016-program-ljetnje-scene-2016\/\",\"name\":\"Programi i Sken\u00ebs verore 2016 - Program Ljetnje scene 2016 - Lajme nga Ulqini\",\"isPartOf\":{\"@id\":\"https:\/\/www.visit-ulcinj.com\/blog\/#website\"},\"primaryImageOfPage\":{\"@id\":\"https:\/\/www.visit-ulcinj.com\/blog\/2016\/08\/04\/programi-skenes-verore-2016-program-ljetnje-scene-2016\/#primaryimage\"},\"datePublished\":\"2016-08-04T11:41:51+00:00\",\"dateModified\":\"2016-08-04T11:41:51+00:00\",\"author\":{\"@id\":\"https:\/\/www.visit-ulcinj.com\/blog\/#\/schema\/person\/dcab619c614d3038751c63bc2aadc06d\"},\"description\":\"01.08.2016 Hapja Solemne \u2013 Sve\u010dano otvaranje Teatri Migjeni Shkoder, M.Gavran \u2013 DASHURIT\u00cb E XHORXH UASHINGTONIT, Regjia: S.Smaja \u2013 21.00h &nbsp;\",\"breadcrumb\":{\"@id\":\"https:\/\/www.visit-ulcinj.com\/blog\/2016\/08\/04\/programi-skenes-verore-2016-program-ljetnje-scene-2016\/#breadcrumb\"},\"inLanguage\":\"en-US\",\"potentialAction\":[{\"@type\":\"ReadAction\",\"target\":[\"https:\/\/www.visit-ulcinj.com\/blog\/2016\/08\/04\/programi-skenes-verore-2016-program-ljetnje-scene-2016\/\"]}]},{\"@type\":\"BreadcrumbList\",\"@id\":\"https:\/\/www.visit-ulcinj.com\/blog\/2016\/08\/04\/programi-skenes-verore-2016-program-ljetnje-scene-2016\/#breadcrumb\",\"itemListElement\":[{\"@type\":\"ListItem\",\"position\":1,\"name\":\"Programi i Sken\u00ebs verore 2016 &#8211; Program Ljetnje scene 2016\"}]},{\"@type\":\"Person\",\"@id\":\"https:\/\/www.visit-ulcinj.com\/blog\/#\/schema\/person\/dcab619c614d3038751c63bc2aadc06d\",\"name\":\"ulqini\",\"sameAs\":[\"http:\/\/www.visit-ulcinj.com\"],\"url\":\"https:\/\/www.visit-ulcinj.com\/blog\/author\/admin\/\"}]}<\/script>\n<!-- \/ Yoast SEO plugin. -->","yoast_head_json":{"title":"Programi i Sken\u00ebs verore 2016 - Program Ljetnje scene 2016 - Lajme nga Ulqini","description":"01.08.2016 Hapja Solemne \u2013 Sve\u010dano otvaranje Teatri Migjeni Shkoder, M.Gavran \u2013 DASHURIT\u00cb E XHORXH UASHINGTONIT, Regjia: S.Smaja \u2013 21.00h &nbsp;","robots":{"index":"index","follow":"follow","max-snippet":"max-snippet:-1","max-image-preview":"max-image-preview:large","max-video-preview":"max-video-preview:-1"},"canonical":"https:\/\/www.visit-ulcinj.com\/blog\/2016\/08\/04\/programi-skenes-verore-2016-program-ljetnje-scene-2016\/","og_locale":"en_US","og_type":"article","og_title":"Programi i Sken\u00ebs verore 2016 - Program Ljetnje scene 2016 - Lajme nga Ulqini","og_description":"01.08.2016 Hapja Solemne \u2013 Sve\u010dano otvaranje Teatri Migjeni Shkoder, M.Gavran \u2013 DASHURIT\u00cb E XHORXH UASHINGTONIT, Regjia: S.Smaja \u2013 21.00h &nbsp;","og_url":"https:\/\/www.visit-ulcinj.com\/blog\/2016\/08\/04\/programi-skenes-verore-2016-program-ljetnje-scene-2016\/","og_site_name":"Lajme nga Ulqini","article_published_time":"2016-08-04T11:41:51+00:00","og_image":[{"url":"http:\/\/www.visit-ulcinj.com\/blog\/wp-content\/uploads\/2016\/07\/Skena-Verore-2016-Ulqin.jpg"}],"twitter_misc":{"Written by":"ulqini","Est. reading time":"1 minute"},"schema":{"@context":"https:\/\/schema.org","@graph":[{"@type":"WebSite","@id":"https:\/\/www.visit-ulcinj.com\/blog\/#website","url":"https:\/\/www.visit-ulcinj.com\/blog\/","name":"Lajme nga Ulqini","description":"Lajme,Vijesti,Ulqini,Ulqin,Crna Gora,Mali i Zi","potentialAction":[{"@type":"SearchAction","target":{"@type":"EntryPoint","urlTemplate":"https:\/\/www.visit-ulcinj.com\/blog\/?s={search_term_string}"},"query-input":"required name=search_term_string"}],"inLanguage":"en-US"},{"@type":"ImageObject","inLanguage":"en-US","@id":"https:\/\/www.visit-ulcinj.com\/blog\/2016\/08\/04\/programi-skenes-verore-2016-program-ljetnje-scene-2016\/#primaryimage","url":"https:\/\/www.visit-ulcinj.com\/blog\/wp-content\/uploads\/2016\/07\/Skena-Verore-2016-Ulqin.jpg","contentUrl":"https:\/\/www.visit-ulcinj.com\/blog\/wp-content\/uploads\/2016\/07\/Skena-Verore-2016-Ulqin.jpg","width":619,"height":564},{"@type":"WebPage","@id":"https:\/\/www.visit-ulcinj.com\/blog\/2016\/08\/04\/programi-skenes-verore-2016-program-ljetnje-scene-2016\/#webpage","url":"https:\/\/www.visit-ulcinj.com\/blog\/2016\/08\/04\/programi-skenes-verore-2016-program-ljetnje-scene-2016\/","name":"Programi i Sken\u00ebs verore 2016 - Program Ljetnje scene 2016 - Lajme nga Ulqini","isPartOf":{"@id":"https:\/\/www.visit-ulcinj.com\/blog\/#website"},"primaryImageOfPage":{"@id":"https:\/\/www.visit-ulcinj.com\/blog\/2016\/08\/04\/programi-skenes-verore-2016-program-ljetnje-scene-2016\/#primaryimage"},"datePublished":"2016-08-04T11:41:51+00:00","dateModified":"2016-08-04T11:41:51+00:00","author":{"@id":"https:\/\/www.visit-ulcinj.com\/blog\/#\/schema\/person\/dcab619c614d3038751c63bc2aadc06d"},"description":"01.08.2016 Hapja Solemne \u2013 Sve\u010dano otvaranje Teatri Migjeni Shkoder, M.Gavran \u2013 DASHURIT\u00cb E XHORXH UASHINGTONIT, Regjia: S.Smaja \u2013 21.00h &nbsp;","breadcrumb":{"@id":"https:\/\/www.visit-ulcinj.com\/blog\/2016\/08\/04\/programi-skenes-verore-2016-program-ljetnje-scene-2016\/#breadcrumb"},"inLanguage":"en-US","potentialAction":[{"@type":"ReadAction","target":["https:\/\/www.visit-ulcinj.com\/blog\/2016\/08\/04\/programi-skenes-verore-2016-program-ljetnje-scene-2016\/"]}]},{"@type":"BreadcrumbList","@id":"https:\/\/www.visit-ulcinj.com\/blog\/2016\/08\/04\/programi-skenes-verore-2016-program-ljetnje-scene-2016\/#breadcrumb","itemListElement":[{"@type":"ListItem","position":1,"name":"Programi i Sken\u00ebs verore 2016 &#8211; Program Ljetnje scene 2016"}]},{"@type":"Person","@id":"https:\/\/www.visit-ulcinj.com\/blog\/#\/schema\/person\/dcab619c614d3038751c63bc2aadc06d","name":"ulqini","sameAs":["http:\/\/www.visit-ulcinj.com"],"url":"https:\/\/www.visit-ulcinj.com\/blog\/author\/admin\/"}]}},"jetpack_featured_media_url":"","jetpack_sharing_enabled":true,"jetpack_shortlink":"https:\/\/wp.me\/pe6lTn-pJ2","_links":{"self":[{"href":"https:\/\/www.visit-ulcinj.com\/blog\/wp-json\/wp\/v2\/posts\/98892"}],"collection":[{"href":"https:\/\/www.visit-ulcinj.com\/blog\/wp-json\/wp\/v2\/posts"}],"about":[{"href":"https:\/\/www.visit-ulcinj.com\/blog\/wp-json\/wp\/v2\/types\/post"}],"author":[{"embeddable":true,"href":"https:\/\/www.visit-ulcinj.com\/blog\/wp-json\/wp\/v2\/users\/1"}],"replies":[{"embeddable":true,"href":"https:\/\/www.visit-ulcinj.com\/blog\/wp-json\/wp\/v2\/comments?post=98892"}],"version-history":[{"count":1,"href":"https:\/\/www.visit-ulcinj.com\/blog\/wp-json\/wp\/v2\/posts\/98892\/revisions"}],"predecessor-version":[{"id":98893,"href":"https:\/\/www.visit-ulcinj.com\/blog\/wp-json\/wp\/v2\/posts\/98892\/revisions\/98893"}],"wp:attachment":[{"href":"https:\/\/www.visit-ulcinj.com\/blog\/wp-json\/wp\/v2\/media?parent=98892"}],"wp:term":[{"taxonomy":"category","embeddable":true,"href":"https:\/\/www.visit-ulcinj.com\/blog\/wp-json\/wp\/v2\/categories?post=98892"},{"taxonomy":"post_tag","embeddable":true,"href":"https:\/\/www.visit-ulcinj.com\/blog\/wp-json\/wp\/v2\/tags?post=98892"}],"curies":[{"name":"wp","href":"https:\/\/api.w.org\/{rel}","templated":true}]}}