{"id":98900,"date":"2016-08-06T20:45:20","date_gmt":"2016-08-06T19:45:20","guid":{"rendered":"http:\/\/www.visit-ulcinj.com\/blog\/?p=98900"},"modified":"2016-08-06T20:45:20","modified_gmt":"2016-08-06T19:45:20","slug":"u-ulcinju-je-na-zvanicnoj-posjeti-boravila-potpredsjednica-vlade-azra-jasavic","status":"publish","type":"post","link":"https:\/\/www.visit-ulcinj.com\/blog\/2016\/08\/06\/u-ulcinju-je-na-zvanicnoj-posjeti-boravila-potpredsjednica-vlade-azra-jasavic\/","title":{"rendered":"U Ulcinju je na zvani\u010dnoj posjeti boravila potpredsjednica Vlade Azra Jasavi\u0107"},"content":{"rendered":"<p><span lang=\"SR-LATN-ME\"><a href=\"http:\/\/www.visit-ulcinj.com\/blog\/wp-content\/uploads\/2016\/08\/Azra-Jasavic-Nazif-Cungu-Ulqin-Ulcinj.jpg\"><img loading=\"lazy\" class=\"alignleft wp-image-98898\" src=\"http:\/\/www.visit-ulcinj.com\/blog\/wp-content\/uploads\/2016\/08\/Azra-Jasavic-Nazif-Cungu-Ulqin-Ulcinj.jpg\" alt=\"Azra-Jasavic-Nazif-Cungu-Ulqin-Ulcinj\" width=\"508\" height=\"336\" srcset=\"https:\/\/www.visit-ulcinj.com\/blog\/wp-content\/uploads\/2016\/08\/Azra-Jasavic-Nazif-Cungu-Ulqin-Ulcinj.jpg 933w, https:\/\/www.visit-ulcinj.com\/blog\/wp-content\/uploads\/2016\/08\/Azra-Jasavic-Nazif-Cungu-Ulqin-Ulcinj-300x199.jpg 300w, https:\/\/www.visit-ulcinj.com\/blog\/wp-content\/uploads\/2016\/08\/Azra-Jasavic-Nazif-Cungu-Ulqin-Ulcinj-768x509.jpg 768w\" sizes=\"(max-width: 508px) 100vw, 508px\" \/><\/a>Potpredsjednicu Vlade je do\u010dekao predsjednik Op\u0161tine Nazif Cungu sa saradnicima. Na sastanku se govorilo o raznim temama, a posebno je bilo rijeci o prostornim planovima, saradnjom sa\u00a0 Vladom Crne Gore i o aktivnostima za privla\u010denje stranih investicija. Predsjednik Cungu je naglasio da je neophodna podr\u0161ka Vlade Crne Gore u cilju realizacije kapitalnih projekata u op\u0161tini Ulcinj. <\/span><\/p>\n<p><span lang=\"SR-LATN-ME\">S druge strane, potpredsjednica Jasavi\u0107 je posebnu pa\u017enju posvetila resursima Ulcinja, naglasila je da Ulcinj ima velike potencijale za razvoj i da \u0107e se u budu\u0107em vremenskom periodu uz podr\u0161ku Vlade Crne Gore raditi ka tome da se realizuje valorizacija odre\u0111enih lokacija koje bi slu\u017eile kao podstrek u ekonomskom rezvoju. Nakon sastanka, op\u0161tinski zvani\u010dnici zajedno sa potpredsjednicom Vlade su posjetili Solanu i anamalsko podru\u010dje. <\/span><\/p>\n","protected":false},"excerpt":{"rendered":"<p>Potpredsjednicu Vlade je do\u010dekao predsjednik Op\u0161tine Nazif Cungu sa saradnicima. Na sastanku se govorilo o raznim temama, a posebno je bilo rijeci o prostornim planovima, saradnjom sa\u00a0 Vladom Crne Gore i o aktivnostima za privla\u010denje stranih investicija. Predsjednik Cungu je naglasio da je neophodna podr\u0161ka Vlade Crne Gore u cilju realizacije kapitalnih projekata u op\u0161tini [&hellip;]<\/p>\n","protected":false},"author":1,"featured_media":0,"comment_status":"closed","ping_status":"closed","sticky":false,"template":"","format":"standard","meta":{"spay_email":"","jetpack_publicize_message":"","jetpack_is_tweetstorm":false,"jetpack_publicize_feature_enabled":true},"categories":[8337],"tags":[],"jetpack_publicize_connections":[],"yoast_head":"<!-- This site is optimized with the Yoast SEO plugin v19.1 - https:\/\/yoast.com\/wordpress\/plugins\/seo\/ -->\n<title>U Ulcinju je na zvani\u010dnoj posjeti boravila potpredsjednica Vlade Azra Jasavi\u0107 - Lajme nga Ulqini<\/title>\n<meta name=\"description\" content=\"Potpredsjednicu Vlade je do\u010dekao predsjednik Op\u0161tine Nazif Cungu sa saradnicima. Na sastanku se govorilo o raznim temama, a posebno je bilo rijeci o\" \/>\n<meta name=\"robots\" content=\"index, follow, max-snippet:-1, max-image-preview:large, max-video-preview:-1\" \/>\n<link rel=\"canonical\" href=\"https:\/\/www.visit-ulcinj.com\/blog\/2016\/08\/06\/u-ulcinju-je-na-zvanicnoj-posjeti-boravila-potpredsjednica-vlade-azra-jasavic\/\" \/>\n<meta property=\"og:locale\" content=\"en_US\" \/>\n<meta property=\"og:type\" content=\"article\" \/>\n<meta property=\"og:title\" content=\"U Ulcinju je na zvani\u010dnoj posjeti boravila potpredsjednica Vlade Azra Jasavi\u0107 - Lajme nga Ulqini\" \/>\n<meta property=\"og:description\" content=\"Potpredsjednicu Vlade je do\u010dekao predsjednik Op\u0161tine Nazif Cungu sa saradnicima. Na sastanku se govorilo o raznim temama, a posebno je bilo rijeci o\" \/>\n<meta property=\"og:url\" content=\"https:\/\/www.visit-ulcinj.com\/blog\/2016\/08\/06\/u-ulcinju-je-na-zvanicnoj-posjeti-boravila-potpredsjednica-vlade-azra-jasavic\/\" \/>\n<meta property=\"og:site_name\" content=\"Lajme nga Ulqini\" \/>\n<meta property=\"article:published_time\" content=\"2016-08-06T19:45:20+00:00\" \/>\n<meta property=\"og:image\" content=\"http:\/\/www.visit-ulcinj.com\/blog\/wp-content\/uploads\/2016\/08\/Azra-Jasavic-Nazif-Cungu-Ulqin-Ulcinj.jpg\" \/>\n<meta name=\"twitter:label1\" content=\"Written by\" \/>\n\t<meta name=\"twitter:data1\" content=\"ulqini\" \/>\n\t<meta name=\"twitter:label2\" content=\"Est. reading time\" \/>\n\t<meta name=\"twitter:data2\" content=\"1 minute\" \/>\n<script type=\"application\/ld+json\" class=\"yoast-schema-graph\">{\"@context\":\"https:\/\/schema.org\",\"@graph\":[{\"@type\":\"WebSite\",\"@id\":\"https:\/\/www.visit-ulcinj.com\/blog\/#website\",\"url\":\"https:\/\/www.visit-ulcinj.com\/blog\/\",\"name\":\"Lajme nga Ulqini\",\"description\":\"Lajme,Vijesti,Ulqini,Ulqin,Crna Gora,Mali i Zi\",\"potentialAction\":[{\"@type\":\"SearchAction\",\"target\":{\"@type\":\"EntryPoint\",\"urlTemplate\":\"https:\/\/www.visit-ulcinj.com\/blog\/?s={search_term_string}\"},\"query-input\":\"required name=search_term_string\"}],\"inLanguage\":\"en-US\"},{\"@type\":\"ImageObject\",\"inLanguage\":\"en-US\",\"@id\":\"https:\/\/www.visit-ulcinj.com\/blog\/2016\/08\/06\/u-ulcinju-je-na-zvanicnoj-posjeti-boravila-potpredsjednica-vlade-azra-jasavic\/#primaryimage\",\"url\":\"https:\/\/www.visit-ulcinj.com\/blog\/wp-content\/uploads\/2016\/08\/Azra-Jasavic-Nazif-Cungu-Ulqin-Ulcinj.jpg\",\"contentUrl\":\"https:\/\/www.visit-ulcinj.com\/blog\/wp-content\/uploads\/2016\/08\/Azra-Jasavic-Nazif-Cungu-Ulqin-Ulcinj.jpg\",\"width\":933,\"height\":618},{\"@type\":\"WebPage\",\"@id\":\"https:\/\/www.visit-ulcinj.com\/blog\/2016\/08\/06\/u-ulcinju-je-na-zvanicnoj-posjeti-boravila-potpredsjednica-vlade-azra-jasavic\/#webpage\",\"url\":\"https:\/\/www.visit-ulcinj.com\/blog\/2016\/08\/06\/u-ulcinju-je-na-zvanicnoj-posjeti-boravila-potpredsjednica-vlade-azra-jasavic\/\",\"name\":\"U Ulcinju je na zvani\u010dnoj posjeti boravila potpredsjednica Vlade Azra Jasavi\u0107 - Lajme nga Ulqini\",\"isPartOf\":{\"@id\":\"https:\/\/www.visit-ulcinj.com\/blog\/#website\"},\"primaryImageOfPage\":{\"@id\":\"https:\/\/www.visit-ulcinj.com\/blog\/2016\/08\/06\/u-ulcinju-je-na-zvanicnoj-posjeti-boravila-potpredsjednica-vlade-azra-jasavic\/#primaryimage\"},\"datePublished\":\"2016-08-06T19:45:20+00:00\",\"dateModified\":\"2016-08-06T19:45:20+00:00\",\"author\":{\"@id\":\"https:\/\/www.visit-ulcinj.com\/blog\/#\/schema\/person\/dcab619c614d3038751c63bc2aadc06d\"},\"description\":\"Potpredsjednicu Vlade je do\u010dekao predsjednik Op\u0161tine Nazif Cungu sa saradnicima. Na sastanku se govorilo o raznim temama, a posebno je bilo rijeci o\",\"breadcrumb\":{\"@id\":\"https:\/\/www.visit-ulcinj.com\/blog\/2016\/08\/06\/u-ulcinju-je-na-zvanicnoj-posjeti-boravila-potpredsjednica-vlade-azra-jasavic\/#breadcrumb\"},\"inLanguage\":\"en-US\",\"potentialAction\":[{\"@type\":\"ReadAction\",\"target\":[\"https:\/\/www.visit-ulcinj.com\/blog\/2016\/08\/06\/u-ulcinju-je-na-zvanicnoj-posjeti-boravila-potpredsjednica-vlade-azra-jasavic\/\"]}]},{\"@type\":\"BreadcrumbList\",\"@id\":\"https:\/\/www.visit-ulcinj.com\/blog\/2016\/08\/06\/u-ulcinju-je-na-zvanicnoj-posjeti-boravila-potpredsjednica-vlade-azra-jasavic\/#breadcrumb\",\"itemListElement\":[{\"@type\":\"ListItem\",\"position\":1,\"name\":\"U Ulcinju je na zvani\u010dnoj posjeti boravila potpredsjednica Vlade Azra Jasavi\u0107\"}]},{\"@type\":\"Person\",\"@id\":\"https:\/\/www.visit-ulcinj.com\/blog\/#\/schema\/person\/dcab619c614d3038751c63bc2aadc06d\",\"name\":\"ulqini\",\"sameAs\":[\"http:\/\/www.visit-ulcinj.com\"],\"url\":\"https:\/\/www.visit-ulcinj.com\/blog\/author\/admin\/\"}]}<\/script>\n<!-- \/ Yoast SEO plugin. -->","yoast_head_json":{"title":"U Ulcinju je na zvani\u010dnoj posjeti boravila potpredsjednica Vlade Azra Jasavi\u0107 - Lajme nga Ulqini","description":"Potpredsjednicu Vlade je do\u010dekao predsjednik Op\u0161tine Nazif Cungu sa saradnicima. Na sastanku se govorilo o raznim temama, a posebno je bilo rijeci o","robots":{"index":"index","follow":"follow","max-snippet":"max-snippet:-1","max-image-preview":"max-image-preview:large","max-video-preview":"max-video-preview:-1"},"canonical":"https:\/\/www.visit-ulcinj.com\/blog\/2016\/08\/06\/u-ulcinju-je-na-zvanicnoj-posjeti-boravila-potpredsjednica-vlade-azra-jasavic\/","og_locale":"en_US","og_type":"article","og_title":"U Ulcinju je na zvani\u010dnoj posjeti boravila potpredsjednica Vlade Azra Jasavi\u0107 - Lajme nga Ulqini","og_description":"Potpredsjednicu Vlade je do\u010dekao predsjednik Op\u0161tine Nazif Cungu sa saradnicima. Na sastanku se govorilo o raznim temama, a posebno je bilo rijeci o","og_url":"https:\/\/www.visit-ulcinj.com\/blog\/2016\/08\/06\/u-ulcinju-je-na-zvanicnoj-posjeti-boravila-potpredsjednica-vlade-azra-jasavic\/","og_site_name":"Lajme nga Ulqini","article_published_time":"2016-08-06T19:45:20+00:00","og_image":[{"url":"http:\/\/www.visit-ulcinj.com\/blog\/wp-content\/uploads\/2016\/08\/Azra-Jasavic-Nazif-Cungu-Ulqin-Ulcinj.jpg"}],"twitter_misc":{"Written by":"ulqini","Est. reading time":"1 minute"},"schema":{"@context":"https:\/\/schema.org","@graph":[{"@type":"WebSite","@id":"https:\/\/www.visit-ulcinj.com\/blog\/#website","url":"https:\/\/www.visit-ulcinj.com\/blog\/","name":"Lajme nga Ulqini","description":"Lajme,Vijesti,Ulqini,Ulqin,Crna Gora,Mali i Zi","potentialAction":[{"@type":"SearchAction","target":{"@type":"EntryPoint","urlTemplate":"https:\/\/www.visit-ulcinj.com\/blog\/?s={search_term_string}"},"query-input":"required name=search_term_string"}],"inLanguage":"en-US"},{"@type":"ImageObject","inLanguage":"en-US","@id":"https:\/\/www.visit-ulcinj.com\/blog\/2016\/08\/06\/u-ulcinju-je-na-zvanicnoj-posjeti-boravila-potpredsjednica-vlade-azra-jasavic\/#primaryimage","url":"https:\/\/www.visit-ulcinj.com\/blog\/wp-content\/uploads\/2016\/08\/Azra-Jasavic-Nazif-Cungu-Ulqin-Ulcinj.jpg","contentUrl":"https:\/\/www.visit-ulcinj.com\/blog\/wp-content\/uploads\/2016\/08\/Azra-Jasavic-Nazif-Cungu-Ulqin-Ulcinj.jpg","width":933,"height":618},{"@type":"WebPage","@id":"https:\/\/www.visit-ulcinj.com\/blog\/2016\/08\/06\/u-ulcinju-je-na-zvanicnoj-posjeti-boravila-potpredsjednica-vlade-azra-jasavic\/#webpage","url":"https:\/\/www.visit-ulcinj.com\/blog\/2016\/08\/06\/u-ulcinju-je-na-zvanicnoj-posjeti-boravila-potpredsjednica-vlade-azra-jasavic\/","name":"U Ulcinju je na zvani\u010dnoj posjeti boravila potpredsjednica Vlade Azra Jasavi\u0107 - Lajme nga Ulqini","isPartOf":{"@id":"https:\/\/www.visit-ulcinj.com\/blog\/#website"},"primaryImageOfPage":{"@id":"https:\/\/www.visit-ulcinj.com\/blog\/2016\/08\/06\/u-ulcinju-je-na-zvanicnoj-posjeti-boravila-potpredsjednica-vlade-azra-jasavic\/#primaryimage"},"datePublished":"2016-08-06T19:45:20+00:00","dateModified":"2016-08-06T19:45:20+00:00","author":{"@id":"https:\/\/www.visit-ulcinj.com\/blog\/#\/schema\/person\/dcab619c614d3038751c63bc2aadc06d"},"description":"Potpredsjednicu Vlade je do\u010dekao predsjednik Op\u0161tine Nazif Cungu sa saradnicima. Na sastanku se govorilo o raznim temama, a posebno je bilo rijeci o","breadcrumb":{"@id":"https:\/\/www.visit-ulcinj.com\/blog\/2016\/08\/06\/u-ulcinju-je-na-zvanicnoj-posjeti-boravila-potpredsjednica-vlade-azra-jasavic\/#breadcrumb"},"inLanguage":"en-US","potentialAction":[{"@type":"ReadAction","target":["https:\/\/www.visit-ulcinj.com\/blog\/2016\/08\/06\/u-ulcinju-je-na-zvanicnoj-posjeti-boravila-potpredsjednica-vlade-azra-jasavic\/"]}]},{"@type":"BreadcrumbList","@id":"https:\/\/www.visit-ulcinj.com\/blog\/2016\/08\/06\/u-ulcinju-je-na-zvanicnoj-posjeti-boravila-potpredsjednica-vlade-azra-jasavic\/#breadcrumb","itemListElement":[{"@type":"ListItem","position":1,"name":"U Ulcinju je na zvani\u010dnoj posjeti boravila potpredsjednica Vlade Azra Jasavi\u0107"}]},{"@type":"Person","@id":"https:\/\/www.visit-ulcinj.com\/blog\/#\/schema\/person\/dcab619c614d3038751c63bc2aadc06d","name":"ulqini","sameAs":["http:\/\/www.visit-ulcinj.com"],"url":"https:\/\/www.visit-ulcinj.com\/blog\/author\/admin\/"}]}},"jetpack_featured_media_url":"","jetpack_sharing_enabled":true,"jetpack_shortlink":"https:\/\/wp.me\/pe6lTn-pJa","_links":{"self":[{"href":"https:\/\/www.visit-ulcinj.com\/blog\/wp-json\/wp\/v2\/posts\/98900"}],"collection":[{"href":"https:\/\/www.visit-ulcinj.com\/blog\/wp-json\/wp\/v2\/posts"}],"about":[{"href":"https:\/\/www.visit-ulcinj.com\/blog\/wp-json\/wp\/v2\/types\/post"}],"author":[{"embeddable":true,"href":"https:\/\/www.visit-ulcinj.com\/blog\/wp-json\/wp\/v2\/users\/1"}],"replies":[{"embeddable":true,"href":"https:\/\/www.visit-ulcinj.com\/blog\/wp-json\/wp\/v2\/comments?post=98900"}],"version-history":[{"count":1,"href":"https:\/\/www.visit-ulcinj.com\/blog\/wp-json\/wp\/v2\/posts\/98900\/revisions"}],"predecessor-version":[{"id":98901,"href":"https:\/\/www.visit-ulcinj.com\/blog\/wp-json\/wp\/v2\/posts\/98900\/revisions\/98901"}],"wp:attachment":[{"href":"https:\/\/www.visit-ulcinj.com\/blog\/wp-json\/wp\/v2\/media?parent=98900"}],"wp:term":[{"taxonomy":"category","embeddable":true,"href":"https:\/\/www.visit-ulcinj.com\/blog\/wp-json\/wp\/v2\/categories?post=98900"},{"taxonomy":"post_tag","embeddable":true,"href":"https:\/\/www.visit-ulcinj.com\/blog\/wp-json\/wp\/v2\/tags?post=98900"}],"curies":[{"name":"wp","href":"https:\/\/api.w.org\/{rel}","templated":true}]}}