{"id":98916,"date":"2016-08-06T21:40:44","date_gmt":"2016-08-06T20:40:44","guid":{"rendered":"http:\/\/www.visit-ulcinj.com\/blog\/?p=98916"},"modified":"2016-08-06T21:40:44","modified_gmt":"2016-08-06T20:40:44","slug":"kalimera-poetike-mbledh-poetet-nga-te-gjitha-trevat-shqiptare-ne-ulqin","status":"publish","type":"post","link":"https:\/\/www.visit-ulcinj.com\/blog\/2016\/08\/06\/kalimera-poetike-mbledh-poetet-nga-te-gjitha-trevat-shqiptare-ne-ulqin\/","title":{"rendered":"&#8220;Kalimera poetike\u201d mbledh poet\u00ebt  nga t\u00eb gjitha trevat shqiptare n\u00eb Ulqin"},"content":{"rendered":"<div id=\"stcpDiv\"><a href=\"http:\/\/www.visit-ulcinj.com\/blog\/wp-content\/uploads\/2016\/08\/Kalimera-Poetike-Ulqin-2016.jpg\"><img loading=\"lazy\" class=\"alignleft wp-image-98917\" src=\"http:\/\/www.visit-ulcinj.com\/blog\/wp-content\/uploads\/2016\/08\/Kalimera-Poetike-Ulqin-2016.jpg\" alt=\"Kalimera-Poetike-Ulqin-2016\" width=\"508\" height=\"381\" srcset=\"https:\/\/www.visit-ulcinj.com\/blog\/wp-content\/uploads\/2016\/08\/Kalimera-Poetike-Ulqin-2016.jpg 960w, https:\/\/www.visit-ulcinj.com\/blog\/wp-content\/uploads\/2016\/08\/Kalimera-Poetike-Ulqin-2016-300x225.jpg 300w, https:\/\/www.visit-ulcinj.com\/blog\/wp-content\/uploads\/2016\/08\/Kalimera-Poetike-Ulqin-2016-768x576.jpg 768w\" sizes=\"(max-width: 508px) 100vw, 508px\" \/><\/a>P\u00ebr 3 net\u00eb me radh\u00eb n\u00eb Muzeun e Kalas\u00eb s\u00eb Ulqinit \u00ebsht\u00eb zhvilluar Manifestimi i p\u00ebrvitsh\u00ebm letrar \u201cKalimera Poetike 2016\u201d e organizuar nga Shoqata Kulturore \u201cArt-Club Ulqini\u201d q\u00eb prej 25 vjet\u00ebsh nga themelimi i saj. K\u00ebsaj radhe 3 poet\u00ebt mysafir\u00eb ishin Flutura Acka, Ag Apolloni dhe shkrimtari Enes Halilovic.<\/p>\n<p>Fjal\u00ebn p\u00ebrsh\u00ebndet\u00ebse e mbajti Kryetari i \u201cArt-Club Ulqini\u201d, Ismet Kallaba, redaktor n\u00eb periodiken e shqiptar\u00ebve n\u00eb Mal t\u00eb Zi \u201cKoha Javore\u201d si dhe pedagog n\u00eb Fakultetin e Gazetaris\u00eb dhe Komunikimit pan\u00eb Universitetit t\u00eb Shkodr\u00ebs Luigj Gurakuqi.<\/p>\n<p>N\u00eb vijim, n\u00ebn moderimin e shkrimtarit dhe publicistit Hajredin Kovaci u zhvillua mbr\u00ebmja autoriale e Flutura Ack\u00ebs nd\u00ebrkoh\u00eb q\u00eb p\u00ebr krijimtarin\u00eb e k\u00ebsaj t\u00eb fundit foli Liridona Sinishtaj.<\/p>\n<p>Nata e dyt\u00eb nisi me celjen e ekspozit\u00ebs fotografike t\u00eb piktorit ulqinak Qazim Muja n\u00eb ambjentet e Kull\u00ebs s\u00eb Balshajve, p\u00ebrbri muzeut t\u00eb kalas\u00eb s\u00eb Ulqinit.<br \/>\nN\u00eb vijim, pjes\u00ebmarr\u00ebsit pat\u00ebn rastin q\u00eb t\u00eb ndiqnin mbr\u00ebmjen autoriale p\u00ebr shkrimtarin Ag Apolloni p\u00ebr t\u00eb cilin foli Dr. Albulena Blakaj &#8211; Gashi, studiuese e let\u00ebrsis\u00eb dhe me moderator Mr. Haxhi Shabani.<\/p>\n<p>Nata e 3-t\u00eb dhe e fundit iu kushtua mbr\u00ebmjes autoriale t\u00eb shkrimtarit boshnjak Enes halilovic, p\u00ebr krijimtarin\u00eb e t\u00eb cilit foli gazetari dhe publicist Vlatko Dimunovic n\u00ebn moderimin e Andrej Nikolaidis.<\/p>\n<p>Nd\u00ebrsa paraditen e fundit t\u00eb q\u00ebndrimit n\u00eb Ulqin, shkrimtar\u00ebt dhe poet\u00ebt mysafir\u00eb t\u00eb ftuar n\u00eb Kalimera Poetike 2016, u prit\u00ebn edhe nga Kryetari I Komun\u00ebs s\u00eb Ulqnit Nazif Cungu.<\/p>\n<p>\u201cArt Club Ulqini\u201d \u00ebsht\u00eb themeluar n\u00eb vitin 1990 nga nj\u00eb grup krijuesish dhe intelektual\u00ebsh nga ky qytet bregdetar me q\u00ebllim promovimin e kultur\u00ebs, artit, let\u00ebrsis\u00eb dhe shkenc\u00ebs shqiptare \u00eb Mal t\u00eb Zi si dhe kultivimit dhe zhvillimit t\u00eb multikultur\u00ebs si nj\u00eb vler\u00eb e ve\u00e7ant\u00eb p\u00ebr Malin e Zi, rajonin dhe m\u00eb gjer\u00eb.<\/p>\n<p>\u201cArt Club\u201d \u00ebsht\u00eb bashk\u00ebthemelues i Panairit t\u00eb Librit n\u00eb Ulqin dhe organizator i manifestimeve tradicionale \u201dKalimera Poetike\u201d (\u201cCalimera Art Festival\u201d) dhe \u201cDit\u00ebt e filmit shqiptar\u201d.<\/p>\n<p>Drejtues nd\u00ebr vite t\u00eb Shoqat\u00ebs Kulturore \u201cArt-Club Ulqinit\u201d kan\u00eb qen\u00eb shkrimtar\u00ebt, artist\u00ebt dhe publicist\u00ebt e njohur Ibrahim Beriashi, Nail Draga, Ali Salaj, Haxhi Shabani, Qazim Muja e deri tek publicist dhe pedagogu i gazetaris\u00eb Ismet Kallaba i cili e mori drejtimin vet\u00ebm para disa muajsh n\u00eb baz\u00eb t\u00eb statutit ku respektohet afati I mandateve p\u00ebr secilin drejtues si dhe kontributet e gjithsecilit prej tyre.<\/p>\n<p><strong>Redaksia Online<\/strong><br \/>\n<strong>(M.\u00c7\/shqiptarja.com)<\/strong><\/div>\n","protected":false},"excerpt":{"rendered":"<p>P\u00ebr 3 net\u00eb me radh\u00eb n\u00eb Muzeun e Kalas\u00eb s\u00eb Ulqinit \u00ebsht\u00eb zhvilluar Manifestimi i p\u00ebrvitsh\u00ebm letrar \u201cKalimera Poetike 2016\u201d e organizuar nga Shoqata Kulturore \u201cArt-Club Ulqini\u201d q\u00eb prej 25 vjet\u00ebsh nga themelimi i saj. K\u00ebsaj radhe 3 poet\u00ebt mysafir\u00eb ishin Flutura Acka, Ag Apolloni dhe shkrimtari Enes Halilovic. Fjal\u00ebn p\u00ebrsh\u00ebndet\u00ebse e mbajti Kryetari i [&hellip;]<\/p>\n","protected":false},"author":1,"featured_media":0,"comment_status":"closed","ping_status":"closed","sticky":false,"template":"","format":"standard","meta":{"spay_email":"","jetpack_publicize_message":"","jetpack_is_tweetstorm":false,"jetpack_publicize_feature_enabled":true},"categories":[6950],"tags":[],"jetpack_publicize_connections":[],"yoast_head":"<!-- This site is optimized with the Yoast SEO plugin v19.1 - https:\/\/yoast.com\/wordpress\/plugins\/seo\/ -->\n<title>&quot;Kalimera poetike\u201d mbledh poet\u00ebt nga t\u00eb gjitha trevat shqiptare n\u00eb Ulqin - Lajme nga Ulqini<\/title>\n<meta name=\"description\" content=\"P\u00ebr 3 net\u00eb me radh\u00eb n\u00eb Muzeun e Kalas\u00eb s\u00eb Ulqinit \u00ebsht\u00eb zhvilluar Manifestimi i p\u00ebrvitsh\u00ebm letrar \u201cKalimera Poetike 2016\u201d e organizuar nga Shoqata\" \/>\n<meta name=\"robots\" content=\"index, follow, max-snippet:-1, max-image-preview:large, max-video-preview:-1\" \/>\n<link rel=\"canonical\" href=\"https:\/\/www.visit-ulcinj.com\/blog\/2016\/08\/06\/kalimera-poetike-mbledh-poetet-nga-te-gjitha-trevat-shqiptare-ne-ulqin\/\" \/>\n<meta property=\"og:locale\" content=\"en_US\" \/>\n<meta property=\"og:type\" content=\"article\" \/>\n<meta property=\"og:title\" content=\"&quot;Kalimera poetike\u201d mbledh poet\u00ebt nga t\u00eb gjitha trevat shqiptare n\u00eb Ulqin - Lajme nga Ulqini\" \/>\n<meta property=\"og:description\" content=\"P\u00ebr 3 net\u00eb me radh\u00eb n\u00eb Muzeun e Kalas\u00eb s\u00eb Ulqinit \u00ebsht\u00eb zhvilluar Manifestimi i p\u00ebrvitsh\u00ebm letrar \u201cKalimera Poetike 2016\u201d e organizuar nga Shoqata\" \/>\n<meta property=\"og:url\" content=\"https:\/\/www.visit-ulcinj.com\/blog\/2016\/08\/06\/kalimera-poetike-mbledh-poetet-nga-te-gjitha-trevat-shqiptare-ne-ulqin\/\" \/>\n<meta property=\"og:site_name\" content=\"Lajme nga Ulqini\" \/>\n<meta property=\"article:published_time\" content=\"2016-08-06T20:40:44+00:00\" \/>\n<meta property=\"og:image\" content=\"http:\/\/www.visit-ulcinj.com\/blog\/wp-content\/uploads\/2016\/08\/Kalimera-Poetike-Ulqin-2016.jpg\" \/>\n<meta name=\"twitter:label1\" content=\"Written by\" \/>\n\t<meta name=\"twitter:data1\" content=\"ulqini\" \/>\n\t<meta name=\"twitter:label2\" content=\"Est. reading time\" \/>\n\t<meta name=\"twitter:data2\" content=\"2 minutes\" \/>\n<script type=\"application\/ld+json\" class=\"yoast-schema-graph\">{\"@context\":\"https:\/\/schema.org\",\"@graph\":[{\"@type\":\"WebSite\",\"@id\":\"https:\/\/www.visit-ulcinj.com\/blog\/#website\",\"url\":\"https:\/\/www.visit-ulcinj.com\/blog\/\",\"name\":\"Lajme nga Ulqini\",\"description\":\"Lajme,Vijesti,Ulqini,Ulqin,Crna Gora,Mali i Zi\",\"potentialAction\":[{\"@type\":\"SearchAction\",\"target\":{\"@type\":\"EntryPoint\",\"urlTemplate\":\"https:\/\/www.visit-ulcinj.com\/blog\/?s={search_term_string}\"},\"query-input\":\"required name=search_term_string\"}],\"inLanguage\":\"en-US\"},{\"@type\":\"ImageObject\",\"inLanguage\":\"en-US\",\"@id\":\"https:\/\/www.visit-ulcinj.com\/blog\/2016\/08\/06\/kalimera-poetike-mbledh-poetet-nga-te-gjitha-trevat-shqiptare-ne-ulqin\/#primaryimage\",\"url\":\"https:\/\/www.visit-ulcinj.com\/blog\/wp-content\/uploads\/2016\/08\/Kalimera-Poetike-Ulqin-2016.jpg\",\"contentUrl\":\"https:\/\/www.visit-ulcinj.com\/blog\/wp-content\/uploads\/2016\/08\/Kalimera-Poetike-Ulqin-2016.jpg\",\"width\":960,\"height\":720},{\"@type\":\"WebPage\",\"@id\":\"https:\/\/www.visit-ulcinj.com\/blog\/2016\/08\/06\/kalimera-poetike-mbledh-poetet-nga-te-gjitha-trevat-shqiptare-ne-ulqin\/#webpage\",\"url\":\"https:\/\/www.visit-ulcinj.com\/blog\/2016\/08\/06\/kalimera-poetike-mbledh-poetet-nga-te-gjitha-trevat-shqiptare-ne-ulqin\/\",\"name\":\"\\\"Kalimera poetike\u201d mbledh poet\u00ebt nga t\u00eb gjitha trevat shqiptare n\u00eb Ulqin - Lajme nga Ulqini\",\"isPartOf\":{\"@id\":\"https:\/\/www.visit-ulcinj.com\/blog\/#website\"},\"primaryImageOfPage\":{\"@id\":\"https:\/\/www.visit-ulcinj.com\/blog\/2016\/08\/06\/kalimera-poetike-mbledh-poetet-nga-te-gjitha-trevat-shqiptare-ne-ulqin\/#primaryimage\"},\"datePublished\":\"2016-08-06T20:40:44+00:00\",\"dateModified\":\"2016-08-06T20:40:44+00:00\",\"author\":{\"@id\":\"https:\/\/www.visit-ulcinj.com\/blog\/#\/schema\/person\/dcab619c614d3038751c63bc2aadc06d\"},\"description\":\"P\u00ebr 3 net\u00eb me radh\u00eb n\u00eb Muzeun e Kalas\u00eb s\u00eb Ulqinit \u00ebsht\u00eb zhvilluar Manifestimi i p\u00ebrvitsh\u00ebm letrar \u201cKalimera Poetike 2016\u201d e organizuar nga Shoqata\",\"breadcrumb\":{\"@id\":\"https:\/\/www.visit-ulcinj.com\/blog\/2016\/08\/06\/kalimera-poetike-mbledh-poetet-nga-te-gjitha-trevat-shqiptare-ne-ulqin\/#breadcrumb\"},\"inLanguage\":\"en-US\",\"potentialAction\":[{\"@type\":\"ReadAction\",\"target\":[\"https:\/\/www.visit-ulcinj.com\/blog\/2016\/08\/06\/kalimera-poetike-mbledh-poetet-nga-te-gjitha-trevat-shqiptare-ne-ulqin\/\"]}]},{\"@type\":\"BreadcrumbList\",\"@id\":\"https:\/\/www.visit-ulcinj.com\/blog\/2016\/08\/06\/kalimera-poetike-mbledh-poetet-nga-te-gjitha-trevat-shqiptare-ne-ulqin\/#breadcrumb\",\"itemListElement\":[{\"@type\":\"ListItem\",\"position\":1,\"name\":\"&#8220;Kalimera poetike\u201d mbledh poet\u00ebt nga t\u00eb gjitha trevat shqiptare n\u00eb Ulqin\"}]},{\"@type\":\"Person\",\"@id\":\"https:\/\/www.visit-ulcinj.com\/blog\/#\/schema\/person\/dcab619c614d3038751c63bc2aadc06d\",\"name\":\"ulqini\",\"sameAs\":[\"http:\/\/www.visit-ulcinj.com\"],\"url\":\"https:\/\/www.visit-ulcinj.com\/blog\/author\/admin\/\"}]}<\/script>\n<!-- \/ Yoast SEO plugin. -->","yoast_head_json":{"title":"\"Kalimera poetike\u201d mbledh poet\u00ebt nga t\u00eb gjitha trevat shqiptare n\u00eb Ulqin - Lajme nga Ulqini","description":"P\u00ebr 3 net\u00eb me radh\u00eb n\u00eb Muzeun e Kalas\u00eb s\u00eb Ulqinit \u00ebsht\u00eb zhvilluar Manifestimi i p\u00ebrvitsh\u00ebm letrar \u201cKalimera Poetike 2016\u201d e organizuar nga Shoqata","robots":{"index":"index","follow":"follow","max-snippet":"max-snippet:-1","max-image-preview":"max-image-preview:large","max-video-preview":"max-video-preview:-1"},"canonical":"https:\/\/www.visit-ulcinj.com\/blog\/2016\/08\/06\/kalimera-poetike-mbledh-poetet-nga-te-gjitha-trevat-shqiptare-ne-ulqin\/","og_locale":"en_US","og_type":"article","og_title":"\"Kalimera poetike\u201d mbledh poet\u00ebt nga t\u00eb gjitha trevat shqiptare n\u00eb Ulqin - Lajme nga Ulqini","og_description":"P\u00ebr 3 net\u00eb me radh\u00eb n\u00eb Muzeun e Kalas\u00eb s\u00eb Ulqinit \u00ebsht\u00eb zhvilluar Manifestimi i p\u00ebrvitsh\u00ebm letrar \u201cKalimera Poetike 2016\u201d e organizuar nga Shoqata","og_url":"https:\/\/www.visit-ulcinj.com\/blog\/2016\/08\/06\/kalimera-poetike-mbledh-poetet-nga-te-gjitha-trevat-shqiptare-ne-ulqin\/","og_site_name":"Lajme nga Ulqini","article_published_time":"2016-08-06T20:40:44+00:00","og_image":[{"url":"http:\/\/www.visit-ulcinj.com\/blog\/wp-content\/uploads\/2016\/08\/Kalimera-Poetike-Ulqin-2016.jpg"}],"twitter_misc":{"Written by":"ulqini","Est. reading time":"2 minutes"},"schema":{"@context":"https:\/\/schema.org","@graph":[{"@type":"WebSite","@id":"https:\/\/www.visit-ulcinj.com\/blog\/#website","url":"https:\/\/www.visit-ulcinj.com\/blog\/","name":"Lajme nga Ulqini","description":"Lajme,Vijesti,Ulqini,Ulqin,Crna Gora,Mali i Zi","potentialAction":[{"@type":"SearchAction","target":{"@type":"EntryPoint","urlTemplate":"https:\/\/www.visit-ulcinj.com\/blog\/?s={search_term_string}"},"query-input":"required name=search_term_string"}],"inLanguage":"en-US"},{"@type":"ImageObject","inLanguage":"en-US","@id":"https:\/\/www.visit-ulcinj.com\/blog\/2016\/08\/06\/kalimera-poetike-mbledh-poetet-nga-te-gjitha-trevat-shqiptare-ne-ulqin\/#primaryimage","url":"https:\/\/www.visit-ulcinj.com\/blog\/wp-content\/uploads\/2016\/08\/Kalimera-Poetike-Ulqin-2016.jpg","contentUrl":"https:\/\/www.visit-ulcinj.com\/blog\/wp-content\/uploads\/2016\/08\/Kalimera-Poetike-Ulqin-2016.jpg","width":960,"height":720},{"@type":"WebPage","@id":"https:\/\/www.visit-ulcinj.com\/blog\/2016\/08\/06\/kalimera-poetike-mbledh-poetet-nga-te-gjitha-trevat-shqiptare-ne-ulqin\/#webpage","url":"https:\/\/www.visit-ulcinj.com\/blog\/2016\/08\/06\/kalimera-poetike-mbledh-poetet-nga-te-gjitha-trevat-shqiptare-ne-ulqin\/","name":"\"Kalimera poetike\u201d mbledh poet\u00ebt nga t\u00eb gjitha trevat shqiptare n\u00eb Ulqin - Lajme nga Ulqini","isPartOf":{"@id":"https:\/\/www.visit-ulcinj.com\/blog\/#website"},"primaryImageOfPage":{"@id":"https:\/\/www.visit-ulcinj.com\/blog\/2016\/08\/06\/kalimera-poetike-mbledh-poetet-nga-te-gjitha-trevat-shqiptare-ne-ulqin\/#primaryimage"},"datePublished":"2016-08-06T20:40:44+00:00","dateModified":"2016-08-06T20:40:44+00:00","author":{"@id":"https:\/\/www.visit-ulcinj.com\/blog\/#\/schema\/person\/dcab619c614d3038751c63bc2aadc06d"},"description":"P\u00ebr 3 net\u00eb me radh\u00eb n\u00eb Muzeun e Kalas\u00eb s\u00eb Ulqinit \u00ebsht\u00eb zhvilluar Manifestimi i p\u00ebrvitsh\u00ebm letrar \u201cKalimera Poetike 2016\u201d e organizuar nga Shoqata","breadcrumb":{"@id":"https:\/\/www.visit-ulcinj.com\/blog\/2016\/08\/06\/kalimera-poetike-mbledh-poetet-nga-te-gjitha-trevat-shqiptare-ne-ulqin\/#breadcrumb"},"inLanguage":"en-US","potentialAction":[{"@type":"ReadAction","target":["https:\/\/www.visit-ulcinj.com\/blog\/2016\/08\/06\/kalimera-poetike-mbledh-poetet-nga-te-gjitha-trevat-shqiptare-ne-ulqin\/"]}]},{"@type":"BreadcrumbList","@id":"https:\/\/www.visit-ulcinj.com\/blog\/2016\/08\/06\/kalimera-poetike-mbledh-poetet-nga-te-gjitha-trevat-shqiptare-ne-ulqin\/#breadcrumb","itemListElement":[{"@type":"ListItem","position":1,"name":"&#8220;Kalimera poetike\u201d mbledh poet\u00ebt nga t\u00eb gjitha trevat shqiptare n\u00eb Ulqin"}]},{"@type":"Person","@id":"https:\/\/www.visit-ulcinj.com\/blog\/#\/schema\/person\/dcab619c614d3038751c63bc2aadc06d","name":"ulqini","sameAs":["http:\/\/www.visit-ulcinj.com"],"url":"https:\/\/www.visit-ulcinj.com\/blog\/author\/admin\/"}]}},"jetpack_featured_media_url":"","jetpack_sharing_enabled":true,"jetpack_shortlink":"https:\/\/wp.me\/pe6lTn-pJq","_links":{"self":[{"href":"https:\/\/www.visit-ulcinj.com\/blog\/wp-json\/wp\/v2\/posts\/98916"}],"collection":[{"href":"https:\/\/www.visit-ulcinj.com\/blog\/wp-json\/wp\/v2\/posts"}],"about":[{"href":"https:\/\/www.visit-ulcinj.com\/blog\/wp-json\/wp\/v2\/types\/post"}],"author":[{"embeddable":true,"href":"https:\/\/www.visit-ulcinj.com\/blog\/wp-json\/wp\/v2\/users\/1"}],"replies":[{"embeddable":true,"href":"https:\/\/www.visit-ulcinj.com\/blog\/wp-json\/wp\/v2\/comments?post=98916"}],"version-history":[{"count":1,"href":"https:\/\/www.visit-ulcinj.com\/blog\/wp-json\/wp\/v2\/posts\/98916\/revisions"}],"predecessor-version":[{"id":98918,"href":"https:\/\/www.visit-ulcinj.com\/blog\/wp-json\/wp\/v2\/posts\/98916\/revisions\/98918"}],"wp:attachment":[{"href":"https:\/\/www.visit-ulcinj.com\/blog\/wp-json\/wp\/v2\/media?parent=98916"}],"wp:term":[{"taxonomy":"category","embeddable":true,"href":"https:\/\/www.visit-ulcinj.com\/blog\/wp-json\/wp\/v2\/categories?post=98916"},{"taxonomy":"post_tag","embeddable":true,"href":"https:\/\/www.visit-ulcinj.com\/blog\/wp-json\/wp\/v2\/tags?post=98916"}],"curies":[{"name":"wp","href":"https:\/\/api.w.org\/{rel}","templated":true}]}}