{"id":98919,"date":"2016-08-06T21:53:42","date_gmt":"2016-08-06T20:53:42","guid":{"rendered":"http:\/\/www.visit-ulcinj.com\/blog\/?p=98919"},"modified":"2016-08-06T21:54:19","modified_gmt":"2016-08-06T20:54:19","slug":"skoro-pocinje-snimanje-filma-biser-bojane","status":"publish","type":"post","link":"https:\/\/www.visit-ulcinj.com\/blog\/2016\/08\/06\/skoro-pocinje-snimanje-filma-biser-bojane\/","title":{"rendered":"Skoro po\u010dinje snimanje filma &#8220;Biser Bojane&#8221;"},"content":{"rendered":"<p><a href=\"http:\/\/www.visit-ulcinj.com\/blog\/wp-content\/uploads\/2016\/08\/Biser-Bojane-.jpg\"><img loading=\"lazy\" class=\"alignleft wp-image-98920\" src=\"http:\/\/www.visit-ulcinj.com\/blog\/wp-content\/uploads\/2016\/08\/Biser-Bojane-.jpg\" alt=\"Biser Bojane-\" width=\"508\" height=\"281\" srcset=\"https:\/\/www.visit-ulcinj.com\/blog\/wp-content\/uploads\/2016\/08\/Biser-Bojane-.jpg 700w, https:\/\/www.visit-ulcinj.com\/blog\/wp-content\/uploads\/2016\/08\/Biser-Bojane--300x166.jpg 300w\" sizes=\"(max-width: 508px) 100vw, 508px\" \/><\/a>Reditelj, producent i glumac Milutin-Mima Karad\u017ei\u0107 najavio je da \u0107e za desetak dana po\u010deti snimanje filma \u201eBiser Bojane\u201c u Ulcinju. Prema njegovim rije\u010dima, ideja je da se o\u017eivi ljepota mentaliteta i prirode koja okru\u017euje Adu sa Bojanom i Solanom.<\/p>\n<p>U ovom projektu bra\u0107e Milutina i Milana Karad\u017ei\u0107a u\u010destvova\u0107e ve\u0107i broj glumaca iz regije, me\u0111u kojima su i Enver Petrovci, Milena Dravi\u0107, Bora Stjepanovi\u0107\u2026<\/p>\n<p>\u201cU pitanju je romanti\u010dna komedija za koju je brat Milan napisao fantasti\u010dan scenario. Za sada je u planu samo snimanje filma, ali ne\u0107emo isklju\u010diti mogu\u0107nost da i od ovog projekta napravimo seriju\u201d, kazao je popularni Mima.<\/p>\n<p>Ina\u010de, u hotelu \u201cOtrant\u201d sjutra \u0107e biti odr\u017eana prezentacija filma \u201cBiser Bojane\u201d, koji \u0107e podr\u017eati Ministarstvo kulture Crne Gore i Op\u0161tina Ulcinj.<\/p>\n<p>RTCG<\/p>\n<p><a href=\"http:\/\/www.visit-ulcinj.com\/blog\/wp-content\/uploads\/2016\/08\/Biser-Bojane-Hotel-Otrant-Ulcinj.jpg\"><img loading=\"lazy\" class=\"alignleft wp-image-98921\" src=\"http:\/\/www.visit-ulcinj.com\/blog\/wp-content\/uploads\/2016\/08\/Biser-Bojane-Hotel-Otrant-Ulcinj.jpg\" alt=\"Biser Bojane-Hotel Otrant-Ulcinj\" width=\"508\" height=\"286\" srcset=\"https:\/\/www.visit-ulcinj.com\/blog\/wp-content\/uploads\/2016\/08\/Biser-Bojane-Hotel-Otrant-Ulcinj.jpg 960w, https:\/\/www.visit-ulcinj.com\/blog\/wp-content\/uploads\/2016\/08\/Biser-Bojane-Hotel-Otrant-Ulcinj-300x169.jpg 300w, https:\/\/www.visit-ulcinj.com\/blog\/wp-content\/uploads\/2016\/08\/Biser-Bojane-Hotel-Otrant-Ulcinj-768x432.jpg 768w\" sizes=\"(max-width: 508px) 100vw, 508px\" \/><\/a><\/p>\n<p>U hotelu Otrant u Ulcinju odrzana prezentacija i press konferencija za pocetak projekta, odnosno snimanje filma \u201eBiser Bojane\u201c.<br \/>\nProdukcijske ku\u0107e \u201eMM Produkction Montenegro\u201c i \u201eVisionteam\u201c iz Beograda po\u010dinju snimanje savremene romanti\u010dne komedije Biser Bojane\u201c, koja \u0107e se u bioskopima na\u0107i tokom naredne godine. Film \u0107e biti sniman u Beogradu i Trstu, a ve\u0107im dijelom na ulcinjskoj Velikoj pla\u017ei, solani i Starom gradu.<\/p>\n<p>U najavi projekta \u201cBiser Bojane\u201d, pi\u0161e da pri\u010da po\u010dinje u Beogradu, odnosno Kladovu du\u017e toka Dunava i Trstu, a zavr\u0161ava se na Adi Bojani gdje uz niz komi\u010dnih situacija, ispreplitanih porodi\u010dnih pri\u010da, dolazi do razrje\u0161enja ljubavnih problema mladog \u0110or\u0111a (dvadesetpetogodi\u0161njeg ljekara i ljubitelja prirode i ptica iz Beograda) i Lole (dvadesetdvogodi\u0161nje studentkinje iz Ulcinja, zaljubljene u more i kajt), kao i davno prekinutog odnosa oca i sina&#8230;Scenaristi filma su Bojana Babi\u0107, \u0110ur\u0111evi\u0107 i Stevo Koprivica, direktor fotografije je Milan Tvrdi\u0161i\u0107, monta\u017eer Arif Zaabi, glumci Vanja Nenadi\u0107, Slaven Do\u0161lo, Andrija Milo\u0161evi\u0107, Emir \u0106atovi\u0107, Hristina Popovi\u0107, Nevena Risti\u0107, Karad\u017ei\u0107, Mladen Nelevi\u0107, Boro Stjepanovi\u0107, Du\u0161an kova\u010devi\u0107, Mirko Vlahovi\u0107, Dubravka Draki\u0107, Petrovci, Mugo\u0161a, Milena Dravi\u0107 i mnogi mladi glumci sa Crnogorske akademije.<\/p>\n<p>Goste u konferencijskoj Sali Otranta \u010dekali su predsjednik Op\u0161tine i Skup\u0161tine, Nazif Cungu i Ljoro Nreki\u0107.<br \/>\nProjekat ce podrzati Ministarstvo kulture CG, Opstina i Turisticka Organizacija Ulcinj kao i lokalni privrednici.<\/p>\n","protected":false},"excerpt":{"rendered":"<p>Reditelj, producent i glumac Milutin-Mima Karad\u017ei\u0107 najavio je da \u0107e za desetak dana po\u010deti snimanje filma \u201eBiser Bojane\u201c u Ulcinju. Prema njegovim rije\u010dima, ideja je da se o\u017eivi ljepota mentaliteta i prirode koja okru\u017euje Adu sa Bojanom i Solanom. U ovom projektu bra\u0107e Milutina i Milana Karad\u017ei\u0107a u\u010destvova\u0107e ve\u0107i broj glumaca iz regije, me\u0111u kojima [&hellip;]<\/p>\n","protected":false},"author":1,"featured_media":0,"comment_status":"closed","ping_status":"closed","sticky":false,"template":"","format":"standard","meta":{"spay_email":"","jetpack_publicize_message":"","jetpack_is_tweetstorm":false,"jetpack_publicize_feature_enabled":true},"categories":[6950],"tags":[],"jetpack_publicize_connections":[],"yoast_head":"<!-- This site is optimized with the Yoast SEO plugin v19.1 - https:\/\/yoast.com\/wordpress\/plugins\/seo\/ -->\n<title>Skoro po\u010dinje snimanje filma &quot;Biser Bojane&quot; - Lajme nga Ulqini<\/title>\n<meta name=\"description\" content=\"Reditelj, producent i glumac Milutin-Mima Karad\u017ei\u0107 najavio je da \u0107e za desetak dana po\u010deti snimanje filma \u201eBiser Bojane\u201c u Ulcinju. Prema njegovim\" \/>\n<meta name=\"robots\" content=\"index, follow, max-snippet:-1, max-image-preview:large, max-video-preview:-1\" \/>\n<link rel=\"canonical\" href=\"https:\/\/www.visit-ulcinj.com\/blog\/2016\/08\/06\/skoro-pocinje-snimanje-filma-biser-bojane\/\" \/>\n<meta property=\"og:locale\" content=\"en_US\" \/>\n<meta property=\"og:type\" content=\"article\" \/>\n<meta property=\"og:title\" content=\"Skoro po\u010dinje snimanje filma &quot;Biser Bojane&quot; - Lajme nga Ulqini\" \/>\n<meta property=\"og:description\" content=\"Reditelj, producent i glumac Milutin-Mima Karad\u017ei\u0107 najavio je da \u0107e za desetak dana po\u010deti snimanje filma \u201eBiser Bojane\u201c u Ulcinju. Prema njegovim\" \/>\n<meta property=\"og:url\" content=\"https:\/\/www.visit-ulcinj.com\/blog\/2016\/08\/06\/skoro-pocinje-snimanje-filma-biser-bojane\/\" \/>\n<meta property=\"og:site_name\" content=\"Lajme nga Ulqini\" \/>\n<meta property=\"article:published_time\" content=\"2016-08-06T20:53:42+00:00\" \/>\n<meta property=\"article:modified_time\" content=\"2016-08-06T20:54:19+00:00\" \/>\n<meta property=\"og:image\" content=\"http:\/\/www.visit-ulcinj.com\/blog\/wp-content\/uploads\/2016\/08\/Biser-Bojane-.jpg\" \/>\n<meta name=\"twitter:label1\" content=\"Written by\" \/>\n\t<meta name=\"twitter:data1\" content=\"ulqini\" \/>\n\t<meta name=\"twitter:label2\" content=\"Est. reading time\" \/>\n\t<meta name=\"twitter:data2\" content=\"2 minutes\" \/>\n<script type=\"application\/ld+json\" class=\"yoast-schema-graph\">{\"@context\":\"https:\/\/schema.org\",\"@graph\":[{\"@type\":\"WebSite\",\"@id\":\"https:\/\/www.visit-ulcinj.com\/blog\/#website\",\"url\":\"https:\/\/www.visit-ulcinj.com\/blog\/\",\"name\":\"Lajme nga Ulqini\",\"description\":\"Lajme,Vijesti,Ulqini,Ulqin,Crna Gora,Mali i Zi\",\"potentialAction\":[{\"@type\":\"SearchAction\",\"target\":{\"@type\":\"EntryPoint\",\"urlTemplate\":\"https:\/\/www.visit-ulcinj.com\/blog\/?s={search_term_string}\"},\"query-input\":\"required name=search_term_string\"}],\"inLanguage\":\"en-US\"},{\"@type\":\"ImageObject\",\"inLanguage\":\"en-US\",\"@id\":\"https:\/\/www.visit-ulcinj.com\/blog\/2016\/08\/06\/skoro-pocinje-snimanje-filma-biser-bojane\/#primaryimage\",\"url\":\"https:\/\/www.visit-ulcinj.com\/blog\/wp-content\/uploads\/2016\/08\/Biser-Bojane-.jpg\",\"contentUrl\":\"https:\/\/www.visit-ulcinj.com\/blog\/wp-content\/uploads\/2016\/08\/Biser-Bojane-.jpg\",\"width\":700,\"height\":387},{\"@type\":\"WebPage\",\"@id\":\"https:\/\/www.visit-ulcinj.com\/blog\/2016\/08\/06\/skoro-pocinje-snimanje-filma-biser-bojane\/#webpage\",\"url\":\"https:\/\/www.visit-ulcinj.com\/blog\/2016\/08\/06\/skoro-pocinje-snimanje-filma-biser-bojane\/\",\"name\":\"Skoro po\u010dinje snimanje filma \\\"Biser Bojane\\\" - Lajme nga Ulqini\",\"isPartOf\":{\"@id\":\"https:\/\/www.visit-ulcinj.com\/blog\/#website\"},\"primaryImageOfPage\":{\"@id\":\"https:\/\/www.visit-ulcinj.com\/blog\/2016\/08\/06\/skoro-pocinje-snimanje-filma-biser-bojane\/#primaryimage\"},\"datePublished\":\"2016-08-06T20:53:42+00:00\",\"dateModified\":\"2016-08-06T20:54:19+00:00\",\"author\":{\"@id\":\"https:\/\/www.visit-ulcinj.com\/blog\/#\/schema\/person\/dcab619c614d3038751c63bc2aadc06d\"},\"description\":\"Reditelj, producent i glumac Milutin-Mima Karad\u017ei\u0107 najavio je da \u0107e za desetak dana po\u010deti snimanje filma \u201eBiser Bojane\u201c u Ulcinju. Prema njegovim\",\"breadcrumb\":{\"@id\":\"https:\/\/www.visit-ulcinj.com\/blog\/2016\/08\/06\/skoro-pocinje-snimanje-filma-biser-bojane\/#breadcrumb\"},\"inLanguage\":\"en-US\",\"potentialAction\":[{\"@type\":\"ReadAction\",\"target\":[\"https:\/\/www.visit-ulcinj.com\/blog\/2016\/08\/06\/skoro-pocinje-snimanje-filma-biser-bojane\/\"]}]},{\"@type\":\"BreadcrumbList\",\"@id\":\"https:\/\/www.visit-ulcinj.com\/blog\/2016\/08\/06\/skoro-pocinje-snimanje-filma-biser-bojane\/#breadcrumb\",\"itemListElement\":[{\"@type\":\"ListItem\",\"position\":1,\"name\":\"Skoro po\u010dinje snimanje filma &#8220;Biser Bojane&#8221;\"}]},{\"@type\":\"Person\",\"@id\":\"https:\/\/www.visit-ulcinj.com\/blog\/#\/schema\/person\/dcab619c614d3038751c63bc2aadc06d\",\"name\":\"ulqini\",\"sameAs\":[\"http:\/\/www.visit-ulcinj.com\"],\"url\":\"https:\/\/www.visit-ulcinj.com\/blog\/author\/admin\/\"}]}<\/script>\n<!-- \/ Yoast SEO plugin. -->","yoast_head_json":{"title":"Skoro po\u010dinje snimanje filma \"Biser Bojane\" - Lajme nga Ulqini","description":"Reditelj, producent i glumac Milutin-Mima Karad\u017ei\u0107 najavio je da \u0107e za desetak dana po\u010deti snimanje filma \u201eBiser Bojane\u201c u Ulcinju. Prema njegovim","robots":{"index":"index","follow":"follow","max-snippet":"max-snippet:-1","max-image-preview":"max-image-preview:large","max-video-preview":"max-video-preview:-1"},"canonical":"https:\/\/www.visit-ulcinj.com\/blog\/2016\/08\/06\/skoro-pocinje-snimanje-filma-biser-bojane\/","og_locale":"en_US","og_type":"article","og_title":"Skoro po\u010dinje snimanje filma \"Biser Bojane\" - Lajme nga Ulqini","og_description":"Reditelj, producent i glumac Milutin-Mima Karad\u017ei\u0107 najavio je da \u0107e za desetak dana po\u010deti snimanje filma \u201eBiser Bojane\u201c u Ulcinju. Prema njegovim","og_url":"https:\/\/www.visit-ulcinj.com\/blog\/2016\/08\/06\/skoro-pocinje-snimanje-filma-biser-bojane\/","og_site_name":"Lajme nga Ulqini","article_published_time":"2016-08-06T20:53:42+00:00","article_modified_time":"2016-08-06T20:54:19+00:00","og_image":[{"url":"http:\/\/www.visit-ulcinj.com\/blog\/wp-content\/uploads\/2016\/08\/Biser-Bojane-.jpg"}],"twitter_misc":{"Written by":"ulqini","Est. reading time":"2 minutes"},"schema":{"@context":"https:\/\/schema.org","@graph":[{"@type":"WebSite","@id":"https:\/\/www.visit-ulcinj.com\/blog\/#website","url":"https:\/\/www.visit-ulcinj.com\/blog\/","name":"Lajme nga Ulqini","description":"Lajme,Vijesti,Ulqini,Ulqin,Crna Gora,Mali i Zi","potentialAction":[{"@type":"SearchAction","target":{"@type":"EntryPoint","urlTemplate":"https:\/\/www.visit-ulcinj.com\/blog\/?s={search_term_string}"},"query-input":"required name=search_term_string"}],"inLanguage":"en-US"},{"@type":"ImageObject","inLanguage":"en-US","@id":"https:\/\/www.visit-ulcinj.com\/blog\/2016\/08\/06\/skoro-pocinje-snimanje-filma-biser-bojane\/#primaryimage","url":"https:\/\/www.visit-ulcinj.com\/blog\/wp-content\/uploads\/2016\/08\/Biser-Bojane-.jpg","contentUrl":"https:\/\/www.visit-ulcinj.com\/blog\/wp-content\/uploads\/2016\/08\/Biser-Bojane-.jpg","width":700,"height":387},{"@type":"WebPage","@id":"https:\/\/www.visit-ulcinj.com\/blog\/2016\/08\/06\/skoro-pocinje-snimanje-filma-biser-bojane\/#webpage","url":"https:\/\/www.visit-ulcinj.com\/blog\/2016\/08\/06\/skoro-pocinje-snimanje-filma-biser-bojane\/","name":"Skoro po\u010dinje snimanje filma \"Biser Bojane\" - Lajme nga Ulqini","isPartOf":{"@id":"https:\/\/www.visit-ulcinj.com\/blog\/#website"},"primaryImageOfPage":{"@id":"https:\/\/www.visit-ulcinj.com\/blog\/2016\/08\/06\/skoro-pocinje-snimanje-filma-biser-bojane\/#primaryimage"},"datePublished":"2016-08-06T20:53:42+00:00","dateModified":"2016-08-06T20:54:19+00:00","author":{"@id":"https:\/\/www.visit-ulcinj.com\/blog\/#\/schema\/person\/dcab619c614d3038751c63bc2aadc06d"},"description":"Reditelj, producent i glumac Milutin-Mima Karad\u017ei\u0107 najavio je da \u0107e za desetak dana po\u010deti snimanje filma \u201eBiser Bojane\u201c u Ulcinju. Prema njegovim","breadcrumb":{"@id":"https:\/\/www.visit-ulcinj.com\/blog\/2016\/08\/06\/skoro-pocinje-snimanje-filma-biser-bojane\/#breadcrumb"},"inLanguage":"en-US","potentialAction":[{"@type":"ReadAction","target":["https:\/\/www.visit-ulcinj.com\/blog\/2016\/08\/06\/skoro-pocinje-snimanje-filma-biser-bojane\/"]}]},{"@type":"BreadcrumbList","@id":"https:\/\/www.visit-ulcinj.com\/blog\/2016\/08\/06\/skoro-pocinje-snimanje-filma-biser-bojane\/#breadcrumb","itemListElement":[{"@type":"ListItem","position":1,"name":"Skoro po\u010dinje snimanje filma &#8220;Biser Bojane&#8221;"}]},{"@type":"Person","@id":"https:\/\/www.visit-ulcinj.com\/blog\/#\/schema\/person\/dcab619c614d3038751c63bc2aadc06d","name":"ulqini","sameAs":["http:\/\/www.visit-ulcinj.com"],"url":"https:\/\/www.visit-ulcinj.com\/blog\/author\/admin\/"}]}},"jetpack_featured_media_url":"","jetpack_sharing_enabled":true,"jetpack_shortlink":"https:\/\/wp.me\/pe6lTn-pJt","_links":{"self":[{"href":"https:\/\/www.visit-ulcinj.com\/blog\/wp-json\/wp\/v2\/posts\/98919"}],"collection":[{"href":"https:\/\/www.visit-ulcinj.com\/blog\/wp-json\/wp\/v2\/posts"}],"about":[{"href":"https:\/\/www.visit-ulcinj.com\/blog\/wp-json\/wp\/v2\/types\/post"}],"author":[{"embeddable":true,"href":"https:\/\/www.visit-ulcinj.com\/blog\/wp-json\/wp\/v2\/users\/1"}],"replies":[{"embeddable":true,"href":"https:\/\/www.visit-ulcinj.com\/blog\/wp-json\/wp\/v2\/comments?post=98919"}],"version-history":[{"count":1,"href":"https:\/\/www.visit-ulcinj.com\/blog\/wp-json\/wp\/v2\/posts\/98919\/revisions"}],"predecessor-version":[{"id":98922,"href":"https:\/\/www.visit-ulcinj.com\/blog\/wp-json\/wp\/v2\/posts\/98919\/revisions\/98922"}],"wp:attachment":[{"href":"https:\/\/www.visit-ulcinj.com\/blog\/wp-json\/wp\/v2\/media?parent=98919"}],"wp:term":[{"taxonomy":"category","embeddable":true,"href":"https:\/\/www.visit-ulcinj.com\/blog\/wp-json\/wp\/v2\/categories?post=98919"},{"taxonomy":"post_tag","embeddable":true,"href":"https:\/\/www.visit-ulcinj.com\/blog\/wp-json\/wp\/v2\/tags?post=98919"}],"curies":[{"name":"wp","href":"https:\/\/api.w.org\/{rel}","templated":true}]}}