{"id":98934,"date":"2016-08-09T08:37:06","date_gmt":"2016-08-09T07:37:06","guid":{"rendered":"http:\/\/www.visit-ulcinj.com\/blog\/?p=98934"},"modified":"2016-08-09T08:37:06","modified_gmt":"2016-08-09T07:37:06","slug":"sot-hapet-panairi-librit-ne-ulqin","status":"publish","type":"post","link":"https:\/\/www.visit-ulcinj.com\/blog\/2016\/08\/09\/sot-hapet-panairi-librit-ne-ulqin\/","title":{"rendered":"Sot hapet Panairi i Librit n\u00eb Ulqin"},"content":{"rendered":"<p><strong><a href=\"http:\/\/www.visit-ulcinj.com\/blog\/wp-content\/uploads\/2016\/08\/Sot-hapet-panairi-librit-ne-\u2013-Ulqin.jpg\"><img loading=\"lazy\" class=\"alignleft wp-image-98935\" src=\"http:\/\/www.visit-ulcinj.com\/blog\/wp-content\/uploads\/2016\/08\/Sot-hapet-panairi-librit-ne-\u2013-Ulqin.jpg\" alt=\"Sot hapet  panairi librit ne \u2013 Ulqin\" width=\"508\" height=\"381\" srcset=\"https:\/\/www.visit-ulcinj.com\/blog\/wp-content\/uploads\/2016\/08\/Sot-hapet-panairi-librit-ne-\u2013-Ulqin.jpg 810w, https:\/\/www.visit-ulcinj.com\/blog\/wp-content\/uploads\/2016\/08\/Sot-hapet-panairi-librit-ne-\u2013-Ulqin-300x225.jpg 300w, https:\/\/www.visit-ulcinj.com\/blog\/wp-content\/uploads\/2016\/08\/Sot-hapet-panairi-librit-ne-\u2013-Ulqin-768x576.jpg 768w\" sizes=\"(max-width: 508px) 100vw, 508px\" \/><\/a>Panairi nd\u00ebrkomb\u00ebtar i panairit \u2013 Ulqin, 09.08.2016<\/strong><\/p>\n<p>Panairi nd\u00ebrkomb\u00ebtar i librit n\u00eb Ulqin do t\u00eb mbahet prej 09.08.2016 me fillim n\u00eb ora 21.00h n\u00eb shetitoren e Plazhit t\u00eb vog\u00ebl. N\u00eb k\u00ebt\u00eb manifestim q\u00eb tashm\u00eb \u00ebsht\u00eb b\u00ebr\u00eb tradicionale dhe q\u00eb po mbahet p\u00ebr her\u00eb t\u00eb 16, do t\u00eb marrin pjes\u00eb mbi 35 ekpozues nga vendi dhe rajoni dhe do t\u00eb shpalosin mbi 30.000 tituj t\u00eb ndrysh\u00ebm. Me k\u00ebt\u00eb manifestim q\u00eb \u00ebsht\u00eb b\u00ebr\u00eb ngjarje kulturore p\u00ebr vendin ton\u00eb, Ulqini ka konfirmuar q\u00ebndrueshm\u00ebrin\u00eb n\u00eb lib\u00ebr nd\u00ebrsa forca q\u00eb sjell libri \u00ebsht\u00eb dija, bashk\u00ebpunimi, kultura dhe toleranca.<\/p>\n<p>N\u00eb hapje do t\u00eb marr\u00eb pjes\u00eb kryetari i Komun\u00ebs g.Nazif Cungu dhe drejtori i Organizat\u00ebs Turistike t\u00eb Ulqinit Mr Fuad Haxhibeti dhe ky manifestim do te organizohet nen patronatin e Komunes se Ulqinit, Qendres per Kulture dhe Organizates Turistike.<\/p>\n<p>Mir\u00eb se vini !!!<\/p>\n","protected":false},"excerpt":{"rendered":"<p>Panairi nd\u00ebrkomb\u00ebtar i panairit \u2013 Ulqin, 09.08.2016 Panairi nd\u00ebrkomb\u00ebtar i librit n\u00eb Ulqin do t\u00eb mbahet prej 09.08.2016 me fillim n\u00eb ora 21.00h n\u00eb shetitoren e Plazhit t\u00eb vog\u00ebl. N\u00eb k\u00ebt\u00eb manifestim q\u00eb tashm\u00eb \u00ebsht\u00eb b\u00ebr\u00eb tradicionale dhe q\u00eb po mbahet p\u00ebr her\u00eb t\u00eb 16, do t\u00eb marrin pjes\u00eb mbi 35 ekpozues nga vendi dhe [&hellip;]<\/p>\n","protected":false},"author":1,"featured_media":0,"comment_status":"closed","ping_status":"closed","sticky":false,"template":"","format":"standard","meta":{"spay_email":"","jetpack_publicize_message":"","jetpack_is_tweetstorm":false,"jetpack_publicize_feature_enabled":true},"categories":[1],"tags":[],"jetpack_publicize_connections":[],"yoast_head":"<!-- This site is optimized with the Yoast SEO plugin v19.1 - https:\/\/yoast.com\/wordpress\/plugins\/seo\/ -->\n<title>Sot hapet Panairi i Librit n\u00eb Ulqin - Lajme nga Ulqini<\/title>\n<meta name=\"description\" content=\"Panairi nd\u00ebrkomb\u00ebtar i panairit \u2013 Ulqin, 09.08.2016 Panairi nd\u00ebrkomb\u00ebtar i librit n\u00eb Ulqin do t\u00eb mbahet prej 09.08.2016 me fillim n\u00eb ora 21.00h n\u00eb\" \/>\n<meta name=\"robots\" content=\"index, follow, max-snippet:-1, max-image-preview:large, max-video-preview:-1\" \/>\n<link rel=\"canonical\" href=\"https:\/\/www.visit-ulcinj.com\/blog\/2016\/08\/09\/sot-hapet-panairi-librit-ne-ulqin\/\" \/>\n<meta property=\"og:locale\" content=\"en_US\" \/>\n<meta property=\"og:type\" content=\"article\" \/>\n<meta property=\"og:title\" content=\"Sot hapet Panairi i Librit n\u00eb Ulqin - Lajme nga Ulqini\" \/>\n<meta property=\"og:description\" content=\"Panairi nd\u00ebrkomb\u00ebtar i panairit \u2013 Ulqin, 09.08.2016 Panairi nd\u00ebrkomb\u00ebtar i librit n\u00eb Ulqin do t\u00eb mbahet prej 09.08.2016 me fillim n\u00eb ora 21.00h n\u00eb\" \/>\n<meta property=\"og:url\" content=\"https:\/\/www.visit-ulcinj.com\/blog\/2016\/08\/09\/sot-hapet-panairi-librit-ne-ulqin\/\" \/>\n<meta property=\"og:site_name\" content=\"Lajme nga Ulqini\" \/>\n<meta property=\"article:published_time\" content=\"2016-08-09T07:37:06+00:00\" \/>\n<meta name=\"twitter:label1\" content=\"Written by\" \/>\n\t<meta name=\"twitter:data1\" content=\"ulqini\" \/>\n\t<meta name=\"twitter:label2\" content=\"Est. reading time\" \/>\n\t<meta name=\"twitter:data2\" content=\"1 minute\" \/>\n<script type=\"application\/ld+json\" class=\"yoast-schema-graph\">{\"@context\":\"https:\/\/schema.org\",\"@graph\":[{\"@type\":\"WebSite\",\"@id\":\"https:\/\/www.visit-ulcinj.com\/blog\/#website\",\"url\":\"https:\/\/www.visit-ulcinj.com\/blog\/\",\"name\":\"Lajme nga Ulqini\",\"description\":\"Lajme,Vijesti,Ulqini,Ulqin,Crna Gora,Mali i Zi\",\"potentialAction\":[{\"@type\":\"SearchAction\",\"target\":{\"@type\":\"EntryPoint\",\"urlTemplate\":\"https:\/\/www.visit-ulcinj.com\/blog\/?s={search_term_string}\"},\"query-input\":\"required name=search_term_string\"}],\"inLanguage\":\"en-US\"},{\"@type\":\"WebPage\",\"@id\":\"https:\/\/www.visit-ulcinj.com\/blog\/2016\/08\/09\/sot-hapet-panairi-librit-ne-ulqin\/#webpage\",\"url\":\"https:\/\/www.visit-ulcinj.com\/blog\/2016\/08\/09\/sot-hapet-panairi-librit-ne-ulqin\/\",\"name\":\"Sot hapet Panairi i Librit n\u00eb Ulqin - Lajme nga Ulqini\",\"isPartOf\":{\"@id\":\"https:\/\/www.visit-ulcinj.com\/blog\/#website\"},\"datePublished\":\"2016-08-09T07:37:06+00:00\",\"dateModified\":\"2016-08-09T07:37:06+00:00\",\"author\":{\"@id\":\"https:\/\/www.visit-ulcinj.com\/blog\/#\/schema\/person\/dcab619c614d3038751c63bc2aadc06d\"},\"description\":\"Panairi nd\u00ebrkomb\u00ebtar i panairit \u2013 Ulqin, 09.08.2016 Panairi nd\u00ebrkomb\u00ebtar i librit n\u00eb Ulqin do t\u00eb mbahet prej 09.08.2016 me fillim n\u00eb ora 21.00h n\u00eb\",\"breadcrumb\":{\"@id\":\"https:\/\/www.visit-ulcinj.com\/blog\/2016\/08\/09\/sot-hapet-panairi-librit-ne-ulqin\/#breadcrumb\"},\"inLanguage\":\"en-US\",\"potentialAction\":[{\"@type\":\"ReadAction\",\"target\":[\"https:\/\/www.visit-ulcinj.com\/blog\/2016\/08\/09\/sot-hapet-panairi-librit-ne-ulqin\/\"]}]},{\"@type\":\"BreadcrumbList\",\"@id\":\"https:\/\/www.visit-ulcinj.com\/blog\/2016\/08\/09\/sot-hapet-panairi-librit-ne-ulqin\/#breadcrumb\",\"itemListElement\":[{\"@type\":\"ListItem\",\"position\":1,\"name\":\"Sot hapet Panairi i Librit n\u00eb Ulqin\"}]},{\"@type\":\"Person\",\"@id\":\"https:\/\/www.visit-ulcinj.com\/blog\/#\/schema\/person\/dcab619c614d3038751c63bc2aadc06d\",\"name\":\"ulqini\",\"sameAs\":[\"http:\/\/www.visit-ulcinj.com\"],\"url\":\"https:\/\/www.visit-ulcinj.com\/blog\/author\/admin\/\"}]}<\/script>\n<!-- \/ Yoast SEO plugin. -->","yoast_head_json":{"title":"Sot hapet Panairi i Librit n\u00eb Ulqin - Lajme nga Ulqini","description":"Panairi nd\u00ebrkomb\u00ebtar i panairit \u2013 Ulqin, 09.08.2016 Panairi nd\u00ebrkomb\u00ebtar i librit n\u00eb Ulqin do t\u00eb mbahet prej 09.08.2016 me fillim n\u00eb ora 21.00h n\u00eb","robots":{"index":"index","follow":"follow","max-snippet":"max-snippet:-1","max-image-preview":"max-image-preview:large","max-video-preview":"max-video-preview:-1"},"canonical":"https:\/\/www.visit-ulcinj.com\/blog\/2016\/08\/09\/sot-hapet-panairi-librit-ne-ulqin\/","og_locale":"en_US","og_type":"article","og_title":"Sot hapet Panairi i Librit n\u00eb Ulqin - Lajme nga Ulqini","og_description":"Panairi nd\u00ebrkomb\u00ebtar i panairit \u2013 Ulqin, 09.08.2016 Panairi nd\u00ebrkomb\u00ebtar i librit n\u00eb Ulqin do t\u00eb mbahet prej 09.08.2016 me fillim n\u00eb ora 21.00h n\u00eb","og_url":"https:\/\/www.visit-ulcinj.com\/blog\/2016\/08\/09\/sot-hapet-panairi-librit-ne-ulqin\/","og_site_name":"Lajme nga Ulqini","article_published_time":"2016-08-09T07:37:06+00:00","twitter_misc":{"Written by":"ulqini","Est. reading time":"1 minute"},"schema":{"@context":"https:\/\/schema.org","@graph":[{"@type":"WebSite","@id":"https:\/\/www.visit-ulcinj.com\/blog\/#website","url":"https:\/\/www.visit-ulcinj.com\/blog\/","name":"Lajme nga Ulqini","description":"Lajme,Vijesti,Ulqini,Ulqin,Crna Gora,Mali i Zi","potentialAction":[{"@type":"SearchAction","target":{"@type":"EntryPoint","urlTemplate":"https:\/\/www.visit-ulcinj.com\/blog\/?s={search_term_string}"},"query-input":"required name=search_term_string"}],"inLanguage":"en-US"},{"@type":"WebPage","@id":"https:\/\/www.visit-ulcinj.com\/blog\/2016\/08\/09\/sot-hapet-panairi-librit-ne-ulqin\/#webpage","url":"https:\/\/www.visit-ulcinj.com\/blog\/2016\/08\/09\/sot-hapet-panairi-librit-ne-ulqin\/","name":"Sot hapet Panairi i Librit n\u00eb Ulqin - Lajme nga Ulqini","isPartOf":{"@id":"https:\/\/www.visit-ulcinj.com\/blog\/#website"},"datePublished":"2016-08-09T07:37:06+00:00","dateModified":"2016-08-09T07:37:06+00:00","author":{"@id":"https:\/\/www.visit-ulcinj.com\/blog\/#\/schema\/person\/dcab619c614d3038751c63bc2aadc06d"},"description":"Panairi nd\u00ebrkomb\u00ebtar i panairit \u2013 Ulqin, 09.08.2016 Panairi nd\u00ebrkomb\u00ebtar i librit n\u00eb Ulqin do t\u00eb mbahet prej 09.08.2016 me fillim n\u00eb ora 21.00h n\u00eb","breadcrumb":{"@id":"https:\/\/www.visit-ulcinj.com\/blog\/2016\/08\/09\/sot-hapet-panairi-librit-ne-ulqin\/#breadcrumb"},"inLanguage":"en-US","potentialAction":[{"@type":"ReadAction","target":["https:\/\/www.visit-ulcinj.com\/blog\/2016\/08\/09\/sot-hapet-panairi-librit-ne-ulqin\/"]}]},{"@type":"BreadcrumbList","@id":"https:\/\/www.visit-ulcinj.com\/blog\/2016\/08\/09\/sot-hapet-panairi-librit-ne-ulqin\/#breadcrumb","itemListElement":[{"@type":"ListItem","position":1,"name":"Sot hapet Panairi i Librit n\u00eb Ulqin"}]},{"@type":"Person","@id":"https:\/\/www.visit-ulcinj.com\/blog\/#\/schema\/person\/dcab619c614d3038751c63bc2aadc06d","name":"ulqini","sameAs":["http:\/\/www.visit-ulcinj.com"],"url":"https:\/\/www.visit-ulcinj.com\/blog\/author\/admin\/"}]}},"jetpack_featured_media_url":"","jetpack_sharing_enabled":true,"jetpack_shortlink":"https:\/\/wp.me\/pe6lTn-pJI","_links":{"self":[{"href":"https:\/\/www.visit-ulcinj.com\/blog\/wp-json\/wp\/v2\/posts\/98934"}],"collection":[{"href":"https:\/\/www.visit-ulcinj.com\/blog\/wp-json\/wp\/v2\/posts"}],"about":[{"href":"https:\/\/www.visit-ulcinj.com\/blog\/wp-json\/wp\/v2\/types\/post"}],"author":[{"embeddable":true,"href":"https:\/\/www.visit-ulcinj.com\/blog\/wp-json\/wp\/v2\/users\/1"}],"replies":[{"embeddable":true,"href":"https:\/\/www.visit-ulcinj.com\/blog\/wp-json\/wp\/v2\/comments?post=98934"}],"version-history":[{"count":1,"href":"https:\/\/www.visit-ulcinj.com\/blog\/wp-json\/wp\/v2\/posts\/98934\/revisions"}],"predecessor-version":[{"id":98936,"href":"https:\/\/www.visit-ulcinj.com\/blog\/wp-json\/wp\/v2\/posts\/98934\/revisions\/98936"}],"wp:attachment":[{"href":"https:\/\/www.visit-ulcinj.com\/blog\/wp-json\/wp\/v2\/media?parent=98934"}],"wp:term":[{"taxonomy":"category","embeddable":true,"href":"https:\/\/www.visit-ulcinj.com\/blog\/wp-json\/wp\/v2\/categories?post=98934"},{"taxonomy":"post_tag","embeddable":true,"href":"https:\/\/www.visit-ulcinj.com\/blog\/wp-json\/wp\/v2\/tags?post=98934"}],"curies":[{"name":"wp","href":"https:\/\/api.w.org\/{rel}","templated":true}]}}