{"id":98937,"date":"2016-08-09T08:40:23","date_gmt":"2016-08-09T07:40:23","guid":{"rendered":"http:\/\/www.visit-ulcinj.com\/blog\/?p=98937"},"modified":"2016-08-09T08:40:23","modified_gmt":"2016-08-09T07:40:23","slug":"danas-pocinje-sajam-knjiga-u-ulcinj","status":"publish","type":"post","link":"https:\/\/www.visit-ulcinj.com\/blog\/2016\/08\/09\/danas-pocinje-sajam-knjiga-u-ulcinj\/","title":{"rendered":"Danas po\u010dinje Sajam knjiga u Ulcinj"},"content":{"rendered":"<p><strong><a href=\"http:\/\/www.visit-ulcinj.com\/blog\/wp-content\/uploads\/2016\/08\/Sot-hapet-panairi-librit-ne-\u2013-Ulqin.jpg\"><img loading=\"lazy\" class=\"alignleft wp-image-98935\" src=\"http:\/\/www.visit-ulcinj.com\/blog\/wp-content\/uploads\/2016\/08\/Sot-hapet-panairi-librit-ne-\u2013-Ulqin.jpg\" alt=\"Sot hapet  panairi librit ne \u2013 Ulqin\" width=\"508\" height=\"381\" srcset=\"https:\/\/www.visit-ulcinj.com\/blog\/wp-content\/uploads\/2016\/08\/Sot-hapet-panairi-librit-ne-\u2013-Ulqin.jpg 810w, https:\/\/www.visit-ulcinj.com\/blog\/wp-content\/uploads\/2016\/08\/Sot-hapet-panairi-librit-ne-\u2013-Ulqin-300x225.jpg 300w, https:\/\/www.visit-ulcinj.com\/blog\/wp-content\/uploads\/2016\/08\/Sot-hapet-panairi-librit-ne-\u2013-Ulqin-768x576.jpg 768w\" sizes=\"(max-width: 508px) 100vw, 508px\" \/><\/a>Me\u0111unarodni sajam knjiga \u2013 Ulcinj, 09.08.2016<\/strong><\/p>\n<p>Ovogodi\u0161nji me\u0111unarodni sajam knjiga Ulcinju pocinje sjutra ve\u010de 09.08.2016, sa pocetkom u 21.00h na \u0161etali\u0161tu na Maloj pla\u017ei. Na ovoj ve\u0107 tradicionalnoj manifestaciji koja se odr\u017eava 16 put po redu u\u010destvova\u0107e preko 35 izlaga\u010da iz zemlje i regiona koji \u0107e izlagati oko 30.000 naslova. Ovom manifestacijom koja je postala veliki kulturni doga\u0111aj za na\u0161 grad, Ulcinj je potvrdio trajanje u knjizi a snaga koju donosi knjiga je znanje, saradnja, kultura i tolerancija.<\/p>\n<p>Otvaranju \u0107e prisustvovati Predsjednik Op\u0161tine Ulcinj g Nazif Cungu i direktor Turisti\u010dke Organizacije Ulcinj\u00a0 Mr Fuad Had\u017eibeti a ova manifestacija se organizuje pod pokroviteljstvom Centra za Kulturu, Op\u0161tine Ulcinj i Turisti\u010dke Organizacije Ulcinj.<\/p>\n<p>Dobro do\u0161li !!!<\/p>\n","protected":false},"excerpt":{"rendered":"<p>Me\u0111unarodni sajam knjiga \u2013 Ulcinj, 09.08.2016 Ovogodi\u0161nji me\u0111unarodni sajam knjiga Ulcinju pocinje sjutra ve\u010de 09.08.2016, sa pocetkom u 21.00h na \u0161etali\u0161tu na Maloj pla\u017ei. Na ovoj ve\u0107 tradicionalnoj manifestaciji koja se odr\u017eava 16 put po redu u\u010destvova\u0107e preko 35 izlaga\u010da iz zemlje i regiona koji \u0107e izlagati oko 30.000 naslova. Ovom manifestacijom koja je postala [&hellip;]<\/p>\n","protected":false},"author":1,"featured_media":0,"comment_status":"closed","ping_status":"closed","sticky":false,"template":"","format":"standard","meta":{"spay_email":"","jetpack_publicize_message":"","jetpack_is_tweetstorm":false,"jetpack_publicize_feature_enabled":true},"categories":[6950],"tags":[],"jetpack_publicize_connections":[],"yoast_head":"<!-- This site is optimized with the Yoast SEO plugin v19.1 - https:\/\/yoast.com\/wordpress\/plugins\/seo\/ -->\n<title>Danas po\u010dinje Sajam knjiga u Ulcinj - Lajme nga Ulqini<\/title>\n<meta name=\"description\" content=\"Me\u0111unarodni sajam knjiga \u2013 Ulcinj, 09.08.2016 Ovogodi\u0161nji me\u0111unarodni sajam knjiga Ulcinju pocinje sjutra ve\u010de 09.08.2016, sa pocetkom u 21.00h na\" \/>\n<meta name=\"robots\" content=\"index, follow, max-snippet:-1, max-image-preview:large, max-video-preview:-1\" \/>\n<link rel=\"canonical\" href=\"https:\/\/www.visit-ulcinj.com\/blog\/2016\/08\/09\/danas-pocinje-sajam-knjiga-u-ulcinj\/\" \/>\n<meta property=\"og:locale\" content=\"en_US\" \/>\n<meta property=\"og:type\" content=\"article\" \/>\n<meta property=\"og:title\" content=\"Danas po\u010dinje Sajam knjiga u Ulcinj - Lajme nga Ulqini\" \/>\n<meta property=\"og:description\" content=\"Me\u0111unarodni sajam knjiga \u2013 Ulcinj, 09.08.2016 Ovogodi\u0161nji me\u0111unarodni sajam knjiga Ulcinju pocinje sjutra ve\u010de 09.08.2016, sa pocetkom u 21.00h na\" \/>\n<meta property=\"og:url\" content=\"https:\/\/www.visit-ulcinj.com\/blog\/2016\/08\/09\/danas-pocinje-sajam-knjiga-u-ulcinj\/\" \/>\n<meta property=\"og:site_name\" content=\"Lajme nga Ulqini\" \/>\n<meta property=\"article:published_time\" content=\"2016-08-09T07:40:23+00:00\" \/>\n<meta name=\"twitter:label1\" content=\"Written by\" \/>\n\t<meta name=\"twitter:data1\" content=\"ulqini\" \/>\n\t<meta name=\"twitter:label2\" content=\"Est. reading time\" \/>\n\t<meta name=\"twitter:data2\" content=\"1 minute\" \/>\n<script type=\"application\/ld+json\" class=\"yoast-schema-graph\">{\"@context\":\"https:\/\/schema.org\",\"@graph\":[{\"@type\":\"WebSite\",\"@id\":\"https:\/\/www.visit-ulcinj.com\/blog\/#website\",\"url\":\"https:\/\/www.visit-ulcinj.com\/blog\/\",\"name\":\"Lajme nga Ulqini\",\"description\":\"Lajme,Vijesti,Ulqini,Ulqin,Crna Gora,Mali i Zi\",\"potentialAction\":[{\"@type\":\"SearchAction\",\"target\":{\"@type\":\"EntryPoint\",\"urlTemplate\":\"https:\/\/www.visit-ulcinj.com\/blog\/?s={search_term_string}\"},\"query-input\":\"required name=search_term_string\"}],\"inLanguage\":\"en-US\"},{\"@type\":\"WebPage\",\"@id\":\"https:\/\/www.visit-ulcinj.com\/blog\/2016\/08\/09\/danas-pocinje-sajam-knjiga-u-ulcinj\/#webpage\",\"url\":\"https:\/\/www.visit-ulcinj.com\/blog\/2016\/08\/09\/danas-pocinje-sajam-knjiga-u-ulcinj\/\",\"name\":\"Danas po\u010dinje Sajam knjiga u Ulcinj - Lajme nga Ulqini\",\"isPartOf\":{\"@id\":\"https:\/\/www.visit-ulcinj.com\/blog\/#website\"},\"datePublished\":\"2016-08-09T07:40:23+00:00\",\"dateModified\":\"2016-08-09T07:40:23+00:00\",\"author\":{\"@id\":\"https:\/\/www.visit-ulcinj.com\/blog\/#\/schema\/person\/dcab619c614d3038751c63bc2aadc06d\"},\"description\":\"Me\u0111unarodni sajam knjiga \u2013 Ulcinj, 09.08.2016 Ovogodi\u0161nji me\u0111unarodni sajam knjiga Ulcinju pocinje sjutra ve\u010de 09.08.2016, sa pocetkom u 21.00h na\",\"breadcrumb\":{\"@id\":\"https:\/\/www.visit-ulcinj.com\/blog\/2016\/08\/09\/danas-pocinje-sajam-knjiga-u-ulcinj\/#breadcrumb\"},\"inLanguage\":\"en-US\",\"potentialAction\":[{\"@type\":\"ReadAction\",\"target\":[\"https:\/\/www.visit-ulcinj.com\/blog\/2016\/08\/09\/danas-pocinje-sajam-knjiga-u-ulcinj\/\"]}]},{\"@type\":\"BreadcrumbList\",\"@id\":\"https:\/\/www.visit-ulcinj.com\/blog\/2016\/08\/09\/danas-pocinje-sajam-knjiga-u-ulcinj\/#breadcrumb\",\"itemListElement\":[{\"@type\":\"ListItem\",\"position\":1,\"name\":\"Danas po\u010dinje Sajam knjiga u Ulcinj\"}]},{\"@type\":\"Person\",\"@id\":\"https:\/\/www.visit-ulcinj.com\/blog\/#\/schema\/person\/dcab619c614d3038751c63bc2aadc06d\",\"name\":\"ulqini\",\"sameAs\":[\"http:\/\/www.visit-ulcinj.com\"],\"url\":\"https:\/\/www.visit-ulcinj.com\/blog\/author\/admin\/\"}]}<\/script>\n<!-- \/ Yoast SEO plugin. -->","yoast_head_json":{"title":"Danas po\u010dinje Sajam knjiga u Ulcinj - Lajme nga Ulqini","description":"Me\u0111unarodni sajam knjiga \u2013 Ulcinj, 09.08.2016 Ovogodi\u0161nji me\u0111unarodni sajam knjiga Ulcinju pocinje sjutra ve\u010de 09.08.2016, sa pocetkom u 21.00h na","robots":{"index":"index","follow":"follow","max-snippet":"max-snippet:-1","max-image-preview":"max-image-preview:large","max-video-preview":"max-video-preview:-1"},"canonical":"https:\/\/www.visit-ulcinj.com\/blog\/2016\/08\/09\/danas-pocinje-sajam-knjiga-u-ulcinj\/","og_locale":"en_US","og_type":"article","og_title":"Danas po\u010dinje Sajam knjiga u Ulcinj - Lajme nga Ulqini","og_description":"Me\u0111unarodni sajam knjiga \u2013 Ulcinj, 09.08.2016 Ovogodi\u0161nji me\u0111unarodni sajam knjiga Ulcinju pocinje sjutra ve\u010de 09.08.2016, sa pocetkom u 21.00h na","og_url":"https:\/\/www.visit-ulcinj.com\/blog\/2016\/08\/09\/danas-pocinje-sajam-knjiga-u-ulcinj\/","og_site_name":"Lajme nga Ulqini","article_published_time":"2016-08-09T07:40:23+00:00","twitter_misc":{"Written by":"ulqini","Est. reading time":"1 minute"},"schema":{"@context":"https:\/\/schema.org","@graph":[{"@type":"WebSite","@id":"https:\/\/www.visit-ulcinj.com\/blog\/#website","url":"https:\/\/www.visit-ulcinj.com\/blog\/","name":"Lajme nga Ulqini","description":"Lajme,Vijesti,Ulqini,Ulqin,Crna Gora,Mali i Zi","potentialAction":[{"@type":"SearchAction","target":{"@type":"EntryPoint","urlTemplate":"https:\/\/www.visit-ulcinj.com\/blog\/?s={search_term_string}"},"query-input":"required name=search_term_string"}],"inLanguage":"en-US"},{"@type":"WebPage","@id":"https:\/\/www.visit-ulcinj.com\/blog\/2016\/08\/09\/danas-pocinje-sajam-knjiga-u-ulcinj\/#webpage","url":"https:\/\/www.visit-ulcinj.com\/blog\/2016\/08\/09\/danas-pocinje-sajam-knjiga-u-ulcinj\/","name":"Danas po\u010dinje Sajam knjiga u Ulcinj - Lajme nga Ulqini","isPartOf":{"@id":"https:\/\/www.visit-ulcinj.com\/blog\/#website"},"datePublished":"2016-08-09T07:40:23+00:00","dateModified":"2016-08-09T07:40:23+00:00","author":{"@id":"https:\/\/www.visit-ulcinj.com\/blog\/#\/schema\/person\/dcab619c614d3038751c63bc2aadc06d"},"description":"Me\u0111unarodni sajam knjiga \u2013 Ulcinj, 09.08.2016 Ovogodi\u0161nji me\u0111unarodni sajam knjiga Ulcinju pocinje sjutra ve\u010de 09.08.2016, sa pocetkom u 21.00h na","breadcrumb":{"@id":"https:\/\/www.visit-ulcinj.com\/blog\/2016\/08\/09\/danas-pocinje-sajam-knjiga-u-ulcinj\/#breadcrumb"},"inLanguage":"en-US","potentialAction":[{"@type":"ReadAction","target":["https:\/\/www.visit-ulcinj.com\/blog\/2016\/08\/09\/danas-pocinje-sajam-knjiga-u-ulcinj\/"]}]},{"@type":"BreadcrumbList","@id":"https:\/\/www.visit-ulcinj.com\/blog\/2016\/08\/09\/danas-pocinje-sajam-knjiga-u-ulcinj\/#breadcrumb","itemListElement":[{"@type":"ListItem","position":1,"name":"Danas po\u010dinje Sajam knjiga u Ulcinj"}]},{"@type":"Person","@id":"https:\/\/www.visit-ulcinj.com\/blog\/#\/schema\/person\/dcab619c614d3038751c63bc2aadc06d","name":"ulqini","sameAs":["http:\/\/www.visit-ulcinj.com"],"url":"https:\/\/www.visit-ulcinj.com\/blog\/author\/admin\/"}]}},"jetpack_featured_media_url":"","jetpack_sharing_enabled":true,"jetpack_shortlink":"https:\/\/wp.me\/pe6lTn-pJL","_links":{"self":[{"href":"https:\/\/www.visit-ulcinj.com\/blog\/wp-json\/wp\/v2\/posts\/98937"}],"collection":[{"href":"https:\/\/www.visit-ulcinj.com\/blog\/wp-json\/wp\/v2\/posts"}],"about":[{"href":"https:\/\/www.visit-ulcinj.com\/blog\/wp-json\/wp\/v2\/types\/post"}],"author":[{"embeddable":true,"href":"https:\/\/www.visit-ulcinj.com\/blog\/wp-json\/wp\/v2\/users\/1"}],"replies":[{"embeddable":true,"href":"https:\/\/www.visit-ulcinj.com\/blog\/wp-json\/wp\/v2\/comments?post=98937"}],"version-history":[{"count":1,"href":"https:\/\/www.visit-ulcinj.com\/blog\/wp-json\/wp\/v2\/posts\/98937\/revisions"}],"predecessor-version":[{"id":98938,"href":"https:\/\/www.visit-ulcinj.com\/blog\/wp-json\/wp\/v2\/posts\/98937\/revisions\/98938"}],"wp:attachment":[{"href":"https:\/\/www.visit-ulcinj.com\/blog\/wp-json\/wp\/v2\/media?parent=98937"}],"wp:term":[{"taxonomy":"category","embeddable":true,"href":"https:\/\/www.visit-ulcinj.com\/blog\/wp-json\/wp\/v2\/categories?post=98937"},{"taxonomy":"post_tag","embeddable":true,"href":"https:\/\/www.visit-ulcinj.com\/blog\/wp-json\/wp\/v2\/tags?post=98937"}],"curies":[{"name":"wp","href":"https:\/\/api.w.org\/{rel}","templated":true}]}}