{"id":98939,"date":"2016-08-09T09:02:59","date_gmt":"2016-08-09T08:02:59","guid":{"rendered":"http:\/\/www.visit-ulcinj.com\/blog\/?p=98939"},"modified":"2016-08-09T09:04:27","modified_gmt":"2016-08-09T08:04:27","slug":"kujdes-ku-parkoheni-merimanga-apo-karrotreci-prej-sot-ne-aksion","status":"publish","type":"post","link":"https:\/\/www.visit-ulcinj.com\/blog\/2016\/08\/09\/kujdes-ku-parkoheni-merimanga-apo-karrotreci-prej-sot-ne-aksion\/","title":{"rendered":"Kujdes ku parkoheni \u201cMerimanga\u201d apo &#8220;Karrotreci&#8221; prej sot n\u00eb aksion"},"content":{"rendered":"<p><a href=\"http:\/\/www.visit-ulcinj.com\/blog\/wp-content\/uploads\/2016\/08\/Marimanga-Karroteci-ne-Ulqin.jpg\"><img loading=\"lazy\" class=\"alignleft wp-image-98940\" src=\"http:\/\/www.visit-ulcinj.com\/blog\/wp-content\/uploads\/2016\/08\/Marimanga-Karroteci-ne-Ulqin.jpg\" alt=\"Marimanga-Karroteci ne Ulqin\" width=\"508\" height=\"236\" srcset=\"https:\/\/www.visit-ulcinj.com\/blog\/wp-content\/uploads\/2016\/08\/Marimanga-Karroteci-ne-Ulqin.jpg 754w, https:\/\/www.visit-ulcinj.com\/blog\/wp-content\/uploads\/2016\/08\/Marimanga-Karroteci-ne-Ulqin-300x139.jpg 300w\" sizes=\"(max-width: 508px) 100vw, 508px\" \/><\/a>Gjat\u00eb sezonit veror\u00eb t\u00eb muajit Gusht policia komunale do te jet e angazhuar n\u00eb terren, ku p\u00ebr shkelje t\u00eb rregullave n\u00eb komunikacion dhe parkim n\u00eb vend t\u00eb ndaluar, n\u00eb p\u00ebrgjith\u00ebsi \u00a0targave t\u00eb Malit t\u00eb Zi, por nuk do jen t\u00eb kursyer as ata me targa t\u00eb huaja.<\/p>\n<p>Pra sot me 9 gusht, &#8220;Karrotreci&#8221; apo &#8220;Merimanga&#8221;q\u00eb\u00a0 policia komunale do t\u00eb nis aksionin p\u00ebr zhvendosjen \u00a0e makinave t\u00eb vjetra q\u00eb kan\u00eb okupuar hap\u00ebsirat publike dhe trotuar\u00ebt, deklaroi p\u00ebr televizionin Teuta, kryeshefi i policis\u00eb komunale , Saubih Mehmeti, raporton portali TV Teuta.<\/p>\n<p>Ai thot\u00eb se qysh para nj\u00eb muaji policia \u00a0n\u00eb \u00e7do vetur\u00eb ka ngjitur njoftimin q\u00eb pronar\u00ebt ti menjanojn\u00eb veturat e tyre, n\u00eb m\u00ebnyr\u00eb \u00a0q\u00eb tu shmangen shpenzimeve t\u00eb konsiderueshme , t\u00eb cilat jan\u00eb m\u00eb s\u00eb pakti 200 euro.<\/p>\n<p>P\u00ebrve\u00e7 k\u00ebsaj duhet t\u00eb paguhet edhe q\u00ebndrimi n\u00eb vendin e caktuar , ku pas 10 dit\u00ebve automjetet \u00a0i dor\u00ebzohen Drejtoris\u00eb p\u00ebr Pasuri t\u00eb Malit t\u00eb Zi, sqaron Mehmeti. Sipas t\u00eb dh\u00ebnave t\u00eb cilat posedon policia komunale n\u00eb\u00a0 komun\u00ebn e Ulqinit ndodhen rreth 50 vetura q\u00eb kan\u00eb okupuar hap\u00ebsirat publike, por pas njoftimin ky num\u00ebr ka r\u00ebn\u00eb n\u00eb 30.<\/p>\n<p>\u00c7do rregull n\u00eb komunikacion duhet t\u00eb rrespektohet, dhe \u00ebsht\u00eb normale kur\u00eb thehen rregullat e ligjit mbi komunikacion se pasojn\u00eb d\u00ebnimet, por kjo \u00ebsht\u00eb e arsyeshme vet\u00ebm kur\u00eb nj\u00eb vend turistik si\u00e7 \u00ebsht\u00eb Ulqini t\u00eb ju mund\u00ebsojn\u00eb mysafir\u00ebve vendin ku t\u00eb parkohen,aq\u00eb m\u00eb shum\u00eb q\u00eb edhe vendet q\u00eb jan\u00eb t\u00eb parapara p\u00ebr parking nuk kan\u00eb ndonj\u00eb sinjalizim udh\u00ebzues, pra tabela q\u00eb paralajm\u00ebrojn\u00eb q\u00eb n\u00eb af\u00ebrsi ka parking.<\/p>\n","protected":false},"excerpt":{"rendered":"<p>Gjat\u00eb sezonit veror\u00eb t\u00eb muajit Gusht policia komunale do te jet e angazhuar n\u00eb terren, ku p\u00ebr shkelje t\u00eb rregullave n\u00eb komunikacion dhe parkim n\u00eb vend t\u00eb ndaluar, n\u00eb p\u00ebrgjith\u00ebsi \u00a0targave t\u00eb Malit t\u00eb Zi, por nuk do jen t\u00eb kursyer as ata me targa t\u00eb huaja. Pra sot me 9 gusht, &#8220;Karrotreci&#8221; apo &#8220;Merimanga&#8221;q\u00eb\u00a0 [&hellip;]<\/p>\n","protected":false},"author":1,"featured_media":0,"comment_status":"closed","ping_status":"closed","sticky":false,"template":"","format":"standard","meta":{"spay_email":"","jetpack_publicize_message":"","jetpack_is_tweetstorm":false,"jetpack_publicize_feature_enabled":true},"categories":[11],"tags":[],"jetpack_publicize_connections":[],"yoast_head":"<!-- This site is optimized with the Yoast SEO plugin v19.1 - https:\/\/yoast.com\/wordpress\/plugins\/seo\/ -->\n<title>Kujdes ku parkoheni \u201cMerimanga\u201d apo &quot;Karrotreci&quot; prej sot n\u00eb aksion - Lajme nga Ulqini<\/title>\n<meta name=\"description\" content=\"Gjat\u00eb sezonit veror\u00eb t\u00eb muajit Gusht policia komunale do te jet e angazhuar n\u00eb terren, ku p\u00ebr shkelje t\u00eb rregullave n\u00eb komunikacion dhe parkim n\u00eb vend t\u00eb\" \/>\n<meta name=\"robots\" content=\"index, follow, max-snippet:-1, max-image-preview:large, max-video-preview:-1\" \/>\n<link rel=\"canonical\" href=\"https:\/\/www.visit-ulcinj.com\/blog\/2016\/08\/09\/kujdes-ku-parkoheni-merimanga-apo-karrotreci-prej-sot-ne-aksion\/\" \/>\n<meta property=\"og:locale\" content=\"en_US\" \/>\n<meta property=\"og:type\" content=\"article\" \/>\n<meta property=\"og:title\" content=\"Kujdes ku parkoheni \u201cMerimanga\u201d apo &quot;Karrotreci&quot; prej sot n\u00eb aksion - Lajme nga Ulqini\" \/>\n<meta property=\"og:description\" content=\"Gjat\u00eb sezonit veror\u00eb t\u00eb muajit Gusht policia komunale do te jet e angazhuar n\u00eb terren, ku p\u00ebr shkelje t\u00eb rregullave n\u00eb komunikacion dhe parkim n\u00eb vend t\u00eb\" \/>\n<meta property=\"og:url\" content=\"https:\/\/www.visit-ulcinj.com\/blog\/2016\/08\/09\/kujdes-ku-parkoheni-merimanga-apo-karrotreci-prej-sot-ne-aksion\/\" \/>\n<meta property=\"og:site_name\" content=\"Lajme nga Ulqini\" \/>\n<meta property=\"article:published_time\" content=\"2016-08-09T08:02:59+00:00\" \/>\n<meta property=\"article:modified_time\" content=\"2016-08-09T08:04:27+00:00\" \/>\n<meta property=\"og:image\" content=\"http:\/\/www.visit-ulcinj.com\/blog\/wp-content\/uploads\/2016\/08\/Marimanga-Karroteci-ne-Ulqin.jpg\" \/>\n<meta name=\"twitter:label1\" content=\"Written by\" \/>\n\t<meta name=\"twitter:data1\" content=\"ulqini\" \/>\n\t<meta name=\"twitter:label2\" content=\"Est. reading time\" \/>\n\t<meta name=\"twitter:data2\" content=\"1 minute\" \/>\n<script type=\"application\/ld+json\" class=\"yoast-schema-graph\">{\"@context\":\"https:\/\/schema.org\",\"@graph\":[{\"@type\":\"WebSite\",\"@id\":\"https:\/\/www.visit-ulcinj.com\/blog\/#website\",\"url\":\"https:\/\/www.visit-ulcinj.com\/blog\/\",\"name\":\"Lajme nga Ulqini\",\"description\":\"Lajme,Vijesti,Ulqini,Ulqin,Crna Gora,Mali i Zi\",\"potentialAction\":[{\"@type\":\"SearchAction\",\"target\":{\"@type\":\"EntryPoint\",\"urlTemplate\":\"https:\/\/www.visit-ulcinj.com\/blog\/?s={search_term_string}\"},\"query-input\":\"required name=search_term_string\"}],\"inLanguage\":\"en-US\"},{\"@type\":\"ImageObject\",\"inLanguage\":\"en-US\",\"@id\":\"https:\/\/www.visit-ulcinj.com\/blog\/2016\/08\/09\/kujdes-ku-parkoheni-merimanga-apo-karrotreci-prej-sot-ne-aksion\/#primaryimage\",\"url\":\"https:\/\/www.visit-ulcinj.com\/blog\/wp-content\/uploads\/2016\/08\/Marimanga-Karroteci-ne-Ulqin.jpg\",\"contentUrl\":\"https:\/\/www.visit-ulcinj.com\/blog\/wp-content\/uploads\/2016\/08\/Marimanga-Karroteci-ne-Ulqin.jpg\",\"width\":754,\"height\":350},{\"@type\":\"WebPage\",\"@id\":\"https:\/\/www.visit-ulcinj.com\/blog\/2016\/08\/09\/kujdes-ku-parkoheni-merimanga-apo-karrotreci-prej-sot-ne-aksion\/#webpage\",\"url\":\"https:\/\/www.visit-ulcinj.com\/blog\/2016\/08\/09\/kujdes-ku-parkoheni-merimanga-apo-karrotreci-prej-sot-ne-aksion\/\",\"name\":\"Kujdes ku parkoheni \u201cMerimanga\u201d apo \\\"Karrotreci\\\" prej sot n\u00eb aksion - Lajme nga Ulqini\",\"isPartOf\":{\"@id\":\"https:\/\/www.visit-ulcinj.com\/blog\/#website\"},\"primaryImageOfPage\":{\"@id\":\"https:\/\/www.visit-ulcinj.com\/blog\/2016\/08\/09\/kujdes-ku-parkoheni-merimanga-apo-karrotreci-prej-sot-ne-aksion\/#primaryimage\"},\"datePublished\":\"2016-08-09T08:02:59+00:00\",\"dateModified\":\"2016-08-09T08:04:27+00:00\",\"author\":{\"@id\":\"https:\/\/www.visit-ulcinj.com\/blog\/#\/schema\/person\/dcab619c614d3038751c63bc2aadc06d\"},\"description\":\"Gjat\u00eb sezonit veror\u00eb t\u00eb muajit Gusht policia komunale do te jet e angazhuar n\u00eb terren, ku p\u00ebr shkelje t\u00eb rregullave n\u00eb komunikacion dhe parkim n\u00eb vend t\u00eb\",\"breadcrumb\":{\"@id\":\"https:\/\/www.visit-ulcinj.com\/blog\/2016\/08\/09\/kujdes-ku-parkoheni-merimanga-apo-karrotreci-prej-sot-ne-aksion\/#breadcrumb\"},\"inLanguage\":\"en-US\",\"potentialAction\":[{\"@type\":\"ReadAction\",\"target\":[\"https:\/\/www.visit-ulcinj.com\/blog\/2016\/08\/09\/kujdes-ku-parkoheni-merimanga-apo-karrotreci-prej-sot-ne-aksion\/\"]}]},{\"@type\":\"BreadcrumbList\",\"@id\":\"https:\/\/www.visit-ulcinj.com\/blog\/2016\/08\/09\/kujdes-ku-parkoheni-merimanga-apo-karrotreci-prej-sot-ne-aksion\/#breadcrumb\",\"itemListElement\":[{\"@type\":\"ListItem\",\"position\":1,\"name\":\"Kujdes ku parkoheni \u201cMerimanga\u201d apo &#8220;Karrotreci&#8221; prej sot n\u00eb aksion\"}]},{\"@type\":\"Person\",\"@id\":\"https:\/\/www.visit-ulcinj.com\/blog\/#\/schema\/person\/dcab619c614d3038751c63bc2aadc06d\",\"name\":\"ulqini\",\"sameAs\":[\"http:\/\/www.visit-ulcinj.com\"],\"url\":\"https:\/\/www.visit-ulcinj.com\/blog\/author\/admin\/\"}]}<\/script>\n<!-- \/ Yoast SEO plugin. -->","yoast_head_json":{"title":"Kujdes ku parkoheni \u201cMerimanga\u201d apo \"Karrotreci\" prej sot n\u00eb aksion - Lajme nga Ulqini","description":"Gjat\u00eb sezonit veror\u00eb t\u00eb muajit Gusht policia komunale do te jet e angazhuar n\u00eb terren, ku p\u00ebr shkelje t\u00eb rregullave n\u00eb komunikacion dhe parkim n\u00eb vend t\u00eb","robots":{"index":"index","follow":"follow","max-snippet":"max-snippet:-1","max-image-preview":"max-image-preview:large","max-video-preview":"max-video-preview:-1"},"canonical":"https:\/\/www.visit-ulcinj.com\/blog\/2016\/08\/09\/kujdes-ku-parkoheni-merimanga-apo-karrotreci-prej-sot-ne-aksion\/","og_locale":"en_US","og_type":"article","og_title":"Kujdes ku parkoheni \u201cMerimanga\u201d apo \"Karrotreci\" prej sot n\u00eb aksion - Lajme nga Ulqini","og_description":"Gjat\u00eb sezonit veror\u00eb t\u00eb muajit Gusht policia komunale do te jet e angazhuar n\u00eb terren, ku p\u00ebr shkelje t\u00eb rregullave n\u00eb komunikacion dhe parkim n\u00eb vend t\u00eb","og_url":"https:\/\/www.visit-ulcinj.com\/blog\/2016\/08\/09\/kujdes-ku-parkoheni-merimanga-apo-karrotreci-prej-sot-ne-aksion\/","og_site_name":"Lajme nga Ulqini","article_published_time":"2016-08-09T08:02:59+00:00","article_modified_time":"2016-08-09T08:04:27+00:00","og_image":[{"url":"http:\/\/www.visit-ulcinj.com\/blog\/wp-content\/uploads\/2016\/08\/Marimanga-Karroteci-ne-Ulqin.jpg"}],"twitter_misc":{"Written by":"ulqini","Est. reading time":"1 minute"},"schema":{"@context":"https:\/\/schema.org","@graph":[{"@type":"WebSite","@id":"https:\/\/www.visit-ulcinj.com\/blog\/#website","url":"https:\/\/www.visit-ulcinj.com\/blog\/","name":"Lajme nga Ulqini","description":"Lajme,Vijesti,Ulqini,Ulqin,Crna Gora,Mali i Zi","potentialAction":[{"@type":"SearchAction","target":{"@type":"EntryPoint","urlTemplate":"https:\/\/www.visit-ulcinj.com\/blog\/?s={search_term_string}"},"query-input":"required name=search_term_string"}],"inLanguage":"en-US"},{"@type":"ImageObject","inLanguage":"en-US","@id":"https:\/\/www.visit-ulcinj.com\/blog\/2016\/08\/09\/kujdes-ku-parkoheni-merimanga-apo-karrotreci-prej-sot-ne-aksion\/#primaryimage","url":"https:\/\/www.visit-ulcinj.com\/blog\/wp-content\/uploads\/2016\/08\/Marimanga-Karroteci-ne-Ulqin.jpg","contentUrl":"https:\/\/www.visit-ulcinj.com\/blog\/wp-content\/uploads\/2016\/08\/Marimanga-Karroteci-ne-Ulqin.jpg","width":754,"height":350},{"@type":"WebPage","@id":"https:\/\/www.visit-ulcinj.com\/blog\/2016\/08\/09\/kujdes-ku-parkoheni-merimanga-apo-karrotreci-prej-sot-ne-aksion\/#webpage","url":"https:\/\/www.visit-ulcinj.com\/blog\/2016\/08\/09\/kujdes-ku-parkoheni-merimanga-apo-karrotreci-prej-sot-ne-aksion\/","name":"Kujdes ku parkoheni \u201cMerimanga\u201d apo \"Karrotreci\" prej sot n\u00eb aksion - Lajme nga Ulqini","isPartOf":{"@id":"https:\/\/www.visit-ulcinj.com\/blog\/#website"},"primaryImageOfPage":{"@id":"https:\/\/www.visit-ulcinj.com\/blog\/2016\/08\/09\/kujdes-ku-parkoheni-merimanga-apo-karrotreci-prej-sot-ne-aksion\/#primaryimage"},"datePublished":"2016-08-09T08:02:59+00:00","dateModified":"2016-08-09T08:04:27+00:00","author":{"@id":"https:\/\/www.visit-ulcinj.com\/blog\/#\/schema\/person\/dcab619c614d3038751c63bc2aadc06d"},"description":"Gjat\u00eb sezonit veror\u00eb t\u00eb muajit Gusht policia komunale do te jet e angazhuar n\u00eb terren, ku p\u00ebr shkelje t\u00eb rregullave n\u00eb komunikacion dhe parkim n\u00eb vend t\u00eb","breadcrumb":{"@id":"https:\/\/www.visit-ulcinj.com\/blog\/2016\/08\/09\/kujdes-ku-parkoheni-merimanga-apo-karrotreci-prej-sot-ne-aksion\/#breadcrumb"},"inLanguage":"en-US","potentialAction":[{"@type":"ReadAction","target":["https:\/\/www.visit-ulcinj.com\/blog\/2016\/08\/09\/kujdes-ku-parkoheni-merimanga-apo-karrotreci-prej-sot-ne-aksion\/"]}]},{"@type":"BreadcrumbList","@id":"https:\/\/www.visit-ulcinj.com\/blog\/2016\/08\/09\/kujdes-ku-parkoheni-merimanga-apo-karrotreci-prej-sot-ne-aksion\/#breadcrumb","itemListElement":[{"@type":"ListItem","position":1,"name":"Kujdes ku parkoheni \u201cMerimanga\u201d apo &#8220;Karrotreci&#8221; prej sot n\u00eb aksion"}]},{"@type":"Person","@id":"https:\/\/www.visit-ulcinj.com\/blog\/#\/schema\/person\/dcab619c614d3038751c63bc2aadc06d","name":"ulqini","sameAs":["http:\/\/www.visit-ulcinj.com"],"url":"https:\/\/www.visit-ulcinj.com\/blog\/author\/admin\/"}]}},"jetpack_featured_media_url":"","jetpack_sharing_enabled":true,"jetpack_shortlink":"https:\/\/wp.me\/pe6lTn-pJN","_links":{"self":[{"href":"https:\/\/www.visit-ulcinj.com\/blog\/wp-json\/wp\/v2\/posts\/98939"}],"collection":[{"href":"https:\/\/www.visit-ulcinj.com\/blog\/wp-json\/wp\/v2\/posts"}],"about":[{"href":"https:\/\/www.visit-ulcinj.com\/blog\/wp-json\/wp\/v2\/types\/post"}],"author":[{"embeddable":true,"href":"https:\/\/www.visit-ulcinj.com\/blog\/wp-json\/wp\/v2\/users\/1"}],"replies":[{"embeddable":true,"href":"https:\/\/www.visit-ulcinj.com\/blog\/wp-json\/wp\/v2\/comments?post=98939"}],"version-history":[{"count":2,"href":"https:\/\/www.visit-ulcinj.com\/blog\/wp-json\/wp\/v2\/posts\/98939\/revisions"}],"predecessor-version":[{"id":98942,"href":"https:\/\/www.visit-ulcinj.com\/blog\/wp-json\/wp\/v2\/posts\/98939\/revisions\/98942"}],"wp:attachment":[{"href":"https:\/\/www.visit-ulcinj.com\/blog\/wp-json\/wp\/v2\/media?parent=98939"}],"wp:term":[{"taxonomy":"category","embeddable":true,"href":"https:\/\/www.visit-ulcinj.com\/blog\/wp-json\/wp\/v2\/categories?post=98939"},{"taxonomy":"post_tag","embeddable":true,"href":"https:\/\/www.visit-ulcinj.com\/blog\/wp-json\/wp\/v2\/tags?post=98939"}],"curies":[{"name":"wp","href":"https:\/\/api.w.org\/{rel}","templated":true}]}}