{"id":98948,"date":"2016-08-10T18:15:21","date_gmt":"2016-08-10T17:15:21","guid":{"rendered":"http:\/\/www.visit-ulcinj.com\/blog\/?p=98948"},"modified":"2016-08-10T18:17:20","modified_gmt":"2016-08-10T17:17:20","slug":"ministarstvo-nece-biti-gradnje-na-podrucju-solane","status":"publish","type":"post","link":"https:\/\/www.visit-ulcinj.com\/blog\/2016\/08\/10\/ministarstvo-nece-biti-gradnje-na-podrucju-solane\/","title":{"rendered":"Ministarstvo: Ne\u0107e biti gradnje na podru\u010dju Solane"},"content":{"rendered":"<p><strong><a href=\"http:\/\/www.visit-ulcinj.com\/blog\/wp-content\/uploads\/2016\/08\/Marina-Spahic.jpg\"><img loading=\"lazy\" class=\"alignleft wp-image-98949\" src=\"http:\/\/www.visit-ulcinj.com\/blog\/wp-content\/uploads\/2016\/08\/Marina-Spahic.jpg\" alt=\"Marina-Spahic\" width=\"508\" height=\"334\" srcset=\"https:\/\/www.visit-ulcinj.com\/blog\/wp-content\/uploads\/2016\/08\/Marina-Spahic.jpg 625w, https:\/\/www.visit-ulcinj.com\/blog\/wp-content\/uploads\/2016\/08\/Marina-Spahic-300x197.jpg 300w\" sizes=\"(max-width: 508px) 100vw, 508px\" \/><\/a>Na podru\u010dju ulcinjske solane ne\u0107e biti gradnje i to defini\u0161e prostorni plan podru\u010dja posebne namjene, kazala je, gostuju\u0107i u Dnevniku TVCG, Marina Spahi\u0107 iz Agencije za za\u0161titu \u017eivotne sredine.<\/strong><\/p>\n<p>&#8220;To definitivno defini\u0161e prostorni plan podru\u010dja posebne namjene. Ne postoji gradnja na ulcinjskoj Solani. Mislim da smo u Ministarstvu vi\u0161e puta to isticali zbog nerazumijevanja projektno planske dokumentacije&#8221;, istakla je Spahi\u0107.<\/p>\n<p>Javno preduze\u0107e Nacionalni parkovi Crne Gore jedino je dostavilo ponudu na javni poziv za zakup imovine Solane &#8220;Bajo Sekuli\u0107&#8221;. Spahi\u0107 je kazala da su u Ministarstvu odr\u017eivog razvoja i turizma time zadovoljni.<\/p>\n<p>&#8220;Smatramo jako dobrim rje\u0161enjem \u0161to smo na\u0161li jedno preduze\u0107e koje ima vi\u0161edecenijsko iskustvo u upravljanju za\u0161ti\u0107enim podru\u010djima. I tim ugovorom je, kao i pro\u0161logod\u0161njim koji traje do 24. avgusta, prediv\u0111eno da NPCG sprovodi odre\u0111ene aktivnosti koje korespondiraju\u00a0sa procesom upravljanja za\u0161ti\u0107enog podru\u010dja. Tako da, neformalno gledano, Solana ve\u0107 samim zakupom jeste za\u0161ti\u0107eno podru\u010dje&#8221;, kazala je Spahi\u0107.<\/p>\n<p>Ona je istakla da u Agenciji imaju jasan stav prema pitanju za\u0161tite biodiverziteta i valorizacije prirodnih vrijednosti. Kazala je da solanu treba prvo za\u0161titi na nacionalnom, a onda i na me\u0111unarodnom nivou.<\/p>\n<p>&#8220;Proces za\u0161tite jednog podru\u010dja nije jednostavan. Studija za\u0161tite treba upravo da sadr\u017ei elemente odr\u017eive valorizacije i to su bili nedostaci studije koja je ura\u0111ena za podru\u010dja ulcinjske Solane i to su bile primjedbe koje je Ministarstvo iznijelo u procesu iz prethodnog perioda. Da bi uklju\u010dili me\u0111unarodnu javnost i proces napravili jo\u0161 transparentnijim, Ministarstvo je zamolilo za pomo\u0107 Evropsku komisiju, pripremili smo projektni zadatak, i od septembra o\u010dekujemo njegovu realizaciju, a rezultat tog projektnog zadatka \u0107e biti finalizacija studije za\u0161tite koja \u0107e dati ove elemente, na\u010din na koji treba odr\u017eivo valorizovati ovaj prostor&#8221;, kazala je Spahi\u0107.<\/p>\n<p>Drugi korak, kako je navela, je usvajanje prostorno planske dokumentacije u narednom periodu.<\/p>\n<p>&#8220;Dva klju\u010dna dokumenta su prostorni plan posebne namjene za obalno podru\u010dje, koji nedvosmisleno prepoznaje ovo podru\u010dje kao za\u0161ti\u0107eno, i prostorno urbanisti\u010dki plan za op\u0161tinu Ulcinj, po kome je to podru\u010dje definisano kao park prirode&#8221;, rekla je Spahi\u0107.<\/p>\n<p>Kazala je da Solana predstavlja izazov za Crnu Goru i me\u0111unarodnu javnost, \u0161to je Ministarstvo dokazalo predstavljanjem projekta Ulcinjske solane na Bijenalu u Veneciji.<\/p>\n<p>Ona je naglasila da je proizvodnja soli neophodna, jer je u pitanju vje\u0161ta\u010dki ekosistem.<\/p>\n<p>&#8220;Svako drugo rje\u0161enje je kratkoro\u010dno. Dugoro\u010dnoj za\u0161titi biodiverziteta vodi jedino pokretanje proizvodnje soli, jer su sve te aktivnosti koje s ti\u010du proizvodnje soli &#8211; upumpavanje slane vode, ispumpavanje slatke, vezane direktno za o\u010duvanje biodiverziteta. Piranska solana u Sloveniji predstavlja odli\u010dan primjer razvoja prirodne djelatnosti o\u010duvanja biodiverziteta i upravo iz tog razloga su predstavnici Ministarstva turizma pro\u0161log mjeseca posjetili tu solanu da bi se upoznali sa proizvodnim mogu\u0107nostima i vidjeli da li je taj model proizvodnje primjenljiv na solanu u Crnoj Gori&#8221;, navela je Spahi\u0107.<\/p>\n<p><strong>NPCG: Nastavljamo tamo gdje smo stali<\/strong><\/p>\n<p>Ste\u010dajni upravnik ulcinjske Solane, Ognjen Jovovi\u0107, smatra da u ovom momentu od upravljanja NPCG nema boljeg rje\u0161enja u cilju o\u010duvanja biodiverziteta i svih resursa Solane. On je za Dnevnik TVCG saop\u0161tio da bi ugovor sa tim preduze\u0107em koje je bilo i dosada\u0161nji zakupac ulcinjske Solane, trebalo da bude produ\u017een 24. avgusta.<\/p>\n<p>U NPCG poru\u010duju da \u0107e nastaviti da rade tamo gdje su stali, a u lokalnoj samoupravi da na njihovu podr\u0161ku i u narednom periodu mogu da ra\u010dunaju.<\/p>\n<p>RTCG<\/p>\n<p>[flv]http:\/\/www.rtcg.me\/upload\/boxFileData\/2016\/08\/9\/189566\/natasa%20M%20TVCG.mp4[\/flv]<\/p>\n","protected":false},"excerpt":{"rendered":"<p>Na podru\u010dju ulcinjske solane ne\u0107e biti gradnje i to defini\u0161e prostorni plan podru\u010dja posebne namjene, kazala je, gostuju\u0107i u Dnevniku TVCG, Marina Spahi\u0107 iz Agencije za za\u0161titu \u017eivotne sredine. &#8220;To definitivno defini\u0161e prostorni plan podru\u010dja posebne namjene. Ne postoji gradnja na ulcinjskoj Solani. Mislim da smo u Ministarstvu vi\u0161e puta to isticali zbog nerazumijevanja projektno [&hellip;]<\/p>\n","protected":false},"author":1,"featured_media":0,"comment_status":"closed","ping_status":"closed","sticky":false,"template":"","format":"standard","meta":{"spay_email":"","jetpack_publicize_message":"","jetpack_is_tweetstorm":false,"jetpack_publicize_feature_enabled":true},"categories":[8337],"tags":[],"jetpack_publicize_connections":[],"yoast_head":"<!-- This site is optimized with the Yoast SEO plugin v19.1 - https:\/\/yoast.com\/wordpress\/plugins\/seo\/ -->\n<title>Ministarstvo: Ne\u0107e biti gradnje na podru\u010dju Solane - Lajme nga Ulqini<\/title>\n<meta name=\"description\" content=\"Na podru\u010dju ulcinjske solane ne\u0107e biti gradnje i to defini\u0161e prostorni plan podru\u010dja posebne namjene, kazala je, gostuju\u0107i u Dnevniku TVCG, Marina Spahi\u0107\" \/>\n<meta name=\"robots\" content=\"index, follow, max-snippet:-1, max-image-preview:large, max-video-preview:-1\" \/>\n<link rel=\"canonical\" href=\"https:\/\/www.visit-ulcinj.com\/blog\/2016\/08\/10\/ministarstvo-nece-biti-gradnje-na-podrucju-solane\/\" \/>\n<meta property=\"og:locale\" content=\"en_US\" \/>\n<meta property=\"og:type\" content=\"article\" \/>\n<meta property=\"og:title\" content=\"Ministarstvo: Ne\u0107e biti gradnje na podru\u010dju Solane - Lajme nga Ulqini\" \/>\n<meta property=\"og:description\" content=\"Na podru\u010dju ulcinjske solane ne\u0107e biti gradnje i to defini\u0161e prostorni plan podru\u010dja posebne namjene, kazala je, gostuju\u0107i u Dnevniku TVCG, Marina Spahi\u0107\" \/>\n<meta property=\"og:url\" content=\"https:\/\/www.visit-ulcinj.com\/blog\/2016\/08\/10\/ministarstvo-nece-biti-gradnje-na-podrucju-solane\/\" \/>\n<meta property=\"og:site_name\" content=\"Lajme nga Ulqini\" \/>\n<meta property=\"article:published_time\" content=\"2016-08-10T17:15:21+00:00\" \/>\n<meta property=\"article:modified_time\" content=\"2016-08-10T17:17:20+00:00\" \/>\n<meta property=\"og:image\" content=\"http:\/\/www.visit-ulcinj.com\/blog\/wp-content\/uploads\/2016\/08\/Marina-Spahic.jpg\" \/>\n<meta name=\"twitter:label1\" content=\"Written by\" \/>\n\t<meta name=\"twitter:data1\" content=\"ulqini\" \/>\n\t<meta name=\"twitter:label2\" content=\"Est. reading time\" \/>\n\t<meta name=\"twitter:data2\" content=\"3 minutes\" \/>\n<script type=\"application\/ld+json\" class=\"yoast-schema-graph\">{\"@context\":\"https:\/\/schema.org\",\"@graph\":[{\"@type\":\"WebSite\",\"@id\":\"https:\/\/www.visit-ulcinj.com\/blog\/#website\",\"url\":\"https:\/\/www.visit-ulcinj.com\/blog\/\",\"name\":\"Lajme nga Ulqini\",\"description\":\"Lajme,Vijesti,Ulqini,Ulqin,Crna Gora,Mali i Zi\",\"potentialAction\":[{\"@type\":\"SearchAction\",\"target\":{\"@type\":\"EntryPoint\",\"urlTemplate\":\"https:\/\/www.visit-ulcinj.com\/blog\/?s={search_term_string}\"},\"query-input\":\"required name=search_term_string\"}],\"inLanguage\":\"en-US\"},{\"@type\":\"ImageObject\",\"inLanguage\":\"en-US\",\"@id\":\"https:\/\/www.visit-ulcinj.com\/blog\/2016\/08\/10\/ministarstvo-nece-biti-gradnje-na-podrucju-solane\/#primaryimage\",\"url\":\"https:\/\/www.visit-ulcinj.com\/blog\/wp-content\/uploads\/2016\/08\/Marina-Spahic.jpg\",\"contentUrl\":\"https:\/\/www.visit-ulcinj.com\/blog\/wp-content\/uploads\/2016\/08\/Marina-Spahic.jpg\",\"width\":625,\"height\":411},{\"@type\":\"WebPage\",\"@id\":\"https:\/\/www.visit-ulcinj.com\/blog\/2016\/08\/10\/ministarstvo-nece-biti-gradnje-na-podrucju-solane\/#webpage\",\"url\":\"https:\/\/www.visit-ulcinj.com\/blog\/2016\/08\/10\/ministarstvo-nece-biti-gradnje-na-podrucju-solane\/\",\"name\":\"Ministarstvo: Ne\u0107e biti gradnje na podru\u010dju Solane - Lajme nga Ulqini\",\"isPartOf\":{\"@id\":\"https:\/\/www.visit-ulcinj.com\/blog\/#website\"},\"primaryImageOfPage\":{\"@id\":\"https:\/\/www.visit-ulcinj.com\/blog\/2016\/08\/10\/ministarstvo-nece-biti-gradnje-na-podrucju-solane\/#primaryimage\"},\"datePublished\":\"2016-08-10T17:15:21+00:00\",\"dateModified\":\"2016-08-10T17:17:20+00:00\",\"author\":{\"@id\":\"https:\/\/www.visit-ulcinj.com\/blog\/#\/schema\/person\/dcab619c614d3038751c63bc2aadc06d\"},\"description\":\"Na podru\u010dju ulcinjske solane ne\u0107e biti gradnje i to defini\u0161e prostorni plan podru\u010dja posebne namjene, kazala je, gostuju\u0107i u Dnevniku TVCG, Marina Spahi\u0107\",\"breadcrumb\":{\"@id\":\"https:\/\/www.visit-ulcinj.com\/blog\/2016\/08\/10\/ministarstvo-nece-biti-gradnje-na-podrucju-solane\/#breadcrumb\"},\"inLanguage\":\"en-US\",\"potentialAction\":[{\"@type\":\"ReadAction\",\"target\":[\"https:\/\/www.visit-ulcinj.com\/blog\/2016\/08\/10\/ministarstvo-nece-biti-gradnje-na-podrucju-solane\/\"]}]},{\"@type\":\"BreadcrumbList\",\"@id\":\"https:\/\/www.visit-ulcinj.com\/blog\/2016\/08\/10\/ministarstvo-nece-biti-gradnje-na-podrucju-solane\/#breadcrumb\",\"itemListElement\":[{\"@type\":\"ListItem\",\"position\":1,\"name\":\"Ministarstvo: Ne\u0107e biti gradnje na podru\u010dju Solane\"}]},{\"@type\":\"Person\",\"@id\":\"https:\/\/www.visit-ulcinj.com\/blog\/#\/schema\/person\/dcab619c614d3038751c63bc2aadc06d\",\"name\":\"ulqini\",\"sameAs\":[\"http:\/\/www.visit-ulcinj.com\"],\"url\":\"https:\/\/www.visit-ulcinj.com\/blog\/author\/admin\/\"}]}<\/script>\n<!-- \/ Yoast SEO plugin. -->","yoast_head_json":{"title":"Ministarstvo: Ne\u0107e biti gradnje na podru\u010dju Solane - Lajme nga Ulqini","description":"Na podru\u010dju ulcinjske solane ne\u0107e biti gradnje i to defini\u0161e prostorni plan podru\u010dja posebne namjene, kazala je, gostuju\u0107i u Dnevniku TVCG, Marina Spahi\u0107","robots":{"index":"index","follow":"follow","max-snippet":"max-snippet:-1","max-image-preview":"max-image-preview:large","max-video-preview":"max-video-preview:-1"},"canonical":"https:\/\/www.visit-ulcinj.com\/blog\/2016\/08\/10\/ministarstvo-nece-biti-gradnje-na-podrucju-solane\/","og_locale":"en_US","og_type":"article","og_title":"Ministarstvo: Ne\u0107e biti gradnje na podru\u010dju Solane - Lajme nga Ulqini","og_description":"Na podru\u010dju ulcinjske solane ne\u0107e biti gradnje i to defini\u0161e prostorni plan podru\u010dja posebne namjene, kazala je, gostuju\u0107i u Dnevniku TVCG, Marina Spahi\u0107","og_url":"https:\/\/www.visit-ulcinj.com\/blog\/2016\/08\/10\/ministarstvo-nece-biti-gradnje-na-podrucju-solane\/","og_site_name":"Lajme nga Ulqini","article_published_time":"2016-08-10T17:15:21+00:00","article_modified_time":"2016-08-10T17:17:20+00:00","og_image":[{"url":"http:\/\/www.visit-ulcinj.com\/blog\/wp-content\/uploads\/2016\/08\/Marina-Spahic.jpg"}],"twitter_misc":{"Written by":"ulqini","Est. reading time":"3 minutes"},"schema":{"@context":"https:\/\/schema.org","@graph":[{"@type":"WebSite","@id":"https:\/\/www.visit-ulcinj.com\/blog\/#website","url":"https:\/\/www.visit-ulcinj.com\/blog\/","name":"Lajme nga Ulqini","description":"Lajme,Vijesti,Ulqini,Ulqin,Crna Gora,Mali i Zi","potentialAction":[{"@type":"SearchAction","target":{"@type":"EntryPoint","urlTemplate":"https:\/\/www.visit-ulcinj.com\/blog\/?s={search_term_string}"},"query-input":"required name=search_term_string"}],"inLanguage":"en-US"},{"@type":"ImageObject","inLanguage":"en-US","@id":"https:\/\/www.visit-ulcinj.com\/blog\/2016\/08\/10\/ministarstvo-nece-biti-gradnje-na-podrucju-solane\/#primaryimage","url":"https:\/\/www.visit-ulcinj.com\/blog\/wp-content\/uploads\/2016\/08\/Marina-Spahic.jpg","contentUrl":"https:\/\/www.visit-ulcinj.com\/blog\/wp-content\/uploads\/2016\/08\/Marina-Spahic.jpg","width":625,"height":411},{"@type":"WebPage","@id":"https:\/\/www.visit-ulcinj.com\/blog\/2016\/08\/10\/ministarstvo-nece-biti-gradnje-na-podrucju-solane\/#webpage","url":"https:\/\/www.visit-ulcinj.com\/blog\/2016\/08\/10\/ministarstvo-nece-biti-gradnje-na-podrucju-solane\/","name":"Ministarstvo: Ne\u0107e biti gradnje na podru\u010dju Solane - Lajme nga Ulqini","isPartOf":{"@id":"https:\/\/www.visit-ulcinj.com\/blog\/#website"},"primaryImageOfPage":{"@id":"https:\/\/www.visit-ulcinj.com\/blog\/2016\/08\/10\/ministarstvo-nece-biti-gradnje-na-podrucju-solane\/#primaryimage"},"datePublished":"2016-08-10T17:15:21+00:00","dateModified":"2016-08-10T17:17:20+00:00","author":{"@id":"https:\/\/www.visit-ulcinj.com\/blog\/#\/schema\/person\/dcab619c614d3038751c63bc2aadc06d"},"description":"Na podru\u010dju ulcinjske solane ne\u0107e biti gradnje i to defini\u0161e prostorni plan podru\u010dja posebne namjene, kazala je, gostuju\u0107i u Dnevniku TVCG, Marina Spahi\u0107","breadcrumb":{"@id":"https:\/\/www.visit-ulcinj.com\/blog\/2016\/08\/10\/ministarstvo-nece-biti-gradnje-na-podrucju-solane\/#breadcrumb"},"inLanguage":"en-US","potentialAction":[{"@type":"ReadAction","target":["https:\/\/www.visit-ulcinj.com\/blog\/2016\/08\/10\/ministarstvo-nece-biti-gradnje-na-podrucju-solane\/"]}]},{"@type":"BreadcrumbList","@id":"https:\/\/www.visit-ulcinj.com\/blog\/2016\/08\/10\/ministarstvo-nece-biti-gradnje-na-podrucju-solane\/#breadcrumb","itemListElement":[{"@type":"ListItem","position":1,"name":"Ministarstvo: Ne\u0107e biti gradnje na podru\u010dju Solane"}]},{"@type":"Person","@id":"https:\/\/www.visit-ulcinj.com\/blog\/#\/schema\/person\/dcab619c614d3038751c63bc2aadc06d","name":"ulqini","sameAs":["http:\/\/www.visit-ulcinj.com"],"url":"https:\/\/www.visit-ulcinj.com\/blog\/author\/admin\/"}]}},"jetpack_featured_media_url":"","jetpack_sharing_enabled":true,"jetpack_shortlink":"https:\/\/wp.me\/pe6lTn-pJW","_links":{"self":[{"href":"https:\/\/www.visit-ulcinj.com\/blog\/wp-json\/wp\/v2\/posts\/98948"}],"collection":[{"href":"https:\/\/www.visit-ulcinj.com\/blog\/wp-json\/wp\/v2\/posts"}],"about":[{"href":"https:\/\/www.visit-ulcinj.com\/blog\/wp-json\/wp\/v2\/types\/post"}],"author":[{"embeddable":true,"href":"https:\/\/www.visit-ulcinj.com\/blog\/wp-json\/wp\/v2\/users\/1"}],"replies":[{"embeddable":true,"href":"https:\/\/www.visit-ulcinj.com\/blog\/wp-json\/wp\/v2\/comments?post=98948"}],"version-history":[{"count":2,"href":"https:\/\/www.visit-ulcinj.com\/blog\/wp-json\/wp\/v2\/posts\/98948\/revisions"}],"predecessor-version":[{"id":98951,"href":"https:\/\/www.visit-ulcinj.com\/blog\/wp-json\/wp\/v2\/posts\/98948\/revisions\/98951"}],"wp:attachment":[{"href":"https:\/\/www.visit-ulcinj.com\/blog\/wp-json\/wp\/v2\/media?parent=98948"}],"wp:term":[{"taxonomy":"category","embeddable":true,"href":"https:\/\/www.visit-ulcinj.com\/blog\/wp-json\/wp\/v2\/categories?post=98948"},{"taxonomy":"post_tag","embeddable":true,"href":"https:\/\/www.visit-ulcinj.com\/blog\/wp-json\/wp\/v2\/tags?post=98948"}],"curies":[{"name":"wp","href":"https:\/\/api.w.org\/{rel}","templated":true}]}}