{"id":98952,"date":"2016-08-10T19:52:14","date_gmt":"2016-08-10T18:52:14","guid":{"rendered":"http:\/\/www.visit-ulcinj.com\/blog\/?p=98952"},"modified":"2016-08-11T12:43:07","modified_gmt":"2016-08-11T11:43:07","slug":"banoret-e-ulqinit-fitojne-betejen-e-kripores-nuk-te-ndertohet-ne-te","status":"publish","type":"post","link":"https:\/\/www.visit-ulcinj.com\/blog\/2016\/08\/10\/banoret-e-ulqinit-fitojne-betejen-e-kripores-nuk-te-ndertohet-ne-te\/","title":{"rendered":"Banor\u00ebt e Ulqinit fitojn\u00eb \u201cBetej\u00ebn e Kripores\u201d: nuk do t\u00eb nd\u00ebrtohet n\u00eb t\u00eb"},"content":{"rendered":"<p><strong><a href=\"http:\/\/www.visit-ulcinj.com\/blog\/wp-content\/uploads\/2012\/09\/ulcinjska-Solana-BAJO-SEKULIC.jpg\"><img loading=\"lazy\" class=\"alignleft wp-image-63910\" src=\"http:\/\/www.visit-ulcinj.com\/blog\/wp-content\/uploads\/2012\/09\/ulcinjska-Solana-BAJO-SEKULIC.jpg\" alt=\"ulcinjska-Solana BAJO SEKULIC\" width=\"508\" height=\"260\" srcset=\"https:\/\/www.visit-ulcinj.com\/blog\/wp-content\/uploads\/2012\/09\/ulcinjska-Solana-BAJO-SEKULIC.jpg 600w, https:\/\/www.visit-ulcinj.com\/blog\/wp-content\/uploads\/2012\/09\/ulcinjska-Solana-BAJO-SEKULIC-300x153.jpg 300w\" sizes=\"(max-width: 508px) 100vw, 508px\" \/><\/a>Shqiptar\u00ebt fitojn\u00eb betej\u00ebn e kripores s\u00eb Ulqinit.<\/strong><\/p>\n<p>Pas nj\u00eb beteje nj\u00eb-vje\u00e7are, organizatat e shoq\u00ebris\u00eb civile, jo vet\u00ebm t\u00eb shqiptar\u00ebve por edhe t\u00eb ambjentalist\u00ebve malazez\u00eb, kan\u00eb arritur sukses t\u00eb plot\u00eb.<\/p>\n<p>Nj\u00eb zyrtare e lart\u00eb e Podgoric\u00ebs ka deklaruar p\u00ebr televizionin publik se \u201cN\u00eb zon\u00ebn e Kripores s\u00eb Ulqinit nuk do t\u00eb ket\u00eb nd\u00ebrtim dhe k\u00ebt\u00eb e definojn\u00eb planet hap\u00ebsinore\u201d.<\/p>\n<p>Nj\u00eb fraz\u00eb e qart\u00eb dhe p\u00ebrfundimtare e dal\u00eb nga kreu i Agjencis\u00eb p\u00ebr Mbrojtjen e Mjedisit Jet\u00ebsor, enti p\u00ebrgjegj\u00ebs q\u00eb jep licensat e nd\u00ebrtimeve n\u00eb zona t\u00eb mbrojtura.<\/p>\n<p>Marina Spahiq deklaroi m\u00eb pas se \u201cK\u00ebt\u00eb p\u00ebrfundimisht e definon plani hap\u00ebsinor n\u00eb zon\u00ebn e posa\u00e7me\u201d.<\/p>\n<p>\u201cNuk ekziston n\u00eb projekt nd\u00ebrtimi n\u00eb Kriporen e Ulqinit. N\u00eb ministri disa her\u00eb e kemi theksuar k\u00ebt\u00eb p\u00ebr shkak t\u00eb moskuptimit t\u00eb dokumentacionit projektues-planifikues\u201d.<\/p>\n<p>Spahiq shtoi se Kriporja fillimisht duhet t\u00eb mbrohet n\u00eb nivel nacional, pastaj edhe n\u00eb at\u00eb nd\u00ebrkomb\u00ebtar.<\/p>\n<p><a href=\"http:\/\/www.visit-ulcinj.com\/blog\/wp-content\/uploads\/2014\/06\/ulcinjska-solana-raj-za-ptice-2.jpg\"><img loading=\"lazy\" class=\"alignleft wp-image-83003\" src=\"http:\/\/www.visit-ulcinj.com\/blog\/wp-content\/uploads\/2014\/06\/ulcinjska-solana-raj-za-ptice-2.jpg\" alt=\"ulcinjska-solana-raj-za-ptice-2\" width=\"508\" height=\"378\" srcset=\"https:\/\/www.visit-ulcinj.com\/blog\/wp-content\/uploads\/2014\/06\/ulcinjska-solana-raj-za-ptice-2.jpg 960w, https:\/\/www.visit-ulcinj.com\/blog\/wp-content\/uploads\/2014\/06\/ulcinjska-solana-raj-za-ptice-2-300x223.jpg 300w\" sizes=\"(max-width: 508px) 100vw, 508px\" \/><\/a><\/p>\n<p>Plani hap\u00ebsinor-urbanistik i komun\u00ebs s\u00eb Ulqinit e p\u00ebrcakton Kriporen si Park Natyror.<\/p>\n<p>Kjo p\u00ebr arsye t\u00eb ekosistemit t\u00eb ve\u00e7ant\u00eb dhe mikro klim\u00ebs q\u00eb krijon laguna.<\/p>\n<p>Vet\u00ebm n\u00eb k\u00ebt\u00eb vend n\u00eb Ballkan shtegtojn\u00eb shpend\u00ebt e rrall\u00eb si flamingot.<\/p>\n<p><strong>\u00a0<\/strong><\/p>\n<p><strong>Beteja<\/strong><\/p>\n<p>Protesta e shoq\u00ebris\u00eb civile shqiptare nisi pas planit t\u00eb qeveris\u00eb malazeze p\u00ebr privatizimin e Kripores dhe m\u00eb pas doli n\u00eb media fakti se truallin e kishte marr\u00eb nj\u00eb bank\u00eb q\u00eb drejtohej nga v\u00ebllai i kryeministrit, Milo Gjukanovi\u00e7-A\u00e7o-ja.<\/p>\n<p>Vendimi p\u00ebr marrjen e truallit nga banka u vendos nga Gjykata Kushtetuese, vendim t\u00eb cilin deputeti shqiptar Genci Numanbegu e quajti \u201cn\u00eb d\u00ebm t\u00eb interesave t\u00eb shqiptar\u00ebve t\u00eb Malit t\u00eb Zi\u201d.<\/p>\n<p>Por p\u00ebrve\u00e7 shqiptar\u00ebve kan\u00eb reaguar edhe nd\u00ebrkomb\u00ebtar\u00ebt.<\/p>\n<p>Ambasadorja e Gjermanis\u00eb n\u00eb Podgoric\u00eb, Gudrun Shtajnaker, ka paralajm\u00ebruar disa her\u00eb se n\u00ebse Kriporja nuk shpallet zon\u00eb e mbrojtur, rrezikohet rruga e Malit t\u00eb Zi drejt Bashkimit Europian.<\/p>\n<p>Vendimi p\u00ebr mbrojtjen e Kripores u miratua nga Kuvendi i Malit t\u00eb Zi n\u00eb vitin 2012 me vota t\u00eb opozit\u00ebs, Partis\u00eb Socialdemokrate dhe deputet\u00ebve shqiptar\u00eb.<\/p>\n<p>Kriporja e Ulqinit mbulon nj\u00eb sip\u00ebrfaqe prej 14,5 km2 dhe \u00ebsht\u00eb e vendosur n\u00eb delt\u00ebn e Lumit Buna.<\/p>\n<p>Para se t\u00eb nd\u00ebrtohet Kriporja n\u00eb vend t\u00eb saj, ka qen\u00eb K\u00ebneta e Zogajve, e cila ka qen\u00eb e njohur p\u00ebr gjuetin\u00eb e shpez\u00ebve, gj\u00eb q\u00eb e tregon edhe emri \u201czog\u201d.<\/p>\n<p><a href=\"http:\/\/www.visit-ulcinj.com\/blog\/wp-content\/uploads\/2014\/06\/ulcinjska-solana-raj-za-ptice-1.jpg\"><img loading=\"lazy\" class=\"alignleft wp-image-83001\" src=\"http:\/\/www.visit-ulcinj.com\/blog\/wp-content\/uploads\/2014\/06\/ulcinjska-solana-raj-za-ptice-1.jpg\" alt=\"ulcinjska-solana-raj-za-ptice-1\" width=\"508\" height=\"381\" srcset=\"https:\/\/www.visit-ulcinj.com\/blog\/wp-content\/uploads\/2014\/06\/ulcinjska-solana-raj-za-ptice-1.jpg 1000w, https:\/\/www.visit-ulcinj.com\/blog\/wp-content\/uploads\/2014\/06\/ulcinjska-solana-raj-za-ptice-1-300x225.jpg 300w\" sizes=\"(max-width: 508px) 100vw, 508px\" \/><\/a><\/p>\n<p>Fillimi i Kripores \u00ebsht\u00eb i lidhur me rregullimin e ujit t\u00eb K\u00ebnet\u00ebs se Zogajve n\u00eb vitin 1913, kur \u00ebsht\u00eb hapur kanali i Port Milen\u00ebs. Ajo \u00ebsht\u00eb e rrethuar nga nj\u00eb kanal q\u00eb drenazhon uj\u00ebrat e k\u00ebnetave p\u00ebrreth, duke mos lejuar q\u00eb uji i tyre t\u00eb p\u00ebrzihet me ujin e Kripores.<\/p>\n<p>Kriporja \u00ebsht\u00eb nj\u00eb pjes\u00eb e r\u00ebnd\u00ebsishme e sistemit t\u00eb pellgut t\u00eb Liqenit t\u00eb Shkodr\u00ebs dhe t\u00eb Lumit Buna, i cili ka nj\u00eb sip\u00ebrfaqe prej 1,000 km2.<\/p>\n<p>Kriporja \u00ebsht\u00eb e rrethuar nga disa nga vendet m\u00eb t\u00eb r\u00ebnd\u00ebsishme mjedisore n\u00eb Adriatik, si\u00e7 jan\u00eb Plazhi i Madh, Ada e Bun\u00ebs, Liqeni i Shasit dhe Liqeni i Shkodr\u00ebs.<\/p>\n<p>Kriporja e Ulqinit \u00ebsht\u00eb nj\u00eb nga dhjet\u00eb kriporet m\u00eb t\u00eb m\u00ebdha\u00a0 n\u00eb Mesdhe. N\u00eb fund t\u00eb bazenit t\u00eb saj, gjenden n\u00eb sasi t\u00eb m\u00ebdha mbetjet e guackave dhe t\u00eb k\u00ebrmijve t\u00eb detit.<\/p>\n<p><strong>\u00a0<\/strong><strong>P\u00ebrgatiti: Y.Pata- \/tesheshi.com\/<\/strong><\/p>\n","protected":false},"excerpt":{"rendered":"<p>Shqiptar\u00ebt fitojn\u00eb betej\u00ebn e kripores s\u00eb Ulqinit. Pas nj\u00eb beteje nj\u00eb-vje\u00e7are, organizatat e shoq\u00ebris\u00eb civile, jo vet\u00ebm t\u00eb shqiptar\u00ebve por edhe t\u00eb ambjentalist\u00ebve malazez\u00eb, kan\u00eb arritur sukses t\u00eb plot\u00eb. Nj\u00eb zyrtare e lart\u00eb e Podgoric\u00ebs ka deklaruar p\u00ebr televizionin publik se \u201cN\u00eb zon\u00ebn e Kripores s\u00eb Ulqinit nuk do t\u00eb ket\u00eb nd\u00ebrtim dhe k\u00ebt\u00eb e [&hellip;]<\/p>\n","protected":false},"author":1,"featured_media":0,"comment_status":"closed","ping_status":"closed","sticky":false,"template":"","format":"standard","meta":{"spay_email":"","jetpack_publicize_message":"","jetpack_is_tweetstorm":false,"jetpack_publicize_feature_enabled":true},"categories":[1,12],"tags":[],"jetpack_publicize_connections":[],"yoast_head":"<!-- This site is optimized with the Yoast SEO plugin v19.1 - https:\/\/yoast.com\/wordpress\/plugins\/seo\/ -->\n<title>Banor\u00ebt e Ulqinit fitojn\u00eb \u201cBetej\u00ebn e Kripores\u201d: nuk do t\u00eb nd\u00ebrtohet n\u00eb t\u00eb - Lajme nga Ulqini<\/title>\n<meta name=\"description\" content=\"Shqiptar\u00ebt fitojn\u00eb betej\u00ebn e kripores s\u00eb Ulqinit. Pas nj\u00eb beteje nj\u00eb-vje\u00e7are, organizatat e shoq\u00ebris\u00eb civile, jo vet\u00ebm t\u00eb shqiptar\u00ebve por edhe t\u00eb\" \/>\n<meta name=\"robots\" content=\"index, follow, max-snippet:-1, max-image-preview:large, max-video-preview:-1\" \/>\n<link rel=\"canonical\" href=\"https:\/\/www.visit-ulcinj.com\/blog\/2016\/08\/10\/banoret-e-ulqinit-fitojne-betejen-e-kripores-nuk-te-ndertohet-ne-te\/\" \/>\n<meta property=\"og:locale\" content=\"en_US\" \/>\n<meta property=\"og:type\" content=\"article\" \/>\n<meta property=\"og:title\" content=\"Banor\u00ebt e Ulqinit fitojn\u00eb \u201cBetej\u00ebn e Kripores\u201d: nuk do t\u00eb nd\u00ebrtohet n\u00eb t\u00eb - Lajme nga Ulqini\" \/>\n<meta property=\"og:description\" content=\"Shqiptar\u00ebt fitojn\u00eb betej\u00ebn e kripores s\u00eb Ulqinit. Pas nj\u00eb beteje nj\u00eb-vje\u00e7are, organizatat e shoq\u00ebris\u00eb civile, jo vet\u00ebm t\u00eb shqiptar\u00ebve por edhe t\u00eb\" \/>\n<meta property=\"og:url\" content=\"https:\/\/www.visit-ulcinj.com\/blog\/2016\/08\/10\/banoret-e-ulqinit-fitojne-betejen-e-kripores-nuk-te-ndertohet-ne-te\/\" \/>\n<meta property=\"og:site_name\" content=\"Lajme nga Ulqini\" \/>\n<meta property=\"article:published_time\" content=\"2016-08-10T18:52:14+00:00\" \/>\n<meta property=\"article:modified_time\" content=\"2016-08-11T11:43:07+00:00\" \/>\n<meta property=\"og:image\" content=\"http:\/\/www.visit-ulcinj.com\/blog\/wp-content\/uploads\/2012\/09\/ulcinjska-Solana-BAJO-SEKULIC.jpg\" \/>\n<meta name=\"twitter:label1\" content=\"Written by\" \/>\n\t<meta name=\"twitter:data1\" content=\"ulqini\" \/>\n\t<meta name=\"twitter:label2\" content=\"Est. reading time\" \/>\n\t<meta name=\"twitter:data2\" content=\"3 minutes\" \/>\n<script type=\"application\/ld+json\" class=\"yoast-schema-graph\">{\"@context\":\"https:\/\/schema.org\",\"@graph\":[{\"@type\":\"WebSite\",\"@id\":\"https:\/\/www.visit-ulcinj.com\/blog\/#website\",\"url\":\"https:\/\/www.visit-ulcinj.com\/blog\/\",\"name\":\"Lajme nga Ulqini\",\"description\":\"Lajme,Vijesti,Ulqini,Ulqin,Crna Gora,Mali i Zi\",\"potentialAction\":[{\"@type\":\"SearchAction\",\"target\":{\"@type\":\"EntryPoint\",\"urlTemplate\":\"https:\/\/www.visit-ulcinj.com\/blog\/?s={search_term_string}\"},\"query-input\":\"required name=search_term_string\"}],\"inLanguage\":\"en-US\"},{\"@type\":\"ImageObject\",\"inLanguage\":\"en-US\",\"@id\":\"https:\/\/www.visit-ulcinj.com\/blog\/2016\/08\/10\/banoret-e-ulqinit-fitojne-betejen-e-kripores-nuk-te-ndertohet-ne-te\/#primaryimage\",\"url\":\"https:\/\/www.visit-ulcinj.com\/blog\/wp-content\/uploads\/2012\/09\/ulcinjska-Solana-BAJO-SEKULIC.jpg\",\"contentUrl\":\"https:\/\/www.visit-ulcinj.com\/blog\/wp-content\/uploads\/2012\/09\/ulcinjska-Solana-BAJO-SEKULIC.jpg\",\"width\":\"600\",\"height\":\"307\"},{\"@type\":\"WebPage\",\"@id\":\"https:\/\/www.visit-ulcinj.com\/blog\/2016\/08\/10\/banoret-e-ulqinit-fitojne-betejen-e-kripores-nuk-te-ndertohet-ne-te\/#webpage\",\"url\":\"https:\/\/www.visit-ulcinj.com\/blog\/2016\/08\/10\/banoret-e-ulqinit-fitojne-betejen-e-kripores-nuk-te-ndertohet-ne-te\/\",\"name\":\"Banor\u00ebt e Ulqinit fitojn\u00eb \u201cBetej\u00ebn e Kripores\u201d: nuk do t\u00eb nd\u00ebrtohet n\u00eb t\u00eb - Lajme nga Ulqini\",\"isPartOf\":{\"@id\":\"https:\/\/www.visit-ulcinj.com\/blog\/#website\"},\"primaryImageOfPage\":{\"@id\":\"https:\/\/www.visit-ulcinj.com\/blog\/2016\/08\/10\/banoret-e-ulqinit-fitojne-betejen-e-kripores-nuk-te-ndertohet-ne-te\/#primaryimage\"},\"datePublished\":\"2016-08-10T18:52:14+00:00\",\"dateModified\":\"2016-08-11T11:43:07+00:00\",\"author\":{\"@id\":\"https:\/\/www.visit-ulcinj.com\/blog\/#\/schema\/person\/dcab619c614d3038751c63bc2aadc06d\"},\"description\":\"Shqiptar\u00ebt fitojn\u00eb betej\u00ebn e kripores s\u00eb Ulqinit. Pas nj\u00eb beteje nj\u00eb-vje\u00e7are, organizatat e shoq\u00ebris\u00eb civile, jo vet\u00ebm t\u00eb shqiptar\u00ebve por edhe t\u00eb\",\"breadcrumb\":{\"@id\":\"https:\/\/www.visit-ulcinj.com\/blog\/2016\/08\/10\/banoret-e-ulqinit-fitojne-betejen-e-kripores-nuk-te-ndertohet-ne-te\/#breadcrumb\"},\"inLanguage\":\"en-US\",\"potentialAction\":[{\"@type\":\"ReadAction\",\"target\":[\"https:\/\/www.visit-ulcinj.com\/blog\/2016\/08\/10\/banoret-e-ulqinit-fitojne-betejen-e-kripores-nuk-te-ndertohet-ne-te\/\"]}]},{\"@type\":\"BreadcrumbList\",\"@id\":\"https:\/\/www.visit-ulcinj.com\/blog\/2016\/08\/10\/banoret-e-ulqinit-fitojne-betejen-e-kripores-nuk-te-ndertohet-ne-te\/#breadcrumb\",\"itemListElement\":[{\"@type\":\"ListItem\",\"position\":1,\"name\":\"Banor\u00ebt e Ulqinit fitojn\u00eb \u201cBetej\u00ebn e Kripores\u201d: nuk do t\u00eb nd\u00ebrtohet n\u00eb t\u00eb\"}]},{\"@type\":\"Person\",\"@id\":\"https:\/\/www.visit-ulcinj.com\/blog\/#\/schema\/person\/dcab619c614d3038751c63bc2aadc06d\",\"name\":\"ulqini\",\"sameAs\":[\"http:\/\/www.visit-ulcinj.com\"],\"url\":\"https:\/\/www.visit-ulcinj.com\/blog\/author\/admin\/\"}]}<\/script>\n<!-- \/ Yoast SEO plugin. -->","yoast_head_json":{"title":"Banor\u00ebt e Ulqinit fitojn\u00eb \u201cBetej\u00ebn e Kripores\u201d: nuk do t\u00eb nd\u00ebrtohet n\u00eb t\u00eb - Lajme nga Ulqini","description":"Shqiptar\u00ebt fitojn\u00eb betej\u00ebn e kripores s\u00eb Ulqinit. Pas nj\u00eb beteje nj\u00eb-vje\u00e7are, organizatat e shoq\u00ebris\u00eb civile, jo vet\u00ebm t\u00eb shqiptar\u00ebve por edhe t\u00eb","robots":{"index":"index","follow":"follow","max-snippet":"max-snippet:-1","max-image-preview":"max-image-preview:large","max-video-preview":"max-video-preview:-1"},"canonical":"https:\/\/www.visit-ulcinj.com\/blog\/2016\/08\/10\/banoret-e-ulqinit-fitojne-betejen-e-kripores-nuk-te-ndertohet-ne-te\/","og_locale":"en_US","og_type":"article","og_title":"Banor\u00ebt e Ulqinit fitojn\u00eb \u201cBetej\u00ebn e Kripores\u201d: nuk do t\u00eb nd\u00ebrtohet n\u00eb t\u00eb - Lajme nga Ulqini","og_description":"Shqiptar\u00ebt fitojn\u00eb betej\u00ebn e kripores s\u00eb Ulqinit. Pas nj\u00eb beteje nj\u00eb-vje\u00e7are, organizatat e shoq\u00ebris\u00eb civile, jo vet\u00ebm t\u00eb shqiptar\u00ebve por edhe t\u00eb","og_url":"https:\/\/www.visit-ulcinj.com\/blog\/2016\/08\/10\/banoret-e-ulqinit-fitojne-betejen-e-kripores-nuk-te-ndertohet-ne-te\/","og_site_name":"Lajme nga Ulqini","article_published_time":"2016-08-10T18:52:14+00:00","article_modified_time":"2016-08-11T11:43:07+00:00","og_image":[{"url":"http:\/\/www.visit-ulcinj.com\/blog\/wp-content\/uploads\/2012\/09\/ulcinjska-Solana-BAJO-SEKULIC.jpg"}],"twitter_misc":{"Written by":"ulqini","Est. reading time":"3 minutes"},"schema":{"@context":"https:\/\/schema.org","@graph":[{"@type":"WebSite","@id":"https:\/\/www.visit-ulcinj.com\/blog\/#website","url":"https:\/\/www.visit-ulcinj.com\/blog\/","name":"Lajme nga Ulqini","description":"Lajme,Vijesti,Ulqini,Ulqin,Crna Gora,Mali i Zi","potentialAction":[{"@type":"SearchAction","target":{"@type":"EntryPoint","urlTemplate":"https:\/\/www.visit-ulcinj.com\/blog\/?s={search_term_string}"},"query-input":"required name=search_term_string"}],"inLanguage":"en-US"},{"@type":"ImageObject","inLanguage":"en-US","@id":"https:\/\/www.visit-ulcinj.com\/blog\/2016\/08\/10\/banoret-e-ulqinit-fitojne-betejen-e-kripores-nuk-te-ndertohet-ne-te\/#primaryimage","url":"https:\/\/www.visit-ulcinj.com\/blog\/wp-content\/uploads\/2012\/09\/ulcinjska-Solana-BAJO-SEKULIC.jpg","contentUrl":"https:\/\/www.visit-ulcinj.com\/blog\/wp-content\/uploads\/2012\/09\/ulcinjska-Solana-BAJO-SEKULIC.jpg","width":"600","height":"307"},{"@type":"WebPage","@id":"https:\/\/www.visit-ulcinj.com\/blog\/2016\/08\/10\/banoret-e-ulqinit-fitojne-betejen-e-kripores-nuk-te-ndertohet-ne-te\/#webpage","url":"https:\/\/www.visit-ulcinj.com\/blog\/2016\/08\/10\/banoret-e-ulqinit-fitojne-betejen-e-kripores-nuk-te-ndertohet-ne-te\/","name":"Banor\u00ebt e Ulqinit fitojn\u00eb \u201cBetej\u00ebn e Kripores\u201d: nuk do t\u00eb nd\u00ebrtohet n\u00eb t\u00eb - Lajme nga Ulqini","isPartOf":{"@id":"https:\/\/www.visit-ulcinj.com\/blog\/#website"},"primaryImageOfPage":{"@id":"https:\/\/www.visit-ulcinj.com\/blog\/2016\/08\/10\/banoret-e-ulqinit-fitojne-betejen-e-kripores-nuk-te-ndertohet-ne-te\/#primaryimage"},"datePublished":"2016-08-10T18:52:14+00:00","dateModified":"2016-08-11T11:43:07+00:00","author":{"@id":"https:\/\/www.visit-ulcinj.com\/blog\/#\/schema\/person\/dcab619c614d3038751c63bc2aadc06d"},"description":"Shqiptar\u00ebt fitojn\u00eb betej\u00ebn e kripores s\u00eb Ulqinit. Pas nj\u00eb beteje nj\u00eb-vje\u00e7are, organizatat e shoq\u00ebris\u00eb civile, jo vet\u00ebm t\u00eb shqiptar\u00ebve por edhe t\u00eb","breadcrumb":{"@id":"https:\/\/www.visit-ulcinj.com\/blog\/2016\/08\/10\/banoret-e-ulqinit-fitojne-betejen-e-kripores-nuk-te-ndertohet-ne-te\/#breadcrumb"},"inLanguage":"en-US","potentialAction":[{"@type":"ReadAction","target":["https:\/\/www.visit-ulcinj.com\/blog\/2016\/08\/10\/banoret-e-ulqinit-fitojne-betejen-e-kripores-nuk-te-ndertohet-ne-te\/"]}]},{"@type":"BreadcrumbList","@id":"https:\/\/www.visit-ulcinj.com\/blog\/2016\/08\/10\/banoret-e-ulqinit-fitojne-betejen-e-kripores-nuk-te-ndertohet-ne-te\/#breadcrumb","itemListElement":[{"@type":"ListItem","position":1,"name":"Banor\u00ebt e Ulqinit fitojn\u00eb \u201cBetej\u00ebn e Kripores\u201d: nuk do t\u00eb nd\u00ebrtohet n\u00eb t\u00eb"}]},{"@type":"Person","@id":"https:\/\/www.visit-ulcinj.com\/blog\/#\/schema\/person\/dcab619c614d3038751c63bc2aadc06d","name":"ulqini","sameAs":["http:\/\/www.visit-ulcinj.com"],"url":"https:\/\/www.visit-ulcinj.com\/blog\/author\/admin\/"}]}},"jetpack_featured_media_url":"","jetpack_sharing_enabled":true,"jetpack_shortlink":"https:\/\/wp.me\/pe6lTn-pK0","_links":{"self":[{"href":"https:\/\/www.visit-ulcinj.com\/blog\/wp-json\/wp\/v2\/posts\/98952"}],"collection":[{"href":"https:\/\/www.visit-ulcinj.com\/blog\/wp-json\/wp\/v2\/posts"}],"about":[{"href":"https:\/\/www.visit-ulcinj.com\/blog\/wp-json\/wp\/v2\/types\/post"}],"author":[{"embeddable":true,"href":"https:\/\/www.visit-ulcinj.com\/blog\/wp-json\/wp\/v2\/users\/1"}],"replies":[{"embeddable":true,"href":"https:\/\/www.visit-ulcinj.com\/blog\/wp-json\/wp\/v2\/comments?post=98952"}],"version-history":[{"count":1,"href":"https:\/\/www.visit-ulcinj.com\/blog\/wp-json\/wp\/v2\/posts\/98952\/revisions"}],"predecessor-version":[{"id":98953,"href":"https:\/\/www.visit-ulcinj.com\/blog\/wp-json\/wp\/v2\/posts\/98952\/revisions\/98953"}],"wp:attachment":[{"href":"https:\/\/www.visit-ulcinj.com\/blog\/wp-json\/wp\/v2\/media?parent=98952"}],"wp:term":[{"taxonomy":"category","embeddable":true,"href":"https:\/\/www.visit-ulcinj.com\/blog\/wp-json\/wp\/v2\/categories?post=98952"},{"taxonomy":"post_tag","embeddable":true,"href":"https:\/\/www.visit-ulcinj.com\/blog\/wp-json\/wp\/v2\/tags?post=98952"}],"curies":[{"name":"wp","href":"https:\/\/api.w.org\/{rel}","templated":true}]}}