{"id":98960,"date":"2016-08-11T07:55:47","date_gmt":"2016-08-11T06:55:47","guid":{"rendered":"http:\/\/www.visit-ulcinj.com\/blog\/?p=98960"},"modified":"2016-08-11T07:56:07","modified_gmt":"2016-08-11T06:56:07","slug":"shpend-ahmeti-ka-pritur-ne-takim-nje-delegacion-te-komunes-se-ulqinit-taficen-daboviqin-dhe-ceken","status":"publish","type":"post","link":"https:\/\/www.visit-ulcinj.com\/blog\/2016\/08\/11\/shpend-ahmeti-ka-pritur-ne-takim-nje-delegacion-te-komunes-se-ulqinit-taficen-daboviqin-dhe-ceken\/","title":{"rendered":"Shpend Ahmeti ka pritur n\u00eb takim nj\u00eb delegacion t\u00eb Komun\u00ebs s\u00eb Ulqinit Taficen, Daboviqin dhe Cek\u00ebn"},"content":{"rendered":"<div class=\"td-post-content td-pb-padding-side\">\n<p><strong><a href=\"http:\/\/www.visit-ulcinj.com\/blog\/wp-content\/uploads\/2016\/08\/Shpend-Ahmeti-Tafica-Daboviq-Ceka-.jpg\"><img loading=\"lazy\" class=\"alignleft wp-image-98961\" src=\"http:\/\/www.visit-ulcinj.com\/blog\/wp-content\/uploads\/2016\/08\/Shpend-Ahmeti-Tafica-Daboviq-Ceka-.jpg\" alt=\"Shpend-Ahmeti-Tafica-Daboviq-Ceka-\" width=\"508\" height=\"299\" srcset=\"https:\/\/www.visit-ulcinj.com\/blog\/wp-content\/uploads\/2016\/08\/Shpend-Ahmeti-Tafica-Daboviq-Ceka-.jpg 635w, https:\/\/www.visit-ulcinj.com\/blog\/wp-content\/uploads\/2016\/08\/Shpend-Ahmeti-Tafica-Daboviq-Ceka--300x177.jpg 300w\" sizes=\"(max-width: 508px) 100vw, 508px\" \/><\/a>Kryetari i Komun\u00ebs s\u00eb Prishtin\u00ebs, Shpend Ahmeti ka pritur n\u00eb takim nj\u00eb delegacion t\u00eb Komun\u00ebs s\u00eb Ulqinit<\/strong><\/p>\n<p>N\u00eb nj\u00eb njoftim p\u00ebr media thuhet se delegacioni p\u00ebrb\u00ebhej nga sekretari i Sekretariatit p\u00ebr Urbaniz\u00ebm, Aleksand\u00ebr Daboviq, dhe k\u00ebshilltar\u00ebt, Mehmet Tafica dhe Rexhep Ceka, t\u00eb cil\u00ebt kishin ardhur p\u00ebr vizit\u00eb pune n\u00eb Komun\u00ebn e Prishtin\u00ebs.<\/p>\n<p>N\u00eb takim, kryetari i Prishtin\u00ebs, Shpend Ahmeti potencoi se takimet bilaterale duhet t\u00eb rezultojn\u00eb n\u00eb bashk\u00ebpunim konkret n\u00eb mes t\u00eb dy komunave, i cili pastaj do t\u00eb rezultonte n\u00eb projekte konkrete.<\/p>\n<p>M\u00eb pas delegacioni i Komun\u00ebs s\u00eb Ulqinit u prit n\u00eb Drejtorin\u00eb e Urbanizmit, nga drejtori Liburn Aliu me bashk\u00ebpun\u00ebtor\u00eb.<\/p>\n<p>Aty, Aliu i njoftoi t\u00eb pranishmit me projektet e k\u00ebsaj drejtorie, si\u00e7 jan\u00eb legalizimi, dh\u00ebnia e lejeve dhe p\u00ebrcjellja online e progresit t\u00eb aplikacionit p\u00ebr leje, hartat zonale e t\u00eb tjera.<\/p>\n<p>Gjat\u00eb vizit\u00ebs tre ditore, delegacioni do t\u00eb njoftohet p\u00ebr s\u00eb af\u00ebrmi me t\u00eb gjitha k\u00ebto procese.<\/p>\n<p><strong>RTV21<\/strong><\/p>\n<\/div>\n","protected":false},"excerpt":{"rendered":"<p>Kryetari i Komun\u00ebs s\u00eb Prishtin\u00ebs, Shpend Ahmeti ka pritur n\u00eb takim nj\u00eb delegacion t\u00eb Komun\u00ebs s\u00eb Ulqinit N\u00eb nj\u00eb njoftim p\u00ebr media thuhet se delegacioni p\u00ebrb\u00ebhej nga sekretari i Sekretariatit p\u00ebr Urbaniz\u00ebm, Aleksand\u00ebr Daboviq, dhe k\u00ebshilltar\u00ebt, Mehmet Tafica dhe Rexhep Ceka, t\u00eb cil\u00ebt kishin ardhur p\u00ebr vizit\u00eb pune n\u00eb Komun\u00ebn e Prishtin\u00ebs. N\u00eb takim, kryetari [&hellip;]<\/p>\n","protected":false},"author":1,"featured_media":0,"comment_status":"closed","ping_status":"closed","sticky":false,"template":"","format":"standard","meta":{"spay_email":"","jetpack_publicize_message":"","jetpack_is_tweetstorm":false,"jetpack_publicize_feature_enabled":true},"categories":[10],"tags":[],"jetpack_publicize_connections":[],"yoast_head":"<!-- This site is optimized with the Yoast SEO plugin v19.1 - https:\/\/yoast.com\/wordpress\/plugins\/seo\/ -->\n<title>Shpend Ahmeti ka pritur n\u00eb takim nj\u00eb delegacion t\u00eb Komun\u00ebs s\u00eb Ulqinit Taficen, Daboviqin dhe Cek\u00ebn - Lajme nga Ulqini<\/title>\n<meta name=\"description\" content=\"Kryetari i Komun\u00ebs s\u00eb Prishtin\u00ebs, Shpend Ahmeti ka pritur n\u00eb takim nj\u00eb delegacion t\u00eb Komun\u00ebs s\u00eb Ulqinit N\u00eb nj\u00eb njoftim p\u00ebr media thuhet se delegacioni\" \/>\n<meta name=\"robots\" content=\"index, follow, max-snippet:-1, max-image-preview:large, max-video-preview:-1\" \/>\n<link rel=\"canonical\" href=\"https:\/\/www.visit-ulcinj.com\/blog\/2016\/08\/11\/shpend-ahmeti-ka-pritur-ne-takim-nje-delegacion-te-komunes-se-ulqinit-taficen-daboviqin-dhe-ceken\/\" \/>\n<meta property=\"og:locale\" content=\"en_US\" \/>\n<meta property=\"og:type\" content=\"article\" \/>\n<meta property=\"og:title\" content=\"Shpend Ahmeti ka pritur n\u00eb takim nj\u00eb delegacion t\u00eb Komun\u00ebs s\u00eb Ulqinit Taficen, Daboviqin dhe Cek\u00ebn - Lajme nga Ulqini\" \/>\n<meta property=\"og:description\" content=\"Kryetari i Komun\u00ebs s\u00eb Prishtin\u00ebs, Shpend Ahmeti ka pritur n\u00eb takim nj\u00eb delegacion t\u00eb Komun\u00ebs s\u00eb Ulqinit N\u00eb nj\u00eb njoftim p\u00ebr media thuhet se delegacioni\" \/>\n<meta property=\"og:url\" content=\"https:\/\/www.visit-ulcinj.com\/blog\/2016\/08\/11\/shpend-ahmeti-ka-pritur-ne-takim-nje-delegacion-te-komunes-se-ulqinit-taficen-daboviqin-dhe-ceken\/\" \/>\n<meta property=\"og:site_name\" content=\"Lajme nga Ulqini\" \/>\n<meta property=\"article:published_time\" content=\"2016-08-11T06:55:47+00:00\" \/>\n<meta property=\"article:modified_time\" content=\"2016-08-11T06:56:07+00:00\" \/>\n<meta property=\"og:image\" content=\"http:\/\/www.visit-ulcinj.com\/blog\/wp-content\/uploads\/2016\/08\/Shpend-Ahmeti-Tafica-Daboviq-Ceka-.jpg\" \/>\n<meta name=\"twitter:label1\" content=\"Written by\" \/>\n\t<meta name=\"twitter:data1\" content=\"ulqini\" \/>\n\t<meta name=\"twitter:label2\" content=\"Est. reading time\" \/>\n\t<meta name=\"twitter:data2\" content=\"1 minute\" \/>\n<script type=\"application\/ld+json\" class=\"yoast-schema-graph\">{\"@context\":\"https:\/\/schema.org\",\"@graph\":[{\"@type\":\"WebSite\",\"@id\":\"https:\/\/www.visit-ulcinj.com\/blog\/#website\",\"url\":\"https:\/\/www.visit-ulcinj.com\/blog\/\",\"name\":\"Lajme nga Ulqini\",\"description\":\"Lajme,Vijesti,Ulqini,Ulqin,Crna Gora,Mali i Zi\",\"potentialAction\":[{\"@type\":\"SearchAction\",\"target\":{\"@type\":\"EntryPoint\",\"urlTemplate\":\"https:\/\/www.visit-ulcinj.com\/blog\/?s={search_term_string}\"},\"query-input\":\"required name=search_term_string\"}],\"inLanguage\":\"en-US\"},{\"@type\":\"ImageObject\",\"inLanguage\":\"en-US\",\"@id\":\"https:\/\/www.visit-ulcinj.com\/blog\/2016\/08\/11\/shpend-ahmeti-ka-pritur-ne-takim-nje-delegacion-te-komunes-se-ulqinit-taficen-daboviqin-dhe-ceken\/#primaryimage\",\"url\":\"https:\/\/www.visit-ulcinj.com\/blog\/wp-content\/uploads\/2016\/08\/Shpend-Ahmeti-Tafica-Daboviq-Ceka-.jpg\",\"contentUrl\":\"https:\/\/www.visit-ulcinj.com\/blog\/wp-content\/uploads\/2016\/08\/Shpend-Ahmeti-Tafica-Daboviq-Ceka-.jpg\",\"width\":635,\"height\":374},{\"@type\":\"WebPage\",\"@id\":\"https:\/\/www.visit-ulcinj.com\/blog\/2016\/08\/11\/shpend-ahmeti-ka-pritur-ne-takim-nje-delegacion-te-komunes-se-ulqinit-taficen-daboviqin-dhe-ceken\/#webpage\",\"url\":\"https:\/\/www.visit-ulcinj.com\/blog\/2016\/08\/11\/shpend-ahmeti-ka-pritur-ne-takim-nje-delegacion-te-komunes-se-ulqinit-taficen-daboviqin-dhe-ceken\/\",\"name\":\"Shpend Ahmeti ka pritur n\u00eb takim nj\u00eb delegacion t\u00eb Komun\u00ebs s\u00eb Ulqinit Taficen, Daboviqin dhe Cek\u00ebn - Lajme nga Ulqini\",\"isPartOf\":{\"@id\":\"https:\/\/www.visit-ulcinj.com\/blog\/#website\"},\"primaryImageOfPage\":{\"@id\":\"https:\/\/www.visit-ulcinj.com\/blog\/2016\/08\/11\/shpend-ahmeti-ka-pritur-ne-takim-nje-delegacion-te-komunes-se-ulqinit-taficen-daboviqin-dhe-ceken\/#primaryimage\"},\"datePublished\":\"2016-08-11T06:55:47+00:00\",\"dateModified\":\"2016-08-11T06:56:07+00:00\",\"author\":{\"@id\":\"https:\/\/www.visit-ulcinj.com\/blog\/#\/schema\/person\/dcab619c614d3038751c63bc2aadc06d\"},\"description\":\"Kryetari i Komun\u00ebs s\u00eb Prishtin\u00ebs, Shpend Ahmeti ka pritur n\u00eb takim nj\u00eb delegacion t\u00eb Komun\u00ebs s\u00eb Ulqinit N\u00eb nj\u00eb njoftim p\u00ebr media thuhet se delegacioni\",\"breadcrumb\":{\"@id\":\"https:\/\/www.visit-ulcinj.com\/blog\/2016\/08\/11\/shpend-ahmeti-ka-pritur-ne-takim-nje-delegacion-te-komunes-se-ulqinit-taficen-daboviqin-dhe-ceken\/#breadcrumb\"},\"inLanguage\":\"en-US\",\"potentialAction\":[{\"@type\":\"ReadAction\",\"target\":[\"https:\/\/www.visit-ulcinj.com\/blog\/2016\/08\/11\/shpend-ahmeti-ka-pritur-ne-takim-nje-delegacion-te-komunes-se-ulqinit-taficen-daboviqin-dhe-ceken\/\"]}]},{\"@type\":\"BreadcrumbList\",\"@id\":\"https:\/\/www.visit-ulcinj.com\/blog\/2016\/08\/11\/shpend-ahmeti-ka-pritur-ne-takim-nje-delegacion-te-komunes-se-ulqinit-taficen-daboviqin-dhe-ceken\/#breadcrumb\",\"itemListElement\":[{\"@type\":\"ListItem\",\"position\":1,\"name\":\"Shpend Ahmeti ka pritur n\u00eb takim nj\u00eb delegacion t\u00eb Komun\u00ebs s\u00eb Ulqinit Taficen, Daboviqin dhe Cek\u00ebn\"}]},{\"@type\":\"Person\",\"@id\":\"https:\/\/www.visit-ulcinj.com\/blog\/#\/schema\/person\/dcab619c614d3038751c63bc2aadc06d\",\"name\":\"ulqini\",\"sameAs\":[\"http:\/\/www.visit-ulcinj.com\"],\"url\":\"https:\/\/www.visit-ulcinj.com\/blog\/author\/admin\/\"}]}<\/script>\n<!-- \/ Yoast SEO plugin. -->","yoast_head_json":{"title":"Shpend Ahmeti ka pritur n\u00eb takim nj\u00eb delegacion t\u00eb Komun\u00ebs s\u00eb Ulqinit Taficen, Daboviqin dhe Cek\u00ebn - Lajme nga Ulqini","description":"Kryetari i Komun\u00ebs s\u00eb Prishtin\u00ebs, Shpend Ahmeti ka pritur n\u00eb takim nj\u00eb delegacion t\u00eb Komun\u00ebs s\u00eb Ulqinit N\u00eb nj\u00eb njoftim p\u00ebr media thuhet se delegacioni","robots":{"index":"index","follow":"follow","max-snippet":"max-snippet:-1","max-image-preview":"max-image-preview:large","max-video-preview":"max-video-preview:-1"},"canonical":"https:\/\/www.visit-ulcinj.com\/blog\/2016\/08\/11\/shpend-ahmeti-ka-pritur-ne-takim-nje-delegacion-te-komunes-se-ulqinit-taficen-daboviqin-dhe-ceken\/","og_locale":"en_US","og_type":"article","og_title":"Shpend Ahmeti ka pritur n\u00eb takim nj\u00eb delegacion t\u00eb Komun\u00ebs s\u00eb Ulqinit Taficen, Daboviqin dhe Cek\u00ebn - Lajme nga Ulqini","og_description":"Kryetari i Komun\u00ebs s\u00eb Prishtin\u00ebs, Shpend Ahmeti ka pritur n\u00eb takim nj\u00eb delegacion t\u00eb Komun\u00ebs s\u00eb Ulqinit N\u00eb nj\u00eb njoftim p\u00ebr media thuhet se delegacioni","og_url":"https:\/\/www.visit-ulcinj.com\/blog\/2016\/08\/11\/shpend-ahmeti-ka-pritur-ne-takim-nje-delegacion-te-komunes-se-ulqinit-taficen-daboviqin-dhe-ceken\/","og_site_name":"Lajme nga Ulqini","article_published_time":"2016-08-11T06:55:47+00:00","article_modified_time":"2016-08-11T06:56:07+00:00","og_image":[{"url":"http:\/\/www.visit-ulcinj.com\/blog\/wp-content\/uploads\/2016\/08\/Shpend-Ahmeti-Tafica-Daboviq-Ceka-.jpg"}],"twitter_misc":{"Written by":"ulqini","Est. reading time":"1 minute"},"schema":{"@context":"https:\/\/schema.org","@graph":[{"@type":"WebSite","@id":"https:\/\/www.visit-ulcinj.com\/blog\/#website","url":"https:\/\/www.visit-ulcinj.com\/blog\/","name":"Lajme nga Ulqini","description":"Lajme,Vijesti,Ulqini,Ulqin,Crna Gora,Mali i Zi","potentialAction":[{"@type":"SearchAction","target":{"@type":"EntryPoint","urlTemplate":"https:\/\/www.visit-ulcinj.com\/blog\/?s={search_term_string}"},"query-input":"required name=search_term_string"}],"inLanguage":"en-US"},{"@type":"ImageObject","inLanguage":"en-US","@id":"https:\/\/www.visit-ulcinj.com\/blog\/2016\/08\/11\/shpend-ahmeti-ka-pritur-ne-takim-nje-delegacion-te-komunes-se-ulqinit-taficen-daboviqin-dhe-ceken\/#primaryimage","url":"https:\/\/www.visit-ulcinj.com\/blog\/wp-content\/uploads\/2016\/08\/Shpend-Ahmeti-Tafica-Daboviq-Ceka-.jpg","contentUrl":"https:\/\/www.visit-ulcinj.com\/blog\/wp-content\/uploads\/2016\/08\/Shpend-Ahmeti-Tafica-Daboviq-Ceka-.jpg","width":635,"height":374},{"@type":"WebPage","@id":"https:\/\/www.visit-ulcinj.com\/blog\/2016\/08\/11\/shpend-ahmeti-ka-pritur-ne-takim-nje-delegacion-te-komunes-se-ulqinit-taficen-daboviqin-dhe-ceken\/#webpage","url":"https:\/\/www.visit-ulcinj.com\/blog\/2016\/08\/11\/shpend-ahmeti-ka-pritur-ne-takim-nje-delegacion-te-komunes-se-ulqinit-taficen-daboviqin-dhe-ceken\/","name":"Shpend Ahmeti ka pritur n\u00eb takim nj\u00eb delegacion t\u00eb Komun\u00ebs s\u00eb Ulqinit Taficen, Daboviqin dhe Cek\u00ebn - Lajme nga Ulqini","isPartOf":{"@id":"https:\/\/www.visit-ulcinj.com\/blog\/#website"},"primaryImageOfPage":{"@id":"https:\/\/www.visit-ulcinj.com\/blog\/2016\/08\/11\/shpend-ahmeti-ka-pritur-ne-takim-nje-delegacion-te-komunes-se-ulqinit-taficen-daboviqin-dhe-ceken\/#primaryimage"},"datePublished":"2016-08-11T06:55:47+00:00","dateModified":"2016-08-11T06:56:07+00:00","author":{"@id":"https:\/\/www.visit-ulcinj.com\/blog\/#\/schema\/person\/dcab619c614d3038751c63bc2aadc06d"},"description":"Kryetari i Komun\u00ebs s\u00eb Prishtin\u00ebs, Shpend Ahmeti ka pritur n\u00eb takim nj\u00eb delegacion t\u00eb Komun\u00ebs s\u00eb Ulqinit N\u00eb nj\u00eb njoftim p\u00ebr media thuhet se delegacioni","breadcrumb":{"@id":"https:\/\/www.visit-ulcinj.com\/blog\/2016\/08\/11\/shpend-ahmeti-ka-pritur-ne-takim-nje-delegacion-te-komunes-se-ulqinit-taficen-daboviqin-dhe-ceken\/#breadcrumb"},"inLanguage":"en-US","potentialAction":[{"@type":"ReadAction","target":["https:\/\/www.visit-ulcinj.com\/blog\/2016\/08\/11\/shpend-ahmeti-ka-pritur-ne-takim-nje-delegacion-te-komunes-se-ulqinit-taficen-daboviqin-dhe-ceken\/"]}]},{"@type":"BreadcrumbList","@id":"https:\/\/www.visit-ulcinj.com\/blog\/2016\/08\/11\/shpend-ahmeti-ka-pritur-ne-takim-nje-delegacion-te-komunes-se-ulqinit-taficen-daboviqin-dhe-ceken\/#breadcrumb","itemListElement":[{"@type":"ListItem","position":1,"name":"Shpend Ahmeti ka pritur n\u00eb takim nj\u00eb delegacion t\u00eb Komun\u00ebs s\u00eb Ulqinit Taficen, Daboviqin dhe Cek\u00ebn"}]},{"@type":"Person","@id":"https:\/\/www.visit-ulcinj.com\/blog\/#\/schema\/person\/dcab619c614d3038751c63bc2aadc06d","name":"ulqini","sameAs":["http:\/\/www.visit-ulcinj.com"],"url":"https:\/\/www.visit-ulcinj.com\/blog\/author\/admin\/"}]}},"jetpack_featured_media_url":"","jetpack_sharing_enabled":true,"jetpack_shortlink":"https:\/\/wp.me\/pe6lTn-pK8","_links":{"self":[{"href":"https:\/\/www.visit-ulcinj.com\/blog\/wp-json\/wp\/v2\/posts\/98960"}],"collection":[{"href":"https:\/\/www.visit-ulcinj.com\/blog\/wp-json\/wp\/v2\/posts"}],"about":[{"href":"https:\/\/www.visit-ulcinj.com\/blog\/wp-json\/wp\/v2\/types\/post"}],"author":[{"embeddable":true,"href":"https:\/\/www.visit-ulcinj.com\/blog\/wp-json\/wp\/v2\/users\/1"}],"replies":[{"embeddable":true,"href":"https:\/\/www.visit-ulcinj.com\/blog\/wp-json\/wp\/v2\/comments?post=98960"}],"version-history":[{"count":2,"href":"https:\/\/www.visit-ulcinj.com\/blog\/wp-json\/wp\/v2\/posts\/98960\/revisions"}],"predecessor-version":[{"id":98963,"href":"https:\/\/www.visit-ulcinj.com\/blog\/wp-json\/wp\/v2\/posts\/98960\/revisions\/98963"}],"wp:attachment":[{"href":"https:\/\/www.visit-ulcinj.com\/blog\/wp-json\/wp\/v2\/media?parent=98960"}],"wp:term":[{"taxonomy":"category","embeddable":true,"href":"https:\/\/www.visit-ulcinj.com\/blog\/wp-json\/wp\/v2\/categories?post=98960"},{"taxonomy":"post_tag","embeddable":true,"href":"https:\/\/www.visit-ulcinj.com\/blog\/wp-json\/wp\/v2\/tags?post=98960"}],"curies":[{"name":"wp","href":"https:\/\/api.w.org\/{rel}","templated":true}]}}