{"id":98965,"date":"2016-08-11T12:32:08","date_gmt":"2016-08-11T11:32:08","guid":{"rendered":"http:\/\/www.visit-ulcinj.com\/blog\/?p=98965"},"modified":"2016-08-12T08:15:00","modified_gmt":"2016-08-12T07:15:00","slug":"memoriam-shaban-buqo-kollari","status":"publish","type":"post","link":"https:\/\/www.visit-ulcinj.com\/blog\/2016\/08\/11\/memoriam-shaban-buqo-kollari\/","title":{"rendered":"In Memoriam: Shaban-Buqo Kollari"},"content":{"rendered":"<p><strong><span class=\"_5yi-\"><a href=\"http:\/\/www.visit-ulcinj.com\/blog\/wp-content\/uploads\/2016\/08\/Shaban-Buqo-Kolari-Ulqin-Restorant-Ponte-4.jpg\"><img loading=\"lazy\" class=\"alignleft wp-image-98966\" src=\"http:\/\/www.visit-ulcinj.com\/blog\/wp-content\/uploads\/2016\/08\/Shaban-Buqo-Kolari-Ulqin-Restorant-Ponte-4.jpg\" alt=\"Shaban-Buqo Kolari Ulqin - Restorant-Ponte-4\" width=\"508\" height=\"493\" srcset=\"https:\/\/www.visit-ulcinj.com\/blog\/wp-content\/uploads\/2016\/08\/Shaban-Buqo-Kolari-Ulqin-Restorant-Ponte-4.jpg 768w, https:\/\/www.visit-ulcinj.com\/blog\/wp-content\/uploads\/2016\/08\/Shaban-Buqo-Kolari-Ulqin-Restorant-Ponte-4-300x291.jpg 300w\" sizes=\"(max-width: 508px) 100vw, 508px\" \/><\/a>T\u00eb m\u00ebrkur\u00ebn, me 10.08.2016 n\u00eb moshen 58 vje\u00e7are ndroi jet\u00eb ullishtari dhe gastronomi i njohur nga Ulqini, Shaban-Buqo Kollari.<\/span><\/strong><\/p>\n<p>Kuzhinieri dhe Ullishtari, Shaban-Buqo Kollari , dhe restorantet Ponte n\u00eb Ulqin dhe n\u00eb Bun\u00eb i t\u00eb cilit jan shpallur nd\u00ebr m\u00eb t\u00eb mir\u00ebt n\u00eb Ulqin por edhe n\u00eb Mal t\u00eb Zi dhe m\u00eb gjer\u00eb prej dit\u00ebs s\u00eb djeshme mbet\u00ebn pa Buqin. Rruga e Buqit n\u00eb artin e kuzhin\u00ebs dhe ullishtarit nuk ka qen\u00eb e leht\u00eb.<\/p>\n<p>Pas marrjes s\u00eb lavdateve nga koleg\u00ebt e tij\u00eb kuzhinjer\u00eb dhe ullishtar\u00eb, ai shum her\u00eb kur u takoshe me thonte se suksesi vjen pas nj\u00eb disipline te ashp\u00ebr, kurse pasionin e gastronomis\u00eb e kam trash\u00ebguar nga koleg\u00ebt e mij\u00eb. Sa u p\u00ebrket standardeve q\u00eb ai mbante n\u00eb restorantet e tija n\u00eb Bun\u00eb dhe Ulqin ishin t\u00eb n\u00eb nj\u00eb nivel t\u00eb lart\u00eb. Buqi shpesh her\u00eb u shprehte q\u00eb asgj\u00eb nuk \u00ebsht\u00eb definitive, \u00e7do gj\u00eb duhet t\u00eb p\u00ebrs\u00ebritet dit\u00eb pas dite, dhe q\u00eb tradita ka gjithmon\u00eb pesh\u00ebn e saj.<\/p>\n<p>Buqi ishte nj\u00eb nd\u00ebr figurat m\u00eb markante t\u00eb gastronomis\u00eb &amp; Ullishtaris\u00eb dhe turizmit ton\u00eb n\u00eb Ulqin. Shaban-Buqo Kollari ka qen\u00eb dhe ka me mbet\u00eb n\u00eb kujtes\u00ebn e atyre t\u00eb cil\u00ebt kan\u00eb punuar me te dhe t\u00eb cilit kan ngren nga duart e tija, si nj\u00eb sinonim, si nj\u00eb shembull se si duhet t\u00eb jet\u00eb nj\u00eb gastronom &amp; ullishtar\u00eb i turizmit t\u00eb Ulqinit.<\/p>\n<p><strong>Varrimi do t\u00eb b\u00ebhet tek varrezate e Mollabeqir\u00ebve n\u00eb Meteriz\u00eb nga ora 17:30.<\/strong><\/p>\n<p><strong>Lajme nga Ulqini shpreh ngushllime familjes Kollari.\/ H.B<\/strong><\/p>\n<div class=\"_2cuy _3dgx _2vxa\"><a href=\"http:\/\/www.visit-ulcinj.com\/blog\/wp-content\/uploads\/2016\/08\/Shaban-Buqo-Kolari-Ulqin-Restorant-Ponte.jpg\"><img loading=\"lazy\" class=\"alignleft wp-image-98968\" src=\"http:\/\/www.visit-ulcinj.com\/blog\/wp-content\/uploads\/2016\/08\/Shaban-Buqo-Kolari-Ulqin-Restorant-Ponte.jpg\" alt=\"Shaban-Buqo Kolari Ulqin - Restorant-Ponte\" width=\"508\" height=\"380\" srcset=\"https:\/\/www.visit-ulcinj.com\/blog\/wp-content\/uploads\/2016\/08\/Shaban-Buqo-Kolari-Ulqin-Restorant-Ponte.jpg 458w, https:\/\/www.visit-ulcinj.com\/blog\/wp-content\/uploads\/2016\/08\/Shaban-Buqo-Kolari-Ulqin-Restorant-Ponte-300x225.jpg 300w\" sizes=\"(max-width: 508px) 100vw, 508px\" \/><\/a> <a href=\"http:\/\/www.visit-ulcinj.com\/blog\/wp-content\/uploads\/2016\/08\/Shaban-Buqo-Kolari-Ulqin-Restorant-Ponte-1.jpg\"><img loading=\"lazy\" class=\"alignleft wp-image-98969\" src=\"http:\/\/www.visit-ulcinj.com\/blog\/wp-content\/uploads\/2016\/08\/Shaban-Buqo-Kolari-Ulqin-Restorant-Ponte-1.jpg\" alt=\"Shaban-Buqo Kolari Ulqin - Restorant-Ponte-1\" width=\"508\" height=\"359\" srcset=\"https:\/\/www.visit-ulcinj.com\/blog\/wp-content\/uploads\/2016\/08\/Shaban-Buqo-Kolari-Ulqin-Restorant-Ponte-1.jpg 500w, https:\/\/www.visit-ulcinj.com\/blog\/wp-content\/uploads\/2016\/08\/Shaban-Buqo-Kolari-Ulqin-Restorant-Ponte-1-300x212.jpg 300w\" sizes=\"(max-width: 508px) 100vw, 508px\" \/><\/a> <a href=\"http:\/\/www.visit-ulcinj.com\/blog\/wp-content\/uploads\/2016\/08\/Shaban-Buqo-Kolari-Ulqin-Restorant-Ponte-2.jpg\"><img loading=\"lazy\" class=\"alignleft wp-image-98970\" src=\"http:\/\/www.visit-ulcinj.com\/blog\/wp-content\/uploads\/2016\/08\/Shaban-Buqo-Kolari-Ulqin-Restorant-Ponte-2.jpg\" alt=\"Shaban-Buqo Kolari Ulqin - Restorant-Ponte-2\" width=\"508\" height=\"314\" srcset=\"https:\/\/www.visit-ulcinj.com\/blog\/wp-content\/uploads\/2016\/08\/Shaban-Buqo-Kolari-Ulqin-Restorant-Ponte-2.jpg 500w, https:\/\/www.visit-ulcinj.com\/blog\/wp-content\/uploads\/2016\/08\/Shaban-Buqo-Kolari-Ulqin-Restorant-Ponte-2-300x185.jpg 300w\" sizes=\"(max-width: 508px) 100vw, 508px\" \/><\/a> <a href=\"http:\/\/www.visit-ulcinj.com\/blog\/wp-content\/uploads\/2016\/08\/Shaban-Buqo-Kolari-Ulqin-Restorant-Ponte-3.jpg\"><img loading=\"lazy\" class=\"alignleft wp-image-98971\" src=\"http:\/\/www.visit-ulcinj.com\/blog\/wp-content\/uploads\/2016\/08\/Shaban-Buqo-Kolari-Ulqin-Restorant-Ponte-3.jpg\" alt=\"Shaban-Buqo Kolari Ulqin - Restorant-Ponte-3\" width=\"508\" height=\"381\" srcset=\"https:\/\/www.visit-ulcinj.com\/blog\/wp-content\/uploads\/2016\/08\/Shaban-Buqo-Kolari-Ulqin-Restorant-Ponte-3.jpg 500w, https:\/\/www.visit-ulcinj.com\/blog\/wp-content\/uploads\/2016\/08\/Shaban-Buqo-Kolari-Ulqin-Restorant-Ponte-3-300x225.jpg 300w\" sizes=\"(max-width: 508px) 100vw, 508px\" \/><\/a><\/div>\n","protected":false},"excerpt":{"rendered":"<p>T\u00eb m\u00ebrkur\u00ebn, me 10.08.2016 n\u00eb moshen 58 vje\u00e7are ndroi jet\u00eb ullishtari dhe gastronomi i njohur nga Ulqini, Shaban-Buqo Kollari. Kuzhinieri dhe Ullishtari, Shaban-Buqo Kollari , dhe restorantet Ponte n\u00eb Ulqin dhe n\u00eb Bun\u00eb i t\u00eb cilit jan shpallur nd\u00ebr m\u00eb t\u00eb mir\u00ebt n\u00eb Ulqin por edhe n\u00eb Mal t\u00eb Zi dhe m\u00eb gjer\u00eb prej dit\u00ebs [&hellip;]<\/p>\n","protected":false},"author":1,"featured_media":0,"comment_status":"closed","ping_status":"closed","sticky":false,"template":"","format":"standard","meta":{"spay_email":"","jetpack_publicize_message":"","jetpack_is_tweetstorm":false,"jetpack_publicize_feature_enabled":true},"categories":[1,6950],"tags":[],"jetpack_publicize_connections":[],"yoast_head":"<!-- This site is optimized with the Yoast SEO plugin v19.1 - https:\/\/yoast.com\/wordpress\/plugins\/seo\/ -->\n<title>In Memoriam: Shaban-Buqo Kollari - Lajme nga Ulqini<\/title>\n<meta name=\"description\" content=\"T\u00eb m\u00ebrkur\u00ebn, me 10.08.2016 n\u00eb moshen 58 vje\u00e7are ndroi jet\u00eb ullishtari dhe gastronomi i njohur nga Ulqini, Shaban-Buqo Kollari. Kuzhinieri dhe Ullishtari,\" \/>\n<meta name=\"robots\" content=\"index, follow, max-snippet:-1, max-image-preview:large, max-video-preview:-1\" \/>\n<link rel=\"canonical\" href=\"https:\/\/www.visit-ulcinj.com\/blog\/2016\/08\/11\/memoriam-shaban-buqo-kollari\/\" \/>\n<meta property=\"og:locale\" content=\"en_US\" \/>\n<meta property=\"og:type\" content=\"article\" \/>\n<meta property=\"og:title\" content=\"In Memoriam: Shaban-Buqo Kollari - Lajme nga Ulqini\" \/>\n<meta property=\"og:description\" content=\"T\u00eb m\u00ebrkur\u00ebn, me 10.08.2016 n\u00eb moshen 58 vje\u00e7are ndroi jet\u00eb ullishtari dhe gastronomi i njohur nga Ulqini, Shaban-Buqo Kollari. Kuzhinieri dhe Ullishtari,\" \/>\n<meta property=\"og:url\" content=\"https:\/\/www.visit-ulcinj.com\/blog\/2016\/08\/11\/memoriam-shaban-buqo-kollari\/\" \/>\n<meta property=\"og:site_name\" content=\"Lajme nga Ulqini\" \/>\n<meta property=\"article:published_time\" content=\"2016-08-11T11:32:08+00:00\" \/>\n<meta property=\"article:modified_time\" content=\"2016-08-12T07:15:00+00:00\" \/>\n<meta property=\"og:image\" content=\"http:\/\/www.visit-ulcinj.com\/blog\/wp-content\/uploads\/2016\/08\/Shaban-Buqo-Kolari-Ulqin-Restorant-Ponte-4.jpg\" \/>\n<meta name=\"twitter:label1\" content=\"Written by\" \/>\n\t<meta name=\"twitter:data1\" content=\"ulqini\" \/>\n\t<meta name=\"twitter:label2\" content=\"Est. reading time\" \/>\n\t<meta name=\"twitter:data2\" content=\"1 minute\" \/>\n<script type=\"application\/ld+json\" class=\"yoast-schema-graph\">{\"@context\":\"https:\/\/schema.org\",\"@graph\":[{\"@type\":\"WebSite\",\"@id\":\"https:\/\/www.visit-ulcinj.com\/blog\/#website\",\"url\":\"https:\/\/www.visit-ulcinj.com\/blog\/\",\"name\":\"Lajme nga Ulqini\",\"description\":\"Lajme,Vijesti,Ulqini,Ulqin,Crna Gora,Mali i Zi\",\"potentialAction\":[{\"@type\":\"SearchAction\",\"target\":{\"@type\":\"EntryPoint\",\"urlTemplate\":\"https:\/\/www.visit-ulcinj.com\/blog\/?s={search_term_string}\"},\"query-input\":\"required name=search_term_string\"}],\"inLanguage\":\"en-US\"},{\"@type\":\"ImageObject\",\"inLanguage\":\"en-US\",\"@id\":\"https:\/\/www.visit-ulcinj.com\/blog\/2016\/08\/11\/memoriam-shaban-buqo-kollari\/#primaryimage\",\"url\":\"https:\/\/www.visit-ulcinj.com\/blog\/wp-content\/uploads\/2016\/08\/Shaban-Buqo-Kolari-Ulqin-Restorant-Ponte-4.jpg\",\"contentUrl\":\"https:\/\/www.visit-ulcinj.com\/blog\/wp-content\/uploads\/2016\/08\/Shaban-Buqo-Kolari-Ulqin-Restorant-Ponte-4.jpg\",\"width\":768,\"height\":745},{\"@type\":\"WebPage\",\"@id\":\"https:\/\/www.visit-ulcinj.com\/blog\/2016\/08\/11\/memoriam-shaban-buqo-kollari\/#webpage\",\"url\":\"https:\/\/www.visit-ulcinj.com\/blog\/2016\/08\/11\/memoriam-shaban-buqo-kollari\/\",\"name\":\"In Memoriam: Shaban-Buqo Kollari - Lajme nga Ulqini\",\"isPartOf\":{\"@id\":\"https:\/\/www.visit-ulcinj.com\/blog\/#website\"},\"primaryImageOfPage\":{\"@id\":\"https:\/\/www.visit-ulcinj.com\/blog\/2016\/08\/11\/memoriam-shaban-buqo-kollari\/#primaryimage\"},\"datePublished\":\"2016-08-11T11:32:08+00:00\",\"dateModified\":\"2016-08-12T07:15:00+00:00\",\"author\":{\"@id\":\"https:\/\/www.visit-ulcinj.com\/blog\/#\/schema\/person\/dcab619c614d3038751c63bc2aadc06d\"},\"description\":\"T\u00eb m\u00ebrkur\u00ebn, me 10.08.2016 n\u00eb moshen 58 vje\u00e7are ndroi jet\u00eb ullishtari dhe gastronomi i njohur nga Ulqini, Shaban-Buqo Kollari. Kuzhinieri dhe Ullishtari,\",\"breadcrumb\":{\"@id\":\"https:\/\/www.visit-ulcinj.com\/blog\/2016\/08\/11\/memoriam-shaban-buqo-kollari\/#breadcrumb\"},\"inLanguage\":\"en-US\",\"potentialAction\":[{\"@type\":\"ReadAction\",\"target\":[\"https:\/\/www.visit-ulcinj.com\/blog\/2016\/08\/11\/memoriam-shaban-buqo-kollari\/\"]}]},{\"@type\":\"BreadcrumbList\",\"@id\":\"https:\/\/www.visit-ulcinj.com\/blog\/2016\/08\/11\/memoriam-shaban-buqo-kollari\/#breadcrumb\",\"itemListElement\":[{\"@type\":\"ListItem\",\"position\":1,\"name\":\"In Memoriam: Shaban-Buqo Kollari\"}]},{\"@type\":\"Person\",\"@id\":\"https:\/\/www.visit-ulcinj.com\/blog\/#\/schema\/person\/dcab619c614d3038751c63bc2aadc06d\",\"name\":\"ulqini\",\"sameAs\":[\"http:\/\/www.visit-ulcinj.com\"],\"url\":\"https:\/\/www.visit-ulcinj.com\/blog\/author\/admin\/\"}]}<\/script>\n<!-- \/ Yoast SEO plugin. -->","yoast_head_json":{"title":"In Memoriam: Shaban-Buqo Kollari - Lajme nga Ulqini","description":"T\u00eb m\u00ebrkur\u00ebn, me 10.08.2016 n\u00eb moshen 58 vje\u00e7are ndroi jet\u00eb ullishtari dhe gastronomi i njohur nga Ulqini, Shaban-Buqo Kollari. Kuzhinieri dhe Ullishtari,","robots":{"index":"index","follow":"follow","max-snippet":"max-snippet:-1","max-image-preview":"max-image-preview:large","max-video-preview":"max-video-preview:-1"},"canonical":"https:\/\/www.visit-ulcinj.com\/blog\/2016\/08\/11\/memoriam-shaban-buqo-kollari\/","og_locale":"en_US","og_type":"article","og_title":"In Memoriam: Shaban-Buqo Kollari - Lajme nga Ulqini","og_description":"T\u00eb m\u00ebrkur\u00ebn, me 10.08.2016 n\u00eb moshen 58 vje\u00e7are ndroi jet\u00eb ullishtari dhe gastronomi i njohur nga Ulqini, Shaban-Buqo Kollari. Kuzhinieri dhe Ullishtari,","og_url":"https:\/\/www.visit-ulcinj.com\/blog\/2016\/08\/11\/memoriam-shaban-buqo-kollari\/","og_site_name":"Lajme nga Ulqini","article_published_time":"2016-08-11T11:32:08+00:00","article_modified_time":"2016-08-12T07:15:00+00:00","og_image":[{"url":"http:\/\/www.visit-ulcinj.com\/blog\/wp-content\/uploads\/2016\/08\/Shaban-Buqo-Kolari-Ulqin-Restorant-Ponte-4.jpg"}],"twitter_misc":{"Written by":"ulqini","Est. reading time":"1 minute"},"schema":{"@context":"https:\/\/schema.org","@graph":[{"@type":"WebSite","@id":"https:\/\/www.visit-ulcinj.com\/blog\/#website","url":"https:\/\/www.visit-ulcinj.com\/blog\/","name":"Lajme nga Ulqini","description":"Lajme,Vijesti,Ulqini,Ulqin,Crna Gora,Mali i Zi","potentialAction":[{"@type":"SearchAction","target":{"@type":"EntryPoint","urlTemplate":"https:\/\/www.visit-ulcinj.com\/blog\/?s={search_term_string}"},"query-input":"required name=search_term_string"}],"inLanguage":"en-US"},{"@type":"ImageObject","inLanguage":"en-US","@id":"https:\/\/www.visit-ulcinj.com\/blog\/2016\/08\/11\/memoriam-shaban-buqo-kollari\/#primaryimage","url":"https:\/\/www.visit-ulcinj.com\/blog\/wp-content\/uploads\/2016\/08\/Shaban-Buqo-Kolari-Ulqin-Restorant-Ponte-4.jpg","contentUrl":"https:\/\/www.visit-ulcinj.com\/blog\/wp-content\/uploads\/2016\/08\/Shaban-Buqo-Kolari-Ulqin-Restorant-Ponte-4.jpg","width":768,"height":745},{"@type":"WebPage","@id":"https:\/\/www.visit-ulcinj.com\/blog\/2016\/08\/11\/memoriam-shaban-buqo-kollari\/#webpage","url":"https:\/\/www.visit-ulcinj.com\/blog\/2016\/08\/11\/memoriam-shaban-buqo-kollari\/","name":"In Memoriam: Shaban-Buqo Kollari - Lajme nga Ulqini","isPartOf":{"@id":"https:\/\/www.visit-ulcinj.com\/blog\/#website"},"primaryImageOfPage":{"@id":"https:\/\/www.visit-ulcinj.com\/blog\/2016\/08\/11\/memoriam-shaban-buqo-kollari\/#primaryimage"},"datePublished":"2016-08-11T11:32:08+00:00","dateModified":"2016-08-12T07:15:00+00:00","author":{"@id":"https:\/\/www.visit-ulcinj.com\/blog\/#\/schema\/person\/dcab619c614d3038751c63bc2aadc06d"},"description":"T\u00eb m\u00ebrkur\u00ebn, me 10.08.2016 n\u00eb moshen 58 vje\u00e7are ndroi jet\u00eb ullishtari dhe gastronomi i njohur nga Ulqini, Shaban-Buqo Kollari. Kuzhinieri dhe Ullishtari,","breadcrumb":{"@id":"https:\/\/www.visit-ulcinj.com\/blog\/2016\/08\/11\/memoriam-shaban-buqo-kollari\/#breadcrumb"},"inLanguage":"en-US","potentialAction":[{"@type":"ReadAction","target":["https:\/\/www.visit-ulcinj.com\/blog\/2016\/08\/11\/memoriam-shaban-buqo-kollari\/"]}]},{"@type":"BreadcrumbList","@id":"https:\/\/www.visit-ulcinj.com\/blog\/2016\/08\/11\/memoriam-shaban-buqo-kollari\/#breadcrumb","itemListElement":[{"@type":"ListItem","position":1,"name":"In Memoriam: Shaban-Buqo Kollari"}]},{"@type":"Person","@id":"https:\/\/www.visit-ulcinj.com\/blog\/#\/schema\/person\/dcab619c614d3038751c63bc2aadc06d","name":"ulqini","sameAs":["http:\/\/www.visit-ulcinj.com"],"url":"https:\/\/www.visit-ulcinj.com\/blog\/author\/admin\/"}]}},"jetpack_featured_media_url":"","jetpack_sharing_enabled":true,"jetpack_shortlink":"https:\/\/wp.me\/pe6lTn-pKd","_links":{"self":[{"href":"https:\/\/www.visit-ulcinj.com\/blog\/wp-json\/wp\/v2\/posts\/98965"}],"collection":[{"href":"https:\/\/www.visit-ulcinj.com\/blog\/wp-json\/wp\/v2\/posts"}],"about":[{"href":"https:\/\/www.visit-ulcinj.com\/blog\/wp-json\/wp\/v2\/types\/post"}],"author":[{"embeddable":true,"href":"https:\/\/www.visit-ulcinj.com\/blog\/wp-json\/wp\/v2\/users\/1"}],"replies":[{"embeddable":true,"href":"https:\/\/www.visit-ulcinj.com\/blog\/wp-json\/wp\/v2\/comments?post=98965"}],"version-history":[{"count":7,"href":"https:\/\/www.visit-ulcinj.com\/blog\/wp-json\/wp\/v2\/posts\/98965\/revisions"}],"predecessor-version":[{"id":98980,"href":"https:\/\/www.visit-ulcinj.com\/blog\/wp-json\/wp\/v2\/posts\/98965\/revisions\/98980"}],"wp:attachment":[{"href":"https:\/\/www.visit-ulcinj.com\/blog\/wp-json\/wp\/v2\/media?parent=98965"}],"wp:term":[{"taxonomy":"category","embeddable":true,"href":"https:\/\/www.visit-ulcinj.com\/blog\/wp-json\/wp\/v2\/categories?post=98965"},{"taxonomy":"post_tag","embeddable":true,"href":"https:\/\/www.visit-ulcinj.com\/blog\/wp-json\/wp\/v2\/tags?post=98965"}],"curies":[{"name":"wp","href":"https:\/\/api.w.org\/{rel}","templated":true}]}}