{"id":98992,"date":"2016-08-11T18:43:14","date_gmt":"2016-08-11T17:43:14","guid":{"rendered":"http:\/\/www.visit-ulcinj.com\/blog\/?p=98992"},"modified":"2016-08-11T18:43:14","modified_gmt":"2016-08-11T17:43:14","slug":"nika-deshtoi-edhe-dps-sekretarin-e-financave","status":"publish","type":"post","link":"https:\/\/www.visit-ulcinj.com\/blog\/2016\/08\/11\/nika-deshtoi-edhe-dps-sekretarin-e-financave\/","title":{"rendered":"Nika: A d\u00ebshtoi edhe DPS-i me sekretarin e financave\u2026?!!"},"content":{"rendered":"<p><strong><a href=\"http:\/\/www.visit-ulcinj.com\/blog\/wp-content\/uploads\/2014\/11\/Muhamet-Nika.jpg\"><img loading=\"lazy\" class=\"alignleft wp-image-86143 size-full\" src=\"http:\/\/www.visit-ulcinj.com\/blog\/wp-content\/uploads\/2014\/11\/Muhamet-Nika.jpg\" alt=\"Muhamet Nika\" width=\"256\" height=\"319\" srcset=\"https:\/\/www.visit-ulcinj.com\/blog\/wp-content\/uploads\/2014\/11\/Muhamet-Nika.jpg 256w, https:\/\/www.visit-ulcinj.com\/blog\/wp-content\/uploads\/2014\/11\/Muhamet-Nika-240x300.jpg 240w\" sizes=\"(max-width: 256px) 100vw, 256px\" \/><\/a>Shkruan Muhamet Nika<\/strong><\/p>\n<ul>\n<li>\u201c Stabiliteti i financave dhe konsolidimi i tyre \u00ebsht\u00eb nj\u00eb nga sukseset m\u00eb t\u00eb m\u00ebdhenj t\u00eb koalicionit t\u00eb ri qeveris\u00ebs\u201d, tha sekretari komunal p\u00ebr financa dhe buxhet mr. Sead Osmanoviq..<\/li>\n<\/ul>\n<p>Tjet\u00ebr ai u mundua t\u00eb na bind se\u00a0 parat\u00eb\u00a0 e qytetar\u00ebve n\u00eb buxhetin e Komun\u00ebs vlejn\u00eb m\u00eb shum\u00eb\u201d.<\/p>\n<p>Q\u00eb t\u00eb jemi \u00a0\u00a0t\u00eb sinqert\u00eb, kah her\u00eb &#8211; \u00a0pata nevoj\u00eb t\u00eb d\u00ebgjoj t\u00eb pakt\u00ebn \u00a0nj\u00ebher\u00eb nj\u00eb lajm t\u00eb mir\u00eb \u00a0t\u00eb k\u00ebtill\u00eb p\u00ebr financat e komun\u00ebs, po qoft\u00eb ai edhe nga kund\u00ebrshtar\u00ebt e mij politik.<\/p>\n<p>Por me gjith\u00eb k\u00ebt\u00eb, duke gjurmuar n\u00eb k\u00ebt\u00eb \u201chistori t\u00eb suksesit Osmanoviq..\u201d, u bind\u00ebm n\u00eb t\u00eb kund\u00ebrt\u00ebn dhe n\u00ebse \u00ebsht\u00eb k\u00ebshtu si na e komentuan \u00e7\u00ebshtjen, un\u00eb nuk e shoh p\u00ebr t\u00eb madhe edhe n\u00ebse kryetari Cungu- \u00a0nes\u00ebr , k\u00ebrkon shkarkimin e tij , ngase buxheti i komun\u00ebs jo q\u00eb \u00ebsht\u00eb i stabilizuar , por q\u00ebndron shum\u00eb m\u00eb keq n\u00eb realizim se buxheti i vitit t\u00eb kaluar n\u00eb k\u00ebt\u00eb dat\u00eb \u2013 diku p\u00ebr 30 % m\u00eb i vog\u00ebl.<\/p>\n<p>Po ku \u00ebsht\u00eb faji k\u00ebtu , koha shpejt do ta d\u00ebshmoj\u00eb. E nga ajo q\u00eb ne , analizuam , del q\u00eb ky sekretariat \u00a0bashk\u00eb me t\u00eb tjer\u00ebt, \u00ebsht\u00eb tep\u00ebr i plog\u00ebsht n\u00eb mbushjen e ark\u00ebs s\u00eb komun\u00ebs- buxhetit, dhe \u00a0se sekretari, p\u00ebrflitet se \u00ebsht\u00eb m\u00eb dor\u00ebl\u00ebshuar se ai parapraku i Forc\u00ebs&#8230;, n\u00eb reprezentacion?!<\/p>\n<p>Me gjith\u00eb at\u00eb kjo th\u00ebnie e imja mbetet hipotetike, por ajo q\u00eb dallon p\u00ebr t\u00eb keq, \u00ebsht\u00eb paaft\u00ebsia profesionale e stafeve drejtuese n\u00eb komun\u00eb \u00a0t\u00eb pushteti t\u00eb \u00a0ri, q\u00eb d\u00ebshmohen si totalisht t\u00eb pa aft\u00eb , p\u00ebr t\u00eb mbrojtur pun\u00ebn e tyre n\u00eb raport me ankesat e qytetar\u00ebve. Faktet flasin se nga ankesat e qytetar\u00ebve drejtuar\u00a0 , \u00a0n\u00eb organin e shkall\u00ebs s\u00eb dyt\u00eb t\u00eb komun\u00ebs kemi t\u00eb b\u00ebjm\u00eb me nj\u00eb gjendje kaotike n\u00eb d\u00ebm t\u00eb komun\u00ebs.<\/p>\n<p>Kurse kjo , \u00a0m\u00eb s\u00eb miri shihet n\u00eb se shikojm\u00eb\u00a0 k\u00ebto tabela \u00a0t\u00eb ankesave si m\u00eb posht\u00eb \u2013 \u00a0E sipas \u00a0organit\u00a0 komunal t\u00eb shkall\u00ebs s\u00eb dyt\u00eb\u00a0 q\u00eb shkon n\u00eb d\u00ebm t\u00eb realizimit t\u00eb buxhetit.<\/p>\n<p><strong><u>Viti\u00a0 2013<\/u><\/strong><\/p>\n<p><strong>Ankesa t\u00eb p\u00ebrgjithshme \u00a0nga qytetar\u00ebt 98 +<\/strong><\/p>\n<p><strong>T\u00eb refuzuara( n\u00eb favor\u00a0 t\u00eb komun\u00ebs= 23<\/strong><\/p>\n<p><strong>T\u00eb pranuara(n\u00eb d\u00ebm t\u00eb komun\u00ebs )<\/strong><strong>= <\/strong><strong>72 <\/strong><\/p>\n<p><strong>\u00a0<\/strong><\/p>\n<p><strong><u>Viti 2014<\/u><\/strong><\/p>\n<p><strong>Ankesa t\u00eb p\u00ebrgjithshme nga qytetar\u00ebt 117<\/strong><\/p>\n<p><strong>T\u00eb refuzuara( n\u00eb favor\u00a0 t\u00eb komun\u00ebs= 23<\/strong><\/p>\n<p><strong>T\u00eb pranuara(n\u00eb d\u00ebm t\u00eb komun\u00ebs )<\/strong><strong>=<\/strong><strong>72<\/strong><\/p>\n<p><strong>\u00a0<\/strong><\/p>\n<p><strong><u>Viti 2015<\/u><\/strong><\/p>\n<p><strong>Ankesa t\u00eb p\u00ebrgjithshme \u00a0nga qytetsr\u00ebt\u00a0 \u00a0120<\/strong><\/p>\n<p><strong>T\u00eb refuzuara( n\u00eb favor\u00a0 t\u00eb komun\u00ebs= 26<\/strong><\/p>\n<p><strong>T\u00eb pranuara(n\u00eb d\u00ebm t\u00eb komun\u00ebs )<\/strong><strong>=<\/strong><strong>70<\/strong><\/p>\n<p><strong>\u00a0<\/strong><\/p>\n<p><strong>\u00a0<\/strong><\/p>\n<p><strong><u>Viti 2016<\/u><\/strong><\/p>\n<p><strong>Ankesa t\u00eb p\u00ebrgjithshme \u00a0nga qytetsr\u00ebt 43<\/strong><\/p>\n<p><strong>T\u00eb refuzuara( n\u00eb favor\u00a0 t\u00eb komun\u00ebs= 4<\/strong><\/p>\n<p><strong>T\u00eb pranuara(n\u00eb d\u00ebm t\u00eb komun\u00ebs )<\/strong><strong>=<\/strong><strong>36<\/strong><\/p>\n<p><strong>T\u00eb anuluara = 3<\/strong><\/p>\n<p>Dhe duke mos hipur\u00a0 n\u00eb analiza m\u00eb t\u00eb thella- \u00a0nga kjo del &#8211;\u00a0 se Osmanoviq, mund t\u00eb ket\u00eb stabilizuar financat familjare ose \u00a0t\u00eb ndonj\u00eb miku , me pun\u00ebsim&#8230;, por jo t\u00eb qy<strong>(q)(tet)<\/strong>ar\u00ebve&#8230;?!<\/p>\n<p>&nbsp;<\/p>\n<p><strong>Pik\u00ebpamjet e shprehura n\u00eb faqen \u201cOPINIONE\u201d nuk p\u00ebrfaq\u00ebsojn\u00eb domosdoshm\u00ebrisht politik\u00ebn redaksionale t\u00eb \u201eLajmeve nga Ulqini\u201e<\/strong><\/p>\n","protected":false},"excerpt":{"rendered":"<p>Shkruan Muhamet Nika \u201c Stabiliteti i financave dhe konsolidimi i tyre \u00ebsht\u00eb nj\u00eb nga sukseset m\u00eb t\u00eb m\u00ebdhenj t\u00eb koalicionit t\u00eb ri qeveris\u00ebs\u201d, tha sekretari komunal p\u00ebr financa dhe buxhet mr. Sead Osmanoviq.. Tjet\u00ebr ai u mundua t\u00eb na bind se\u00a0 parat\u00eb\u00a0 e qytetar\u00ebve n\u00eb buxhetin e Komun\u00ebs vlejn\u00eb m\u00eb shum\u00eb\u201d. Q\u00eb t\u00eb jemi \u00a0\u00a0t\u00eb [&hellip;]<\/p>\n","protected":false},"author":1,"featured_media":0,"comment_status":"closed","ping_status":"closed","sticky":false,"template":"","format":"standard","meta":{"spay_email":"","jetpack_publicize_message":"","jetpack_is_tweetstorm":false,"jetpack_publicize_feature_enabled":true},"categories":[14249],"tags":[],"jetpack_publicize_connections":[],"yoast_head":"<!-- This site is optimized with the Yoast SEO plugin v19.1 - https:\/\/yoast.com\/wordpress\/plugins\/seo\/ -->\n<title>Nika: A d\u00ebshtoi edhe DPS-i me sekretarin e financave\u2026?!! - Lajme nga Ulqini<\/title>\n<meta name=\"description\" content=\"Shkruan Muhamet Nika \u201c Stabiliteti i financave dhe konsolidimi i tyre \u00ebsht\u00eb nj\u00eb nga sukseset m\u00eb t\u00eb m\u00ebdhenj t\u00eb koalicionit t\u00eb ri qeveris\u00ebs\u201d, tha sekretari\" \/>\n<meta name=\"robots\" content=\"index, follow, max-snippet:-1, max-image-preview:large, max-video-preview:-1\" \/>\n<link rel=\"canonical\" href=\"https:\/\/www.visit-ulcinj.com\/blog\/2016\/08\/11\/nika-deshtoi-edhe-dps-sekretarin-e-financave\/\" \/>\n<meta property=\"og:locale\" content=\"en_US\" \/>\n<meta property=\"og:type\" content=\"article\" \/>\n<meta property=\"og:title\" content=\"Nika: A d\u00ebshtoi edhe DPS-i me sekretarin e financave\u2026?!! - Lajme nga Ulqini\" \/>\n<meta property=\"og:description\" content=\"Shkruan Muhamet Nika \u201c Stabiliteti i financave dhe konsolidimi i tyre \u00ebsht\u00eb nj\u00eb nga sukseset m\u00eb t\u00eb m\u00ebdhenj t\u00eb koalicionit t\u00eb ri qeveris\u00ebs\u201d, tha sekretari\" \/>\n<meta property=\"og:url\" content=\"https:\/\/www.visit-ulcinj.com\/blog\/2016\/08\/11\/nika-deshtoi-edhe-dps-sekretarin-e-financave\/\" \/>\n<meta property=\"og:site_name\" content=\"Lajme nga Ulqini\" \/>\n<meta property=\"article:published_time\" content=\"2016-08-11T17:43:14+00:00\" \/>\n<meta property=\"og:image\" content=\"http:\/\/www.visit-ulcinj.com\/blog\/wp-content\/uploads\/2014\/11\/Muhamet-Nika.jpg\" \/>\n<meta name=\"twitter:label1\" content=\"Written by\" \/>\n\t<meta name=\"twitter:data1\" content=\"ulqini\" \/>\n\t<meta name=\"twitter:label2\" content=\"Est. reading time\" \/>\n\t<meta name=\"twitter:data2\" content=\"3 minutes\" \/>\n<script type=\"application\/ld+json\" class=\"yoast-schema-graph\">{\"@context\":\"https:\/\/schema.org\",\"@graph\":[{\"@type\":\"WebSite\",\"@id\":\"https:\/\/www.visit-ulcinj.com\/blog\/#website\",\"url\":\"https:\/\/www.visit-ulcinj.com\/blog\/\",\"name\":\"Lajme nga Ulqini\",\"description\":\"Lajme,Vijesti,Ulqini,Ulqin,Crna Gora,Mali i Zi\",\"potentialAction\":[{\"@type\":\"SearchAction\",\"target\":{\"@type\":\"EntryPoint\",\"urlTemplate\":\"https:\/\/www.visit-ulcinj.com\/blog\/?s={search_term_string}\"},\"query-input\":\"required name=search_term_string\"}],\"inLanguage\":\"en-US\"},{\"@type\":\"ImageObject\",\"inLanguage\":\"en-US\",\"@id\":\"https:\/\/www.visit-ulcinj.com\/blog\/2016\/08\/11\/nika-deshtoi-edhe-dps-sekretarin-e-financave\/#primaryimage\",\"url\":\"https:\/\/www.visit-ulcinj.com\/blog\/wp-content\/uploads\/2014\/11\/Muhamet-Nika.jpg\",\"contentUrl\":\"https:\/\/www.visit-ulcinj.com\/blog\/wp-content\/uploads\/2014\/11\/Muhamet-Nika.jpg\",\"width\":256,\"height\":319},{\"@type\":\"WebPage\",\"@id\":\"https:\/\/www.visit-ulcinj.com\/blog\/2016\/08\/11\/nika-deshtoi-edhe-dps-sekretarin-e-financave\/#webpage\",\"url\":\"https:\/\/www.visit-ulcinj.com\/blog\/2016\/08\/11\/nika-deshtoi-edhe-dps-sekretarin-e-financave\/\",\"name\":\"Nika: A d\u00ebshtoi edhe DPS-i me sekretarin e financave\u2026?!! - Lajme nga Ulqini\",\"isPartOf\":{\"@id\":\"https:\/\/www.visit-ulcinj.com\/blog\/#website\"},\"primaryImageOfPage\":{\"@id\":\"https:\/\/www.visit-ulcinj.com\/blog\/2016\/08\/11\/nika-deshtoi-edhe-dps-sekretarin-e-financave\/#primaryimage\"},\"datePublished\":\"2016-08-11T17:43:14+00:00\",\"dateModified\":\"2016-08-11T17:43:14+00:00\",\"author\":{\"@id\":\"https:\/\/www.visit-ulcinj.com\/blog\/#\/schema\/person\/dcab619c614d3038751c63bc2aadc06d\"},\"description\":\"Shkruan Muhamet Nika \u201c Stabiliteti i financave dhe konsolidimi i tyre \u00ebsht\u00eb nj\u00eb nga sukseset m\u00eb t\u00eb m\u00ebdhenj t\u00eb koalicionit t\u00eb ri qeveris\u00ebs\u201d, tha sekretari\",\"breadcrumb\":{\"@id\":\"https:\/\/www.visit-ulcinj.com\/blog\/2016\/08\/11\/nika-deshtoi-edhe-dps-sekretarin-e-financave\/#breadcrumb\"},\"inLanguage\":\"en-US\",\"potentialAction\":[{\"@type\":\"ReadAction\",\"target\":[\"https:\/\/www.visit-ulcinj.com\/blog\/2016\/08\/11\/nika-deshtoi-edhe-dps-sekretarin-e-financave\/\"]}]},{\"@type\":\"BreadcrumbList\",\"@id\":\"https:\/\/www.visit-ulcinj.com\/blog\/2016\/08\/11\/nika-deshtoi-edhe-dps-sekretarin-e-financave\/#breadcrumb\",\"itemListElement\":[{\"@type\":\"ListItem\",\"position\":1,\"name\":\"Nika: A d\u00ebshtoi edhe DPS-i me sekretarin e financave\u2026?!!\"}]},{\"@type\":\"Person\",\"@id\":\"https:\/\/www.visit-ulcinj.com\/blog\/#\/schema\/person\/dcab619c614d3038751c63bc2aadc06d\",\"name\":\"ulqini\",\"sameAs\":[\"http:\/\/www.visit-ulcinj.com\"],\"url\":\"https:\/\/www.visit-ulcinj.com\/blog\/author\/admin\/\"}]}<\/script>\n<!-- \/ Yoast SEO plugin. -->","yoast_head_json":{"title":"Nika: A d\u00ebshtoi edhe DPS-i me sekretarin e financave\u2026?!! - Lajme nga Ulqini","description":"Shkruan Muhamet Nika \u201c Stabiliteti i financave dhe konsolidimi i tyre \u00ebsht\u00eb nj\u00eb nga sukseset m\u00eb t\u00eb m\u00ebdhenj t\u00eb koalicionit t\u00eb ri qeveris\u00ebs\u201d, tha sekretari","robots":{"index":"index","follow":"follow","max-snippet":"max-snippet:-1","max-image-preview":"max-image-preview:large","max-video-preview":"max-video-preview:-1"},"canonical":"https:\/\/www.visit-ulcinj.com\/blog\/2016\/08\/11\/nika-deshtoi-edhe-dps-sekretarin-e-financave\/","og_locale":"en_US","og_type":"article","og_title":"Nika: A d\u00ebshtoi edhe DPS-i me sekretarin e financave\u2026?!! - Lajme nga Ulqini","og_description":"Shkruan Muhamet Nika \u201c Stabiliteti i financave dhe konsolidimi i tyre \u00ebsht\u00eb nj\u00eb nga sukseset m\u00eb t\u00eb m\u00ebdhenj t\u00eb koalicionit t\u00eb ri qeveris\u00ebs\u201d, tha sekretari","og_url":"https:\/\/www.visit-ulcinj.com\/blog\/2016\/08\/11\/nika-deshtoi-edhe-dps-sekretarin-e-financave\/","og_site_name":"Lajme nga Ulqini","article_published_time":"2016-08-11T17:43:14+00:00","og_image":[{"url":"http:\/\/www.visit-ulcinj.com\/blog\/wp-content\/uploads\/2014\/11\/Muhamet-Nika.jpg"}],"twitter_misc":{"Written by":"ulqini","Est. reading time":"3 minutes"},"schema":{"@context":"https:\/\/schema.org","@graph":[{"@type":"WebSite","@id":"https:\/\/www.visit-ulcinj.com\/blog\/#website","url":"https:\/\/www.visit-ulcinj.com\/blog\/","name":"Lajme nga Ulqini","description":"Lajme,Vijesti,Ulqini,Ulqin,Crna Gora,Mali i Zi","potentialAction":[{"@type":"SearchAction","target":{"@type":"EntryPoint","urlTemplate":"https:\/\/www.visit-ulcinj.com\/blog\/?s={search_term_string}"},"query-input":"required name=search_term_string"}],"inLanguage":"en-US"},{"@type":"ImageObject","inLanguage":"en-US","@id":"https:\/\/www.visit-ulcinj.com\/blog\/2016\/08\/11\/nika-deshtoi-edhe-dps-sekretarin-e-financave\/#primaryimage","url":"https:\/\/www.visit-ulcinj.com\/blog\/wp-content\/uploads\/2014\/11\/Muhamet-Nika.jpg","contentUrl":"https:\/\/www.visit-ulcinj.com\/blog\/wp-content\/uploads\/2014\/11\/Muhamet-Nika.jpg","width":256,"height":319},{"@type":"WebPage","@id":"https:\/\/www.visit-ulcinj.com\/blog\/2016\/08\/11\/nika-deshtoi-edhe-dps-sekretarin-e-financave\/#webpage","url":"https:\/\/www.visit-ulcinj.com\/blog\/2016\/08\/11\/nika-deshtoi-edhe-dps-sekretarin-e-financave\/","name":"Nika: A d\u00ebshtoi edhe DPS-i me sekretarin e financave\u2026?!! - Lajme nga Ulqini","isPartOf":{"@id":"https:\/\/www.visit-ulcinj.com\/blog\/#website"},"primaryImageOfPage":{"@id":"https:\/\/www.visit-ulcinj.com\/blog\/2016\/08\/11\/nika-deshtoi-edhe-dps-sekretarin-e-financave\/#primaryimage"},"datePublished":"2016-08-11T17:43:14+00:00","dateModified":"2016-08-11T17:43:14+00:00","author":{"@id":"https:\/\/www.visit-ulcinj.com\/blog\/#\/schema\/person\/dcab619c614d3038751c63bc2aadc06d"},"description":"Shkruan Muhamet Nika \u201c Stabiliteti i financave dhe konsolidimi i tyre \u00ebsht\u00eb nj\u00eb nga sukseset m\u00eb t\u00eb m\u00ebdhenj t\u00eb koalicionit t\u00eb ri qeveris\u00ebs\u201d, tha sekretari","breadcrumb":{"@id":"https:\/\/www.visit-ulcinj.com\/blog\/2016\/08\/11\/nika-deshtoi-edhe-dps-sekretarin-e-financave\/#breadcrumb"},"inLanguage":"en-US","potentialAction":[{"@type":"ReadAction","target":["https:\/\/www.visit-ulcinj.com\/blog\/2016\/08\/11\/nika-deshtoi-edhe-dps-sekretarin-e-financave\/"]}]},{"@type":"BreadcrumbList","@id":"https:\/\/www.visit-ulcinj.com\/blog\/2016\/08\/11\/nika-deshtoi-edhe-dps-sekretarin-e-financave\/#breadcrumb","itemListElement":[{"@type":"ListItem","position":1,"name":"Nika: A d\u00ebshtoi edhe DPS-i me sekretarin e financave\u2026?!!"}]},{"@type":"Person","@id":"https:\/\/www.visit-ulcinj.com\/blog\/#\/schema\/person\/dcab619c614d3038751c63bc2aadc06d","name":"ulqini","sameAs":["http:\/\/www.visit-ulcinj.com"],"url":"https:\/\/www.visit-ulcinj.com\/blog\/author\/admin\/"}]}},"jetpack_featured_media_url":"","jetpack_sharing_enabled":true,"jetpack_shortlink":"https:\/\/wp.me\/pe6lTn-pKE","_links":{"self":[{"href":"https:\/\/www.visit-ulcinj.com\/blog\/wp-json\/wp\/v2\/posts\/98992"}],"collection":[{"href":"https:\/\/www.visit-ulcinj.com\/blog\/wp-json\/wp\/v2\/posts"}],"about":[{"href":"https:\/\/www.visit-ulcinj.com\/blog\/wp-json\/wp\/v2\/types\/post"}],"author":[{"embeddable":true,"href":"https:\/\/www.visit-ulcinj.com\/blog\/wp-json\/wp\/v2\/users\/1"}],"replies":[{"embeddable":true,"href":"https:\/\/www.visit-ulcinj.com\/blog\/wp-json\/wp\/v2\/comments?post=98992"}],"version-history":[{"count":1,"href":"https:\/\/www.visit-ulcinj.com\/blog\/wp-json\/wp\/v2\/posts\/98992\/revisions"}],"predecessor-version":[{"id":98993,"href":"https:\/\/www.visit-ulcinj.com\/blog\/wp-json\/wp\/v2\/posts\/98992\/revisions\/98993"}],"wp:attachment":[{"href":"https:\/\/www.visit-ulcinj.com\/blog\/wp-json\/wp\/v2\/media?parent=98992"}],"wp:term":[{"taxonomy":"category","embeddable":true,"href":"https:\/\/www.visit-ulcinj.com\/blog\/wp-json\/wp\/v2\/categories?post=98992"},{"taxonomy":"post_tag","embeddable":true,"href":"https:\/\/www.visit-ulcinj.com\/blog\/wp-json\/wp\/v2\/tags?post=98992"}],"curies":[{"name":"wp","href":"https:\/\/api.w.org\/{rel}","templated":true}]}}