{"id":98996,"date":"2016-08-12T07:51:40","date_gmt":"2016-08-12T06:51:40","guid":{"rendered":"http:\/\/www.visit-ulcinj.com\/blog\/?p=98996"},"modified":"2016-08-12T07:51:40","modified_gmt":"2016-08-12T06:51:40","slug":"sutra-nastupaju-na-dolcinijumu-kiko-navarro-eddy-ramich","status":"publish","type":"post","link":"https:\/\/www.visit-ulcinj.com\/blog\/2016\/08\/12\/sutra-nastupaju-na-dolcinijumu-kiko-navarro-eddy-ramich\/","title":{"rendered":"Sutra nastupaju na \u2018\u2019D\u2019Olcinijumu\u2019\u2019 Kiko Navarro i Eddy Ramich"},"content":{"rendered":"<p><b><a href=\"http:\/\/www.visit-ulcinj.com\/blog\/wp-content\/uploads\/2016\/08\/after-beach-dolcinium.jpg\"><img loading=\"lazy\" class=\"alignleft wp-image-98997\" src=\"http:\/\/www.visit-ulcinj.com\/blog\/wp-content\/uploads\/2016\/08\/after-beach-dolcinium.jpg\" alt=\"after-beach-dolcinium\" width=\"508\" height=\"386\" srcset=\"https:\/\/www.visit-ulcinj.com\/blog\/wp-content\/uploads\/2016\/08\/after-beach-dolcinium.jpg 480w, https:\/\/www.visit-ulcinj.com\/blog\/wp-content\/uploads\/2016\/08\/after-beach-dolcinium-300x228.jpg 300w\" sizes=\"(max-width: 508px) 100vw, 508px\" \/><\/a>Bogat program \u017eurki i nastupa u okviru sedmog festivala After Beach Parties se nastavlja i u petak, 12. avgusta kada \u0107e na kajt surf stanici \u201dD\u2019Olcinijum\u201d nastupiti ravno sa Palma de Majorke poznati i jedinstveni Kiko Navarro. Dan kasnije u subotu, 13. avgusta na istom mjestu nastupi\u0107e zagreba\u010dki Eddy Ramich.<\/b><\/p>\n<p>Kiko Navarro po\u010deo je karijeru DJ 1990. godine, kada je postao rezident \u201cClub Luna\u201d u Palmi de Majroka, \u0160panija. Od tog trenutka, njegovo interesovanje za muziku do\u017eivljava radikalnu promjenu. Po\u010dinje mije\u0161anje muzi\u010dkih \u017eanrova, proizvodnju i remiksovanje; \u0161to ga je dovelo \u00a0na sada\u0161nju profesionalnu stanicu \u2013 DJ, producent i remikser.<\/p>\n<p>U svojim muzi\u010dkim opusima on kombinuje spektar muzi\u010dkih pravaca, oslanjau\u0107i se na house \u017eanr, spajaju\u0107i neka poptunonova izdanja sa scene Njujorka, \u010cikaga, Velike Britanije sa old school plesnim klaisicima. Navarrova misija na nastupima ogleda se u jednostavnoj paroli \u2018\u2019ljudi ne smiju prestati da ple\u0161u\u2019\u2019. Radio je remikse za imena poput Kerri Chandler, Spen, DJ Fudge i za mnoge druge. Trenutno nastupa \u0161irom Evrope, tako da je velika \u010dast \u0161to je na\u0161ao slobodno vrijeme da nastupi ove godine na \u2018\u2019D\u2019Olcinijumu\u2019\u2019 u najprometnijem mjesecu<\/p>\n<p>Zagreba\u010dki DJ i producent Eddy Ramich sa bogatim muzi\u010dkim obrazovanjem dao je zna\u010dajan doprinos razvijanju me\u0111unarodne i regionalne DJ scene, \u0161to ga \u010dini jednom od klju\u010dnih figura u centralnoj, isto\u010dnoj I ju\u017enoevropskoj dens sceni. Karijeru zapolinje jo\u0161 devedesetih, kao jedini predstavnik sa hrvatske scene koji je promovisao kombinaciju house muzike i d\u017eeza. Va\u017ei za jednog od umjetnika koji insistira na svje\u017eini zvuka, istra\u017eiva\u010da novih muzi\u010dkih pravaca. Jedan je od osniva\u010da muzi\u010dkog radija \u2018\u2019808\u2019\u2019, pa se pored svoje krijere DJ-a i producenta bavi i radijskim poslom autora i voditelja muzi\u010dkih emisija. Nastupao je sa najzna\u010dajnim imenima poput Gilles Peterson, 4Hero, Carl Craig, IG Culture, Theo Parrish, Martyn itd.<\/p>\n<h4><b>Njegov nastup \u0107e po\u010deti u petak, 12. avgusta poslije 16 \u010dasova, ulaz besplatan.<\/b><\/h4>\n<p><strong>Izvor: event.its.me<\/strong><\/p>\n","protected":false},"excerpt":{"rendered":"<p>Bogat program \u017eurki i nastupa u okviru sedmog festivala After Beach Parties se nastavlja i u petak, 12. avgusta kada \u0107e na kajt surf stanici \u201dD\u2019Olcinijum\u201d nastupiti ravno sa Palma de Majorke poznati i jedinstveni Kiko Navarro. Dan kasnije u subotu, 13. avgusta na istom mjestu nastupi\u0107e zagreba\u010dki Eddy Ramich. Kiko Navarro po\u010deo je karijeru [&hellip;]<\/p>\n","protected":false},"author":1,"featured_media":0,"comment_status":"closed","ping_status":"closed","sticky":false,"template":"","format":"standard","meta":{"spay_email":"","jetpack_publicize_message":"","jetpack_is_tweetstorm":false,"jetpack_publicize_feature_enabled":true},"categories":[8337],"tags":[],"jetpack_publicize_connections":[],"yoast_head":"<!-- This site is optimized with the Yoast SEO plugin v19.1 - https:\/\/yoast.com\/wordpress\/plugins\/seo\/ -->\n<title>Sutra nastupaju na \u2018\u2019D\u2019Olcinijumu\u2019\u2019 Kiko Navarro i Eddy Ramich - Lajme nga Ulqini<\/title>\n<meta name=\"description\" content=\"Bogat program \u017eurki i nastupa u okviru sedmog festivala After Beach Parties se nastavlja i u petak, 12. avgusta kada \u0107e na kajt surf stanici \u201dD\u2019Olcinijum\u201d\" \/>\n<meta name=\"robots\" content=\"index, follow, max-snippet:-1, max-image-preview:large, max-video-preview:-1\" \/>\n<link rel=\"canonical\" href=\"https:\/\/www.visit-ulcinj.com\/blog\/2016\/08\/12\/sutra-nastupaju-na-dolcinijumu-kiko-navarro-eddy-ramich\/\" \/>\n<meta property=\"og:locale\" content=\"en_US\" \/>\n<meta property=\"og:type\" content=\"article\" \/>\n<meta property=\"og:title\" content=\"Sutra nastupaju na \u2018\u2019D\u2019Olcinijumu\u2019\u2019 Kiko Navarro i Eddy Ramich - Lajme nga Ulqini\" \/>\n<meta property=\"og:description\" content=\"Bogat program \u017eurki i nastupa u okviru sedmog festivala After Beach Parties se nastavlja i u petak, 12. avgusta kada \u0107e na kajt surf stanici \u201dD\u2019Olcinijum\u201d\" \/>\n<meta property=\"og:url\" content=\"https:\/\/www.visit-ulcinj.com\/blog\/2016\/08\/12\/sutra-nastupaju-na-dolcinijumu-kiko-navarro-eddy-ramich\/\" \/>\n<meta property=\"og:site_name\" content=\"Lajme nga Ulqini\" \/>\n<meta property=\"article:published_time\" content=\"2016-08-12T06:51:40+00:00\" \/>\n<meta property=\"og:image\" content=\"http:\/\/www.visit-ulcinj.com\/blog\/wp-content\/uploads\/2016\/08\/after-beach-dolcinium.jpg\" \/>\n<meta name=\"twitter:label1\" content=\"Written by\" \/>\n\t<meta name=\"twitter:data1\" content=\"ulqini\" \/>\n\t<meta name=\"twitter:label2\" content=\"Est. reading time\" \/>\n\t<meta name=\"twitter:data2\" content=\"2 minutes\" \/>\n<script type=\"application\/ld+json\" class=\"yoast-schema-graph\">{\"@context\":\"https:\/\/schema.org\",\"@graph\":[{\"@type\":\"WebSite\",\"@id\":\"https:\/\/www.visit-ulcinj.com\/blog\/#website\",\"url\":\"https:\/\/www.visit-ulcinj.com\/blog\/\",\"name\":\"Lajme nga Ulqini\",\"description\":\"Lajme,Vijesti,Ulqini,Ulqin,Crna Gora,Mali i Zi\",\"potentialAction\":[{\"@type\":\"SearchAction\",\"target\":{\"@type\":\"EntryPoint\",\"urlTemplate\":\"https:\/\/www.visit-ulcinj.com\/blog\/?s={search_term_string}\"},\"query-input\":\"required name=search_term_string\"}],\"inLanguage\":\"en-US\"},{\"@type\":\"ImageObject\",\"inLanguage\":\"en-US\",\"@id\":\"https:\/\/www.visit-ulcinj.com\/blog\/2016\/08\/12\/sutra-nastupaju-na-dolcinijumu-kiko-navarro-eddy-ramich\/#primaryimage\",\"url\":\"https:\/\/www.visit-ulcinj.com\/blog\/wp-content\/uploads\/2016\/08\/after-beach-dolcinium.jpg\",\"contentUrl\":\"https:\/\/www.visit-ulcinj.com\/blog\/wp-content\/uploads\/2016\/08\/after-beach-dolcinium.jpg\",\"width\":480,\"height\":365},{\"@type\":\"WebPage\",\"@id\":\"https:\/\/www.visit-ulcinj.com\/blog\/2016\/08\/12\/sutra-nastupaju-na-dolcinijumu-kiko-navarro-eddy-ramich\/#webpage\",\"url\":\"https:\/\/www.visit-ulcinj.com\/blog\/2016\/08\/12\/sutra-nastupaju-na-dolcinijumu-kiko-navarro-eddy-ramich\/\",\"name\":\"Sutra nastupaju na \u2018\u2019D\u2019Olcinijumu\u2019\u2019 Kiko Navarro i Eddy Ramich - Lajme nga Ulqini\",\"isPartOf\":{\"@id\":\"https:\/\/www.visit-ulcinj.com\/blog\/#website\"},\"primaryImageOfPage\":{\"@id\":\"https:\/\/www.visit-ulcinj.com\/blog\/2016\/08\/12\/sutra-nastupaju-na-dolcinijumu-kiko-navarro-eddy-ramich\/#primaryimage\"},\"datePublished\":\"2016-08-12T06:51:40+00:00\",\"dateModified\":\"2016-08-12T06:51:40+00:00\",\"author\":{\"@id\":\"https:\/\/www.visit-ulcinj.com\/blog\/#\/schema\/person\/dcab619c614d3038751c63bc2aadc06d\"},\"description\":\"Bogat program \u017eurki i nastupa u okviru sedmog festivala After Beach Parties se nastavlja i u petak, 12. avgusta kada \u0107e na kajt surf stanici \u201dD\u2019Olcinijum\u201d\",\"breadcrumb\":{\"@id\":\"https:\/\/www.visit-ulcinj.com\/blog\/2016\/08\/12\/sutra-nastupaju-na-dolcinijumu-kiko-navarro-eddy-ramich\/#breadcrumb\"},\"inLanguage\":\"en-US\",\"potentialAction\":[{\"@type\":\"ReadAction\",\"target\":[\"https:\/\/www.visit-ulcinj.com\/blog\/2016\/08\/12\/sutra-nastupaju-na-dolcinijumu-kiko-navarro-eddy-ramich\/\"]}]},{\"@type\":\"BreadcrumbList\",\"@id\":\"https:\/\/www.visit-ulcinj.com\/blog\/2016\/08\/12\/sutra-nastupaju-na-dolcinijumu-kiko-navarro-eddy-ramich\/#breadcrumb\",\"itemListElement\":[{\"@type\":\"ListItem\",\"position\":1,\"name\":\"Sutra nastupaju na \u2018\u2019D\u2019Olcinijumu\u2019\u2019 Kiko Navarro i Eddy Ramich\"}]},{\"@type\":\"Person\",\"@id\":\"https:\/\/www.visit-ulcinj.com\/blog\/#\/schema\/person\/dcab619c614d3038751c63bc2aadc06d\",\"name\":\"ulqini\",\"sameAs\":[\"http:\/\/www.visit-ulcinj.com\"],\"url\":\"https:\/\/www.visit-ulcinj.com\/blog\/author\/admin\/\"}]}<\/script>\n<!-- \/ Yoast SEO plugin. -->","yoast_head_json":{"title":"Sutra nastupaju na \u2018\u2019D\u2019Olcinijumu\u2019\u2019 Kiko Navarro i Eddy Ramich - Lajme nga Ulqini","description":"Bogat program \u017eurki i nastupa u okviru sedmog festivala After Beach Parties se nastavlja i u petak, 12. avgusta kada \u0107e na kajt surf stanici \u201dD\u2019Olcinijum\u201d","robots":{"index":"index","follow":"follow","max-snippet":"max-snippet:-1","max-image-preview":"max-image-preview:large","max-video-preview":"max-video-preview:-1"},"canonical":"https:\/\/www.visit-ulcinj.com\/blog\/2016\/08\/12\/sutra-nastupaju-na-dolcinijumu-kiko-navarro-eddy-ramich\/","og_locale":"en_US","og_type":"article","og_title":"Sutra nastupaju na \u2018\u2019D\u2019Olcinijumu\u2019\u2019 Kiko Navarro i Eddy Ramich - Lajme nga Ulqini","og_description":"Bogat program \u017eurki i nastupa u okviru sedmog festivala After Beach Parties se nastavlja i u petak, 12. avgusta kada \u0107e na kajt surf stanici \u201dD\u2019Olcinijum\u201d","og_url":"https:\/\/www.visit-ulcinj.com\/blog\/2016\/08\/12\/sutra-nastupaju-na-dolcinijumu-kiko-navarro-eddy-ramich\/","og_site_name":"Lajme nga Ulqini","article_published_time":"2016-08-12T06:51:40+00:00","og_image":[{"url":"http:\/\/www.visit-ulcinj.com\/blog\/wp-content\/uploads\/2016\/08\/after-beach-dolcinium.jpg"}],"twitter_misc":{"Written by":"ulqini","Est. reading time":"2 minutes"},"schema":{"@context":"https:\/\/schema.org","@graph":[{"@type":"WebSite","@id":"https:\/\/www.visit-ulcinj.com\/blog\/#website","url":"https:\/\/www.visit-ulcinj.com\/blog\/","name":"Lajme nga Ulqini","description":"Lajme,Vijesti,Ulqini,Ulqin,Crna Gora,Mali i Zi","potentialAction":[{"@type":"SearchAction","target":{"@type":"EntryPoint","urlTemplate":"https:\/\/www.visit-ulcinj.com\/blog\/?s={search_term_string}"},"query-input":"required name=search_term_string"}],"inLanguage":"en-US"},{"@type":"ImageObject","inLanguage":"en-US","@id":"https:\/\/www.visit-ulcinj.com\/blog\/2016\/08\/12\/sutra-nastupaju-na-dolcinijumu-kiko-navarro-eddy-ramich\/#primaryimage","url":"https:\/\/www.visit-ulcinj.com\/blog\/wp-content\/uploads\/2016\/08\/after-beach-dolcinium.jpg","contentUrl":"https:\/\/www.visit-ulcinj.com\/blog\/wp-content\/uploads\/2016\/08\/after-beach-dolcinium.jpg","width":480,"height":365},{"@type":"WebPage","@id":"https:\/\/www.visit-ulcinj.com\/blog\/2016\/08\/12\/sutra-nastupaju-na-dolcinijumu-kiko-navarro-eddy-ramich\/#webpage","url":"https:\/\/www.visit-ulcinj.com\/blog\/2016\/08\/12\/sutra-nastupaju-na-dolcinijumu-kiko-navarro-eddy-ramich\/","name":"Sutra nastupaju na \u2018\u2019D\u2019Olcinijumu\u2019\u2019 Kiko Navarro i Eddy Ramich - Lajme nga Ulqini","isPartOf":{"@id":"https:\/\/www.visit-ulcinj.com\/blog\/#website"},"primaryImageOfPage":{"@id":"https:\/\/www.visit-ulcinj.com\/blog\/2016\/08\/12\/sutra-nastupaju-na-dolcinijumu-kiko-navarro-eddy-ramich\/#primaryimage"},"datePublished":"2016-08-12T06:51:40+00:00","dateModified":"2016-08-12T06:51:40+00:00","author":{"@id":"https:\/\/www.visit-ulcinj.com\/blog\/#\/schema\/person\/dcab619c614d3038751c63bc2aadc06d"},"description":"Bogat program \u017eurki i nastupa u okviru sedmog festivala After Beach Parties se nastavlja i u petak, 12. avgusta kada \u0107e na kajt surf stanici \u201dD\u2019Olcinijum\u201d","breadcrumb":{"@id":"https:\/\/www.visit-ulcinj.com\/blog\/2016\/08\/12\/sutra-nastupaju-na-dolcinijumu-kiko-navarro-eddy-ramich\/#breadcrumb"},"inLanguage":"en-US","potentialAction":[{"@type":"ReadAction","target":["https:\/\/www.visit-ulcinj.com\/blog\/2016\/08\/12\/sutra-nastupaju-na-dolcinijumu-kiko-navarro-eddy-ramich\/"]}]},{"@type":"BreadcrumbList","@id":"https:\/\/www.visit-ulcinj.com\/blog\/2016\/08\/12\/sutra-nastupaju-na-dolcinijumu-kiko-navarro-eddy-ramich\/#breadcrumb","itemListElement":[{"@type":"ListItem","position":1,"name":"Sutra nastupaju na \u2018\u2019D\u2019Olcinijumu\u2019\u2019 Kiko Navarro i Eddy Ramich"}]},{"@type":"Person","@id":"https:\/\/www.visit-ulcinj.com\/blog\/#\/schema\/person\/dcab619c614d3038751c63bc2aadc06d","name":"ulqini","sameAs":["http:\/\/www.visit-ulcinj.com"],"url":"https:\/\/www.visit-ulcinj.com\/blog\/author\/admin\/"}]}},"jetpack_featured_media_url":"","jetpack_sharing_enabled":true,"jetpack_shortlink":"https:\/\/wp.me\/pe6lTn-pKI","_links":{"self":[{"href":"https:\/\/www.visit-ulcinj.com\/blog\/wp-json\/wp\/v2\/posts\/98996"}],"collection":[{"href":"https:\/\/www.visit-ulcinj.com\/blog\/wp-json\/wp\/v2\/posts"}],"about":[{"href":"https:\/\/www.visit-ulcinj.com\/blog\/wp-json\/wp\/v2\/types\/post"}],"author":[{"embeddable":true,"href":"https:\/\/www.visit-ulcinj.com\/blog\/wp-json\/wp\/v2\/users\/1"}],"replies":[{"embeddable":true,"href":"https:\/\/www.visit-ulcinj.com\/blog\/wp-json\/wp\/v2\/comments?post=98996"}],"version-history":[{"count":1,"href":"https:\/\/www.visit-ulcinj.com\/blog\/wp-json\/wp\/v2\/posts\/98996\/revisions"}],"predecessor-version":[{"id":98998,"href":"https:\/\/www.visit-ulcinj.com\/blog\/wp-json\/wp\/v2\/posts\/98996\/revisions\/98998"}],"wp:attachment":[{"href":"https:\/\/www.visit-ulcinj.com\/blog\/wp-json\/wp\/v2\/media?parent=98996"}],"wp:term":[{"taxonomy":"category","embeddable":true,"href":"https:\/\/www.visit-ulcinj.com\/blog\/wp-json\/wp\/v2\/categories?post=98996"},{"taxonomy":"post_tag","embeddable":true,"href":"https:\/\/www.visit-ulcinj.com\/blog\/wp-json\/wp\/v2\/tags?post=98996"}],"curies":[{"name":"wp","href":"https:\/\/api.w.org\/{rel}","templated":true}]}}