{"id":98999,"date":"2016-08-12T08:11:24","date_gmt":"2016-08-12T07:11:24","guid":{"rendered":"http:\/\/www.visit-ulcinj.com\/blog\/?p=98999"},"modified":"2016-08-12T14:56:08","modified_gmt":"2016-08-12T13:56:08","slug":"pajoviq-kerkon-mbrojtje-nderkombetare-per-kriporen-e-ulqinit","status":"publish","type":"post","link":"https:\/\/www.visit-ulcinj.com\/blog\/2016\/08\/12\/pajoviq-kerkon-mbrojtje-nderkombetare-per-kriporen-e-ulqinit\/","title":{"rendered":"Pajoviq k\u00ebrkon mbrojtje nd\u00ebrkomb\u00ebtare p\u00ebr Kriporen e Ulqinit"},"content":{"rendered":"<p><a href=\"http:\/\/www.visit-ulcinj.com\/blog\/wp-content\/uploads\/2016\/08\/Pajovic-Cungu-Nrekic-ulqin-ulcinj.jpg\"><img loading=\"lazy\" class=\"alignleft wp-image-99001\" src=\"http:\/\/www.visit-ulcinj.com\/blog\/wp-content\/uploads\/2016\/08\/Pajovic-Cungu-Nrekic-ulqin-ulcinj.jpg\" alt=\"Pajovic-Cungu-Nrekic-ulqin-ulcinj\" width=\"508\" height=\"338\" srcset=\"https:\/\/www.visit-ulcinj.com\/blog\/wp-content\/uploads\/2016\/08\/Pajovic-Cungu-Nrekic-ulqin-ulcinj.jpg 999w, https:\/\/www.visit-ulcinj.com\/blog\/wp-content\/uploads\/2016\/08\/Pajovic-Cungu-Nrekic-ulqin-ulcinj-300x200.jpg 300w, https:\/\/www.visit-ulcinj.com\/blog\/wp-content\/uploads\/2016\/08\/Pajovic-Cungu-Nrekic-ulqin-ulcinj-768x511.jpg 768w\" sizes=\"(max-width: 508px) 100vw, 508px\" \/><\/a>Kryetari i Kuvendit t\u00eb Malit t\u00eb Zi Darko Pajoviq t\u00eb enjten ka vizituar Ulqinin, raporton portali Ul.info.<\/p>\n<p>Ai, si\u00e7 transmeton CdM, ishte edhe n\u00eb Kripore ku tha se k\u00ebsaj hap\u00ebsir\u00eb i nevojitet mbrojtja n\u00eb nivel nacional dhe nd\u00ebrkomb\u00ebtar\u00eb.<\/p>\n<p>\u201cMendoj se vet\u00ebm me k\u00ebt\u00eb qasje vendet e reja t\u00eb pun\u00ebs n\u00eb Ulqin dhe Mal t\u00eb Zi do t\u00eb jen\u00eb realitet\u201d, theksoi Pajoviq.<\/p>\n<p>Ai rikujtoi nj\u00eb s\u00ebr\u00eb ligjesh t\u00eb cilat i solli Parlamenti, e kan\u00eb t\u00eb b\u00ebjn\u00eb me zonat e mbrojtura n\u00eb parqet nacionale t\u00eb Malit t\u00eb Zi, e q\u00eb kan\u00eb t\u00eb b\u00ebjn\u00eb edhe me Kriporen.<\/p>\n<p>\u201cJo vet\u00ebm q\u00eb nuk do t\u00eb legalizohet asnj\u00eb objekt i nd\u00ebrtuar pa leje, por ato definitivisht duhet t\u00eb hiqen\u201d, tha ai.<\/p>\n<p><strong>Burimi Foto: CDM<\/strong><\/p>\n<p><a href=\"http:\/\/www.visit-ulcinj.com\/blog\/wp-content\/uploads\/2016\/08\/Pajovic-solana.jpg\"><img loading=\"lazy\" class=\"alignleft wp-image-99002\" src=\"http:\/\/www.visit-ulcinj.com\/blog\/wp-content\/uploads\/2016\/08\/Pajovic-solana.jpg\" alt=\"Pajovic-solana\" width=\"508\" height=\"338\" srcset=\"https:\/\/www.visit-ulcinj.com\/blog\/wp-content\/uploads\/2016\/08\/Pajovic-solana.jpg 999w, https:\/\/www.visit-ulcinj.com\/blog\/wp-content\/uploads\/2016\/08\/Pajovic-solana-300x200.jpg 300w, https:\/\/www.visit-ulcinj.com\/blog\/wp-content\/uploads\/2016\/08\/Pajovic-solana-768x511.jpg 768w\" sizes=\"(max-width: 508px) 100vw, 508px\" \/><\/a><\/p>\n<p><a href=\"http:\/\/www.visit-ulcinj.com\/blog\/wp-content\/uploads\/2016\/08\/Pajovic-solana-1.jpg\"><img loading=\"lazy\" class=\"alignleft wp-image-99003\" src=\"http:\/\/www.visit-ulcinj.com\/blog\/wp-content\/uploads\/2016\/08\/Pajovic-solana-1.jpg\" alt=\"Pajovic-solana-1\" width=\"508\" height=\"338\" srcset=\"https:\/\/www.visit-ulcinj.com\/blog\/wp-content\/uploads\/2016\/08\/Pajovic-solana-1.jpg 999w, https:\/\/www.visit-ulcinj.com\/blog\/wp-content\/uploads\/2016\/08\/Pajovic-solana-1-300x200.jpg 300w, https:\/\/www.visit-ulcinj.com\/blog\/wp-content\/uploads\/2016\/08\/Pajovic-solana-1-768x511.jpg 768w\" sizes=\"(max-width: 508px) 100vw, 508px\" \/><\/a><\/p>\n","protected":false},"excerpt":{"rendered":"<p>Kryetari i Kuvendit t\u00eb Malit t\u00eb Zi Darko Pajoviq t\u00eb enjten ka vizituar Ulqinin, raporton portali Ul.info. Ai, si\u00e7 transmeton CdM, ishte edhe n\u00eb Kripore ku tha se k\u00ebsaj hap\u00ebsir\u00eb i nevojitet mbrojtja n\u00eb nivel nacional dhe nd\u00ebrkomb\u00ebtar\u00eb. \u201cMendoj se vet\u00ebm me k\u00ebt\u00eb qasje vendet e reja t\u00eb pun\u00ebs n\u00eb Ulqin dhe Mal t\u00eb Zi [&hellip;]<\/p>\n","protected":false},"author":1,"featured_media":0,"comment_status":"closed","ping_status":"closed","sticky":false,"template":"","format":"standard","meta":{"spay_email":"","jetpack_publicize_message":"","jetpack_is_tweetstorm":false,"jetpack_publicize_feature_enabled":true},"categories":[1,12],"tags":[],"jetpack_publicize_connections":[],"yoast_head":"<!-- This site is optimized with the Yoast SEO plugin v19.1 - https:\/\/yoast.com\/wordpress\/plugins\/seo\/ -->\n<title>Pajoviq k\u00ebrkon mbrojtje nd\u00ebrkomb\u00ebtare p\u00ebr Kriporen e Ulqinit - Lajme nga Ulqini<\/title>\n<meta name=\"description\" content=\"Kryetari i Kuvendit t\u00eb Malit t\u00eb Zi Darko Pajoviq t\u00eb enjten ka vizituar Ulqinin, raporton portali Ul.info. Ai, si\u00e7 transmeton CdM, ishte edhe n\u00eb Kripore ku\" \/>\n<meta name=\"robots\" content=\"index, follow, max-snippet:-1, max-image-preview:large, max-video-preview:-1\" \/>\n<link rel=\"canonical\" href=\"https:\/\/www.visit-ulcinj.com\/blog\/2016\/08\/12\/pajoviq-kerkon-mbrojtje-nderkombetare-per-kriporen-e-ulqinit\/\" \/>\n<meta property=\"og:locale\" content=\"en_US\" \/>\n<meta property=\"og:type\" content=\"article\" \/>\n<meta property=\"og:title\" content=\"Pajoviq k\u00ebrkon mbrojtje nd\u00ebrkomb\u00ebtare p\u00ebr Kriporen e Ulqinit - Lajme nga Ulqini\" \/>\n<meta property=\"og:description\" content=\"Kryetari i Kuvendit t\u00eb Malit t\u00eb Zi Darko Pajoviq t\u00eb enjten ka vizituar Ulqinin, raporton portali Ul.info. Ai, si\u00e7 transmeton CdM, ishte edhe n\u00eb Kripore ku\" \/>\n<meta property=\"og:url\" content=\"https:\/\/www.visit-ulcinj.com\/blog\/2016\/08\/12\/pajoviq-kerkon-mbrojtje-nderkombetare-per-kriporen-e-ulqinit\/\" \/>\n<meta property=\"og:site_name\" content=\"Lajme nga Ulqini\" \/>\n<meta property=\"article:published_time\" content=\"2016-08-12T07:11:24+00:00\" \/>\n<meta property=\"article:modified_time\" content=\"2016-08-12T13:56:08+00:00\" \/>\n<meta property=\"og:image\" content=\"http:\/\/www.visit-ulcinj.com\/blog\/wp-content\/uploads\/2016\/08\/Pajovic-Cungu-Nrekic-ulqin-ulcinj.jpg\" \/>\n<meta name=\"twitter:label1\" content=\"Written by\" \/>\n\t<meta name=\"twitter:data1\" content=\"ulqini\" \/>\n\t<meta name=\"twitter:label2\" content=\"Est. reading time\" \/>\n\t<meta name=\"twitter:data2\" content=\"1 minute\" \/>\n<script type=\"application\/ld+json\" class=\"yoast-schema-graph\">{\"@context\":\"https:\/\/schema.org\",\"@graph\":[{\"@type\":\"WebSite\",\"@id\":\"https:\/\/www.visit-ulcinj.com\/blog\/#website\",\"url\":\"https:\/\/www.visit-ulcinj.com\/blog\/\",\"name\":\"Lajme nga Ulqini\",\"description\":\"Lajme,Vijesti,Ulqini,Ulqin,Crna Gora,Mali i Zi\",\"potentialAction\":[{\"@type\":\"SearchAction\",\"target\":{\"@type\":\"EntryPoint\",\"urlTemplate\":\"https:\/\/www.visit-ulcinj.com\/blog\/?s={search_term_string}\"},\"query-input\":\"required name=search_term_string\"}],\"inLanguage\":\"en-US\"},{\"@type\":\"ImageObject\",\"inLanguage\":\"en-US\",\"@id\":\"https:\/\/www.visit-ulcinj.com\/blog\/2016\/08\/12\/pajoviq-kerkon-mbrojtje-nderkombetare-per-kriporen-e-ulqinit\/#primaryimage\",\"url\":\"https:\/\/www.visit-ulcinj.com\/blog\/wp-content\/uploads\/2016\/08\/Pajovic-Cungu-Nrekic-ulqin-ulcinj.jpg\",\"contentUrl\":\"https:\/\/www.visit-ulcinj.com\/blog\/wp-content\/uploads\/2016\/08\/Pajovic-Cungu-Nrekic-ulqin-ulcinj.jpg\",\"width\":999,\"height\":665},{\"@type\":\"WebPage\",\"@id\":\"https:\/\/www.visit-ulcinj.com\/blog\/2016\/08\/12\/pajoviq-kerkon-mbrojtje-nderkombetare-per-kriporen-e-ulqinit\/#webpage\",\"url\":\"https:\/\/www.visit-ulcinj.com\/blog\/2016\/08\/12\/pajoviq-kerkon-mbrojtje-nderkombetare-per-kriporen-e-ulqinit\/\",\"name\":\"Pajoviq k\u00ebrkon mbrojtje nd\u00ebrkomb\u00ebtare p\u00ebr Kriporen e Ulqinit - Lajme nga Ulqini\",\"isPartOf\":{\"@id\":\"https:\/\/www.visit-ulcinj.com\/blog\/#website\"},\"primaryImageOfPage\":{\"@id\":\"https:\/\/www.visit-ulcinj.com\/blog\/2016\/08\/12\/pajoviq-kerkon-mbrojtje-nderkombetare-per-kriporen-e-ulqinit\/#primaryimage\"},\"datePublished\":\"2016-08-12T07:11:24+00:00\",\"dateModified\":\"2016-08-12T13:56:08+00:00\",\"author\":{\"@id\":\"https:\/\/www.visit-ulcinj.com\/blog\/#\/schema\/person\/dcab619c614d3038751c63bc2aadc06d\"},\"description\":\"Kryetari i Kuvendit t\u00eb Malit t\u00eb Zi Darko Pajoviq t\u00eb enjten ka vizituar Ulqinin, raporton portali Ul.info. Ai, si\u00e7 transmeton CdM, ishte edhe n\u00eb Kripore ku\",\"breadcrumb\":{\"@id\":\"https:\/\/www.visit-ulcinj.com\/blog\/2016\/08\/12\/pajoviq-kerkon-mbrojtje-nderkombetare-per-kriporen-e-ulqinit\/#breadcrumb\"},\"inLanguage\":\"en-US\",\"potentialAction\":[{\"@type\":\"ReadAction\",\"target\":[\"https:\/\/www.visit-ulcinj.com\/blog\/2016\/08\/12\/pajoviq-kerkon-mbrojtje-nderkombetare-per-kriporen-e-ulqinit\/\"]}]},{\"@type\":\"BreadcrumbList\",\"@id\":\"https:\/\/www.visit-ulcinj.com\/blog\/2016\/08\/12\/pajoviq-kerkon-mbrojtje-nderkombetare-per-kriporen-e-ulqinit\/#breadcrumb\",\"itemListElement\":[{\"@type\":\"ListItem\",\"position\":1,\"name\":\"Pajoviq k\u00ebrkon mbrojtje nd\u00ebrkomb\u00ebtare p\u00ebr Kriporen e Ulqinit\"}]},{\"@type\":\"Person\",\"@id\":\"https:\/\/www.visit-ulcinj.com\/blog\/#\/schema\/person\/dcab619c614d3038751c63bc2aadc06d\",\"name\":\"ulqini\",\"sameAs\":[\"http:\/\/www.visit-ulcinj.com\"],\"url\":\"https:\/\/www.visit-ulcinj.com\/blog\/author\/admin\/\"}]}<\/script>\n<!-- \/ Yoast SEO plugin. -->","yoast_head_json":{"title":"Pajoviq k\u00ebrkon mbrojtje nd\u00ebrkomb\u00ebtare p\u00ebr Kriporen e Ulqinit - Lajme nga Ulqini","description":"Kryetari i Kuvendit t\u00eb Malit t\u00eb Zi Darko Pajoviq t\u00eb enjten ka vizituar Ulqinin, raporton portali Ul.info. Ai, si\u00e7 transmeton CdM, ishte edhe n\u00eb Kripore ku","robots":{"index":"index","follow":"follow","max-snippet":"max-snippet:-1","max-image-preview":"max-image-preview:large","max-video-preview":"max-video-preview:-1"},"canonical":"https:\/\/www.visit-ulcinj.com\/blog\/2016\/08\/12\/pajoviq-kerkon-mbrojtje-nderkombetare-per-kriporen-e-ulqinit\/","og_locale":"en_US","og_type":"article","og_title":"Pajoviq k\u00ebrkon mbrojtje nd\u00ebrkomb\u00ebtare p\u00ebr Kriporen e Ulqinit - Lajme nga Ulqini","og_description":"Kryetari i Kuvendit t\u00eb Malit t\u00eb Zi Darko Pajoviq t\u00eb enjten ka vizituar Ulqinin, raporton portali Ul.info. Ai, si\u00e7 transmeton CdM, ishte edhe n\u00eb Kripore ku","og_url":"https:\/\/www.visit-ulcinj.com\/blog\/2016\/08\/12\/pajoviq-kerkon-mbrojtje-nderkombetare-per-kriporen-e-ulqinit\/","og_site_name":"Lajme nga Ulqini","article_published_time":"2016-08-12T07:11:24+00:00","article_modified_time":"2016-08-12T13:56:08+00:00","og_image":[{"url":"http:\/\/www.visit-ulcinj.com\/blog\/wp-content\/uploads\/2016\/08\/Pajovic-Cungu-Nrekic-ulqin-ulcinj.jpg"}],"twitter_misc":{"Written by":"ulqini","Est. reading time":"1 minute"},"schema":{"@context":"https:\/\/schema.org","@graph":[{"@type":"WebSite","@id":"https:\/\/www.visit-ulcinj.com\/blog\/#website","url":"https:\/\/www.visit-ulcinj.com\/blog\/","name":"Lajme nga Ulqini","description":"Lajme,Vijesti,Ulqini,Ulqin,Crna Gora,Mali i Zi","potentialAction":[{"@type":"SearchAction","target":{"@type":"EntryPoint","urlTemplate":"https:\/\/www.visit-ulcinj.com\/blog\/?s={search_term_string}"},"query-input":"required name=search_term_string"}],"inLanguage":"en-US"},{"@type":"ImageObject","inLanguage":"en-US","@id":"https:\/\/www.visit-ulcinj.com\/blog\/2016\/08\/12\/pajoviq-kerkon-mbrojtje-nderkombetare-per-kriporen-e-ulqinit\/#primaryimage","url":"https:\/\/www.visit-ulcinj.com\/blog\/wp-content\/uploads\/2016\/08\/Pajovic-Cungu-Nrekic-ulqin-ulcinj.jpg","contentUrl":"https:\/\/www.visit-ulcinj.com\/blog\/wp-content\/uploads\/2016\/08\/Pajovic-Cungu-Nrekic-ulqin-ulcinj.jpg","width":999,"height":665},{"@type":"WebPage","@id":"https:\/\/www.visit-ulcinj.com\/blog\/2016\/08\/12\/pajoviq-kerkon-mbrojtje-nderkombetare-per-kriporen-e-ulqinit\/#webpage","url":"https:\/\/www.visit-ulcinj.com\/blog\/2016\/08\/12\/pajoviq-kerkon-mbrojtje-nderkombetare-per-kriporen-e-ulqinit\/","name":"Pajoviq k\u00ebrkon mbrojtje nd\u00ebrkomb\u00ebtare p\u00ebr Kriporen e Ulqinit - Lajme nga Ulqini","isPartOf":{"@id":"https:\/\/www.visit-ulcinj.com\/blog\/#website"},"primaryImageOfPage":{"@id":"https:\/\/www.visit-ulcinj.com\/blog\/2016\/08\/12\/pajoviq-kerkon-mbrojtje-nderkombetare-per-kriporen-e-ulqinit\/#primaryimage"},"datePublished":"2016-08-12T07:11:24+00:00","dateModified":"2016-08-12T13:56:08+00:00","author":{"@id":"https:\/\/www.visit-ulcinj.com\/blog\/#\/schema\/person\/dcab619c614d3038751c63bc2aadc06d"},"description":"Kryetari i Kuvendit t\u00eb Malit t\u00eb Zi Darko Pajoviq t\u00eb enjten ka vizituar Ulqinin, raporton portali Ul.info. Ai, si\u00e7 transmeton CdM, ishte edhe n\u00eb Kripore ku","breadcrumb":{"@id":"https:\/\/www.visit-ulcinj.com\/blog\/2016\/08\/12\/pajoviq-kerkon-mbrojtje-nderkombetare-per-kriporen-e-ulqinit\/#breadcrumb"},"inLanguage":"en-US","potentialAction":[{"@type":"ReadAction","target":["https:\/\/www.visit-ulcinj.com\/blog\/2016\/08\/12\/pajoviq-kerkon-mbrojtje-nderkombetare-per-kriporen-e-ulqinit\/"]}]},{"@type":"BreadcrumbList","@id":"https:\/\/www.visit-ulcinj.com\/blog\/2016\/08\/12\/pajoviq-kerkon-mbrojtje-nderkombetare-per-kriporen-e-ulqinit\/#breadcrumb","itemListElement":[{"@type":"ListItem","position":1,"name":"Pajoviq k\u00ebrkon mbrojtje nd\u00ebrkomb\u00ebtare p\u00ebr Kriporen e Ulqinit"}]},{"@type":"Person","@id":"https:\/\/www.visit-ulcinj.com\/blog\/#\/schema\/person\/dcab619c614d3038751c63bc2aadc06d","name":"ulqini","sameAs":["http:\/\/www.visit-ulcinj.com"],"url":"https:\/\/www.visit-ulcinj.com\/blog\/author\/admin\/"}]}},"jetpack_featured_media_url":"","jetpack_sharing_enabled":true,"jetpack_shortlink":"https:\/\/wp.me\/pe6lTn-pKL","_links":{"self":[{"href":"https:\/\/www.visit-ulcinj.com\/blog\/wp-json\/wp\/v2\/posts\/98999"}],"collection":[{"href":"https:\/\/www.visit-ulcinj.com\/blog\/wp-json\/wp\/v2\/posts"}],"about":[{"href":"https:\/\/www.visit-ulcinj.com\/blog\/wp-json\/wp\/v2\/types\/post"}],"author":[{"embeddable":true,"href":"https:\/\/www.visit-ulcinj.com\/blog\/wp-json\/wp\/v2\/users\/1"}],"replies":[{"embeddable":true,"href":"https:\/\/www.visit-ulcinj.com\/blog\/wp-json\/wp\/v2\/comments?post=98999"}],"version-history":[{"count":1,"href":"https:\/\/www.visit-ulcinj.com\/blog\/wp-json\/wp\/v2\/posts\/98999\/revisions"}],"predecessor-version":[{"id":99004,"href":"https:\/\/www.visit-ulcinj.com\/blog\/wp-json\/wp\/v2\/posts\/98999\/revisions\/99004"}],"wp:attachment":[{"href":"https:\/\/www.visit-ulcinj.com\/blog\/wp-json\/wp\/v2\/media?parent=98999"}],"wp:term":[{"taxonomy":"category","embeddable":true,"href":"https:\/\/www.visit-ulcinj.com\/blog\/wp-json\/wp\/v2\/categories?post=98999"},{"taxonomy":"post_tag","embeddable":true,"href":"https:\/\/www.visit-ulcinj.com\/blog\/wp-json\/wp\/v2\/tags?post=98999"}],"curies":[{"name":"wp","href":"https:\/\/api.w.org\/{rel}","templated":true}]}}