{"id":99010,"date":"2016-08-12T14:54:44","date_gmt":"2016-08-12T13:54:44","guid":{"rendered":"http:\/\/www.visit-ulcinj.com\/blog\/?p=99010"},"modified":"2016-08-15T07:26:22","modified_gmt":"2016-08-15T06:26:22","slug":"nje-delegacion-nga-decani-po-qendron-per-vitite-zyrtare-ne-ulqin","status":"publish","type":"post","link":"https:\/\/www.visit-ulcinj.com\/blog\/2016\/08\/12\/nje-delegacion-nga-decani-po-qendron-per-vitite-zyrtare-ne-ulqin\/","title":{"rendered":"Nj\u00eb delegacion nga Decani po q\u00ebndron p\u00ebr vitit\u00eb zyrtare  n\u00eb Ulqin"},"content":{"rendered":"<p><a href=\"http:\/\/www.visit-ulcinj.com\/blog\/wp-content\/uploads\/2016\/08\/nazif-cungu-Rasim-Selmanaj-ulqin.jpg\"><img loading=\"lazy\" class=\"alignleft wp-image-99011\" src=\"http:\/\/www.visit-ulcinj.com\/blog\/wp-content\/uploads\/2016\/08\/nazif-cungu-Rasim-Selmanaj-ulqin.jpg\" alt=\"nazif-cungu-Rasim Selmanaj-ulqin\" width=\"508\" height=\"339\" srcset=\"https:\/\/www.visit-ulcinj.com\/blog\/wp-content\/uploads\/2016\/08\/nazif-cungu-Rasim-Selmanaj-ulqin.jpg 927w, https:\/\/www.visit-ulcinj.com\/blog\/wp-content\/uploads\/2016\/08\/nazif-cungu-Rasim-Selmanaj-ulqin-300x200.jpg 300w, https:\/\/www.visit-ulcinj.com\/blog\/wp-content\/uploads\/2016\/08\/nazif-cungu-Rasim-Selmanaj-ulqin-768x512.jpg 768w\" sizes=\"(max-width: 508px) 100vw, 508px\" \/><\/a>K<span lang=\"SQ\">ryetari i Ulqinit\u00a0 Nazif Cungu, kryetari i kuvendit dhe\u00a0 n\u00ebnkryetar\u00ebt\u00a0 prit\u00ebn\u00a0 delegacionin\u00a0 e Komun\u00ebs s\u00eb\u00a0 Decanit\u00a0 t\u00eb kryesuar nga kryetari i saj\u00a0 z. Rasim Selmanaj. N\u00eb nj\u00eb takim t\u00eb hapur dhe v\u00ebllaz\u00ebror\u00eb u prek\u00ebn nj\u00eb s\u00ebr\u00eb c\u00ebshtjesh\u00a0 dhe fushat e\u00a0 bashk\u00ebpunimit\u00a0 nd\u00ebrmjet dy\u00a0 qyteteve.<\/span><\/p>\n<p><span lang=\"SQ\"> Qyteti yn\u00eb \u00ebsht\u00eb i binjak\u00ebzuar\u00a0 me qytetin e Decanit dhe mar\u00ebveshtja e bashk\u00ebpunimit\u00a0 po jet\u00ebsohet n\u00eb fusha t\u00eb ndryshme. Bashk\u00ebbiseduesit than\u00eb se ende ka vend q\u00eb kjo mar\u00ebveshtje t\u00eb avancohet , vecmas n\u00eb sfer\u00ebn e ekonomis\u00eb, kultur\u00ebs dhe sportit. Bashk\u00ebbiseduesit po ashtu u pajtuan qe rruga\u00a0 e cila po nd\u00ebrtohet n\u00eb itenerarin\u00a0 Decan Plav\u00eb Shkod\u00ebr\u00a0 do t\u00eb hap\u00eb shtigje t\u00eb reja bashk\u00ebpunimi nd\u00ebrmjet vendeve fqinje dhe do t\u00eb forcoj\u00eb edhe m\u00ebtej mar\u00ebdh\u00ebnijet e Malit t\u00eb Zi, SHqip\u00ebris\u00eb dhe Kosov\u00ebs<\/span><\/p>\n<p><a href=\"http:\/\/www.visit-ulcinj.com\/blog\/wp-content\/uploads\/2016\/08\/Komuna-Ulqinit-Komuna-Decanit-delegacioni.jpg\"><img loading=\"lazy\" class=\"alignleft wp-image-99012\" src=\"http:\/\/www.visit-ulcinj.com\/blog\/wp-content\/uploads\/2016\/08\/Komuna-Ulqinit-Komuna-Decanit-delegacioni.jpg\" alt=\"Komuna-Ulqinit-Komuna-Decanit-delegacioni\" width=\"508\" height=\"339\" srcset=\"https:\/\/www.visit-ulcinj.com\/blog\/wp-content\/uploads\/2016\/08\/Komuna-Ulqinit-Komuna-Decanit-delegacioni.jpg 927w, https:\/\/www.visit-ulcinj.com\/blog\/wp-content\/uploads\/2016\/08\/Komuna-Ulqinit-Komuna-Decanit-delegacioni-300x200.jpg 300w, https:\/\/www.visit-ulcinj.com\/blog\/wp-content\/uploads\/2016\/08\/Komuna-Ulqinit-Komuna-Decanit-delegacioni-768x512.jpg 768w\" sizes=\"(max-width: 508px) 100vw, 508px\" \/><\/a><\/p>\n","protected":false},"excerpt":{"rendered":"<p>Kryetari i Ulqinit\u00a0 Nazif Cungu, kryetari i kuvendit dhe\u00a0 n\u00ebnkryetar\u00ebt\u00a0 prit\u00ebn\u00a0 delegacionin\u00a0 e Komun\u00ebs s\u00eb\u00a0 Decanit\u00a0 t\u00eb kryesuar nga kryetari i saj\u00a0 z. Rasim Selmanaj. N\u00eb nj\u00eb takim t\u00eb hapur dhe v\u00ebllaz\u00ebror\u00eb u prek\u00ebn nj\u00eb s\u00ebr\u00eb c\u00ebshtjesh\u00a0 dhe fushat e\u00a0 bashk\u00ebpunimit\u00a0 nd\u00ebrmjet dy\u00a0 qyteteve. Qyteti yn\u00eb \u00ebsht\u00eb i binjak\u00ebzuar\u00a0 me qytetin e Decanit dhe mar\u00ebveshtja [&hellip;]<\/p>\n","protected":false},"author":1,"featured_media":0,"comment_status":"closed","ping_status":"closed","sticky":false,"template":"","format":"standard","meta":{"spay_email":"","jetpack_publicize_message":"","jetpack_is_tweetstorm":false,"jetpack_publicize_feature_enabled":true},"categories":[1,14],"tags":[],"jetpack_publicize_connections":[],"yoast_head":"<!-- This site is optimized with the Yoast SEO plugin v19.1 - https:\/\/yoast.com\/wordpress\/plugins\/seo\/ -->\n<title>Nj\u00eb delegacion nga Decani po q\u00ebndron p\u00ebr vitit\u00eb zyrtare n\u00eb Ulqin - Lajme nga Ulqini<\/title>\n<meta name=\"description\" content=\"Kryetari i Ulqinit\u00a0 Nazif Cungu, kryetari i kuvendit dhe\u00a0 n\u00ebnkryetar\u00ebt\u00a0 prit\u00ebn\u00a0 delegacionin\u00a0 e Komun\u00ebs s\u00eb\u00a0 Decanit\u00a0 t\u00eb kryesuar nga kryetari i saj\u00a0 z.\" \/>\n<meta name=\"robots\" content=\"index, follow, max-snippet:-1, max-image-preview:large, max-video-preview:-1\" \/>\n<link rel=\"canonical\" href=\"https:\/\/www.visit-ulcinj.com\/blog\/2016\/08\/12\/nje-delegacion-nga-decani-po-qendron-per-vitite-zyrtare-ne-ulqin\/\" \/>\n<meta property=\"og:locale\" content=\"en_US\" \/>\n<meta property=\"og:type\" content=\"article\" \/>\n<meta property=\"og:title\" content=\"Nj\u00eb delegacion nga Decani po q\u00ebndron p\u00ebr vitit\u00eb zyrtare n\u00eb Ulqin - Lajme nga Ulqini\" \/>\n<meta property=\"og:description\" content=\"Kryetari i Ulqinit\u00a0 Nazif Cungu, kryetari i kuvendit dhe\u00a0 n\u00ebnkryetar\u00ebt\u00a0 prit\u00ebn\u00a0 delegacionin\u00a0 e Komun\u00ebs s\u00eb\u00a0 Decanit\u00a0 t\u00eb kryesuar nga kryetari i saj\u00a0 z.\" \/>\n<meta property=\"og:url\" content=\"https:\/\/www.visit-ulcinj.com\/blog\/2016\/08\/12\/nje-delegacion-nga-decani-po-qendron-per-vitite-zyrtare-ne-ulqin\/\" \/>\n<meta property=\"og:site_name\" content=\"Lajme nga Ulqini\" \/>\n<meta property=\"article:published_time\" content=\"2016-08-12T13:54:44+00:00\" \/>\n<meta property=\"article:modified_time\" content=\"2016-08-15T06:26:22+00:00\" \/>\n<meta property=\"og:image\" content=\"http:\/\/www.visit-ulcinj.com\/blog\/wp-content\/uploads\/2016\/08\/nazif-cungu-Rasim-Selmanaj-ulqin.jpg\" \/>\n<meta name=\"twitter:label1\" content=\"Written by\" \/>\n\t<meta name=\"twitter:data1\" content=\"ulqini\" \/>\n\t<meta name=\"twitter:label2\" content=\"Est. reading time\" \/>\n\t<meta name=\"twitter:data2\" content=\"1 minute\" \/>\n<script type=\"application\/ld+json\" class=\"yoast-schema-graph\">{\"@context\":\"https:\/\/schema.org\",\"@graph\":[{\"@type\":\"WebSite\",\"@id\":\"https:\/\/www.visit-ulcinj.com\/blog\/#website\",\"url\":\"https:\/\/www.visit-ulcinj.com\/blog\/\",\"name\":\"Lajme nga Ulqini\",\"description\":\"Lajme,Vijesti,Ulqini,Ulqin,Crna Gora,Mali i Zi\",\"potentialAction\":[{\"@type\":\"SearchAction\",\"target\":{\"@type\":\"EntryPoint\",\"urlTemplate\":\"https:\/\/www.visit-ulcinj.com\/blog\/?s={search_term_string}\"},\"query-input\":\"required name=search_term_string\"}],\"inLanguage\":\"en-US\"},{\"@type\":\"ImageObject\",\"inLanguage\":\"en-US\",\"@id\":\"https:\/\/www.visit-ulcinj.com\/blog\/2016\/08\/12\/nje-delegacion-nga-decani-po-qendron-per-vitite-zyrtare-ne-ulqin\/#primaryimage\",\"url\":\"https:\/\/www.visit-ulcinj.com\/blog\/wp-content\/uploads\/2016\/08\/nazif-cungu-Rasim-Selmanaj-ulqin.jpg\",\"contentUrl\":\"https:\/\/www.visit-ulcinj.com\/blog\/wp-content\/uploads\/2016\/08\/nazif-cungu-Rasim-Selmanaj-ulqin.jpg\",\"width\":927,\"height\":618},{\"@type\":\"WebPage\",\"@id\":\"https:\/\/www.visit-ulcinj.com\/blog\/2016\/08\/12\/nje-delegacion-nga-decani-po-qendron-per-vitite-zyrtare-ne-ulqin\/#webpage\",\"url\":\"https:\/\/www.visit-ulcinj.com\/blog\/2016\/08\/12\/nje-delegacion-nga-decani-po-qendron-per-vitite-zyrtare-ne-ulqin\/\",\"name\":\"Nj\u00eb delegacion nga Decani po q\u00ebndron p\u00ebr vitit\u00eb zyrtare n\u00eb Ulqin - Lajme nga Ulqini\",\"isPartOf\":{\"@id\":\"https:\/\/www.visit-ulcinj.com\/blog\/#website\"},\"primaryImageOfPage\":{\"@id\":\"https:\/\/www.visit-ulcinj.com\/blog\/2016\/08\/12\/nje-delegacion-nga-decani-po-qendron-per-vitite-zyrtare-ne-ulqin\/#primaryimage\"},\"datePublished\":\"2016-08-12T13:54:44+00:00\",\"dateModified\":\"2016-08-15T06:26:22+00:00\",\"author\":{\"@id\":\"https:\/\/www.visit-ulcinj.com\/blog\/#\/schema\/person\/dcab619c614d3038751c63bc2aadc06d\"},\"description\":\"Kryetari i Ulqinit\u00a0 Nazif Cungu, kryetari i kuvendit dhe\u00a0 n\u00ebnkryetar\u00ebt\u00a0 prit\u00ebn\u00a0 delegacionin\u00a0 e Komun\u00ebs s\u00eb\u00a0 Decanit\u00a0 t\u00eb kryesuar nga kryetari i saj\u00a0 z.\",\"breadcrumb\":{\"@id\":\"https:\/\/www.visit-ulcinj.com\/blog\/2016\/08\/12\/nje-delegacion-nga-decani-po-qendron-per-vitite-zyrtare-ne-ulqin\/#breadcrumb\"},\"inLanguage\":\"en-US\",\"potentialAction\":[{\"@type\":\"ReadAction\",\"target\":[\"https:\/\/www.visit-ulcinj.com\/blog\/2016\/08\/12\/nje-delegacion-nga-decani-po-qendron-per-vitite-zyrtare-ne-ulqin\/\"]}]},{\"@type\":\"BreadcrumbList\",\"@id\":\"https:\/\/www.visit-ulcinj.com\/blog\/2016\/08\/12\/nje-delegacion-nga-decani-po-qendron-per-vitite-zyrtare-ne-ulqin\/#breadcrumb\",\"itemListElement\":[{\"@type\":\"ListItem\",\"position\":1,\"name\":\"Nj\u00eb delegacion nga Decani po q\u00ebndron p\u00ebr vitit\u00eb zyrtare n\u00eb Ulqin\"}]},{\"@type\":\"Person\",\"@id\":\"https:\/\/www.visit-ulcinj.com\/blog\/#\/schema\/person\/dcab619c614d3038751c63bc2aadc06d\",\"name\":\"ulqini\",\"sameAs\":[\"http:\/\/www.visit-ulcinj.com\"],\"url\":\"https:\/\/www.visit-ulcinj.com\/blog\/author\/admin\/\"}]}<\/script>\n<!-- \/ Yoast SEO plugin. -->","yoast_head_json":{"title":"Nj\u00eb delegacion nga Decani po q\u00ebndron p\u00ebr vitit\u00eb zyrtare n\u00eb Ulqin - Lajme nga Ulqini","description":"Kryetari i Ulqinit\u00a0 Nazif Cungu, kryetari i kuvendit dhe\u00a0 n\u00ebnkryetar\u00ebt\u00a0 prit\u00ebn\u00a0 delegacionin\u00a0 e Komun\u00ebs s\u00eb\u00a0 Decanit\u00a0 t\u00eb kryesuar nga kryetari i saj\u00a0 z.","robots":{"index":"index","follow":"follow","max-snippet":"max-snippet:-1","max-image-preview":"max-image-preview:large","max-video-preview":"max-video-preview:-1"},"canonical":"https:\/\/www.visit-ulcinj.com\/blog\/2016\/08\/12\/nje-delegacion-nga-decani-po-qendron-per-vitite-zyrtare-ne-ulqin\/","og_locale":"en_US","og_type":"article","og_title":"Nj\u00eb delegacion nga Decani po q\u00ebndron p\u00ebr vitit\u00eb zyrtare n\u00eb Ulqin - Lajme nga Ulqini","og_description":"Kryetari i Ulqinit\u00a0 Nazif Cungu, kryetari i kuvendit dhe\u00a0 n\u00ebnkryetar\u00ebt\u00a0 prit\u00ebn\u00a0 delegacionin\u00a0 e Komun\u00ebs s\u00eb\u00a0 Decanit\u00a0 t\u00eb kryesuar nga kryetari i saj\u00a0 z.","og_url":"https:\/\/www.visit-ulcinj.com\/blog\/2016\/08\/12\/nje-delegacion-nga-decani-po-qendron-per-vitite-zyrtare-ne-ulqin\/","og_site_name":"Lajme nga Ulqini","article_published_time":"2016-08-12T13:54:44+00:00","article_modified_time":"2016-08-15T06:26:22+00:00","og_image":[{"url":"http:\/\/www.visit-ulcinj.com\/blog\/wp-content\/uploads\/2016\/08\/nazif-cungu-Rasim-Selmanaj-ulqin.jpg"}],"twitter_misc":{"Written by":"ulqini","Est. reading time":"1 minute"},"schema":{"@context":"https:\/\/schema.org","@graph":[{"@type":"WebSite","@id":"https:\/\/www.visit-ulcinj.com\/blog\/#website","url":"https:\/\/www.visit-ulcinj.com\/blog\/","name":"Lajme nga Ulqini","description":"Lajme,Vijesti,Ulqini,Ulqin,Crna Gora,Mali i Zi","potentialAction":[{"@type":"SearchAction","target":{"@type":"EntryPoint","urlTemplate":"https:\/\/www.visit-ulcinj.com\/blog\/?s={search_term_string}"},"query-input":"required name=search_term_string"}],"inLanguage":"en-US"},{"@type":"ImageObject","inLanguage":"en-US","@id":"https:\/\/www.visit-ulcinj.com\/blog\/2016\/08\/12\/nje-delegacion-nga-decani-po-qendron-per-vitite-zyrtare-ne-ulqin\/#primaryimage","url":"https:\/\/www.visit-ulcinj.com\/blog\/wp-content\/uploads\/2016\/08\/nazif-cungu-Rasim-Selmanaj-ulqin.jpg","contentUrl":"https:\/\/www.visit-ulcinj.com\/blog\/wp-content\/uploads\/2016\/08\/nazif-cungu-Rasim-Selmanaj-ulqin.jpg","width":927,"height":618},{"@type":"WebPage","@id":"https:\/\/www.visit-ulcinj.com\/blog\/2016\/08\/12\/nje-delegacion-nga-decani-po-qendron-per-vitite-zyrtare-ne-ulqin\/#webpage","url":"https:\/\/www.visit-ulcinj.com\/blog\/2016\/08\/12\/nje-delegacion-nga-decani-po-qendron-per-vitite-zyrtare-ne-ulqin\/","name":"Nj\u00eb delegacion nga Decani po q\u00ebndron p\u00ebr vitit\u00eb zyrtare n\u00eb Ulqin - Lajme nga Ulqini","isPartOf":{"@id":"https:\/\/www.visit-ulcinj.com\/blog\/#website"},"primaryImageOfPage":{"@id":"https:\/\/www.visit-ulcinj.com\/blog\/2016\/08\/12\/nje-delegacion-nga-decani-po-qendron-per-vitite-zyrtare-ne-ulqin\/#primaryimage"},"datePublished":"2016-08-12T13:54:44+00:00","dateModified":"2016-08-15T06:26:22+00:00","author":{"@id":"https:\/\/www.visit-ulcinj.com\/blog\/#\/schema\/person\/dcab619c614d3038751c63bc2aadc06d"},"description":"Kryetari i Ulqinit\u00a0 Nazif Cungu, kryetari i kuvendit dhe\u00a0 n\u00ebnkryetar\u00ebt\u00a0 prit\u00ebn\u00a0 delegacionin\u00a0 e Komun\u00ebs s\u00eb\u00a0 Decanit\u00a0 t\u00eb kryesuar nga kryetari i saj\u00a0 z.","breadcrumb":{"@id":"https:\/\/www.visit-ulcinj.com\/blog\/2016\/08\/12\/nje-delegacion-nga-decani-po-qendron-per-vitite-zyrtare-ne-ulqin\/#breadcrumb"},"inLanguage":"en-US","potentialAction":[{"@type":"ReadAction","target":["https:\/\/www.visit-ulcinj.com\/blog\/2016\/08\/12\/nje-delegacion-nga-decani-po-qendron-per-vitite-zyrtare-ne-ulqin\/"]}]},{"@type":"BreadcrumbList","@id":"https:\/\/www.visit-ulcinj.com\/blog\/2016\/08\/12\/nje-delegacion-nga-decani-po-qendron-per-vitite-zyrtare-ne-ulqin\/#breadcrumb","itemListElement":[{"@type":"ListItem","position":1,"name":"Nj\u00eb delegacion nga Decani po q\u00ebndron p\u00ebr vitit\u00eb zyrtare n\u00eb Ulqin"}]},{"@type":"Person","@id":"https:\/\/www.visit-ulcinj.com\/blog\/#\/schema\/person\/dcab619c614d3038751c63bc2aadc06d","name":"ulqini","sameAs":["http:\/\/www.visit-ulcinj.com"],"url":"https:\/\/www.visit-ulcinj.com\/blog\/author\/admin\/"}]}},"jetpack_featured_media_url":"","jetpack_sharing_enabled":true,"jetpack_shortlink":"https:\/\/wp.me\/pe6lTn-pKW","_links":{"self":[{"href":"https:\/\/www.visit-ulcinj.com\/blog\/wp-json\/wp\/v2\/posts\/99010"}],"collection":[{"href":"https:\/\/www.visit-ulcinj.com\/blog\/wp-json\/wp\/v2\/posts"}],"about":[{"href":"https:\/\/www.visit-ulcinj.com\/blog\/wp-json\/wp\/v2\/types\/post"}],"author":[{"embeddable":true,"href":"https:\/\/www.visit-ulcinj.com\/blog\/wp-json\/wp\/v2\/users\/1"}],"replies":[{"embeddable":true,"href":"https:\/\/www.visit-ulcinj.com\/blog\/wp-json\/wp\/v2\/comments?post=99010"}],"version-history":[{"count":1,"href":"https:\/\/www.visit-ulcinj.com\/blog\/wp-json\/wp\/v2\/posts\/99010\/revisions"}],"predecessor-version":[{"id":99013,"href":"https:\/\/www.visit-ulcinj.com\/blog\/wp-json\/wp\/v2\/posts\/99010\/revisions\/99013"}],"wp:attachment":[{"href":"https:\/\/www.visit-ulcinj.com\/blog\/wp-json\/wp\/v2\/media?parent=99010"}],"wp:term":[{"taxonomy":"category","embeddable":true,"href":"https:\/\/www.visit-ulcinj.com\/blog\/wp-json\/wp\/v2\/categories?post=99010"},{"taxonomy":"post_tag","embeddable":true,"href":"https:\/\/www.visit-ulcinj.com\/blog\/wp-json\/wp\/v2\/tags?post=99010"}],"curies":[{"name":"wp","href":"https:\/\/api.w.org\/{rel}","templated":true}]}}