{"id":99014,"date":"2016-08-13T07:30:48","date_gmt":"2016-08-13T06:30:48","guid":{"rendered":"http:\/\/www.visit-ulcinj.com\/blog\/?p=99014"},"modified":"2016-08-13T07:30:48","modified_gmt":"2016-08-13T06:30:48","slug":"nuk-miratohet-nisma-e-deputeteve-shqiptare-ne-mal-te-zi-video","status":"publish","type":"post","link":"https:\/\/www.visit-ulcinj.com\/blog\/2016\/08\/13\/nuk-miratohet-nisma-e-deputeteve-shqiptare-ne-mal-te-zi-video\/","title":{"rendered":"Nuk miratohet nisma e deputet\u00ebve shqiptar\u00eb n\u00eb Mal t\u00eb Zi &#8211; Video"},"content":{"rendered":"<p><a href=\"http:\/\/www.visit-ulcinj.com\/blog\/wp-content\/uploads\/2016\/08\/Nimanbegu.jpg\"><img loading=\"lazy\" class=\"alignleft wp-image-99015\" src=\"http:\/\/www.visit-ulcinj.com\/blog\/wp-content\/uploads\/2016\/08\/Nimanbegu.jpg\" alt=\"Nimanbegu\" width=\"508\" height=\"278\" srcset=\"https:\/\/www.visit-ulcinj.com\/blog\/wp-content\/uploads\/2016\/08\/Nimanbegu.jpg 624w, https:\/\/www.visit-ulcinj.com\/blog\/wp-content\/uploads\/2016\/08\/Nimanbegu-300x164.jpg 300w\" sizes=\"(max-width: 508px) 100vw, 508px\" \/><\/a>N\u00eb seanc\u00ebn e fundit t\u00eb Parlamentit t\u00eb Malit t\u00eb Zi nuk gjeti mb\u00ebshtetje nisma e deputet\u00ebve shqiptar\u00eb p\u00ebr plot\u00ebsimin dhe ndryshimin e Ligjit mbi organizimin territorial, i cili parashikonte q\u00eb edhe Mal\u00ebsia me qendr\u00ebn n\u00eb Tuz, t\u00eb fitoj\u00eb statusin e komun\u00ebs s\u00eb plot\u00eb si t\u00eb gjitha komunat tjera n\u00eb vend.<\/p>\n<p>Realizimi i k\u00ebtij objektivi ishte k\u00ebrkes\u00eb e vazhdueshme e partive politike shqiptare, por q\u00eb asnj\u00ebher\u00eb nuk gjeti mb\u00ebshtetje nga Qeveria e Malit t\u00eb Zi. Si pasoj\u00eb, Tuzi me shumic\u00eb shqiptare, mbetet komun\u00eb urbane n\u00eb kuad\u00ebr t\u00eb kryeqytetit t\u00eb Malit t\u00eb Zi, Podgoric\u00ebs.<\/p>\n<p>Korrespondenti i Z\u00ebrit t\u00eb Amerik\u00ebs Ali Salaj\u00a0 p\u00ebrgatiti kronik\u00ebn.<\/p>\n<p>VAO<\/p>\n<!--YouTube Error: bad URL entered-->\n<p>&nbsp;<\/p>\n","protected":false},"excerpt":{"rendered":"<p>N\u00eb seanc\u00ebn e fundit t\u00eb Parlamentit t\u00eb Malit t\u00eb Zi nuk gjeti mb\u00ebshtetje nisma e deputet\u00ebve shqiptar\u00eb p\u00ebr plot\u00ebsimin dhe ndryshimin e Ligjit mbi organizimin territorial, i cili parashikonte q\u00eb edhe Mal\u00ebsia me qendr\u00ebn n\u00eb Tuz, t\u00eb fitoj\u00eb statusin e komun\u00ebs s\u00eb plot\u00eb si t\u00eb gjitha komunat tjera n\u00eb vend. Realizimi i k\u00ebtij objektivi ishte [&hellip;]<\/p>\n","protected":false},"author":1,"featured_media":0,"comment_status":"closed","ping_status":"closed","sticky":false,"template":"","format":"standard","meta":{"spay_email":"","jetpack_publicize_message":"","jetpack_is_tweetstorm":false,"jetpack_publicize_feature_enabled":true},"categories":[6],"tags":[],"jetpack_publicize_connections":[],"yoast_head":"<!-- This site is optimized with the Yoast SEO plugin v19.1 - https:\/\/yoast.com\/wordpress\/plugins\/seo\/ -->\n<title>Nuk miratohet nisma e deputet\u00ebve shqiptar\u00eb n\u00eb Mal t\u00eb Zi - Video - Lajme nga Ulqini<\/title>\n<meta name=\"description\" content=\"N\u00eb seanc\u00ebn e fundit t\u00eb Parlamentit t\u00eb Malit t\u00eb Zi nuk gjeti mb\u00ebshtetje nisma e deputet\u00ebve shqiptar\u00eb p\u00ebr plot\u00ebsimin dhe ndryshimin e Ligjit mbi organizimin\" \/>\n<meta name=\"robots\" content=\"index, follow, max-snippet:-1, max-image-preview:large, max-video-preview:-1\" \/>\n<link rel=\"canonical\" href=\"https:\/\/www.visit-ulcinj.com\/blog\/2016\/08\/13\/nuk-miratohet-nisma-e-deputeteve-shqiptare-ne-mal-te-zi-video\/\" \/>\n<meta property=\"og:locale\" content=\"en_US\" \/>\n<meta property=\"og:type\" content=\"article\" \/>\n<meta property=\"og:title\" content=\"Nuk miratohet nisma e deputet\u00ebve shqiptar\u00eb n\u00eb Mal t\u00eb Zi - Video - Lajme nga Ulqini\" \/>\n<meta property=\"og:description\" content=\"N\u00eb seanc\u00ebn e fundit t\u00eb Parlamentit t\u00eb Malit t\u00eb Zi nuk gjeti mb\u00ebshtetje nisma e deputet\u00ebve shqiptar\u00eb p\u00ebr plot\u00ebsimin dhe ndryshimin e Ligjit mbi organizimin\" \/>\n<meta property=\"og:url\" content=\"https:\/\/www.visit-ulcinj.com\/blog\/2016\/08\/13\/nuk-miratohet-nisma-e-deputeteve-shqiptare-ne-mal-te-zi-video\/\" \/>\n<meta property=\"og:site_name\" content=\"Lajme nga Ulqini\" \/>\n<meta property=\"article:published_time\" content=\"2016-08-13T06:30:48+00:00\" \/>\n<meta property=\"og:image\" content=\"http:\/\/www.visit-ulcinj.com\/blog\/wp-content\/uploads\/2016\/08\/Nimanbegu.jpg\" \/>\n<meta name=\"twitter:label1\" content=\"Written by\" \/>\n\t<meta name=\"twitter:data1\" content=\"ulqini\" \/>\n\t<meta name=\"twitter:label2\" content=\"Est. reading time\" \/>\n\t<meta name=\"twitter:data2\" content=\"1 minute\" \/>\n<script type=\"application\/ld+json\" class=\"yoast-schema-graph\">{\"@context\":\"https:\/\/schema.org\",\"@graph\":[{\"@type\":\"WebSite\",\"@id\":\"https:\/\/www.visit-ulcinj.com\/blog\/#website\",\"url\":\"https:\/\/www.visit-ulcinj.com\/blog\/\",\"name\":\"Lajme nga Ulqini\",\"description\":\"Lajme,Vijesti,Ulqini,Ulqin,Crna Gora,Mali i Zi\",\"potentialAction\":[{\"@type\":\"SearchAction\",\"target\":{\"@type\":\"EntryPoint\",\"urlTemplate\":\"https:\/\/www.visit-ulcinj.com\/blog\/?s={search_term_string}\"},\"query-input\":\"required name=search_term_string\"}],\"inLanguage\":\"en-US\"},{\"@type\":\"ImageObject\",\"inLanguage\":\"en-US\",\"@id\":\"https:\/\/www.visit-ulcinj.com\/blog\/2016\/08\/13\/nuk-miratohet-nisma-e-deputeteve-shqiptare-ne-mal-te-zi-video\/#primaryimage\",\"url\":\"https:\/\/www.visit-ulcinj.com\/blog\/wp-content\/uploads\/2016\/08\/Nimanbegu.jpg\",\"contentUrl\":\"https:\/\/www.visit-ulcinj.com\/blog\/wp-content\/uploads\/2016\/08\/Nimanbegu.jpg\",\"width\":624,\"height\":342},{\"@type\":\"WebPage\",\"@id\":\"https:\/\/www.visit-ulcinj.com\/blog\/2016\/08\/13\/nuk-miratohet-nisma-e-deputeteve-shqiptare-ne-mal-te-zi-video\/#webpage\",\"url\":\"https:\/\/www.visit-ulcinj.com\/blog\/2016\/08\/13\/nuk-miratohet-nisma-e-deputeteve-shqiptare-ne-mal-te-zi-video\/\",\"name\":\"Nuk miratohet nisma e deputet\u00ebve shqiptar\u00eb n\u00eb Mal t\u00eb Zi - Video - Lajme nga Ulqini\",\"isPartOf\":{\"@id\":\"https:\/\/www.visit-ulcinj.com\/blog\/#website\"},\"primaryImageOfPage\":{\"@id\":\"https:\/\/www.visit-ulcinj.com\/blog\/2016\/08\/13\/nuk-miratohet-nisma-e-deputeteve-shqiptare-ne-mal-te-zi-video\/#primaryimage\"},\"datePublished\":\"2016-08-13T06:30:48+00:00\",\"dateModified\":\"2016-08-13T06:30:48+00:00\",\"author\":{\"@id\":\"https:\/\/www.visit-ulcinj.com\/blog\/#\/schema\/person\/dcab619c614d3038751c63bc2aadc06d\"},\"description\":\"N\u00eb seanc\u00ebn e fundit t\u00eb Parlamentit t\u00eb Malit t\u00eb Zi nuk gjeti mb\u00ebshtetje nisma e deputet\u00ebve shqiptar\u00eb p\u00ebr plot\u00ebsimin dhe ndryshimin e Ligjit mbi organizimin\",\"breadcrumb\":{\"@id\":\"https:\/\/www.visit-ulcinj.com\/blog\/2016\/08\/13\/nuk-miratohet-nisma-e-deputeteve-shqiptare-ne-mal-te-zi-video\/#breadcrumb\"},\"inLanguage\":\"en-US\",\"potentialAction\":[{\"@type\":\"ReadAction\",\"target\":[\"https:\/\/www.visit-ulcinj.com\/blog\/2016\/08\/13\/nuk-miratohet-nisma-e-deputeteve-shqiptare-ne-mal-te-zi-video\/\"]}]},{\"@type\":\"BreadcrumbList\",\"@id\":\"https:\/\/www.visit-ulcinj.com\/blog\/2016\/08\/13\/nuk-miratohet-nisma-e-deputeteve-shqiptare-ne-mal-te-zi-video\/#breadcrumb\",\"itemListElement\":[{\"@type\":\"ListItem\",\"position\":1,\"name\":\"Nuk miratohet nisma e deputet\u00ebve shqiptar\u00eb n\u00eb Mal t\u00eb Zi &#8211; Video\"}]},{\"@type\":\"Person\",\"@id\":\"https:\/\/www.visit-ulcinj.com\/blog\/#\/schema\/person\/dcab619c614d3038751c63bc2aadc06d\",\"name\":\"ulqini\",\"sameAs\":[\"http:\/\/www.visit-ulcinj.com\"],\"url\":\"https:\/\/www.visit-ulcinj.com\/blog\/author\/admin\/\"}]}<\/script>\n<!-- \/ Yoast SEO plugin. -->","yoast_head_json":{"title":"Nuk miratohet nisma e deputet\u00ebve shqiptar\u00eb n\u00eb Mal t\u00eb Zi - Video - Lajme nga Ulqini","description":"N\u00eb seanc\u00ebn e fundit t\u00eb Parlamentit t\u00eb Malit t\u00eb Zi nuk gjeti mb\u00ebshtetje nisma e deputet\u00ebve shqiptar\u00eb p\u00ebr plot\u00ebsimin dhe ndryshimin e Ligjit mbi organizimin","robots":{"index":"index","follow":"follow","max-snippet":"max-snippet:-1","max-image-preview":"max-image-preview:large","max-video-preview":"max-video-preview:-1"},"canonical":"https:\/\/www.visit-ulcinj.com\/blog\/2016\/08\/13\/nuk-miratohet-nisma-e-deputeteve-shqiptare-ne-mal-te-zi-video\/","og_locale":"en_US","og_type":"article","og_title":"Nuk miratohet nisma e deputet\u00ebve shqiptar\u00eb n\u00eb Mal t\u00eb Zi - Video - Lajme nga Ulqini","og_description":"N\u00eb seanc\u00ebn e fundit t\u00eb Parlamentit t\u00eb Malit t\u00eb Zi nuk gjeti mb\u00ebshtetje nisma e deputet\u00ebve shqiptar\u00eb p\u00ebr plot\u00ebsimin dhe ndryshimin e Ligjit mbi organizimin","og_url":"https:\/\/www.visit-ulcinj.com\/blog\/2016\/08\/13\/nuk-miratohet-nisma-e-deputeteve-shqiptare-ne-mal-te-zi-video\/","og_site_name":"Lajme nga Ulqini","article_published_time":"2016-08-13T06:30:48+00:00","og_image":[{"url":"http:\/\/www.visit-ulcinj.com\/blog\/wp-content\/uploads\/2016\/08\/Nimanbegu.jpg"}],"twitter_misc":{"Written by":"ulqini","Est. reading time":"1 minute"},"schema":{"@context":"https:\/\/schema.org","@graph":[{"@type":"WebSite","@id":"https:\/\/www.visit-ulcinj.com\/blog\/#website","url":"https:\/\/www.visit-ulcinj.com\/blog\/","name":"Lajme nga Ulqini","description":"Lajme,Vijesti,Ulqini,Ulqin,Crna Gora,Mali i Zi","potentialAction":[{"@type":"SearchAction","target":{"@type":"EntryPoint","urlTemplate":"https:\/\/www.visit-ulcinj.com\/blog\/?s={search_term_string}"},"query-input":"required name=search_term_string"}],"inLanguage":"en-US"},{"@type":"ImageObject","inLanguage":"en-US","@id":"https:\/\/www.visit-ulcinj.com\/blog\/2016\/08\/13\/nuk-miratohet-nisma-e-deputeteve-shqiptare-ne-mal-te-zi-video\/#primaryimage","url":"https:\/\/www.visit-ulcinj.com\/blog\/wp-content\/uploads\/2016\/08\/Nimanbegu.jpg","contentUrl":"https:\/\/www.visit-ulcinj.com\/blog\/wp-content\/uploads\/2016\/08\/Nimanbegu.jpg","width":624,"height":342},{"@type":"WebPage","@id":"https:\/\/www.visit-ulcinj.com\/blog\/2016\/08\/13\/nuk-miratohet-nisma-e-deputeteve-shqiptare-ne-mal-te-zi-video\/#webpage","url":"https:\/\/www.visit-ulcinj.com\/blog\/2016\/08\/13\/nuk-miratohet-nisma-e-deputeteve-shqiptare-ne-mal-te-zi-video\/","name":"Nuk miratohet nisma e deputet\u00ebve shqiptar\u00eb n\u00eb Mal t\u00eb Zi - Video - Lajme nga Ulqini","isPartOf":{"@id":"https:\/\/www.visit-ulcinj.com\/blog\/#website"},"primaryImageOfPage":{"@id":"https:\/\/www.visit-ulcinj.com\/blog\/2016\/08\/13\/nuk-miratohet-nisma-e-deputeteve-shqiptare-ne-mal-te-zi-video\/#primaryimage"},"datePublished":"2016-08-13T06:30:48+00:00","dateModified":"2016-08-13T06:30:48+00:00","author":{"@id":"https:\/\/www.visit-ulcinj.com\/blog\/#\/schema\/person\/dcab619c614d3038751c63bc2aadc06d"},"description":"N\u00eb seanc\u00ebn e fundit t\u00eb Parlamentit t\u00eb Malit t\u00eb Zi nuk gjeti mb\u00ebshtetje nisma e deputet\u00ebve shqiptar\u00eb p\u00ebr plot\u00ebsimin dhe ndryshimin e Ligjit mbi organizimin","breadcrumb":{"@id":"https:\/\/www.visit-ulcinj.com\/blog\/2016\/08\/13\/nuk-miratohet-nisma-e-deputeteve-shqiptare-ne-mal-te-zi-video\/#breadcrumb"},"inLanguage":"en-US","potentialAction":[{"@type":"ReadAction","target":["https:\/\/www.visit-ulcinj.com\/blog\/2016\/08\/13\/nuk-miratohet-nisma-e-deputeteve-shqiptare-ne-mal-te-zi-video\/"]}]},{"@type":"BreadcrumbList","@id":"https:\/\/www.visit-ulcinj.com\/blog\/2016\/08\/13\/nuk-miratohet-nisma-e-deputeteve-shqiptare-ne-mal-te-zi-video\/#breadcrumb","itemListElement":[{"@type":"ListItem","position":1,"name":"Nuk miratohet nisma e deputet\u00ebve shqiptar\u00eb n\u00eb Mal t\u00eb Zi &#8211; Video"}]},{"@type":"Person","@id":"https:\/\/www.visit-ulcinj.com\/blog\/#\/schema\/person\/dcab619c614d3038751c63bc2aadc06d","name":"ulqini","sameAs":["http:\/\/www.visit-ulcinj.com"],"url":"https:\/\/www.visit-ulcinj.com\/blog\/author\/admin\/"}]}},"jetpack_featured_media_url":"","jetpack_sharing_enabled":true,"jetpack_shortlink":"https:\/\/wp.me\/pe6lTn-pL0","_links":{"self":[{"href":"https:\/\/www.visit-ulcinj.com\/blog\/wp-json\/wp\/v2\/posts\/99014"}],"collection":[{"href":"https:\/\/www.visit-ulcinj.com\/blog\/wp-json\/wp\/v2\/posts"}],"about":[{"href":"https:\/\/www.visit-ulcinj.com\/blog\/wp-json\/wp\/v2\/types\/post"}],"author":[{"embeddable":true,"href":"https:\/\/www.visit-ulcinj.com\/blog\/wp-json\/wp\/v2\/users\/1"}],"replies":[{"embeddable":true,"href":"https:\/\/www.visit-ulcinj.com\/blog\/wp-json\/wp\/v2\/comments?post=99014"}],"version-history":[{"count":1,"href":"https:\/\/www.visit-ulcinj.com\/blog\/wp-json\/wp\/v2\/posts\/99014\/revisions"}],"predecessor-version":[{"id":99016,"href":"https:\/\/www.visit-ulcinj.com\/blog\/wp-json\/wp\/v2\/posts\/99014\/revisions\/99016"}],"wp:attachment":[{"href":"https:\/\/www.visit-ulcinj.com\/blog\/wp-json\/wp\/v2\/media?parent=99014"}],"wp:term":[{"taxonomy":"category","embeddable":true,"href":"https:\/\/www.visit-ulcinj.com\/blog\/wp-json\/wp\/v2\/categories?post=99014"},{"taxonomy":"post_tag","embeddable":true,"href":"https:\/\/www.visit-ulcinj.com\/blog\/wp-json\/wp\/v2\/tags?post=99014"}],"curies":[{"name":"wp","href":"https:\/\/api.w.org\/{rel}","templated":true}]}}