{"id":99017,"date":"2016-08-13T07:35:18","date_gmt":"2016-08-13T06:35:18","guid":{"rendered":"http:\/\/www.visit-ulcinj.com\/blog\/?p=99017"},"modified":"2016-08-13T07:35:18","modified_gmt":"2016-08-13T06:35:18","slug":"manifestimi-old-timer-fest-ulqin","status":"publish","type":"post","link":"https:\/\/www.visit-ulcinj.com\/blog\/2016\/08\/13\/manifestimi-old-timer-fest-ulqin\/","title":{"rendered":"Manifestimi Old Timer Fest Ulqin"},"content":{"rendered":"<p><strong><a href=\"http:\/\/www.visit-ulcinj.com\/blog\/wp-content\/uploads\/2016\/08\/Old-Timer-Fest-Ulqin-Fuad-Haxhibet-OTU.jpg\"><img loading=\"lazy\" class=\"alignleft wp-image-99018 size-medium\" src=\"http:\/\/www.visit-ulcinj.com\/blog\/wp-content\/uploads\/2016\/08\/Old-Timer-Fest-Ulqin-Fuad-Haxhibet-OTU-169x300.jpg\" alt=\"Old Timer Fest - Ulqin-Fuad-Haxhibet-OTU\" width=\"169\" height=\"300\" srcset=\"https:\/\/www.visit-ulcinj.com\/blog\/wp-content\/uploads\/2016\/08\/Old-Timer-Fest-Ulqin-Fuad-Haxhibet-OTU-169x300.jpg 169w, https:\/\/www.visit-ulcinj.com\/blog\/wp-content\/uploads\/2016\/08\/Old-Timer-Fest-Ulqin-Fuad-Haxhibet-OTU.jpg 348w\" sizes=\"(max-width: 169px) 100vw, 169px\" \/><\/a>Old Timer Fest &#8211; Ulqin<\/strong><\/p>\n<p>N\u00eb Ulqin ka filluar manifestimi <strong>Old Timer Fest<\/strong> q\u00eb po mbahet p\u00ebr t\u00eb 9 here me radhe, k\u00ebshtu q\u00eb mund t\u00eb themi q\u00eb \u00ebsht\u00eb b\u00ebr\u00eb tashm\u00eb tradicionale n\u00eb qytetin ton\u00eb. Manifestimin e organizon Old Timer klubi Ulcinium, n\u00eb bashk\u00ebpunim me Komun\u00ebn dhe Organizat\u00ebn Turistike t\u00eb Ulqinit dhe do t\u00eb zgjas\u00eb deri me 14 gusht. N\u00eb k\u00ebt\u00eb mbledhje kan\u00eb marr\u00eb pjes\u00eb rreth 40 makina t\u00eb vjetra nga disa vende t\u00eb rajonit.<\/p>\n<p>Drejtori i OT t\u00eb Ulqinit Mr Fuad Haxhibeti ka p\u00ebrshendetur t\u00eb pranishmit dhe \u00ebsht\u00eb shprehur q\u00eb OT edhe n\u00eb t\u00eb ardhmen do t\u00eb p\u00ebrkrah\u00eb manifestime t\u00eb tilla q\u00eb mund t\u00eb ndikojn\u00eb n\u00eb promovimin e ofert\u00ebs turistike t\u00eb qytetit.<\/p>\n<p>Sh\u00ebrbimi i OT Ulqin<\/p>\n","protected":false},"excerpt":{"rendered":"<p>Old Timer Fest &#8211; Ulqin N\u00eb Ulqin ka filluar manifestimi Old Timer Fest q\u00eb po mbahet p\u00ebr t\u00eb 9 here me radhe, k\u00ebshtu q\u00eb mund t\u00eb themi q\u00eb \u00ebsht\u00eb b\u00ebr\u00eb tashm\u00eb tradicionale n\u00eb qytetin ton\u00eb. Manifestimin e organizon Old Timer klubi Ulcinium, n\u00eb bashk\u00ebpunim me Komun\u00ebn dhe Organizat\u00ebn Turistike t\u00eb Ulqinit dhe do t\u00eb zgjas\u00eb [&hellip;]<\/p>\n","protected":false},"author":1,"featured_media":0,"comment_status":"closed","ping_status":"closed","sticky":false,"template":"","format":"standard","meta":{"spay_email":"","jetpack_publicize_message":"","jetpack_is_tweetstorm":false,"jetpack_publicize_feature_enabled":true},"categories":[15],"tags":[],"jetpack_publicize_connections":[],"yoast_head":"<!-- This site is optimized with the Yoast SEO plugin v19.1 - https:\/\/yoast.com\/wordpress\/plugins\/seo\/ -->\n<title>Manifestimi Old Timer Fest Ulqin - Lajme nga Ulqini<\/title>\n<meta name=\"description\" content=\"Old Timer Fest - Ulqin N\u00eb Ulqin ka filluar manifestimi Old Timer Fest q\u00eb po mbahet p\u00ebr t\u00eb 9 here me radhe, k\u00ebshtu q\u00eb mund t\u00eb themi q\u00eb \u00ebsht\u00eb b\u00ebr\u00eb tashm\u00eb\" \/>\n<meta name=\"robots\" content=\"index, follow, max-snippet:-1, max-image-preview:large, max-video-preview:-1\" \/>\n<link rel=\"canonical\" href=\"https:\/\/www.visit-ulcinj.com\/blog\/2016\/08\/13\/manifestimi-old-timer-fest-ulqin\/\" \/>\n<meta property=\"og:locale\" content=\"en_US\" \/>\n<meta property=\"og:type\" content=\"article\" \/>\n<meta property=\"og:title\" content=\"Manifestimi Old Timer Fest Ulqin - Lajme nga Ulqini\" \/>\n<meta property=\"og:description\" content=\"Old Timer Fest - Ulqin N\u00eb Ulqin ka filluar manifestimi Old Timer Fest q\u00eb po mbahet p\u00ebr t\u00eb 9 here me radhe, k\u00ebshtu q\u00eb mund t\u00eb themi q\u00eb \u00ebsht\u00eb b\u00ebr\u00eb tashm\u00eb\" \/>\n<meta property=\"og:url\" content=\"https:\/\/www.visit-ulcinj.com\/blog\/2016\/08\/13\/manifestimi-old-timer-fest-ulqin\/\" \/>\n<meta property=\"og:site_name\" content=\"Lajme nga Ulqini\" \/>\n<meta property=\"article:published_time\" content=\"2016-08-13T06:35:18+00:00\" \/>\n<meta property=\"og:image\" content=\"http:\/\/www.visit-ulcinj.com\/blog\/wp-content\/uploads\/2016\/08\/Old-Timer-Fest-Ulqin-Fuad-Haxhibet-OTU-169x300.jpg\" \/>\n<meta name=\"twitter:label1\" content=\"Written by\" \/>\n\t<meta name=\"twitter:data1\" content=\"ulqini\" \/>\n\t<meta name=\"twitter:label2\" content=\"Est. reading time\" \/>\n\t<meta name=\"twitter:data2\" content=\"1 minute\" \/>\n<script type=\"application\/ld+json\" class=\"yoast-schema-graph\">{\"@context\":\"https:\/\/schema.org\",\"@graph\":[{\"@type\":\"WebSite\",\"@id\":\"https:\/\/www.visit-ulcinj.com\/blog\/#website\",\"url\":\"https:\/\/www.visit-ulcinj.com\/blog\/\",\"name\":\"Lajme nga Ulqini\",\"description\":\"Lajme,Vijesti,Ulqini,Ulqin,Crna Gora,Mali i Zi\",\"potentialAction\":[{\"@type\":\"SearchAction\",\"target\":{\"@type\":\"EntryPoint\",\"urlTemplate\":\"https:\/\/www.visit-ulcinj.com\/blog\/?s={search_term_string}\"},\"query-input\":\"required name=search_term_string\"}],\"inLanguage\":\"en-US\"},{\"@type\":\"ImageObject\",\"inLanguage\":\"en-US\",\"@id\":\"https:\/\/www.visit-ulcinj.com\/blog\/2016\/08\/13\/manifestimi-old-timer-fest-ulqin\/#primaryimage\",\"url\":\"https:\/\/www.visit-ulcinj.com\/blog\/wp-content\/uploads\/2016\/08\/Old-Timer-Fest-Ulqin-Fuad-Haxhibet-OTU.jpg\",\"contentUrl\":\"https:\/\/www.visit-ulcinj.com\/blog\/wp-content\/uploads\/2016\/08\/Old-Timer-Fest-Ulqin-Fuad-Haxhibet-OTU.jpg\",\"width\":348,\"height\":618},{\"@type\":\"WebPage\",\"@id\":\"https:\/\/www.visit-ulcinj.com\/blog\/2016\/08\/13\/manifestimi-old-timer-fest-ulqin\/#webpage\",\"url\":\"https:\/\/www.visit-ulcinj.com\/blog\/2016\/08\/13\/manifestimi-old-timer-fest-ulqin\/\",\"name\":\"Manifestimi Old Timer Fest Ulqin - Lajme nga Ulqini\",\"isPartOf\":{\"@id\":\"https:\/\/www.visit-ulcinj.com\/blog\/#website\"},\"primaryImageOfPage\":{\"@id\":\"https:\/\/www.visit-ulcinj.com\/blog\/2016\/08\/13\/manifestimi-old-timer-fest-ulqin\/#primaryimage\"},\"datePublished\":\"2016-08-13T06:35:18+00:00\",\"dateModified\":\"2016-08-13T06:35:18+00:00\",\"author\":{\"@id\":\"https:\/\/www.visit-ulcinj.com\/blog\/#\/schema\/person\/dcab619c614d3038751c63bc2aadc06d\"},\"description\":\"Old Timer Fest - Ulqin N\u00eb Ulqin ka filluar manifestimi Old Timer Fest q\u00eb po mbahet p\u00ebr t\u00eb 9 here me radhe, k\u00ebshtu q\u00eb mund t\u00eb themi q\u00eb \u00ebsht\u00eb b\u00ebr\u00eb tashm\u00eb\",\"breadcrumb\":{\"@id\":\"https:\/\/www.visit-ulcinj.com\/blog\/2016\/08\/13\/manifestimi-old-timer-fest-ulqin\/#breadcrumb\"},\"inLanguage\":\"en-US\",\"potentialAction\":[{\"@type\":\"ReadAction\",\"target\":[\"https:\/\/www.visit-ulcinj.com\/blog\/2016\/08\/13\/manifestimi-old-timer-fest-ulqin\/\"]}]},{\"@type\":\"BreadcrumbList\",\"@id\":\"https:\/\/www.visit-ulcinj.com\/blog\/2016\/08\/13\/manifestimi-old-timer-fest-ulqin\/#breadcrumb\",\"itemListElement\":[{\"@type\":\"ListItem\",\"position\":1,\"name\":\"Manifestimi Old Timer Fest Ulqin\"}]},{\"@type\":\"Person\",\"@id\":\"https:\/\/www.visit-ulcinj.com\/blog\/#\/schema\/person\/dcab619c614d3038751c63bc2aadc06d\",\"name\":\"ulqini\",\"sameAs\":[\"http:\/\/www.visit-ulcinj.com\"],\"url\":\"https:\/\/www.visit-ulcinj.com\/blog\/author\/admin\/\"}]}<\/script>\n<!-- \/ Yoast SEO plugin. -->","yoast_head_json":{"title":"Manifestimi Old Timer Fest Ulqin - Lajme nga Ulqini","description":"Old Timer Fest - Ulqin N\u00eb Ulqin ka filluar manifestimi Old Timer Fest q\u00eb po mbahet p\u00ebr t\u00eb 9 here me radhe, k\u00ebshtu q\u00eb mund t\u00eb themi q\u00eb \u00ebsht\u00eb b\u00ebr\u00eb tashm\u00eb","robots":{"index":"index","follow":"follow","max-snippet":"max-snippet:-1","max-image-preview":"max-image-preview:large","max-video-preview":"max-video-preview:-1"},"canonical":"https:\/\/www.visit-ulcinj.com\/blog\/2016\/08\/13\/manifestimi-old-timer-fest-ulqin\/","og_locale":"en_US","og_type":"article","og_title":"Manifestimi Old Timer Fest Ulqin - Lajme nga Ulqini","og_description":"Old Timer Fest - Ulqin N\u00eb Ulqin ka filluar manifestimi Old Timer Fest q\u00eb po mbahet p\u00ebr t\u00eb 9 here me radhe, k\u00ebshtu q\u00eb mund t\u00eb themi q\u00eb \u00ebsht\u00eb b\u00ebr\u00eb tashm\u00eb","og_url":"https:\/\/www.visit-ulcinj.com\/blog\/2016\/08\/13\/manifestimi-old-timer-fest-ulqin\/","og_site_name":"Lajme nga Ulqini","article_published_time":"2016-08-13T06:35:18+00:00","og_image":[{"url":"http:\/\/www.visit-ulcinj.com\/blog\/wp-content\/uploads\/2016\/08\/Old-Timer-Fest-Ulqin-Fuad-Haxhibet-OTU-169x300.jpg"}],"twitter_misc":{"Written by":"ulqini","Est. reading time":"1 minute"},"schema":{"@context":"https:\/\/schema.org","@graph":[{"@type":"WebSite","@id":"https:\/\/www.visit-ulcinj.com\/blog\/#website","url":"https:\/\/www.visit-ulcinj.com\/blog\/","name":"Lajme nga Ulqini","description":"Lajme,Vijesti,Ulqini,Ulqin,Crna Gora,Mali i Zi","potentialAction":[{"@type":"SearchAction","target":{"@type":"EntryPoint","urlTemplate":"https:\/\/www.visit-ulcinj.com\/blog\/?s={search_term_string}"},"query-input":"required name=search_term_string"}],"inLanguage":"en-US"},{"@type":"ImageObject","inLanguage":"en-US","@id":"https:\/\/www.visit-ulcinj.com\/blog\/2016\/08\/13\/manifestimi-old-timer-fest-ulqin\/#primaryimage","url":"https:\/\/www.visit-ulcinj.com\/blog\/wp-content\/uploads\/2016\/08\/Old-Timer-Fest-Ulqin-Fuad-Haxhibet-OTU.jpg","contentUrl":"https:\/\/www.visit-ulcinj.com\/blog\/wp-content\/uploads\/2016\/08\/Old-Timer-Fest-Ulqin-Fuad-Haxhibet-OTU.jpg","width":348,"height":618},{"@type":"WebPage","@id":"https:\/\/www.visit-ulcinj.com\/blog\/2016\/08\/13\/manifestimi-old-timer-fest-ulqin\/#webpage","url":"https:\/\/www.visit-ulcinj.com\/blog\/2016\/08\/13\/manifestimi-old-timer-fest-ulqin\/","name":"Manifestimi Old Timer Fest Ulqin - Lajme nga Ulqini","isPartOf":{"@id":"https:\/\/www.visit-ulcinj.com\/blog\/#website"},"primaryImageOfPage":{"@id":"https:\/\/www.visit-ulcinj.com\/blog\/2016\/08\/13\/manifestimi-old-timer-fest-ulqin\/#primaryimage"},"datePublished":"2016-08-13T06:35:18+00:00","dateModified":"2016-08-13T06:35:18+00:00","author":{"@id":"https:\/\/www.visit-ulcinj.com\/blog\/#\/schema\/person\/dcab619c614d3038751c63bc2aadc06d"},"description":"Old Timer Fest - Ulqin N\u00eb Ulqin ka filluar manifestimi Old Timer Fest q\u00eb po mbahet p\u00ebr t\u00eb 9 here me radhe, k\u00ebshtu q\u00eb mund t\u00eb themi q\u00eb \u00ebsht\u00eb b\u00ebr\u00eb tashm\u00eb","breadcrumb":{"@id":"https:\/\/www.visit-ulcinj.com\/blog\/2016\/08\/13\/manifestimi-old-timer-fest-ulqin\/#breadcrumb"},"inLanguage":"en-US","potentialAction":[{"@type":"ReadAction","target":["https:\/\/www.visit-ulcinj.com\/blog\/2016\/08\/13\/manifestimi-old-timer-fest-ulqin\/"]}]},{"@type":"BreadcrumbList","@id":"https:\/\/www.visit-ulcinj.com\/blog\/2016\/08\/13\/manifestimi-old-timer-fest-ulqin\/#breadcrumb","itemListElement":[{"@type":"ListItem","position":1,"name":"Manifestimi Old Timer Fest Ulqin"}]},{"@type":"Person","@id":"https:\/\/www.visit-ulcinj.com\/blog\/#\/schema\/person\/dcab619c614d3038751c63bc2aadc06d","name":"ulqini","sameAs":["http:\/\/www.visit-ulcinj.com"],"url":"https:\/\/www.visit-ulcinj.com\/blog\/author\/admin\/"}]}},"jetpack_featured_media_url":"","jetpack_sharing_enabled":true,"jetpack_shortlink":"https:\/\/wp.me\/pe6lTn-pL3","_links":{"self":[{"href":"https:\/\/www.visit-ulcinj.com\/blog\/wp-json\/wp\/v2\/posts\/99017"}],"collection":[{"href":"https:\/\/www.visit-ulcinj.com\/blog\/wp-json\/wp\/v2\/posts"}],"about":[{"href":"https:\/\/www.visit-ulcinj.com\/blog\/wp-json\/wp\/v2\/types\/post"}],"author":[{"embeddable":true,"href":"https:\/\/www.visit-ulcinj.com\/blog\/wp-json\/wp\/v2\/users\/1"}],"replies":[{"embeddable":true,"href":"https:\/\/www.visit-ulcinj.com\/blog\/wp-json\/wp\/v2\/comments?post=99017"}],"version-history":[{"count":1,"href":"https:\/\/www.visit-ulcinj.com\/blog\/wp-json\/wp\/v2\/posts\/99017\/revisions"}],"predecessor-version":[{"id":99019,"href":"https:\/\/www.visit-ulcinj.com\/blog\/wp-json\/wp\/v2\/posts\/99017\/revisions\/99019"}],"wp:attachment":[{"href":"https:\/\/www.visit-ulcinj.com\/blog\/wp-json\/wp\/v2\/media?parent=99017"}],"wp:term":[{"taxonomy":"category","embeddable":true,"href":"https:\/\/www.visit-ulcinj.com\/blog\/wp-json\/wp\/v2\/categories?post=99017"},{"taxonomy":"post_tag","embeddable":true,"href":"https:\/\/www.visit-ulcinj.com\/blog\/wp-json\/wp\/v2\/tags?post=99017"}],"curies":[{"name":"wp","href":"https:\/\/api.w.org\/{rel}","templated":true}]}}