{"id":99038,"date":"2016-08-13T15:08:21","date_gmt":"2016-08-13T14:08:21","guid":{"rendered":"http:\/\/www.visit-ulcinj.com\/blog\/?p=99038"},"modified":"2016-08-15T07:25:52","modified_gmt":"2016-08-15T06:25:52","slug":"ditet-e-diaspores-me-15-16-gusht-ne-katerkolle-dhe-krythe-kompleksi-lamiga-group","status":"publish","type":"post","link":"https:\/\/www.visit-ulcinj.com\/blog\/2016\/08\/13\/ditet-e-diaspores-me-15-16-gusht-ne-katerkolle-dhe-krythe-kompleksi-lamiga-group\/","title":{"rendered":"Dit\u00ebt e Diaspor\u00ebs m\u00eb 15 &#038; 16 Gusht n\u00eb Kat\u00ebrkoll\u00eb dhe Kryth\u00eb \u2013 Kompleksi Lamiga Group"},"content":{"rendered":"<p><a href=\"http:\/\/www.visit-ulcinj.com\/blog\/wp-content\/uploads\/2016\/08\/Dit\u00ebt-e-Diaspor\u00ebs-m\u00eb-15-16-Gusht-n\u00eb-15-dhe-16-gusht-2016-Katerkolle-krythe.jpg\"><img loading=\"lazy\" class=\"alignleft wp-image-99039\" src=\"http:\/\/www.visit-ulcinj.com\/blog\/wp-content\/uploads\/2016\/08\/Dit\u00ebt-e-Diaspor\u00ebs-m\u00eb-15-16-Gusht-n\u00eb-15-dhe-16-gusht-2016-Katerkolle-krythe.jpg\" alt=\"Dit\u00ebt e Diaspor\u00ebs m\u00eb 15 &amp; 16 Gusht n\u00eb 15 dhe 16 gusht 2016-Katerkolle-krythe\" width=\"508\" height=\"226\" srcset=\"https:\/\/www.visit-ulcinj.com\/blog\/wp-content\/uploads\/2016\/08\/Dit\u00ebt-e-Diaspor\u00ebs-m\u00eb-15-16-Gusht-n\u00eb-15-dhe-16-gusht-2016-Katerkolle-krythe.jpg 695w, https:\/\/www.visit-ulcinj.com\/blog\/wp-content\/uploads\/2016\/08\/Dit\u00ebt-e-Diaspor\u00ebs-m\u00eb-15-16-Gusht-n\u00eb-15-dhe-16-gusht-2016-Katerkolle-krythe-300x133.jpg 300w\" sizes=\"(max-width: 508px) 100vw, 508px\" \/><\/a><\/p>\n<p>\u201cBiznes klub Anamalit\u201d, n\u00eb bashk\u00ebpunim me OJQ \u201cAna e Malit New York\u201d, m\u00eb 15 dhe 16 Gusht do t\u00eb organizoj\u00eb manifestimin \u201cDita e diaspor\u00ebs\u201d.<\/p>\n<p>Me k\u00ebt\u00eb rast n\u00eb Shas, me fillim n\u00eb ora 17, do t\u00eb mbahen loj\u00ebrat tradicionale sportive, derisa qytetar\u00ebt n\u00eb restorantin Lamiga n\u00eb Kryth\u00eb.<\/p>\n<p>P\u00ebr fund t\u00eb k\u00ebtij manifestim n\u00eb t\u00eb nj\u00ebjtin vend \u00ebsht\u00eb planifikuar zbavitja p\u00ebr t\u00eb rinjt\u00eb.<\/p>\n<p>Ftoheni t\u00eb merrni pjes\u00eb n\u00eb manifestimin ,, Dit\u00ebt e Diaspor\u00ebs ,, q\u00eb do mbahet m\u00eb datat 15 dhe 16 gusht 2016 n\u00eb Kat\u00ebrkoll\u00eb dhe n\u00eb Kryth\u00eb \u2013 Kompleksi Lamiga Group.<\/p>\n<p>Bashkangjitur m\u00eb ftes\u00ebn keni edhe programin e manifestimit ,, Dit\u00ebt e Diaspor\u00ebs ,,<\/p>\n<p>&nbsp;<\/p>\n<p><strong>Programi <\/strong><\/p>\n<p><strong>\u00a0\u00a0\u00a0\u00a0\u00a0\u00a0\u00a0\u00a0\u00a0\u00a0\u00a0\u00a0\u00a0\u00a0\u00a0\u00a0\u00a0\u00a0\u00a0\u00a0\u00a0\u00a0\u00a0\u00a0\u00a0\u00a0\u00a0\u00a0\u00a0\u00a0\u00a0\u00a0\u00a0\u00a0\u00a0\u00a0\u00a0\u00a0\u00a0\u00a0\u00a0\u00a0\u00a0\u00a0 <\/strong><strong>\u201eDit\u00ebt\u00a0 e Diaspor<\/strong><strong>\u00ebs<\/strong><strong>\u201c, 15 dhe 16 gusht\u00a0\u00a0 2016<\/strong><\/p>\n<p><strong>E h\u00ebn\u00eb 15 gusht 2016<\/strong><\/p>\n<p><strong>Kat\u00ebrkoll\u00eb <\/strong><\/p>\n<ul>\n<li>18.00 \u2013 21.00\u00a0\u00a0 Garat sportive: futboll dhe shah<\/li>\n<li>21:00 Takim nd\u00ebrmjet p\u00ebrfaq\u00ebsuesve t\u00eb institucioneve komunale\u00a0 m\u00eb p\u00ebrfaq\u00ebsues t\u00eb diaspor\u00ebs.<\/li>\n<\/ul>\n<p>Tema : mund\u00ebsit\u00eb e bashk\u00ebpunimit nd\u00ebrmjet vendlindjes dhe diaspor\u00ebs.<\/p>\n<p>( Zyra e\u00a0 p\u00ebrbashk\u00ebt diaspor\u00eb- vendlindje n\u00eb Kat\u00ebrkoll\u00eb)<\/p>\n<p><strong>\u00a0\u00a0\u00a0\u00a0\u00a0 E marte 16 gusht 2016 <\/strong><\/p>\n<p><strong>Kryth\u00eb \u2013 Kompleksi Lamiga Group<\/strong><\/p>\n<ul>\n<li>21.00 \u2013 22.00 Pjesa kryesore\u00a0 e manifestimit \u201e Dit\u00ebt e Diapor\u00ebs\u201c<\/li>\n<\/ul>\n<p>Fjala e organizator\u00ebve\u00a0 t\u00eb manifestimit dhe p\u00ebrsh\u00ebndetjet<\/p>\n<p>Programi kulturoro &#8211;\u00a0 artistik<\/p>\n<p>Ushqime tradicionale<\/p>\n<ul>\n<li>22.00 \u2013 24.00 Arg\u00ebtim m\u00eb k\u00ebng\u00ebtar\u00eb vendas dhe t\u00eb ftuar\u00eb.<\/li>\n<\/ul>\n<p>&nbsp;<\/p>\n<p>&nbsp;<\/p>\n<p>&nbsp;<\/p>\n<p><strong>JENI T\u00cb MIR\u00cbSEARDHUR!<\/strong><\/p>\n<p>&nbsp;<\/p>\n","protected":false},"excerpt":{"rendered":"<p>\u201cBiznes klub Anamalit\u201d, n\u00eb bashk\u00ebpunim me OJQ \u201cAna e Malit New York\u201d, m\u00eb 15 dhe 16 Gusht do t\u00eb organizoj\u00eb manifestimin \u201cDita e diaspor\u00ebs\u201d. Me k\u00ebt\u00eb rast n\u00eb Shas, me fillim n\u00eb ora 17, do t\u00eb mbahen loj\u00ebrat tradicionale sportive, derisa qytetar\u00ebt n\u00eb restorantin Lamiga n\u00eb Kryth\u00eb. P\u00ebr fund t\u00eb k\u00ebtij manifestim n\u00eb t\u00eb nj\u00ebjtin [&hellip;]<\/p>\n","protected":false},"author":1,"featured_media":0,"comment_status":"closed","ping_status":"closed","sticky":false,"template":"","format":"standard","meta":{"spay_email":"","jetpack_publicize_message":"","jetpack_is_tweetstorm":false,"jetpack_publicize_feature_enabled":true},"categories":[1,6950],"tags":[],"jetpack_publicize_connections":[],"yoast_head":"<!-- This site is optimized with the Yoast SEO plugin v19.1 - https:\/\/yoast.com\/wordpress\/plugins\/seo\/ -->\n<title>Dit\u00ebt e Diaspor\u00ebs m\u00eb 15 &amp; 16 Gusht n\u00eb Kat\u00ebrkoll\u00eb dhe Kryth\u00eb \u2013 Kompleksi Lamiga Group - Lajme nga Ulqini<\/title>\n<meta name=\"description\" content=\"\u201cBiznes klub Anamalit\u201d, n\u00eb bashk\u00ebpunim me OJQ \u201cAna e Malit New York\u201d, m\u00eb 15 dhe 16 Gusht do t\u00eb organizoj\u00eb manifestimin \u201cDita e diaspor\u00ebs\u201d. Me k\u00ebt\u00eb rast n\u00eb\" \/>\n<meta name=\"robots\" content=\"index, follow, max-snippet:-1, max-image-preview:large, max-video-preview:-1\" \/>\n<link rel=\"canonical\" href=\"https:\/\/www.visit-ulcinj.com\/blog\/2016\/08\/13\/ditet-e-diaspores-me-15-16-gusht-ne-katerkolle-dhe-krythe-kompleksi-lamiga-group\/\" \/>\n<meta property=\"og:locale\" content=\"en_US\" \/>\n<meta property=\"og:type\" content=\"article\" \/>\n<meta property=\"og:title\" content=\"Dit\u00ebt e Diaspor\u00ebs m\u00eb 15 &amp; 16 Gusht n\u00eb Kat\u00ebrkoll\u00eb dhe Kryth\u00eb \u2013 Kompleksi Lamiga Group - Lajme nga Ulqini\" \/>\n<meta property=\"og:description\" content=\"\u201cBiznes klub Anamalit\u201d, n\u00eb bashk\u00ebpunim me OJQ \u201cAna e Malit New York\u201d, m\u00eb 15 dhe 16 Gusht do t\u00eb organizoj\u00eb manifestimin \u201cDita e diaspor\u00ebs\u201d. Me k\u00ebt\u00eb rast n\u00eb\" \/>\n<meta property=\"og:url\" content=\"https:\/\/www.visit-ulcinj.com\/blog\/2016\/08\/13\/ditet-e-diaspores-me-15-16-gusht-ne-katerkolle-dhe-krythe-kompleksi-lamiga-group\/\" \/>\n<meta property=\"og:site_name\" content=\"Lajme nga Ulqini\" \/>\n<meta property=\"article:published_time\" content=\"2016-08-13T14:08:21+00:00\" \/>\n<meta property=\"article:modified_time\" content=\"2016-08-15T06:25:52+00:00\" \/>\n<meta name=\"twitter:label1\" content=\"Written by\" \/>\n\t<meta name=\"twitter:data1\" content=\"ulqini\" \/>\n\t<meta name=\"twitter:label2\" content=\"Est. reading time\" \/>\n\t<meta name=\"twitter:data2\" content=\"1 minute\" \/>\n<script type=\"application\/ld+json\" class=\"yoast-schema-graph\">{\"@context\":\"https:\/\/schema.org\",\"@graph\":[{\"@type\":\"WebSite\",\"@id\":\"https:\/\/www.visit-ulcinj.com\/blog\/#website\",\"url\":\"https:\/\/www.visit-ulcinj.com\/blog\/\",\"name\":\"Lajme nga Ulqini\",\"description\":\"Lajme,Vijesti,Ulqini,Ulqin,Crna Gora,Mali i Zi\",\"potentialAction\":[{\"@type\":\"SearchAction\",\"target\":{\"@type\":\"EntryPoint\",\"urlTemplate\":\"https:\/\/www.visit-ulcinj.com\/blog\/?s={search_term_string}\"},\"query-input\":\"required name=search_term_string\"}],\"inLanguage\":\"en-US\"},{\"@type\":\"WebPage\",\"@id\":\"https:\/\/www.visit-ulcinj.com\/blog\/2016\/08\/13\/ditet-e-diaspores-me-15-16-gusht-ne-katerkolle-dhe-krythe-kompleksi-lamiga-group\/#webpage\",\"url\":\"https:\/\/www.visit-ulcinj.com\/blog\/2016\/08\/13\/ditet-e-diaspores-me-15-16-gusht-ne-katerkolle-dhe-krythe-kompleksi-lamiga-group\/\",\"name\":\"Dit\u00ebt e Diaspor\u00ebs m\u00eb 15 & 16 Gusht n\u00eb Kat\u00ebrkoll\u00eb dhe Kryth\u00eb \u2013 Kompleksi Lamiga Group - Lajme nga Ulqini\",\"isPartOf\":{\"@id\":\"https:\/\/www.visit-ulcinj.com\/blog\/#website\"},\"datePublished\":\"2016-08-13T14:08:21+00:00\",\"dateModified\":\"2016-08-15T06:25:52+00:00\",\"author\":{\"@id\":\"https:\/\/www.visit-ulcinj.com\/blog\/#\/schema\/person\/dcab619c614d3038751c63bc2aadc06d\"},\"description\":\"\u201cBiznes klub Anamalit\u201d, n\u00eb bashk\u00ebpunim me OJQ \u201cAna e Malit New York\u201d, m\u00eb 15 dhe 16 Gusht do t\u00eb organizoj\u00eb manifestimin \u201cDita e diaspor\u00ebs\u201d. Me k\u00ebt\u00eb rast n\u00eb\",\"breadcrumb\":{\"@id\":\"https:\/\/www.visit-ulcinj.com\/blog\/2016\/08\/13\/ditet-e-diaspores-me-15-16-gusht-ne-katerkolle-dhe-krythe-kompleksi-lamiga-group\/#breadcrumb\"},\"inLanguage\":\"en-US\",\"potentialAction\":[{\"@type\":\"ReadAction\",\"target\":[\"https:\/\/www.visit-ulcinj.com\/blog\/2016\/08\/13\/ditet-e-diaspores-me-15-16-gusht-ne-katerkolle-dhe-krythe-kompleksi-lamiga-group\/\"]}]},{\"@type\":\"BreadcrumbList\",\"@id\":\"https:\/\/www.visit-ulcinj.com\/blog\/2016\/08\/13\/ditet-e-diaspores-me-15-16-gusht-ne-katerkolle-dhe-krythe-kompleksi-lamiga-group\/#breadcrumb\",\"itemListElement\":[{\"@type\":\"ListItem\",\"position\":1,\"name\":\"Dit\u00ebt e Diaspor\u00ebs m\u00eb 15 &#038; 16 Gusht n\u00eb Kat\u00ebrkoll\u00eb dhe Kryth\u00eb \u2013 Kompleksi Lamiga Group\"}]},{\"@type\":\"Person\",\"@id\":\"https:\/\/www.visit-ulcinj.com\/blog\/#\/schema\/person\/dcab619c614d3038751c63bc2aadc06d\",\"name\":\"ulqini\",\"sameAs\":[\"http:\/\/www.visit-ulcinj.com\"],\"url\":\"https:\/\/www.visit-ulcinj.com\/blog\/author\/admin\/\"}]}<\/script>\n<!-- \/ Yoast SEO plugin. -->","yoast_head_json":{"title":"Dit\u00ebt e Diaspor\u00ebs m\u00eb 15 & 16 Gusht n\u00eb Kat\u00ebrkoll\u00eb dhe Kryth\u00eb \u2013 Kompleksi Lamiga Group - Lajme nga Ulqini","description":"\u201cBiznes klub Anamalit\u201d, n\u00eb bashk\u00ebpunim me OJQ \u201cAna e Malit New York\u201d, m\u00eb 15 dhe 16 Gusht do t\u00eb organizoj\u00eb manifestimin \u201cDita e diaspor\u00ebs\u201d. Me k\u00ebt\u00eb rast n\u00eb","robots":{"index":"index","follow":"follow","max-snippet":"max-snippet:-1","max-image-preview":"max-image-preview:large","max-video-preview":"max-video-preview:-1"},"canonical":"https:\/\/www.visit-ulcinj.com\/blog\/2016\/08\/13\/ditet-e-diaspores-me-15-16-gusht-ne-katerkolle-dhe-krythe-kompleksi-lamiga-group\/","og_locale":"en_US","og_type":"article","og_title":"Dit\u00ebt e Diaspor\u00ebs m\u00eb 15 & 16 Gusht n\u00eb Kat\u00ebrkoll\u00eb dhe Kryth\u00eb \u2013 Kompleksi Lamiga Group - Lajme nga Ulqini","og_description":"\u201cBiznes klub Anamalit\u201d, n\u00eb bashk\u00ebpunim me OJQ \u201cAna e Malit New York\u201d, m\u00eb 15 dhe 16 Gusht do t\u00eb organizoj\u00eb manifestimin \u201cDita e diaspor\u00ebs\u201d. Me k\u00ebt\u00eb rast n\u00eb","og_url":"https:\/\/www.visit-ulcinj.com\/blog\/2016\/08\/13\/ditet-e-diaspores-me-15-16-gusht-ne-katerkolle-dhe-krythe-kompleksi-lamiga-group\/","og_site_name":"Lajme nga Ulqini","article_published_time":"2016-08-13T14:08:21+00:00","article_modified_time":"2016-08-15T06:25:52+00:00","twitter_misc":{"Written by":"ulqini","Est. reading time":"1 minute"},"schema":{"@context":"https:\/\/schema.org","@graph":[{"@type":"WebSite","@id":"https:\/\/www.visit-ulcinj.com\/blog\/#website","url":"https:\/\/www.visit-ulcinj.com\/blog\/","name":"Lajme nga Ulqini","description":"Lajme,Vijesti,Ulqini,Ulqin,Crna Gora,Mali i Zi","potentialAction":[{"@type":"SearchAction","target":{"@type":"EntryPoint","urlTemplate":"https:\/\/www.visit-ulcinj.com\/blog\/?s={search_term_string}"},"query-input":"required name=search_term_string"}],"inLanguage":"en-US"},{"@type":"WebPage","@id":"https:\/\/www.visit-ulcinj.com\/blog\/2016\/08\/13\/ditet-e-diaspores-me-15-16-gusht-ne-katerkolle-dhe-krythe-kompleksi-lamiga-group\/#webpage","url":"https:\/\/www.visit-ulcinj.com\/blog\/2016\/08\/13\/ditet-e-diaspores-me-15-16-gusht-ne-katerkolle-dhe-krythe-kompleksi-lamiga-group\/","name":"Dit\u00ebt e Diaspor\u00ebs m\u00eb 15 & 16 Gusht n\u00eb Kat\u00ebrkoll\u00eb dhe Kryth\u00eb \u2013 Kompleksi Lamiga Group - Lajme nga Ulqini","isPartOf":{"@id":"https:\/\/www.visit-ulcinj.com\/blog\/#website"},"datePublished":"2016-08-13T14:08:21+00:00","dateModified":"2016-08-15T06:25:52+00:00","author":{"@id":"https:\/\/www.visit-ulcinj.com\/blog\/#\/schema\/person\/dcab619c614d3038751c63bc2aadc06d"},"description":"\u201cBiznes klub Anamalit\u201d, n\u00eb bashk\u00ebpunim me OJQ \u201cAna e Malit New York\u201d, m\u00eb 15 dhe 16 Gusht do t\u00eb organizoj\u00eb manifestimin \u201cDita e diaspor\u00ebs\u201d. Me k\u00ebt\u00eb rast n\u00eb","breadcrumb":{"@id":"https:\/\/www.visit-ulcinj.com\/blog\/2016\/08\/13\/ditet-e-diaspores-me-15-16-gusht-ne-katerkolle-dhe-krythe-kompleksi-lamiga-group\/#breadcrumb"},"inLanguage":"en-US","potentialAction":[{"@type":"ReadAction","target":["https:\/\/www.visit-ulcinj.com\/blog\/2016\/08\/13\/ditet-e-diaspores-me-15-16-gusht-ne-katerkolle-dhe-krythe-kompleksi-lamiga-group\/"]}]},{"@type":"BreadcrumbList","@id":"https:\/\/www.visit-ulcinj.com\/blog\/2016\/08\/13\/ditet-e-diaspores-me-15-16-gusht-ne-katerkolle-dhe-krythe-kompleksi-lamiga-group\/#breadcrumb","itemListElement":[{"@type":"ListItem","position":1,"name":"Dit\u00ebt e Diaspor\u00ebs m\u00eb 15 &#038; 16 Gusht n\u00eb Kat\u00ebrkoll\u00eb dhe Kryth\u00eb \u2013 Kompleksi Lamiga Group"}]},{"@type":"Person","@id":"https:\/\/www.visit-ulcinj.com\/blog\/#\/schema\/person\/dcab619c614d3038751c63bc2aadc06d","name":"ulqini","sameAs":["http:\/\/www.visit-ulcinj.com"],"url":"https:\/\/www.visit-ulcinj.com\/blog\/author\/admin\/"}]}},"jetpack_featured_media_url":"","jetpack_sharing_enabled":true,"jetpack_shortlink":"https:\/\/wp.me\/pe6lTn-pLo","_links":{"self":[{"href":"https:\/\/www.visit-ulcinj.com\/blog\/wp-json\/wp\/v2\/posts\/99038"}],"collection":[{"href":"https:\/\/www.visit-ulcinj.com\/blog\/wp-json\/wp\/v2\/posts"}],"about":[{"href":"https:\/\/www.visit-ulcinj.com\/blog\/wp-json\/wp\/v2\/types\/post"}],"author":[{"embeddable":true,"href":"https:\/\/www.visit-ulcinj.com\/blog\/wp-json\/wp\/v2\/users\/1"}],"replies":[{"embeddable":true,"href":"https:\/\/www.visit-ulcinj.com\/blog\/wp-json\/wp\/v2\/comments?post=99038"}],"version-history":[{"count":4,"href":"https:\/\/www.visit-ulcinj.com\/blog\/wp-json\/wp\/v2\/posts\/99038\/revisions"}],"predecessor-version":[{"id":99043,"href":"https:\/\/www.visit-ulcinj.com\/blog\/wp-json\/wp\/v2\/posts\/99038\/revisions\/99043"}],"wp:attachment":[{"href":"https:\/\/www.visit-ulcinj.com\/blog\/wp-json\/wp\/v2\/media?parent=99038"}],"wp:term":[{"taxonomy":"category","embeddable":true,"href":"https:\/\/www.visit-ulcinj.com\/blog\/wp-json\/wp\/v2\/categories?post=99038"},{"taxonomy":"post_tag","embeddable":true,"href":"https:\/\/www.visit-ulcinj.com\/blog\/wp-json\/wp\/v2\/tags?post=99038"}],"curies":[{"name":"wp","href":"https:\/\/api.w.org\/{rel}","templated":true}]}}